{"id":251598,"date":"2026-01-23T18:19:54","date_gmt":"2026-01-23T21:19:54","guid":{"rendered":"https:\/\/www.manaus.am.gov.br\/semcom\/protagonismo-capital-reforma-tributaria\/"},"modified":"2026-01-27T09:57:58","modified_gmt":"2026-01-27T12:57:58","slug":"protagonismo-capital-reforma-tributaria","status":"publish","type":"post","link":"https:\/\/www.manaus.am.gov.br\/semcom\/protagonismo-capital-reforma-tributaria\/","title":{"rendered":"Manaus garante assento no Comit\u00ea Gestor do IBS e fortalece protagonismo da capital na Reforma Tribut\u00e1ria"},"content":{"rendered":"\n<p>A <a href=\"https:\/\/www.instagram.com\/prefeiturademanaus\/\">Prefeitura de Manaus <\/a>conquistou um espa\u00e7o estrat\u00e9gico na governan\u00e7a da Reforma Tribut\u00e1ria ao eleger, de forma un\u00e2nime, o secret\u00e1rio municipal de Finan\u00e7as, <a href=\"https:\/\/www.manaus.am.gov.br\/\">Planejamento e Tecnologia da Informa\u00e7\u00e3o (Semef)<\/a>, Cl\u00e9cio Freire, como representante titular dos munic\u00edpios no Conselho Superior Provis\u00f3rio do Comit\u00ea Gestor do Imposto sobre Bens e Servi\u00e7os (CG-IBS). Cl\u00e9cio ser\u00e1 o \u00fanico representante da regi\u00e3o Norte entre os 13 titulares escolhidos, refor\u00e7ando a relev\u00e2ncia da capital amazonense nas decis\u00f5es que ir\u00e3o definir a arrecada\u00e7\u00e3o e a distribui\u00e7\u00e3o das receitas do novo tributo.<\/p>\n\n\n\n<p>A elei\u00e7\u00e3o ocorreu nesta sexta-feira, 23\/1, durante a Assembleia Geral Extraordin\u00e1ria da Frente Nacional de Prefeitas e Prefeitos (FNP), realizada em formato virtual, e marcou o in\u00edcio oficial da participa\u00e7\u00e3o dos munic\u00edpios na estrutura de governan\u00e7a da Reforma Tribut\u00e1ria. Em vota\u00e7\u00e3o un\u00e2nime, com 47 votos e sem absten\u00e7\u00f5es, prefeitas e prefeitos das cidades mais populosas do pa\u00eds ratificaram os nomes que representar\u00e3o os munic\u00edpios no Conselho Superior Provis\u00f3rio do CG-IBS.<\/p>\n\n\n\n<p>Para Manaus, que atualmente det\u00e9m o 5\u00ba maior Produto Interno Bruto (PIB) do Brasil, a presen\u00e7a no comit\u00ea \u00e9 considerada decisiva neste momento de transi\u00e7\u00e3o e implementa\u00e7\u00e3o do novo modelo tribut\u00e1rio. Segundo o secret\u00e1rio da Semef, Cl\u00e9cio Freire, a capital acompanha a constru\u00e7\u00e3o da reforma desde as primeiras discuss\u00f5es e n\u00e3o poderia ficar fora da inst\u00e2ncia que ir\u00e1 administrar os recursos arrecadados.<\/p>\n\n\n\n<p>\u201cEstamos acompanhando a Reforma Tribut\u00e1ria desde o nascedouro at\u00e9 a maturidade e a efetiva implanta\u00e7\u00e3o. \u00c9 muito importante Manaus fazer parte desse processo. Manaus n\u00e3o poderia estar \u00e0 margem, uma vez que \u00e9 o quinto PIB do Brasil. Esse comit\u00ea \u00e9 quem vai administrar os recursos oriundos da arrecada\u00e7\u00e3o tribut\u00e1ria e, com base em crit\u00e9rios, esses recursos ser\u00e3o divididos entre estados e munic\u00edpios. Por isso, \u00e9 fundamental que Manaus tenha assento para ter voz ativa, representando o Amazonas e, principalmente, a capital\u201d, destacou Cl\u00e9cio.<\/p>\n\n\n\n<p>O secret\u00e1rio refor\u00e7ou ainda que a atua\u00e7\u00e3o de Manaus no colegiado ser\u00e1 firme e participativa. \u201cManaus ser\u00e1 uma cidade aguerrida, participativa, que vai brigar por uma divis\u00e3o igualit\u00e1ria dos recursos, para que essa partilha fa\u00e7a diferen\u00e7a na economia, na sociedade e na pol\u00edtica local\u201d, completou.<\/p>\n\n\n\n<p><strong>Governan\u00e7a municipal na Reforma Tribut\u00e1ria<\/strong><\/p>\n\n\n\n<p>A escolha dos 39 representantes (13 titulares e 26 suplentes) \u00e9 resultado de uma articula\u00e7\u00e3o pol\u00edtica conduzida pela FNP, presidida pelo prefeito do Rio de Janeiro, Eduardo Paes. A composi\u00e7\u00e3o obedece ao crit\u00e9rio de representatividade das cidades mais populosas, contemplando todas as regi\u00f5es do pa\u00eds e seguindo par\u00e2metros t\u00e9cnicos previstos na legisla\u00e7\u00e3o.<\/p>\n\n\n\n<p>\u201cTivemos uma luta grande para garantir a presen\u00e7a das cidades mais populosas no Comit\u00ea do IBS. \u00c9 fundamental que os munic\u00edpios que movem a economia tenham assento nessa mesa\u201d, afirmou Eduardo Paes.<\/p>\n\n\n\n<p>O presidente do Comit\u00ea Gestor e do Comsefaz, Fl\u00e1vio C\u00e9sar Oliveira, tamb\u00e9m participou da abertura da assembleia e classificou o momento como hist\u00f3rico. \u201cA indica\u00e7\u00e3o dos representantes municipais completa a engrenagem federativa do CG-IBS\u201d, destacou.<\/p>\n\n\n\n<p>A elei\u00e7\u00e3o cumpre o que estabelece o PLP 108\/2024, que reconhece a FNP como entidade leg\u00edtima para a indica\u00e7\u00e3o dos 13 assentos destinados \u00e0s cidades mais populosas no Conselho Superior do Comit\u00ea Gestor do IBS.<\/p>\n\n\n\n<p><strong>Composi\u00e7\u00e3o e representatividade<\/strong><\/p>\n\n\n\n<p>Entre os 39 munic\u00edpios escolhidos pela FNP, 22 s\u00e3o capitais. A distribui\u00e7\u00e3o regional ficou da seguinte forma: 16 representantes do Sudeste, 11 do Nordeste, cinco do Sul, quatro do Centro-Oeste e tr\u00eas do Norte, sendo Manaus a \u00fanica capital da regi\u00e3o Norte entre os titulares.<\/p>\n\n\n\n<p>Al\u00e9m de Manaus, comp\u00f5em a lista de titulares cidades como S\u00e3o Paulo, Rio de Janeiro, Fortaleza, Salvador, Belo Horizonte, Curitiba, Recife, Goi\u00e2nia, Campinas, Jo\u00e3o Pessoa, Florian\u00f3polis e Serra (ES), representadas por seus respectivos secret\u00e1rios de Fazenda ou Finan\u00e7as.<\/p>\n\n\n\n<p>Os suplentes foram organizados em duas listas de prioridade, com munic\u00edpios de todas as regi\u00f5es, garantindo continuidade da representatividade em caso de vac\u00e2ncia.<\/p>\n\n\n\n<p><strong>Papel estrat\u00e9gico do CG-IBS<\/strong><\/p>\n\n\n\n<p>O Conselho Superior do CG-IBS ter\u00e1 a miss\u00e3o de centralizar a arrecada\u00e7\u00e3o e realizar a distribui\u00e7\u00e3o autom\u00e1tica das receitas do IBS, assegurando que o federalismo e a autonomia municipal sejam preservados na pr\u00e1tica. Com a elei\u00e7\u00e3o conclu\u00edda, a FNP encaminhar\u00e1 oficialmente os nomes para a formaliza\u00e7\u00e3o da composi\u00e7\u00e3o do colegiado.<\/p>\n\n\n\n<p>Para Manaus, o assento no comit\u00ea representa n\u00e3o apenas reconhecimento do peso econ\u00f4mico da capital, mas tamb\u00e9m a oportunidade de influenciar diretamente os crit\u00e9rios de reparti\u00e7\u00e3o de recursos em um dos processos mais relevantes da atual agenda fiscal do pa\u00eds, garantindo que os interesses da regi\u00e3o Norte e do Amazonas estejam presentes nas decis\u00f5es nacionais sobre a nova estrutura tribut\u00e1ria.<\/p>\n\n\n\n<p>&#8212; &#8212; &#8212;<\/p>\n\n\n\n<p><strong>Texto&nbsp;<\/strong>\u2013 Anderson Farias\/Semef<\/p>\n\n\n\n<p><strong>Foto \u2013 <\/strong>Divulga\u00e7\u00e3o\/Semef<\/p>\n","protected":false},"excerpt":{"rendered":"","protected":false},"author":39,"featured_media":251599,"comment_status":"closed","ping_status":"closed","sticky":false,"template":"","format":"standard","meta":{"footnotes":""},"categories":[166],"tags":[19060,19061,77,19062,6721,157],"acf":[],"yoast_head":"<!-- This site is optimized with the Yoast SEO plugin v23.0 - https:\/\/yoast.com\/wordpress\/plugins\/seo\/ -->\n<title>Manaus garante assento no Comit\u00ea Gestor do IBS e fortalece protagonismo da capital na Reforma Tribut\u00e1ria<\/title>\n<meta name=\"description\" content=\"A cidade de Manaus garante assento no Comit\u00ea Gestor do IBS e fortalece protagonismo da capital na Reforma Tribut\u00e1ria.\" \/>\n<meta name=\"robots\" content=\"index, follow, max-snippet:-1, max-image-preview:large, max-video-preview:-1\" \/>\n<link rel=\"canonical\" href=\"https:\/\/www.manaus.am.gov.br\/semcom\/protagonismo-capital-reforma-tributaria\/\" \/>\n<meta property=\"og:locale\" content=\"pt_BR\" \/>\n<meta property=\"og:type\" content=\"article\" \/>\n<meta property=\"og:title\" content=\"Manaus garante assento no Comit\u00ea Gestor do IBS e fortalece protagonismo da capital na Reforma Tribut\u00e1ria\" \/>\n<meta property=\"og:description\" content=\"A cidade de Manaus garante assento no Comit\u00ea Gestor do IBS e fortalece protagonismo da capital na Reforma Tribut\u00e1ria.\" \/>\n<meta property=\"og:url\" content=\"https:\/\/www.manaus.am.gov.br\/semcom\/protagonismo-capital-reforma-tributaria\/\" \/>\n<meta property=\"og:site_name\" content=\"SEMCOM\" \/>\n<meta property=\"article:published_time\" content=\"2026-01-23T21:19:54+00:00\" \/>\n<meta property=\"article:modified_time\" content=\"2026-01-27T12:57:58+00:00\" \/>\n<meta property=\"og:image\" content=\"https:\/\/www.manaus.am.gov.br\/semcom\/wp-content\/uploads\/sites\/5\/2026\/01\/WhatsApp-Image-2026-01-23-at-17.06.22.jpeg\" \/>\n\t<meta property=\"og:image:width\" content=\"1600\" \/>\n\t<meta property=\"og:image:height\" content=\"1064\" \/>\n\t<meta property=\"og:image:type\" content=\"image\/jpeg\" \/>\n<meta name=\"author\" content=\"Bruna Greco\" \/>\n<meta name=\"twitter:card\" content=\"summary_large_image\" \/>\n<meta name=\"twitter:label1\" content=\"Written by\" \/>\n\t<meta name=\"twitter:data1\" content=\"Bruna Greco\" \/>\n\t<meta name=\"twitter:label2\" content=\"Est. reading time\" \/>\n\t<meta name=\"twitter:data2\" content=\"5 minutos\" \/>\n<script type=\"application\/ld+json\" class=\"yoast-schema-graph\">{\"@context\":\"https:\/\/schema.org\",\"@graph\":[{\"@type\":\"WebPage\",\"@id\":\"https:\/\/www.manaus.am.gov.br\/semcom\/protagonismo-capital-reforma-tributaria\/\",\"url\":\"https:\/\/www.manaus.am.gov.br\/semcom\/protagonismo-capital-reforma-tributaria\/\",\"name\":\"Manaus garante assento no Comit\u00ea Gestor do IBS e fortalece protagonismo da capital na Reforma Tribut\u00e1ria\",\"isPartOf\":{\"@id\":\"https:\/\/www.manaus.am.gov.br\/semcom\/#website\"},\"primaryImageOfPage\":{\"@id\":\"https:\/\/www.manaus.am.gov.br\/semcom\/protagonismo-capital-reforma-tributaria\/#primaryimage\"},\"image\":{\"@id\":\"https:\/\/www.manaus.am.gov.br\/semcom\/protagonismo-capital-reforma-tributaria\/#primaryimage\"},\"thumbnailUrl\":\"https:\/\/www.manaus.am.gov.br\/semcom\/wp-content\/uploads\/sites\/5\/2026\/01\/WhatsApp-Image-2026-01-23-at-17.06.22.jpeg\",\"datePublished\":\"2026-01-23T21:19:54+00:00\",\"dateModified\":\"2026-01-27T12:57:58+00:00\",\"author\":{\"@id\":\"https:\/\/www.manaus.am.gov.br\/semcom\/#\/schema\/person\/05d223aea2bf115f9883a6ff3683d81b\"},\"description\":\"A cidade de Manaus garante assento no Comit\u00ea Gestor do IBS e fortalece protagonismo da capital na Reforma Tribut\u00e1ria.\",\"inLanguage\":\"pt-BR\",\"potentialAction\":[{\"@type\":\"ReadAction\",\"target\":[\"https:\/\/www.manaus.am.gov.br\/semcom\/protagonismo-capital-reforma-tributaria\/\"]}]},{\"@type\":\"ImageObject\",\"inLanguage\":\"pt-BR\",\"@id\":\"https:\/\/www.manaus.am.gov.br\/semcom\/protagonismo-capital-reforma-tributaria\/#primaryimage\",\"url\":\"https:\/\/www.manaus.am.gov.br\/semcom\/wp-content\/uploads\/sites\/5\/2026\/01\/WhatsApp-Image-2026-01-23-at-17.06.22.jpeg\",\"contentUrl\":\"https:\/\/www.manaus.am.gov.br\/semcom\/wp-content\/uploads\/sites\/5\/2026\/01\/WhatsApp-Image-2026-01-23-at-17.06.22.jpeg\",\"width\":1600,\"height\":1064,\"caption\":\"#paratodosverem - Titular da Semef, Cl\u00e9cio Freire\"},{\"@type\":\"WebSite\",\"@id\":\"https:\/\/www.manaus.am.gov.br\/semcom\/#website\",\"url\":\"https:\/\/www.manaus.am.gov.br\/semcom\/\",\"name\":\"SEMCOM\",\"description\":\"Secretaria Municipal de Comunica\u00e7\u00e3o\",\"potentialAction\":[{\"@type\":\"SearchAction\",\"target\":{\"@type\":\"EntryPoint\",\"urlTemplate\":\"https:\/\/www.manaus.am.gov.br\/semcom\/?s={search_term_string}\"},\"query-input\":\"required name=search_term_string\"}],\"inLanguage\":\"pt-BR\"},{\"@type\":\"Person\",\"@id\":\"https:\/\/www.manaus.am.gov.br\/semcom\/#\/schema\/person\/05d223aea2bf115f9883a6ff3683d81b\",\"name\":\"Bruna Greco\",\"image\":{\"@type\":\"ImageObject\",\"inLanguage\":\"pt-BR\",\"@id\":\"https:\/\/www.manaus.am.gov.br\/semcom\/#\/schema\/person\/image\/\",\"url\":\"https:\/\/secure.gravatar.com\/avatar\/9c877d1a6adc2a055330e5c09a8653ce?s=96&d=mm&r=g\",\"contentUrl\":\"https:\/\/secure.gravatar.com\/avatar\/9c877d1a6adc2a055330e5c09a8653ce?s=96&d=mm&r=g\",\"caption\":\"Bruna Greco\"}}]}<\/script>\n<!-- \/ Yoast SEO plugin. -->","yoast_head_json":{"title":"Manaus garante assento no Comit\u00ea Gestor do IBS e fortalece protagonismo da capital na Reforma Tribut\u00e1ria","description":"A cidade de Manaus garante assento no Comit\u00ea Gestor do IBS e fortalece protagonismo da capital na Reforma Tribut\u00e1ria.","robots":{"index":"index","follow":"follow","max-snippet":"max-snippet:-1","max-image-preview":"max-image-preview:large","max-video-preview":"max-video-preview:-1"},"canonical":"https:\/\/www.manaus.am.gov.br\/semcom\/protagonismo-capital-reforma-tributaria\/","og_locale":"pt_BR","og_type":"article","og_title":"Manaus garante assento no Comit\u00ea Gestor do IBS e fortalece protagonismo da capital na Reforma Tribut\u00e1ria","og_description":"A cidade de Manaus garante assento no Comit\u00ea Gestor do IBS e fortalece protagonismo da capital na Reforma Tribut\u00e1ria.","og_url":"https:\/\/www.manaus.am.gov.br\/semcom\/protagonismo-capital-reforma-tributaria\/","og_site_name":"SEMCOM","article_published_time":"2026-01-23T21:19:54+00:00","article_modified_time":"2026-01-27T12:57:58+00:00","og_image":[{"width":1600,"height":1064,"url":"https:\/\/www.manaus.am.gov.br\/semcom\/wp-content\/uploads\/sites\/5\/2026\/01\/WhatsApp-Image-2026-01-23-at-17.06.22.jpeg","type":"image\/jpeg"}],"author":"Bruna Greco","twitter_card":"summary_large_image","twitter_misc":{"Written by":"Bruna Greco","Est. reading time":"5 minutos"},"schema":{"@context":"https:\/\/schema.org","@graph":[{"@type":"WebPage","@id":"https:\/\/www.manaus.am.gov.br\/semcom\/protagonismo-capital-reforma-tributaria\/","url":"https:\/\/www.manaus.am.gov.br\/semcom\/protagonismo-capital-reforma-tributaria\/","name":"Manaus garante assento no Comit\u00ea Gestor do IBS e fortalece protagonismo da capital na Reforma Tribut\u00e1ria","isPartOf":{"@id":"https:\/\/www.manaus.am.gov.br\/semcom\/#website"},"primaryImageOfPage":{"@id":"https:\/\/www.manaus.am.gov.br\/semcom\/protagonismo-capital-reforma-tributaria\/#primaryimage"},"image":{"@id":"https:\/\/www.manaus.am.gov.br\/semcom\/protagonismo-capital-reforma-tributaria\/#primaryimage"},"thumbnailUrl":"https:\/\/www.manaus.am.gov.br\/semcom\/wp-content\/uploads\/sites\/5\/2026\/01\/WhatsApp-Image-2026-01-23-at-17.06.22.jpeg","datePublished":"2026-01-23T21:19:54+00:00","dateModified":"2026-01-27T12:57:58+00:00","author":{"@id":"https:\/\/www.manaus.am.gov.br\/semcom\/#\/schema\/person\/05d223aea2bf115f9883a6ff3683d81b"},"description":"A cidade de Manaus garante assento no Comit\u00ea Gestor do IBS e fortalece protagonismo da capital na Reforma Tribut\u00e1ria.","inLanguage":"pt-BR","potentialAction":[{"@type":"ReadAction","target":["https:\/\/www.manaus.am.gov.br\/semcom\/protagonismo-capital-reforma-tributaria\/"]}]},{"@type":"ImageObject","inLanguage":"pt-BR","@id":"https:\/\/www.manaus.am.gov.br\/semcom\/protagonismo-capital-reforma-tributaria\/#primaryimage","url":"https:\/\/www.manaus.am.gov.br\/semcom\/wp-content\/uploads\/sites\/5\/2026\/01\/WhatsApp-Image-2026-01-23-at-17.06.22.jpeg","contentUrl":"https:\/\/www.manaus.am.gov.br\/semcom\/wp-content\/uploads\/sites\/5\/2026\/01\/WhatsApp-Image-2026-01-23-at-17.06.22.jpeg","width":1600,"height":1064,"caption":"#paratodosverem - Titular da Semef, Cl\u00e9cio Freire"},{"@type":"WebSite","@id":"https:\/\/www.manaus.am.gov.br\/semcom\/#website","url":"https:\/\/www.manaus.am.gov.br\/semcom\/","name":"SEMCOM","description":"Secretaria Municipal de Comunica\u00e7\u00e3o","potentialAction":[{"@type":"SearchAction","target":{"@type":"EntryPoint","urlTemplate":"https:\/\/www.manaus.am.gov.br\/semcom\/?s={search_term_string}"},"query-input":"required name=search_term_string"}],"inLanguage":"pt-BR"},{"@type":"Person","@id":"https:\/\/www.manaus.am.gov.br\/semcom\/#\/schema\/person\/05d223aea2bf115f9883a6ff3683d81b","name":"Bruna Greco","image":{"@type":"ImageObject","inLanguage":"pt-BR","@id":"https:\/\/www.manaus.am.gov.br\/semcom\/#\/schema\/person\/image\/","url":"https:\/\/secure.gravatar.com\/avatar\/9c877d1a6adc2a055330e5c09a8653ce?s=96&d=mm&r=g","contentUrl":"https:\/\/secure.gravatar.com\/avatar\/9c877d1a6adc2a055330e5c09a8653ce?s=96&d=mm&r=g","caption":"Bruna Greco"}}]}},"_links":{"self":[{"href":"https:\/\/www.manaus.am.gov.br\/semcom\/wp-json\/wp\/v2\/posts\/251598"}],"collection":[{"href":"https:\/\/www.manaus.am.gov.br\/semcom\/wp-json\/wp\/v2\/posts"}],"about":[{"href":"https:\/\/www.manaus.am.gov.br\/semcom\/wp-json\/wp\/v2\/types\/post"}],"author":[{"embeddable":true,"href":"https:\/\/www.manaus.am.gov.br\/semcom\/wp-json\/wp\/v2\/users\/39"}],"replies":[{"embeddable":true,"href":"https:\/\/www.manaus.am.gov.br\/semcom\/wp-json\/wp\/v2\/comments?post=251598"}],"version-history":[{"count":1,"href":"https:\/\/www.manaus.am.gov.br\/semcom\/wp-json\/wp\/v2\/posts\/251598\/revisions"}],"predecessor-version":[{"id":251714,"href":"https:\/\/www.manaus.am.gov.br\/semcom\/wp-json\/wp\/v2\/posts\/251598\/revisions\/251714"}],"wp:featuredmedia":[{"embeddable":true,"href":"https:\/\/www.manaus.am.gov.br\/semcom\/wp-json\/wp\/v2\/media\/251599"}],"wp:attachment":[{"href":"https:\/\/www.manaus.am.gov.br\/semcom\/wp-json\/wp\/v2\/media?parent=251598"}],"wp:term":[{"taxonomy":"category","embeddable":true,"href":"https:\/\/www.manaus.am.gov.br\/semcom\/wp-json\/wp\/v2\/categories?post=251598"},{"taxonomy":"post_tag","embeddable":true,"href":"https:\/\/www.manaus.am.gov.br\/semcom\/wp-json\/wp\/v2\/tags?post=251598"}],"curies":[{"name":"wp","href":"https:\/\/api.w.org\/{rel}","templated":true}]}}