{"id":251593,"date":"2026-01-23T17:04:24","date_gmt":"2026-01-23T20:04:24","guid":{"rendered":"https:\/\/www.manaus.am.gov.br\/semcom\/iptu-2026-aplicativo-manaus-atende\/"},"modified":"2026-01-23T17:04:26","modified_gmt":"2026-01-23T20:04:26","slug":"iptu-2026-aplicativo-manaus-atende","status":"publish","type":"post","link":"https:\/\/www.manaus.am.gov.br\/semcom\/iptu-2026-aplicativo-manaus-atende\/","title":{"rendered":"IPTU 2026 j\u00e1 est\u00e1 dispon\u00edvel no aplicativo Manaus Atende com descontos maiores para pagamento digital"},"content":{"rendered":"\n<p>Os valores do Imposto Predial e Territorial Urbano (IPTU) 2026 j\u00e1 est\u00e3o dispon\u00edveis para consulta e pagamento no aplicativo Manaus Atende para usu\u00e1rios do sistema iOS e, nos pr\u00f3ximos dias, as notifica\u00e7\u00f5es de lan\u00e7amento e os boletos tamb\u00e9m estar\u00e3o dispon\u00edveis para usu\u00e1rios do sistema Android. A consulta e a emiss\u00e3o de boletos tamb\u00e9m podem ser feitas pelo portal de servi\u00e7os&nbsp;<a href=\"http:\/\/manausatende.manaus.am.gov.br\/\" target=\"_blank\" rel=\"noreferrer noopener\">manausatende.manaus.am.gov.br<\/a>, enquanto os carn\u00eas f\u00edsicos come\u00e7ar\u00e3o a ser distribu\u00eddos pelos Correios a partir da \u00faltima semana de janeiro e durante o m\u00eas de fevereiro.<\/p>\n\n\n\n<p>De acordo com o subsecret\u00e1rio da Receita da Secretaria Municipal de Finan\u00e7as, Planejamento e Tecnologia da Informa\u00e7\u00e3o (Semef) em exerc\u00edcio, Armando Sim\u00f5es, o vencimento da cota \u00fanica com 8% de desconto, bem como da primeira parcela para quem optar pelo parcelamento, ser\u00e1 no dia 16 de mar\u00e7o. Ele explicou que, pelo portal de servi\u00e7os e pelo carn\u00ea f\u00edsico entregue nas resid\u00eancias, o contribuinte ter\u00e1 direito apenas a esse percentual de desconto na cota \u00fanica e n\u00e3o contar\u00e1 com abatimento nas parcelas.<\/p>\n\n\n\n<p>No entanto, quem j\u00e1 baixou o aplicativo Manaus Atende em seu smartphone, aderiu ao carn\u00ea digital, gerou o boleto pelo pr\u00f3prio aplicativo e efetuou o pagamento ter\u00e1 acesso a descontos maiores. Nesse caso, o desconto ser\u00e1 de 10% para pagamento em cota \u00fanica at\u00e9 o dia 16 de mar\u00e7o, aumentando para 11% se o pagamento for antecipado at\u00e9 27 de fevereiro e chegando a 12% para quem quitar o imposto at\u00e9 30 de janeiro.<\/p>\n\n\n\n<p>\u201cPara ter direito aos descontos diferenciados, \u00e9 obrigat\u00f3rio que o pagamento seja realizado por meio do boleto gerado dentro do aplicativo Manaus Atende. Tamb\u00e9m \u00e9 importante que os contribuintes mantenham o aplicativo sempre atualizado, j\u00e1 que a Semef continuar\u00e1 disponibilizando novos servi\u00e7os por meio dessa plataforma digital\u201d, explicou Sim\u00f5es.<\/p>\n\n\n\n<p>Ele destacou ainda que, pelo aplicativo, mesmo quem optar pelo parcelamento ter\u00e1 vantagens, pois cada parcela paga at\u00e9 a data de vencimento contar\u00e1 com desconto de 2%, benef\u00edcio que n\u00e3o \u00e9 concedido para pagamentos feitos pelo carn\u00ea f\u00edsico ou pelo portal de servi\u00e7os.<\/p>\n\n\n\n<p>Outro ponto destacado pelo subsecret\u00e1rio em exerc\u00edcio \u00e9 que, para os im\u00f3veis prediais de uso comercial, de presta\u00e7\u00e3o de servi\u00e7os e industrial, o desconto para pagamento em cota \u00fanica, que em 2025 era de 15%, passou em 2026 para 8%, igualando-se ao percentual oferecido aos im\u00f3veis residenciais quando o pagamento \u00e9 realizado pelo carn\u00ea f\u00edsico ou pelo portal de servi\u00e7os.<\/p>\n\n\n\n<p>O pagamento do IPTU pode ser realizado em qualquer banco, inclusive nos bancos digitais. Em caso de d\u00favidas, os contribuintes podem entrar em contato com a Central de Atendimento pelo telefone 156, de segunda a sexta-feira, das 8h \u00e0s 17h.<\/p>\n\n\n\n<p><strong>IPTU Premiado<\/strong><\/p>\n\n\n\n<p>Al\u00e9m dos descontos, os contribuintes que quitarem o IPTU em cota \u00fanica at\u00e9 o dia 16 de mar\u00e7o tamb\u00e9m participar\u00e3o da campanha IPTU Premiado, que continuar\u00e1 com sorteios ao longo de 2026. Os pagantes da cota \u00fanica concorrem a pr\u00eamios de at\u00e9 R$ 1 milh\u00e3o, al\u00e9m de premia\u00e7\u00f5es mensais de at\u00e9 R$ 40 mil, refor\u00e7ando o incentivo \u00e0 adimpl\u00eancia e \u00e0 participa\u00e7\u00e3o dos contribuintes.<\/p>\n\n\n\n<p><strong>N\u00fameros<\/strong><\/p>\n\n\n\n<p>Em 2026, a Semef lan\u00e7ou 574,8 mil cadastros imobili\u00e1rios em sua base do IPTU. Desse total, 515,2 mil s\u00e3o contribuintes tribut\u00e1veis, que somam lan\u00e7amento de R$ 740,3 milh\u00f5es, aproximadamente 7% a mais que o total lan\u00e7ado no ano anterior. \u201cO crescimento deve-se, sobretudo, \u00e0 atualiza\u00e7\u00e3o da infla\u00e7\u00e3o, que influencia no c\u00e1lculo da Unidade Fiscal do Munic\u00edpio\u201d, pontuou o subsecret\u00e1rio.<\/p>\n\n\n\n<p>&#8212; &#8212; &#8212;<\/p>\n\n\n\n<p><strong>Texto \u2013&nbsp;<\/strong>Anderson Farias\/Semef<\/p>\n\n\n\n<p><strong>Foto \u2013 <\/strong>Divulga\u00e7\u00e3o\/Semef<\/p>\n","protected":false},"excerpt":{"rendered":"","protected":false},"author":39,"featured_media":251594,"comment_status":"closed","ping_status":"closed","sticky":false,"template":"","format":"standard","meta":{"footnotes":""},"categories":[722],"tags":[17431,19057,19058,77,157],"acf":[],"yoast_head":"<!-- This site is optimized with the Yoast SEO plugin v23.0 - https:\/\/yoast.com\/wordpress\/plugins\/seo\/ -->\n<title>IPTU 2026 j\u00e1 est\u00e1 dispon\u00edvel no aplicativo Manaus Atende com descontos maiores para pagamento digital<\/title>\n<meta name=\"description\" content=\"IPTU 2026 j\u00e1 est\u00e1 dispon\u00edvel no aplicativo Manaus Atende com descontos maiores para pagamento digital.\" \/>\n<meta name=\"robots\" content=\"index, follow, max-snippet:-1, max-image-preview:large, max-video-preview:-1\" \/>\n<link rel=\"canonical\" href=\"https:\/\/www.manaus.am.gov.br\/semcom\/iptu-2026-aplicativo-manaus-atende\/\" \/>\n<meta property=\"og:locale\" content=\"pt_BR\" \/>\n<meta property=\"og:type\" content=\"article\" \/>\n<meta property=\"og:title\" content=\"IPTU 2026 j\u00e1 est\u00e1 dispon\u00edvel no aplicativo Manaus Atende com descontos maiores para pagamento digital\" \/>\n<meta property=\"og:description\" content=\"IPTU 2026 j\u00e1 est\u00e1 dispon\u00edvel no aplicativo Manaus Atende com descontos maiores para pagamento digital.\" \/>\n<meta property=\"og:url\" content=\"https:\/\/www.manaus.am.gov.br\/semcom\/iptu-2026-aplicativo-manaus-atende\/\" \/>\n<meta property=\"og:site_name\" content=\"SEMCOM\" \/>\n<meta property=\"article:published_time\" content=\"2026-01-23T20:04:24+00:00\" \/>\n<meta property=\"article:modified_time\" content=\"2026-01-23T20:04:26+00:00\" \/>\n<meta property=\"og:image\" content=\"https:\/\/www.manaus.am.gov.br\/semcom\/wp-content\/uploads\/sites\/5\/2026\/01\/IMG_1505-1024x683.jpg\" \/>\n\t<meta property=\"og:image:width\" content=\"1024\" \/>\n\t<meta property=\"og:image:height\" content=\"683\" \/>\n\t<meta property=\"og:image:type\" content=\"image\/jpeg\" \/>\n<meta name=\"author\" content=\"Bruna Greco\" \/>\n<meta name=\"twitter:card\" content=\"summary_large_image\" \/>\n<meta name=\"twitter:label1\" content=\"Written by\" \/>\n\t<meta name=\"twitter:data1\" content=\"Bruna Greco\" \/>\n\t<meta name=\"twitter:label2\" content=\"Est. reading time\" \/>\n\t<meta name=\"twitter:data2\" content=\"4 minutos\" \/>\n<script type=\"application\/ld+json\" class=\"yoast-schema-graph\">{\"@context\":\"https:\/\/schema.org\",\"@graph\":[{\"@type\":\"WebPage\",\"@id\":\"https:\/\/www.manaus.am.gov.br\/semcom\/iptu-2026-aplicativo-manaus-atende\/\",\"url\":\"https:\/\/www.manaus.am.gov.br\/semcom\/iptu-2026-aplicativo-manaus-atende\/\",\"name\":\"IPTU 2026 j\u00e1 est\u00e1 dispon\u00edvel no aplicativo Manaus Atende com descontos maiores para pagamento digital\",\"isPartOf\":{\"@id\":\"https:\/\/www.manaus.am.gov.br\/semcom\/#website\"},\"primaryImageOfPage\":{\"@id\":\"https:\/\/www.manaus.am.gov.br\/semcom\/iptu-2026-aplicativo-manaus-atende\/#primaryimage\"},\"image\":{\"@id\":\"https:\/\/www.manaus.am.gov.br\/semcom\/iptu-2026-aplicativo-manaus-atende\/#primaryimage\"},\"thumbnailUrl\":\"https:\/\/www.manaus.am.gov.br\/semcom\/wp-content\/uploads\/sites\/5\/2026\/01\/IMG_1505.jpg\",\"datePublished\":\"2026-01-23T20:04:24+00:00\",\"dateModified\":\"2026-01-23T20:04:26+00:00\",\"author\":{\"@id\":\"https:\/\/www.manaus.am.gov.br\/semcom\/#\/schema\/person\/05d223aea2bf115f9883a6ff3683d81b\"},\"description\":\"IPTU 2026 j\u00e1 est\u00e1 dispon\u00edvel no aplicativo Manaus Atende com descontos maiores para pagamento digital.\",\"inLanguage\":\"pt-BR\",\"potentialAction\":[{\"@type\":\"ReadAction\",\"target\":[\"https:\/\/www.manaus.am.gov.br\/semcom\/iptu-2026-aplicativo-manaus-atende\/\"]}]},{\"@type\":\"ImageObject\",\"inLanguage\":\"pt-BR\",\"@id\":\"https:\/\/www.manaus.am.gov.br\/semcom\/iptu-2026-aplicativo-manaus-atende\/#primaryimage\",\"url\":\"https:\/\/www.manaus.am.gov.br\/semcom\/wp-content\/uploads\/sites\/5\/2026\/01\/IMG_1505.jpg\",\"contentUrl\":\"https:\/\/www.manaus.am.gov.br\/semcom\/wp-content\/uploads\/sites\/5\/2026\/01\/IMG_1505.jpg\",\"width\":6000,\"height\":4000,\"caption\":\"#paratodosverem - Tela de celular acessando o aplicativo Manaus Atende\"},{\"@type\":\"WebSite\",\"@id\":\"https:\/\/www.manaus.am.gov.br\/semcom\/#website\",\"url\":\"https:\/\/www.manaus.am.gov.br\/semcom\/\",\"name\":\"SEMCOM\",\"description\":\"Secretaria Municipal de Comunica\u00e7\u00e3o\",\"potentialAction\":[{\"@type\":\"SearchAction\",\"target\":{\"@type\":\"EntryPoint\",\"urlTemplate\":\"https:\/\/www.manaus.am.gov.br\/semcom\/?s={search_term_string}\"},\"query-input\":\"required name=search_term_string\"}],\"inLanguage\":\"pt-BR\"},{\"@type\":\"Person\",\"@id\":\"https:\/\/www.manaus.am.gov.br\/semcom\/#\/schema\/person\/05d223aea2bf115f9883a6ff3683d81b\",\"name\":\"Bruna Greco\",\"image\":{\"@type\":\"ImageObject\",\"inLanguage\":\"pt-BR\",\"@id\":\"https:\/\/www.manaus.am.gov.br\/semcom\/#\/schema\/person\/image\/\",\"url\":\"https:\/\/secure.gravatar.com\/avatar\/9c877d1a6adc2a055330e5c09a8653ce?s=96&d=mm&r=g\",\"contentUrl\":\"https:\/\/secure.gravatar.com\/avatar\/9c877d1a6adc2a055330e5c09a8653ce?s=96&d=mm&r=g\",\"caption\":\"Bruna Greco\"}}]}<\/script>\n<!-- \/ Yoast SEO plugin. -->","yoast_head_json":{"title":"IPTU 2026 j\u00e1 est\u00e1 dispon\u00edvel no aplicativo Manaus Atende com descontos maiores para pagamento digital","description":"IPTU 2026 j\u00e1 est\u00e1 dispon\u00edvel no aplicativo Manaus Atende com descontos maiores para pagamento digital.","robots":{"index":"index","follow":"follow","max-snippet":"max-snippet:-1","max-image-preview":"max-image-preview:large","max-video-preview":"max-video-preview:-1"},"canonical":"https:\/\/www.manaus.am.gov.br\/semcom\/iptu-2026-aplicativo-manaus-atende\/","og_locale":"pt_BR","og_type":"article","og_title":"IPTU 2026 j\u00e1 est\u00e1 dispon\u00edvel no aplicativo Manaus Atende com descontos maiores para pagamento digital","og_description":"IPTU 2026 j\u00e1 est\u00e1 dispon\u00edvel no aplicativo Manaus Atende com descontos maiores para pagamento digital.","og_url":"https:\/\/www.manaus.am.gov.br\/semcom\/iptu-2026-aplicativo-manaus-atende\/","og_site_name":"SEMCOM","article_published_time":"2026-01-23T20:04:24+00:00","article_modified_time":"2026-01-23T20:04:26+00:00","og_image":[{"width":1024,"height":683,"url":"https:\/\/www.manaus.am.gov.br\/semcom\/wp-content\/uploads\/sites\/5\/2026\/01\/IMG_1505-1024x683.jpg","type":"image\/jpeg"}],"author":"Bruna Greco","twitter_card":"summary_large_image","twitter_misc":{"Written by":"Bruna Greco","Est. reading time":"4 minutos"},"schema":{"@context":"https:\/\/schema.org","@graph":[{"@type":"WebPage","@id":"https:\/\/www.manaus.am.gov.br\/semcom\/iptu-2026-aplicativo-manaus-atende\/","url":"https:\/\/www.manaus.am.gov.br\/semcom\/iptu-2026-aplicativo-manaus-atende\/","name":"IPTU 2026 j\u00e1 est\u00e1 dispon\u00edvel no aplicativo Manaus Atende com descontos maiores para pagamento digital","isPartOf":{"@id":"https:\/\/www.manaus.am.gov.br\/semcom\/#website"},"primaryImageOfPage":{"@id":"https:\/\/www.manaus.am.gov.br\/semcom\/iptu-2026-aplicativo-manaus-atende\/#primaryimage"},"image":{"@id":"https:\/\/www.manaus.am.gov.br\/semcom\/iptu-2026-aplicativo-manaus-atende\/#primaryimage"},"thumbnailUrl":"https:\/\/www.manaus.am.gov.br\/semcom\/wp-content\/uploads\/sites\/5\/2026\/01\/IMG_1505.jpg","datePublished":"2026-01-23T20:04:24+00:00","dateModified":"2026-01-23T20:04:26+00:00","author":{"@id":"https:\/\/www.manaus.am.gov.br\/semcom\/#\/schema\/person\/05d223aea2bf115f9883a6ff3683d81b"},"description":"IPTU 2026 j\u00e1 est\u00e1 dispon\u00edvel no aplicativo Manaus Atende com descontos maiores para pagamento digital.","inLanguage":"pt-BR","potentialAction":[{"@type":"ReadAction","target":["https:\/\/www.manaus.am.gov.br\/semcom\/iptu-2026-aplicativo-manaus-atende\/"]}]},{"@type":"ImageObject","inLanguage":"pt-BR","@id":"https:\/\/www.manaus.am.gov.br\/semcom\/iptu-2026-aplicativo-manaus-atende\/#primaryimage","url":"https:\/\/www.manaus.am.gov.br\/semcom\/wp-content\/uploads\/sites\/5\/2026\/01\/IMG_1505.jpg","contentUrl":"https:\/\/www.manaus.am.gov.br\/semcom\/wp-content\/uploads\/sites\/5\/2026\/01\/IMG_1505.jpg","width":6000,"height":4000,"caption":"#paratodosverem - Tela de celular acessando o aplicativo Manaus Atende"},{"@type":"WebSite","@id":"https:\/\/www.manaus.am.gov.br\/semcom\/#website","url":"https:\/\/www.manaus.am.gov.br\/semcom\/","name":"SEMCOM","description":"Secretaria Municipal de Comunica\u00e7\u00e3o","potentialAction":[{"@type":"SearchAction","target":{"@type":"EntryPoint","urlTemplate":"https:\/\/www.manaus.am.gov.br\/semcom\/?s={search_term_string}"},"query-input":"required name=search_term_string"}],"inLanguage":"pt-BR"},{"@type":"Person","@id":"https:\/\/www.manaus.am.gov.br\/semcom\/#\/schema\/person\/05d223aea2bf115f9883a6ff3683d81b","name":"Bruna Greco","image":{"@type":"ImageObject","inLanguage":"pt-BR","@id":"https:\/\/www.manaus.am.gov.br\/semcom\/#\/schema\/person\/image\/","url":"https:\/\/secure.gravatar.com\/avatar\/9c877d1a6adc2a055330e5c09a8653ce?s=96&d=mm&r=g","contentUrl":"https:\/\/secure.gravatar.com\/avatar\/9c877d1a6adc2a055330e5c09a8653ce?s=96&d=mm&r=g","caption":"Bruna Greco"}}]}},"_links":{"self":[{"href":"https:\/\/www.manaus.am.gov.br\/semcom\/wp-json\/wp\/v2\/posts\/251593"}],"collection":[{"href":"https:\/\/www.manaus.am.gov.br\/semcom\/wp-json\/wp\/v2\/posts"}],"about":[{"href":"https:\/\/www.manaus.am.gov.br\/semcom\/wp-json\/wp\/v2\/types\/post"}],"author":[{"embeddable":true,"href":"https:\/\/www.manaus.am.gov.br\/semcom\/wp-json\/wp\/v2\/users\/39"}],"replies":[{"embeddable":true,"href":"https:\/\/www.manaus.am.gov.br\/semcom\/wp-json\/wp\/v2\/comments?post=251593"}],"version-history":[{"count":0,"href":"https:\/\/www.manaus.am.gov.br\/semcom\/wp-json\/wp\/v2\/posts\/251593\/revisions"}],"wp:featuredmedia":[{"embeddable":true,"href":"https:\/\/www.manaus.am.gov.br\/semcom\/wp-json\/wp\/v2\/media\/251594"}],"wp:attachment":[{"href":"https:\/\/www.manaus.am.gov.br\/semcom\/wp-json\/wp\/v2\/media?parent=251593"}],"wp:term":[{"taxonomy":"category","embeddable":true,"href":"https:\/\/www.manaus.am.gov.br\/semcom\/wp-json\/wp\/v2\/categories?post=251593"},{"taxonomy":"post_tag","embeddable":true,"href":"https:\/\/www.manaus.am.gov.br\/semcom\/wp-json\/wp\/v2\/tags?post=251593"}],"curies":[{"name":"wp","href":"https:\/\/api.w.org\/{rel}","templated":true}]}}