{"id":251591,"date":"2026-01-23T16:43:46","date_gmt":"2026-01-23T19:43:46","guid":{"rendered":"https:\/\/www.manaus.am.gov.br\/semcom\/capacitacao-sobre-a-lgpd\/"},"modified":"2026-01-27T10:13:08","modified_gmt":"2026-01-27T13:13:08","slug":"capacitacao-sobre-a-lgpd","status":"publish","type":"post","link":"https:\/\/www.manaus.am.gov.br\/semcom\/capacitacao-sobre-a-lgpd\/","title":{"rendered":"Procon Manaus promove capacita\u00e7\u00e3o sobre a Lei Geral de Prote\u00e7\u00e3o de Dados"},"content":{"rendered":"\n<p>A <a href=\"https:\/\/www.instagram.com\/prefeiturademanaus\/\">Prefeitura de Manaus<\/a>, por meio do <a href=\"https:\/\/www.manaus.am.gov.br\/\">Servi\u00e7o de Atendimento e Prote\u00e7\u00e3o ao Consumidor (Procon<\/a> <a href=\"https:\/\/www.manaus.am.gov.br\/\">Manaus),<\/a> promoveu, na quinta-feira, 22\/1, uma capacita\u00e7\u00e3o sobre a Lei Geral de Prote\u00e7\u00e3o de Dados (LGPD). A atividade, destinada a servidores e estagi\u00e1rios do \u00f3rg\u00e3o, foi realizada na Central do Empreendedor da Secretaria Municipal do Trabalho, Empreendedorismo e Inova\u00e7\u00e3o (Semtepi), localizada no shopping Phelippe Daou, Cidade de Deus, zona Norte.<\/p>\n\n\n\n<p>A a\u00e7\u00e3o de treinamento teve como objetivo a promo\u00e7\u00e3o da conscientiza\u00e7\u00e3o dos servidores sobre a import\u00e2ncia da prote\u00e7\u00e3o de dados pessoais nas rela\u00e7\u00f5es de consumo, al\u00e9m de fortalecer o conhecimento acerca dos direitos dos consumidores previstos na legisla\u00e7\u00e3o vigente. A Lei Geral de Prote\u00e7\u00e3o de Dados, institu\u00edda pela Lei n\u00ba 13.709\/2018, estabelece regras sobre a coleta, o armazenamento, o tratamento e o compartilhamento de dados pessoais, garantindo mais seguran\u00e7a e transpar\u00eancia ao cidad\u00e3o.<\/p>\n\n\n\n<p>A presidente do Procon Manaus, Onilda Abreu, destacou que a capacita\u00e7\u00e3o representa um avan\u00e7o na qualifica\u00e7\u00e3o dos servidores e no fortalecimento das a\u00e7\u00f5es do \u00f3rg\u00e3o, especialmente diante dos desafios relacionados \u00e0 prote\u00e7\u00e3o de dados nas rela\u00e7\u00f5es de consumo. \u201cA capacita\u00e7\u00e3o fortalece a atua\u00e7\u00e3o do Procon Manaus, porque prepara nossos servidores para lidar com um tema cada vez mais presente no dia a dia do consumidor. Entender a LGPD \u00e9 essencial para garantir atendimentos mais seguros, respons\u00e1veis e alinhados \u00e0s novas demandas da sociedade\u201d, declarou.<\/p>\n\n\n\n<p>Durante o evento, foram abordados temas como o conceito da LGPD, a import\u00e2ncia de conhecer a legisla\u00e7\u00e3o, os limites para o fornecimento de dados pessoais no momento da compra de produtos ou da contrata\u00e7\u00e3o de servi\u00e7os, al\u00e9m de exemplos pr\u00e1ticos da atua\u00e7\u00e3o do Procon Manaus na fiscaliza\u00e7\u00e3o e orienta\u00e7\u00e3o dos fornecedores quanto ao cumprimento da lei.<\/p>\n\n\n\n<p>Segundo a advogada especialista em Lei Geral de Prote\u00e7\u00e3o de Dados, Thalita Odeth Ribeiro, a iniciativa do Procon Manaus demonstra um compromisso que vai al\u00e9m da fiscaliza\u00e7\u00e3o, alcan\u00e7ando tamb\u00e9m a educa\u00e7\u00e3o e a prote\u00e7\u00e3o dos consumidores. \u201cQuando o Procon demonstra essa preocupa\u00e7\u00e3o com o treinamento dos servidores, ele mostra que tamb\u00e9m se preocupa com os dados que a pr\u00f3pria institui\u00e7\u00e3o trata das pessoas que buscam atendimento. Al\u00e9m disso, contribui para conscientizar o consumidor sobre seus direitos e alerta quem lida com esses dados a agir conforme a Lei Geral de Prote\u00e7\u00e3o de Dados\u201d, afirmou.<\/p>\n\n\n\n<p>\u2014\u2013 \u2014- \u2014-<br><strong>Texto \u2013 <\/strong>Lara Bernardes \/ Procon Manaus<br><strong>Foto \u2013 <\/strong>Divulga\u00e7\u00e3o\/ Procon Manaus<\/p>\n","protected":false},"excerpt":{"rendered":"","protected":false},"author":68,"featured_media":251592,"comment_status":"closed","ping_status":"closed","sticky":false,"template":"","format":"standard","meta":{"footnotes":""},"categories":[51],"tags":[19056,77,9825],"acf":[],"yoast_head":"<!-- This site is optimized with the Yoast SEO plugin v23.0 - https:\/\/yoast.com\/wordpress\/plugins\/seo\/ -->\n<title>Procon promove capacita\u00e7\u00e3o sobre a LGPD<\/title>\n<meta name=\"description\" content=\"A Prefeitura de Manaus promoveu, na quinta-feira, 22\/1, uma capacita\u00e7\u00e3o sobre a Lei Geral de Prote\u00e7\u00e3o de Dados (LGPD).\" \/>\n<meta name=\"robots\" content=\"index, follow, max-snippet:-1, max-image-preview:large, max-video-preview:-1\" \/>\n<link rel=\"canonical\" href=\"https:\/\/www.manaus.am.gov.br\/semcom\/capacitacao-sobre-a-lgpd\/\" \/>\n<meta property=\"og:locale\" content=\"pt_BR\" \/>\n<meta property=\"og:type\" content=\"article\" \/>\n<meta property=\"og:title\" content=\"Procon promove capacita\u00e7\u00e3o sobre a LGPD\" \/>\n<meta property=\"og:description\" content=\"A Prefeitura de Manaus promoveu, na quinta-feira, 22\/1, uma capacita\u00e7\u00e3o sobre a Lei Geral de Prote\u00e7\u00e3o de Dados (LGPD).\" \/>\n<meta property=\"og:url\" content=\"https:\/\/www.manaus.am.gov.br\/semcom\/capacitacao-sobre-a-lgpd\/\" \/>\n<meta property=\"og:site_name\" content=\"SEMCOM\" \/>\n<meta property=\"article:published_time\" content=\"2026-01-23T19:43:46+00:00\" \/>\n<meta property=\"article:modified_time\" content=\"2026-01-27T13:13:08+00:00\" \/>\n<meta property=\"og:image\" content=\"https:\/\/www.manaus.am.gov.br\/semcom\/wp-content\/uploads\/sites\/5\/2026\/01\/WhatsApp-Image-2026-01-23-at-14.42.15.jpeg\" \/>\n\t<meta property=\"og:image:width\" content=\"1280\" \/>\n\t<meta property=\"og:image:height\" content=\"960\" \/>\n\t<meta property=\"og:image:type\" content=\"image\/jpeg\" \/>\n<meta name=\"author\" content=\"bvalente\" \/>\n<meta name=\"twitter:card\" content=\"summary_large_image\" \/>\n<meta name=\"twitter:label1\" content=\"Written by\" \/>\n\t<meta name=\"twitter:data1\" content=\"bvalente\" \/>\n\t<meta name=\"twitter:label2\" content=\"Est. reading time\" \/>\n\t<meta name=\"twitter:data2\" content=\"3 minutos\" \/>\n<script type=\"application\/ld+json\" class=\"yoast-schema-graph\">{\"@context\":\"https:\/\/schema.org\",\"@graph\":[{\"@type\":\"WebPage\",\"@id\":\"https:\/\/www.manaus.am.gov.br\/semcom\/capacitacao-sobre-a-lgpd\/\",\"url\":\"https:\/\/www.manaus.am.gov.br\/semcom\/capacitacao-sobre-a-lgpd\/\",\"name\":\"Procon promove capacita\u00e7\u00e3o sobre a LGPD\",\"isPartOf\":{\"@id\":\"https:\/\/www.manaus.am.gov.br\/semcom\/#website\"},\"primaryImageOfPage\":{\"@id\":\"https:\/\/www.manaus.am.gov.br\/semcom\/capacitacao-sobre-a-lgpd\/#primaryimage\"},\"image\":{\"@id\":\"https:\/\/www.manaus.am.gov.br\/semcom\/capacitacao-sobre-a-lgpd\/#primaryimage\"},\"thumbnailUrl\":\"https:\/\/www.manaus.am.gov.br\/semcom\/wp-content\/uploads\/sites\/5\/2026\/01\/WhatsApp-Image-2026-01-23-at-14.42.15.jpeg\",\"datePublished\":\"2026-01-23T19:43:46+00:00\",\"dateModified\":\"2026-01-27T13:13:08+00:00\",\"author\":{\"@id\":\"https:\/\/www.manaus.am.gov.br\/semcom\/#\/schema\/person\/466a0e03ae4b6062809046bd560ac955\"},\"description\":\"A Prefeitura de Manaus promoveu, na quinta-feira, 22\/1, uma capacita\u00e7\u00e3o sobre a Lei Geral de Prote\u00e7\u00e3o de Dados (LGPD).\",\"inLanguage\":\"pt-BR\",\"potentialAction\":[{\"@type\":\"ReadAction\",\"target\":[\"https:\/\/www.manaus.am.gov.br\/semcom\/capacitacao-sobre-a-lgpd\/\"]}]},{\"@type\":\"ImageObject\",\"inLanguage\":\"pt-BR\",\"@id\":\"https:\/\/www.manaus.am.gov.br\/semcom\/capacitacao-sobre-a-lgpd\/#primaryimage\",\"url\":\"https:\/\/www.manaus.am.gov.br\/semcom\/wp-content\/uploads\/sites\/5\/2026\/01\/WhatsApp-Image-2026-01-23-at-14.42.15.jpeg\",\"contentUrl\":\"https:\/\/www.manaus.am.gov.br\/semcom\/wp-content\/uploads\/sites\/5\/2026\/01\/WhatsApp-Image-2026-01-23-at-14.42.15.jpeg\",\"width\":1280,\"height\":960,\"caption\":\"#paratodosverem - Equipe do Procon Manaus durante capacita\u00e7\u00e3o sobre a LGPD em audit\u00f3rio\"},{\"@type\":\"WebSite\",\"@id\":\"https:\/\/www.manaus.am.gov.br\/semcom\/#website\",\"url\":\"https:\/\/www.manaus.am.gov.br\/semcom\/\",\"name\":\"SEMCOM\",\"description\":\"Secretaria Municipal de Comunica\u00e7\u00e3o\",\"potentialAction\":[{\"@type\":\"SearchAction\",\"target\":{\"@type\":\"EntryPoint\",\"urlTemplate\":\"https:\/\/www.manaus.am.gov.br\/semcom\/?s={search_term_string}\"},\"query-input\":\"required name=search_term_string\"}],\"inLanguage\":\"pt-BR\"},{\"@type\":\"Person\",\"@id\":\"https:\/\/www.manaus.am.gov.br\/semcom\/#\/schema\/person\/466a0e03ae4b6062809046bd560ac955\",\"name\":\"bvalente\",\"image\":{\"@type\":\"ImageObject\",\"inLanguage\":\"pt-BR\",\"@id\":\"https:\/\/www.manaus.am.gov.br\/semcom\/#\/schema\/person\/image\/\",\"url\":\"https:\/\/secure.gravatar.com\/avatar\/3e69bc2b014bdad41adfec3a39de07d2?s=96&d=mm&r=g\",\"contentUrl\":\"https:\/\/secure.gravatar.com\/avatar\/3e69bc2b014bdad41adfec3a39de07d2?s=96&d=mm&r=g\",\"caption\":\"bvalente\"}}]}<\/script>\n<!-- \/ Yoast SEO plugin. -->","yoast_head_json":{"title":"Procon promove capacita\u00e7\u00e3o sobre a LGPD","description":"A Prefeitura de Manaus promoveu, na quinta-feira, 22\/1, uma capacita\u00e7\u00e3o sobre a Lei Geral de Prote\u00e7\u00e3o de Dados (LGPD).","robots":{"index":"index","follow":"follow","max-snippet":"max-snippet:-1","max-image-preview":"max-image-preview:large","max-video-preview":"max-video-preview:-1"},"canonical":"https:\/\/www.manaus.am.gov.br\/semcom\/capacitacao-sobre-a-lgpd\/","og_locale":"pt_BR","og_type":"article","og_title":"Procon promove capacita\u00e7\u00e3o sobre a LGPD","og_description":"A Prefeitura de Manaus promoveu, na quinta-feira, 22\/1, uma capacita\u00e7\u00e3o sobre a Lei Geral de Prote\u00e7\u00e3o de Dados (LGPD).","og_url":"https:\/\/www.manaus.am.gov.br\/semcom\/capacitacao-sobre-a-lgpd\/","og_site_name":"SEMCOM","article_published_time":"2026-01-23T19:43:46+00:00","article_modified_time":"2026-01-27T13:13:08+00:00","og_image":[{"width":1280,"height":960,"url":"https:\/\/www.manaus.am.gov.br\/semcom\/wp-content\/uploads\/sites\/5\/2026\/01\/WhatsApp-Image-2026-01-23-at-14.42.15.jpeg","type":"image\/jpeg"}],"author":"bvalente","twitter_card":"summary_large_image","twitter_misc":{"Written by":"bvalente","Est. reading time":"3 minutos"},"schema":{"@context":"https:\/\/schema.org","@graph":[{"@type":"WebPage","@id":"https:\/\/www.manaus.am.gov.br\/semcom\/capacitacao-sobre-a-lgpd\/","url":"https:\/\/www.manaus.am.gov.br\/semcom\/capacitacao-sobre-a-lgpd\/","name":"Procon promove capacita\u00e7\u00e3o sobre a LGPD","isPartOf":{"@id":"https:\/\/www.manaus.am.gov.br\/semcom\/#website"},"primaryImageOfPage":{"@id":"https:\/\/www.manaus.am.gov.br\/semcom\/capacitacao-sobre-a-lgpd\/#primaryimage"},"image":{"@id":"https:\/\/www.manaus.am.gov.br\/semcom\/capacitacao-sobre-a-lgpd\/#primaryimage"},"thumbnailUrl":"https:\/\/www.manaus.am.gov.br\/semcom\/wp-content\/uploads\/sites\/5\/2026\/01\/WhatsApp-Image-2026-01-23-at-14.42.15.jpeg","datePublished":"2026-01-23T19:43:46+00:00","dateModified":"2026-01-27T13:13:08+00:00","author":{"@id":"https:\/\/www.manaus.am.gov.br\/semcom\/#\/schema\/person\/466a0e03ae4b6062809046bd560ac955"},"description":"A Prefeitura de Manaus promoveu, na quinta-feira, 22\/1, uma capacita\u00e7\u00e3o sobre a Lei Geral de Prote\u00e7\u00e3o de Dados (LGPD).","inLanguage":"pt-BR","potentialAction":[{"@type":"ReadAction","target":["https:\/\/www.manaus.am.gov.br\/semcom\/capacitacao-sobre-a-lgpd\/"]}]},{"@type":"ImageObject","inLanguage":"pt-BR","@id":"https:\/\/www.manaus.am.gov.br\/semcom\/capacitacao-sobre-a-lgpd\/#primaryimage","url":"https:\/\/www.manaus.am.gov.br\/semcom\/wp-content\/uploads\/sites\/5\/2026\/01\/WhatsApp-Image-2026-01-23-at-14.42.15.jpeg","contentUrl":"https:\/\/www.manaus.am.gov.br\/semcom\/wp-content\/uploads\/sites\/5\/2026\/01\/WhatsApp-Image-2026-01-23-at-14.42.15.jpeg","width":1280,"height":960,"caption":"#paratodosverem - Equipe do Procon Manaus durante capacita\u00e7\u00e3o sobre a LGPD em audit\u00f3rio"},{"@type":"WebSite","@id":"https:\/\/www.manaus.am.gov.br\/semcom\/#website","url":"https:\/\/www.manaus.am.gov.br\/semcom\/","name":"SEMCOM","description":"Secretaria Municipal de Comunica\u00e7\u00e3o","potentialAction":[{"@type":"SearchAction","target":{"@type":"EntryPoint","urlTemplate":"https:\/\/www.manaus.am.gov.br\/semcom\/?s={search_term_string}"},"query-input":"required name=search_term_string"}],"inLanguage":"pt-BR"},{"@type":"Person","@id":"https:\/\/www.manaus.am.gov.br\/semcom\/#\/schema\/person\/466a0e03ae4b6062809046bd560ac955","name":"bvalente","image":{"@type":"ImageObject","inLanguage":"pt-BR","@id":"https:\/\/www.manaus.am.gov.br\/semcom\/#\/schema\/person\/image\/","url":"https:\/\/secure.gravatar.com\/avatar\/3e69bc2b014bdad41adfec3a39de07d2?s=96&d=mm&r=g","contentUrl":"https:\/\/secure.gravatar.com\/avatar\/3e69bc2b014bdad41adfec3a39de07d2?s=96&d=mm&r=g","caption":"bvalente"}}]}},"_links":{"self":[{"href":"https:\/\/www.manaus.am.gov.br\/semcom\/wp-json\/wp\/v2\/posts\/251591"}],"collection":[{"href":"https:\/\/www.manaus.am.gov.br\/semcom\/wp-json\/wp\/v2\/posts"}],"about":[{"href":"https:\/\/www.manaus.am.gov.br\/semcom\/wp-json\/wp\/v2\/types\/post"}],"author":[{"embeddable":true,"href":"https:\/\/www.manaus.am.gov.br\/semcom\/wp-json\/wp\/v2\/users\/68"}],"replies":[{"embeddable":true,"href":"https:\/\/www.manaus.am.gov.br\/semcom\/wp-json\/wp\/v2\/comments?post=251591"}],"version-history":[{"count":1,"href":"https:\/\/www.manaus.am.gov.br\/semcom\/wp-json\/wp\/v2\/posts\/251591\/revisions"}],"predecessor-version":[{"id":251719,"href":"https:\/\/www.manaus.am.gov.br\/semcom\/wp-json\/wp\/v2\/posts\/251591\/revisions\/251719"}],"wp:featuredmedia":[{"embeddable":true,"href":"https:\/\/www.manaus.am.gov.br\/semcom\/wp-json\/wp\/v2\/media\/251592"}],"wp:attachment":[{"href":"https:\/\/www.manaus.am.gov.br\/semcom\/wp-json\/wp\/v2\/media?parent=251591"}],"wp:term":[{"taxonomy":"category","embeddable":true,"href":"https:\/\/www.manaus.am.gov.br\/semcom\/wp-json\/wp\/v2\/categories?post=251591"},{"taxonomy":"post_tag","embeddable":true,"href":"https:\/\/www.manaus.am.gov.br\/semcom\/wp-json\/wp\/v2\/tags?post=251591"}],"curies":[{"name":"wp","href":"https:\/\/api.w.org\/{rel}","templated":true}]}}