{"id":251589,"date":"2026-01-23T16:09:21","date_gmt":"2026-01-23T19:09:21","guid":{"rendered":"https:\/\/www.manaus.am.gov.br\/semcom\/roda-conversa-turismo\/"},"modified":"2026-01-27T10:12:33","modified_gmt":"2026-01-27T13:12:33","slug":"roda-conversa-turismo","status":"publish","type":"post","link":"https:\/\/www.manaus.am.gov.br\/semcom\/roda-conversa-turismo\/","title":{"rendered":"Prefeitura de Manaus promove roda de conversa sobre turismo e consolida\u00e7\u00e3o da cidade como destino tend\u00eancia global para 2026"},"content":{"rendered":"\n<p>A <a href=\"https:\/\/www.instagram.com\/prefeiturademanaus\/\">Prefeitura de Manaus<\/a>, <a href=\"https:\/\/www.manaus.am.gov.br\/\">Funda\u00e7\u00e3o Municipal de Cultura, Turismo e Eventos (ManausCult)<\/a>, realizou, na manh\u00e3 desta sexta-feira, 23\/1, uma roda de conversa estrat\u00e9gica para debater os rumos do turismo na capital amazonense, reunindo representantes de redes hoteleiras, ag\u00eancias de viagens, associa\u00e7\u00f5es do setor e \u00f3rg\u00e3os institucionais ligados \u00e0 atividade tur\u00edstica. O encontro ocorreu no mirante L\u00facia Almeida, no centro hist\u00f3rico.<\/p>\n\n\n\n<p><br>A iniciativa contou com a participa\u00e7\u00e3o de representantes da Associa\u00e7\u00e3o Brasileira de Ag\u00eancias de Viagens (Abav), do Amazonas Cluster de Turismo, al\u00e9m de associa\u00e7\u00f5es da classe tur\u00edstica e da Empresa Estadual de Turismo do Amazonas (Amazonastur), e teve como foco principal discutir os desafios, responsabilidades e estrat\u00e9gias necess\u00e1rias para consolidar Manaus n\u00e3o apenas como uma tend\u00eancia, mas como um destino tur\u00edstico global permanente.<\/p>\n\n\n\n<p>O diretor-presidente da ManausCult, Jender Lobato, ressaltou a import\u00e2ncia do di\u00e1logo permanente entre o poder p\u00fablico e o trade tur\u00edstico para fortalecer o crescimento sustent\u00e1vel do setor.<\/p>\n\n\n\n<p><br>\u201cEsse reconhecimento internacional mostra que Manaus est\u00e1 no caminho certo, mas tamb\u00e9m traz responsabilidades. Precisamos continuar investindo em pol\u00edticas p\u00fablicas, novos equipamentos tur\u00edsticos, qualifica\u00e7\u00e3o profissional e promo\u00e7\u00e3o do destino, sempre em parceria com o setor produtivo, para consolidar Manaus como um destino global\u201d, destacou.<\/p>\n\n\n\n<p><br>A realiza\u00e7\u00e3o da roda de conversa foi motivada pelo recente reconhecimento internacional de Manaus, que passou a integrar a lista dos 10 destinos tend\u00eancia globais para 2026, segundo o levantamento internacional baseado no comportamento de viajantes, crescimento de buscas e interesse por experi\u00eancias aut\u00eanticas. O reconhecimento coloca a cidade no radar do turismo mundial e refor\u00e7a seu posicionamento como um destino que alia natureza, cultura, patrim\u00f4nio hist\u00f3rico e identidade amaz\u00f4nica.<\/p>\n\n\n\n<p><br>O destaque tem como base a pesquisa anual de tend\u00eancias de viagem realizada pela Booking.com, uma das maiores plataformas globais de turismo, que analisa dados de buscas, reservas e prefer\u00eancias de viajantes em todo o mundo. Entre os crit\u00e9rios avaliados est\u00e3o o crescimento do interesse internacional, a busca por destinos sustent\u00e1veis, experi\u00eancias culturais genu\u00ednas, contato com a natureza e a valoriza\u00e7\u00e3o de comunidades locais, aspectos nos quais Manaus se destaca de forma singular.<\/p>\n\n\n\n<p><br>O reconhecimento tamb\u00e9m reflete uma mudan\u00e7a no comportamento do turista global, que tem buscado destinos fora do eixo tradicional, experi\u00eancias personalizadas, turismo cultural e equipamentos tur\u00edsticos qualificados. Nesse contexto, Manaus se diferencia por ser a principal porta de entrada para a Amaz\u00f4nia, oferecendo viv\u00eancias \u00fanicas e aut\u00eanticas que n\u00e3o podem ser replicadas em nenhum outro lugar do mundo, sendo a \u00fanica cidade brasileira no ranking da pesquisa.<br><br>A roda de conversa foi conduzida pela vice-presidente de Turismo da Manauscult, Oreni Braga, que enfatizou a relev\u00e2ncia de Manaus ter sido escolhida como a \u00fanica cidade brasileira apontada como tend\u00eancia mundial de turismo.<\/p>\n\n\n\n<p><br>\u201cManaus re\u00fane atributos \u00fanicos: sustentabilidade, experi\u00eancias aut\u00eanticas, forte valoriza\u00e7\u00e3o cultural e atrativos naturais incompar\u00e1veis. Esse encontro \u00e9 fundamental para discutirmos como manter esse protagonismo e transformar essa tend\u00eancia em um posicionamento s\u00f3lido e permanente no turismo internacional\u201d, afirmou.<br><br>Representando a Amazonas Cluster de Turismo, Luciana Kalvon, pontuou a transforma\u00e7\u00e3o tur\u00edstica vivida pelo centro hist\u00f3rico da cidade, impulsionada pela cria\u00e7\u00e3o de novos equipamentos, como o mirante L\u00facia Almeida.<\/p>\n\n\n\n<p><br>\u201cO Centro de Manaus vive um novo momento. Espa\u00e7os como o mirante L\u00facia Almeida fortalecem a experi\u00eancia do visitante e valorizam a cidade. Esse avan\u00e7o s\u00f3 \u00e9 poss\u00edvel gra\u00e7as ao apoio cont\u00ednuo da Prefeitura de Manaus, por meio da ManausCult, inclusive no incentivo \u00e0 participa\u00e7\u00e3o dos empres\u00e1rios em feiras nacionais e internacionais, promovendo Manaus e ampliando nossa visibilidade\u201d, concluiu.<\/p>\n\n\n\n<p><br>A iniciativa refor\u00e7a o compromisso da Prefeitura de Manaus em fortalecer o turismo como vetor de desenvolvimento econ\u00f4mico, gera\u00e7\u00e3o de emprego e valoriza\u00e7\u00e3o cultural, promovendo o di\u00e1logo com o trade tur\u00edstico e ampliando as a\u00e7\u00f5es de divulga\u00e7\u00e3o do destino Manaus no Brasil e no exterior.<\/p>\n\n\n\n<p>&#8212; &#8212; &#8212;<\/p>\n\n\n\n<p><strong>Texto <\/strong>&#8211; J\u00e9ssica Trajano\/ManausCult<\/p>\n\n\n\n<p><strong>Foto <\/strong>&#8211; Thelson Souza\/ManausCult<\/p>\n","protected":false},"excerpt":{"rendered":"","protected":false},"author":39,"featured_media":251590,"comment_status":"closed","ping_status":"closed","sticky":false,"template":"","format":"standard","meta":{"footnotes":""},"categories":[1657],"tags":[19053,307,77,19054,19055],"acf":[],"yoast_head":"<!-- This site is optimized with the Yoast SEO plugin v23.0 - https:\/\/yoast.com\/wordpress\/plugins\/seo\/ -->\n<title>Prefeitura de Manaus promove roda de conversa sobre turismo e consolida\u00e7\u00e3o da cidade como destino tend\u00eancia global para 2026<\/title>\n<meta name=\"description\" content=\"Prefeitura de Manaus promove roda de conversa sobre turismo e consolida\u00e7\u00e3o da cidade como destino tend\u00eancia global para 2026.\" \/>\n<meta name=\"robots\" content=\"index, follow, max-snippet:-1, max-image-preview:large, max-video-preview:-1\" \/>\n<link rel=\"canonical\" href=\"https:\/\/www.manaus.am.gov.br\/semcom\/roda-conversa-turismo\/\" \/>\n<meta property=\"og:locale\" content=\"pt_BR\" \/>\n<meta property=\"og:type\" content=\"article\" \/>\n<meta property=\"og:title\" content=\"Prefeitura de Manaus promove roda de conversa sobre turismo e consolida\u00e7\u00e3o da cidade como destino tend\u00eancia global para 2026\" \/>\n<meta property=\"og:description\" content=\"Prefeitura de Manaus promove roda de conversa sobre turismo e consolida\u00e7\u00e3o da cidade como destino tend\u00eancia global para 2026.\" \/>\n<meta property=\"og:url\" content=\"https:\/\/www.manaus.am.gov.br\/semcom\/roda-conversa-turismo\/\" \/>\n<meta property=\"og:site_name\" content=\"SEMCOM\" \/>\n<meta property=\"article:published_time\" content=\"2026-01-23T19:09:21+00:00\" \/>\n<meta property=\"article:modified_time\" content=\"2026-01-27T13:12:33+00:00\" \/>\n<meta property=\"og:image\" content=\"https:\/\/www.manaus.am.gov.br\/semcom\/wp-content\/uploads\/sites\/5\/2026\/01\/TEL9268-e1769195261467.jpeg\" \/>\n\t<meta property=\"og:image:width\" content=\"4964\" \/>\n\t<meta property=\"og:image:height\" content=\"3712\" \/>\n\t<meta property=\"og:image:type\" content=\"image\/jpeg\" \/>\n<meta name=\"author\" content=\"Bruna Greco\" \/>\n<meta name=\"twitter:card\" content=\"summary_large_image\" \/>\n<meta name=\"twitter:label1\" content=\"Written by\" \/>\n\t<meta name=\"twitter:data1\" content=\"Bruna Greco\" \/>\n\t<meta name=\"twitter:label2\" content=\"Est. reading time\" \/>\n\t<meta name=\"twitter:data2\" content=\"4 minutos\" \/>\n<script type=\"application\/ld+json\" class=\"yoast-schema-graph\">{\"@context\":\"https:\/\/schema.org\",\"@graph\":[{\"@type\":\"WebPage\",\"@id\":\"https:\/\/www.manaus.am.gov.br\/semcom\/roda-conversa-turismo\/\",\"url\":\"https:\/\/www.manaus.am.gov.br\/semcom\/roda-conversa-turismo\/\",\"name\":\"Prefeitura de Manaus promove roda de conversa sobre turismo e consolida\u00e7\u00e3o da cidade como destino tend\u00eancia global para 2026\",\"isPartOf\":{\"@id\":\"https:\/\/www.manaus.am.gov.br\/semcom\/#website\"},\"primaryImageOfPage\":{\"@id\":\"https:\/\/www.manaus.am.gov.br\/semcom\/roda-conversa-turismo\/#primaryimage\"},\"image\":{\"@id\":\"https:\/\/www.manaus.am.gov.br\/semcom\/roda-conversa-turismo\/#primaryimage\"},\"thumbnailUrl\":\"https:\/\/www.manaus.am.gov.br\/semcom\/wp-content\/uploads\/sites\/5\/2026\/01\/TEL9268-e1769195261467.jpeg\",\"datePublished\":\"2026-01-23T19:09:21+00:00\",\"dateModified\":\"2026-01-27T13:12:33+00:00\",\"author\":{\"@id\":\"https:\/\/www.manaus.am.gov.br\/semcom\/#\/schema\/person\/05d223aea2bf115f9883a6ff3683d81b\"},\"description\":\"Prefeitura de Manaus promove roda de conversa sobre turismo e consolida\u00e7\u00e3o da cidade como destino tend\u00eancia global para 2026.\",\"inLanguage\":\"pt-BR\",\"potentialAction\":[{\"@type\":\"ReadAction\",\"target\":[\"https:\/\/www.manaus.am.gov.br\/semcom\/roda-conversa-turismo\/\"]}]},{\"@type\":\"ImageObject\",\"inLanguage\":\"pt-BR\",\"@id\":\"https:\/\/www.manaus.am.gov.br\/semcom\/roda-conversa-turismo\/#primaryimage\",\"url\":\"https:\/\/www.manaus.am.gov.br\/semcom\/wp-content\/uploads\/sites\/5\/2026\/01\/TEL9268-e1769195261467.jpeg\",\"contentUrl\":\"https:\/\/www.manaus.am.gov.br\/semcom\/wp-content\/uploads\/sites\/5\/2026\/01\/TEL9268-e1769195261467.jpeg\",\"width\":4964,\"height\":3712,\"caption\":\"#paratodosverem - Representantes da ManausCult e \u00f3rg\u00e3o voltados para o turismo local durante roda de conversa estrat\u00e9gica\"},{\"@type\":\"WebSite\",\"@id\":\"https:\/\/www.manaus.am.gov.br\/semcom\/#website\",\"url\":\"https:\/\/www.manaus.am.gov.br\/semcom\/\",\"name\":\"SEMCOM\",\"description\":\"Secretaria Municipal de Comunica\u00e7\u00e3o\",\"potentialAction\":[{\"@type\":\"SearchAction\",\"target\":{\"@type\":\"EntryPoint\",\"urlTemplate\":\"https:\/\/www.manaus.am.gov.br\/semcom\/?s={search_term_string}\"},\"query-input\":\"required name=search_term_string\"}],\"inLanguage\":\"pt-BR\"},{\"@type\":\"Person\",\"@id\":\"https:\/\/www.manaus.am.gov.br\/semcom\/#\/schema\/person\/05d223aea2bf115f9883a6ff3683d81b\",\"name\":\"Bruna Greco\",\"image\":{\"@type\":\"ImageObject\",\"inLanguage\":\"pt-BR\",\"@id\":\"https:\/\/www.manaus.am.gov.br\/semcom\/#\/schema\/person\/image\/\",\"url\":\"https:\/\/secure.gravatar.com\/avatar\/9c877d1a6adc2a055330e5c09a8653ce?s=96&d=mm&r=g\",\"contentUrl\":\"https:\/\/secure.gravatar.com\/avatar\/9c877d1a6adc2a055330e5c09a8653ce?s=96&d=mm&r=g\",\"caption\":\"Bruna Greco\"}}]}<\/script>\n<!-- \/ Yoast SEO plugin. -->","yoast_head_json":{"title":"Prefeitura de Manaus promove roda de conversa sobre turismo e consolida\u00e7\u00e3o da cidade como destino tend\u00eancia global para 2026","description":"Prefeitura de Manaus promove roda de conversa sobre turismo e consolida\u00e7\u00e3o da cidade como destino tend\u00eancia global para 2026.","robots":{"index":"index","follow":"follow","max-snippet":"max-snippet:-1","max-image-preview":"max-image-preview:large","max-video-preview":"max-video-preview:-1"},"canonical":"https:\/\/www.manaus.am.gov.br\/semcom\/roda-conversa-turismo\/","og_locale":"pt_BR","og_type":"article","og_title":"Prefeitura de Manaus promove roda de conversa sobre turismo e consolida\u00e7\u00e3o da cidade como destino tend\u00eancia global para 2026","og_description":"Prefeitura de Manaus promove roda de conversa sobre turismo e consolida\u00e7\u00e3o da cidade como destino tend\u00eancia global para 2026.","og_url":"https:\/\/www.manaus.am.gov.br\/semcom\/roda-conversa-turismo\/","og_site_name":"SEMCOM","article_published_time":"2026-01-23T19:09:21+00:00","article_modified_time":"2026-01-27T13:12:33+00:00","og_image":[{"width":4964,"height":3712,"url":"https:\/\/www.manaus.am.gov.br\/semcom\/wp-content\/uploads\/sites\/5\/2026\/01\/TEL9268-e1769195261467.jpeg","type":"image\/jpeg"}],"author":"Bruna Greco","twitter_card":"summary_large_image","twitter_misc":{"Written by":"Bruna Greco","Est. reading time":"4 minutos"},"schema":{"@context":"https:\/\/schema.org","@graph":[{"@type":"WebPage","@id":"https:\/\/www.manaus.am.gov.br\/semcom\/roda-conversa-turismo\/","url":"https:\/\/www.manaus.am.gov.br\/semcom\/roda-conversa-turismo\/","name":"Prefeitura de Manaus promove roda de conversa sobre turismo e consolida\u00e7\u00e3o da cidade como destino tend\u00eancia global para 2026","isPartOf":{"@id":"https:\/\/www.manaus.am.gov.br\/semcom\/#website"},"primaryImageOfPage":{"@id":"https:\/\/www.manaus.am.gov.br\/semcom\/roda-conversa-turismo\/#primaryimage"},"image":{"@id":"https:\/\/www.manaus.am.gov.br\/semcom\/roda-conversa-turismo\/#primaryimage"},"thumbnailUrl":"https:\/\/www.manaus.am.gov.br\/semcom\/wp-content\/uploads\/sites\/5\/2026\/01\/TEL9268-e1769195261467.jpeg","datePublished":"2026-01-23T19:09:21+00:00","dateModified":"2026-01-27T13:12:33+00:00","author":{"@id":"https:\/\/www.manaus.am.gov.br\/semcom\/#\/schema\/person\/05d223aea2bf115f9883a6ff3683d81b"},"description":"Prefeitura de Manaus promove roda de conversa sobre turismo e consolida\u00e7\u00e3o da cidade como destino tend\u00eancia global para 2026.","inLanguage":"pt-BR","potentialAction":[{"@type":"ReadAction","target":["https:\/\/www.manaus.am.gov.br\/semcom\/roda-conversa-turismo\/"]}]},{"@type":"ImageObject","inLanguage":"pt-BR","@id":"https:\/\/www.manaus.am.gov.br\/semcom\/roda-conversa-turismo\/#primaryimage","url":"https:\/\/www.manaus.am.gov.br\/semcom\/wp-content\/uploads\/sites\/5\/2026\/01\/TEL9268-e1769195261467.jpeg","contentUrl":"https:\/\/www.manaus.am.gov.br\/semcom\/wp-content\/uploads\/sites\/5\/2026\/01\/TEL9268-e1769195261467.jpeg","width":4964,"height":3712,"caption":"#paratodosverem - Representantes da ManausCult e \u00f3rg\u00e3o voltados para o turismo local durante roda de conversa estrat\u00e9gica"},{"@type":"WebSite","@id":"https:\/\/www.manaus.am.gov.br\/semcom\/#website","url":"https:\/\/www.manaus.am.gov.br\/semcom\/","name":"SEMCOM","description":"Secretaria Municipal de Comunica\u00e7\u00e3o","potentialAction":[{"@type":"SearchAction","target":{"@type":"EntryPoint","urlTemplate":"https:\/\/www.manaus.am.gov.br\/semcom\/?s={search_term_string}"},"query-input":"required name=search_term_string"}],"inLanguage":"pt-BR"},{"@type":"Person","@id":"https:\/\/www.manaus.am.gov.br\/semcom\/#\/schema\/person\/05d223aea2bf115f9883a6ff3683d81b","name":"Bruna Greco","image":{"@type":"ImageObject","inLanguage":"pt-BR","@id":"https:\/\/www.manaus.am.gov.br\/semcom\/#\/schema\/person\/image\/","url":"https:\/\/secure.gravatar.com\/avatar\/9c877d1a6adc2a055330e5c09a8653ce?s=96&d=mm&r=g","contentUrl":"https:\/\/secure.gravatar.com\/avatar\/9c877d1a6adc2a055330e5c09a8653ce?s=96&d=mm&r=g","caption":"Bruna Greco"}}]}},"_links":{"self":[{"href":"https:\/\/www.manaus.am.gov.br\/semcom\/wp-json\/wp\/v2\/posts\/251589"}],"collection":[{"href":"https:\/\/www.manaus.am.gov.br\/semcom\/wp-json\/wp\/v2\/posts"}],"about":[{"href":"https:\/\/www.manaus.am.gov.br\/semcom\/wp-json\/wp\/v2\/types\/post"}],"author":[{"embeddable":true,"href":"https:\/\/www.manaus.am.gov.br\/semcom\/wp-json\/wp\/v2\/users\/39"}],"replies":[{"embeddable":true,"href":"https:\/\/www.manaus.am.gov.br\/semcom\/wp-json\/wp\/v2\/comments?post=251589"}],"version-history":[{"count":1,"href":"https:\/\/www.manaus.am.gov.br\/semcom\/wp-json\/wp\/v2\/posts\/251589\/revisions"}],"predecessor-version":[{"id":251718,"href":"https:\/\/www.manaus.am.gov.br\/semcom\/wp-json\/wp\/v2\/posts\/251589\/revisions\/251718"}],"wp:featuredmedia":[{"embeddable":true,"href":"https:\/\/www.manaus.am.gov.br\/semcom\/wp-json\/wp\/v2\/media\/251590"}],"wp:attachment":[{"href":"https:\/\/www.manaus.am.gov.br\/semcom\/wp-json\/wp\/v2\/media?parent=251589"}],"wp:term":[{"taxonomy":"category","embeddable":true,"href":"https:\/\/www.manaus.am.gov.br\/semcom\/wp-json\/wp\/v2\/categories?post=251589"},{"taxonomy":"post_tag","embeddable":true,"href":"https:\/\/www.manaus.am.gov.br\/semcom\/wp-json\/wp\/v2\/tags?post=251589"}],"curies":[{"name":"wp","href":"https:\/\/api.w.org\/{rel}","templated":true}]}}