{"id":251585,"date":"2026-01-23T14:05:33","date_gmt":"2026-01-23T17:05:33","guid":{"rendered":"https:\/\/www.manaus.am.gov.br\/semcom\/prefeitura-implurb-controleacessodevias\/"},"modified":"2026-01-27T10:11:45","modified_gmt":"2026-01-27T13:11:45","slug":"prefeitura-implurb-controleacessodevias","status":"publish","type":"post","link":"https:\/\/www.manaus.am.gov.br\/semcom\/prefeitura-implurb-controleacessodevias\/","title":{"rendered":"Em 10 anos, Prefeitura de Manaus soma 48 autoriza\u00e7\u00f5es de controle de acesso de vias p\u00fablicas"},"content":{"rendered":"\n<p>Nos \u00faltimos 10 anos, a<a href=\"https:\/\/www.instagram.com\/prefeiturademanaus\/\"> Prefeitura de Manaus<\/a> fez a autoriza\u00e7\u00e3o de controle de acesso para 48 vias p\u00fablicas da capital, cess\u00e3o permitida conforme o\u00a0Decreto 3.074\/2015, ap\u00f3s an\u00e1lise e avalia\u00e7\u00e3o t\u00e9cnica do <a href=\"https:\/\/www.manaus.am.gov.br\/\">Instituto Municipal de Planejamento Urbano (Implurb)<\/a>. Em 2025, foram feitos processos para autoriza\u00e7\u00e3o de mais duas vias, uma no Cidade Nova e outra no Parque 10 de Novembro.<\/p>\n\n\n\n<p>Os 48 processos deferidos pelo Implurb atenderam a lei em vigor e as autoriza\u00e7\u00f5es foram emitidas para diversas localiza\u00e7\u00f5es, do Mundo Novo, conjunto Cophasa, no Nova Esperan\u00e7a, e nos loteamentos Vila Su\u00ed\u00e7a, no Tarum\u00e3, e Parque das Palmeiras, em Flores, por exemplo.<\/p>\n\n\n\n<p>A an\u00e1lise \u00e9 feita pela Diretoria de Planejamento Urbano (Dpla). Os processos visam atender as&nbsp;exig\u00eancias para regularizar o controle de acesso e cess\u00e3o de uso de vias p\u00fablicas por particulares. Os documentos e par\u00e2metros para o pedido podem ser consultados no site do&nbsp;<a href=\"https:\/\/www2.manaus.am.gov.br\/docs\/portal\/secretarias\/implurb\/Lista%20de%20Documenta%C3%A7%C3%A3o%202021\/7.0%20DOCUMENTOS%20AVALIA%C3%87%C3%83O%20URBAN%C3%8DSTICAS\/AUTORIZA%C3%87%C3%83O%20PARA%20CESS%C3%83O%20DE%20VIA%20P%C3%9ABLICA%202021.pdf\" target=\"_blank\" rel=\"noreferrer noopener\">Implurb<\/a>, em Lista de Documentos, acessando \u201cAutoriza\u00e7\u00e3o para Cess\u00e3o de&nbsp;Via&nbsp;P\u00fablica\u201d.<\/p>\n\n\n\n<p>\u201c\u00c9 fundamental que os moradores sigam o decreto municipal e busquem a regulariza\u00e7\u00e3o, evitando o fechamento irregular e, consequentemente, as a\u00e7\u00f5es de fiscaliza\u00e7\u00e3o, que s\u00e3o permanentes. A autoriza\u00e7\u00e3o garante mais seguran\u00e7a no controle de acesso e inclui a an\u00e1lise de viabilidade de tr\u00e2nsito e transporte pelo IMMU. O pedido deve ser feito pelo interessado, necessariamente pessoa jur\u00eddica, junto ao instituto\u201d, explicou o arquiteto e urbanista Victor Nunes Marques.<\/p>\n\n\n\n<p>Autoriza\u00e7\u00e3o<\/p>\n\n\n\n<p>A autoriza\u00e7\u00e3o \u00e9 concedida a t\u00edtulo prec\u00e1rio, podendo ser revogada pelo poder p\u00fablico, sendo voltada aos pedidos de pessoas jur\u00eddicas. A autoriza\u00e7\u00e3o \u00e9 expedida pelo&nbsp;Implurb&nbsp;e a procura pela adequa\u00e7\u00e3o aumentou no atendimento e no Dpla, ap\u00f3s o decreto.<\/p>\n\n\n\n<p>A permiss\u00e3o para o&nbsp;fechamento&nbsp;das vias n\u00e3o dever\u00e1 impedir o livre acesso de qualquer cidad\u00e3o a bens p\u00fablicos inseridos na respectiva \u00e1rea, como pra\u00e7as e parques, a menos que haja permuta com o munic\u00edpio, de \u00e1rea equivalente, na mesma zona.<\/p>\n\n\n\n<p>Sobre o decreto&nbsp;<\/p>\n\n\n\n<p>O Decreto 3.074\/2015 regulamenta o controle de acesso a logradouros p\u00fablicos feito por meio da constru\u00e7\u00e3o de cancelas ou guaritas e similares, atendendo previs\u00e3o legal do C\u00f3digo de Posturas do Munic\u00edpio de Manaus (Lei Complementar 005\/2014).<\/p>\n\n\n\n<p>Os requerentes das \u00e1reas precisar\u00e3o atender a requisitos para obter a permiss\u00e3o para instalar mecanismo que controle o acesso \u00e0&nbsp;via, dentre os quais, abrir m\u00e3o de servi\u00e7os de limpeza p\u00fablica e manuten\u00e7\u00e3o das ruas dentro do espa\u00e7o afetado.<\/p>\n\n\n\n<p>A autoriza\u00e7\u00e3o prec\u00e1ria fica regulamentada pelo decreto, podendo ser feita por meio de cancelas, port\u00f5es, guaritas ou quaisquer outros meios que garantam a limita\u00e7\u00e3o da entrada de pessoas e ve\u00edculos, a crit\u00e9rio dos respons\u00e1veis pelo&nbsp;fechamento&nbsp;do logradouro.<\/p>\n\n\n\n<p>Como solicitar<\/p>\n\n\n\n<p>O pedido somente ser\u00e1 concedido a pessoas jur\u00eddicas. Por isso, os moradores dever\u00e3o estar reunidos por meio de associa\u00e7\u00f5es e a solicita\u00e7\u00e3o dever\u00e1 ser feita ao&nbsp;Implurb&nbsp;com os seguintes documentos: registro de pessoa jur\u00eddica; CNPJ; ata da assembleia indicando quem ser\u00e3o os respons\u00e1veis legais pela pessoa jur\u00eddica; ata de aprova\u00e7\u00e3o em assembleia geral com a permiss\u00e3o para a obstru\u00e7\u00e3o pretendida, quando for o caso; documento assinado pela maioria absoluta dos propriet\u00e1rios dos im\u00f3veis da&nbsp;via&nbsp;para a qual se pretende o acesso controlado, com firma reconhecida em cart\u00f3rio, acompanhado dos registros ou termos de posse dos respectivos im\u00f3veis; autoriza\u00e7\u00e3o do Instituto Municipal de Mobilidade Urbana (IMMU; projeto, com Anota\u00e7\u00e3o de Responsabilidade T\u00e9cnica (ART), da modalidade de&nbsp;fechamento&nbsp;pretendida; entre outros citados no decreto.<\/p>\n\n\n\n<p>&#8212; &#8212; &#8212;<\/p>\n\n\n\n<p><strong>Texto&nbsp;<\/strong>&#8211;&nbsp;Claudia do Valle\/Implurb<\/p>\n\n\n\n<p><strong>Fotos&nbsp;<\/strong>\u2013&nbsp;Antonio Pereira\/Semcom<\/p>\n\n\n\n<p><strong>Dispon\u00edveis em&nbsp;<\/strong>&#8211;&nbsp;<a href=\"https:\/\/flic.kr\/s\/aHBqjzRC1n\" target=\"_blank\" rel=\"noreferrer noopener\">https:\/\/flic.kr\/s\/aHBqjzRC1n<\/a><\/p>\n","protected":false},"excerpt":{"rendered":"","protected":false},"author":23,"featured_media":251586,"comment_status":"closed","ping_status":"closed","sticky":false,"template":"","format":"standard","meta":{"footnotes":""},"categories":[63],"tags":[893,19052,65,77,4033],"acf":[],"yoast_head":"<!-- This site is optimized with the Yoast SEO plugin v23.0 - https:\/\/yoast.com\/wordpress\/plugins\/seo\/ -->\n<title>Em 10 anos, Prefeitura de Manaus soma 48 autoriza\u00e7\u00f5es de controle de acesso de vias p\u00fablicas<\/title>\n<meta name=\"description\" content=\"Nos \u00faltimos 10 anos, a Prefeitura de Manaus fez a autoriza\u00e7\u00e3o de controle de acesso para 48 vias p\u00fablicas da capital, cess\u00e3o permitida conforme o Decreto 3.074\/2015, ap\u00f3s an\u00e1lise e avalia\u00e7\u00e3o t\u00e9cnica do Instituto Municipal de Planejamento Urbano (Implurb).\" \/>\n<meta name=\"robots\" content=\"index, follow, max-snippet:-1, max-image-preview:large, max-video-preview:-1\" \/>\n<link rel=\"canonical\" href=\"https:\/\/www.manaus.am.gov.br\/semcom\/prefeitura-implurb-controleacessodevias\/\" \/>\n<meta property=\"og:locale\" content=\"pt_BR\" \/>\n<meta property=\"og:type\" content=\"article\" \/>\n<meta property=\"og:title\" content=\"Em 10 anos, Prefeitura de Manaus soma 48 autoriza\u00e7\u00f5es de controle de acesso de vias p\u00fablicas\" \/>\n<meta property=\"og:description\" content=\"Nos \u00faltimos 10 anos, a Prefeitura de Manaus fez a autoriza\u00e7\u00e3o de controle de acesso para 48 vias p\u00fablicas da capital, cess\u00e3o permitida conforme o Decreto 3.074\/2015, ap\u00f3s an\u00e1lise e avalia\u00e7\u00e3o t\u00e9cnica do Instituto Municipal de Planejamento Urbano (Implurb).\" \/>\n<meta property=\"og:url\" content=\"https:\/\/www.manaus.am.gov.br\/semcom\/prefeitura-implurb-controleacessodevias\/\" \/>\n<meta property=\"og:site_name\" content=\"SEMCOM\" \/>\n<meta property=\"article:published_time\" content=\"2026-01-23T17:05:33+00:00\" \/>\n<meta property=\"article:modified_time\" content=\"2026-01-27T13:11:45+00:00\" \/>\n<meta property=\"og:image\" content=\"https:\/\/www.manaus.am.gov.br\/semcom\/wp-content\/uploads\/sites\/5\/2026\/01\/52099993947_cba9ef0209_c.jpg\" \/>\n\t<meta property=\"og:image:width\" content=\"799\" \/>\n\t<meta property=\"og:image:height\" content=\"533\" \/>\n\t<meta property=\"og:image:type\" content=\"image\/jpeg\" \/>\n<meta name=\"author\" content=\"Adriana Costa\" \/>\n<meta name=\"twitter:card\" content=\"summary_large_image\" \/>\n<meta name=\"twitter:label1\" content=\"Written by\" \/>\n\t<meta name=\"twitter:data1\" content=\"Adriana Costa\" \/>\n\t<meta name=\"twitter:label2\" content=\"Est. reading time\" \/>\n\t<meta name=\"twitter:data2\" content=\"4 minutos\" \/>\n<script type=\"application\/ld+json\" class=\"yoast-schema-graph\">{\"@context\":\"https:\/\/schema.org\",\"@graph\":[{\"@type\":\"WebPage\",\"@id\":\"https:\/\/www.manaus.am.gov.br\/semcom\/prefeitura-implurb-controleacessodevias\/\",\"url\":\"https:\/\/www.manaus.am.gov.br\/semcom\/prefeitura-implurb-controleacessodevias\/\",\"name\":\"Em 10 anos, Prefeitura de Manaus soma 48 autoriza\u00e7\u00f5es de controle de acesso de vias p\u00fablicas\",\"isPartOf\":{\"@id\":\"https:\/\/www.manaus.am.gov.br\/semcom\/#website\"},\"primaryImageOfPage\":{\"@id\":\"https:\/\/www.manaus.am.gov.br\/semcom\/prefeitura-implurb-controleacessodevias\/#primaryimage\"},\"image\":{\"@id\":\"https:\/\/www.manaus.am.gov.br\/semcom\/prefeitura-implurb-controleacessodevias\/#primaryimage\"},\"thumbnailUrl\":\"https:\/\/www.manaus.am.gov.br\/semcom\/wp-content\/uploads\/sites\/5\/2026\/01\/52099993947_cba9ef0209_c.jpg\",\"datePublished\":\"2026-01-23T17:05:33+00:00\",\"dateModified\":\"2026-01-27T13:11:45+00:00\",\"author\":{\"@id\":\"https:\/\/www.manaus.am.gov.br\/semcom\/#\/schema\/person\/4e49f4e267757a06ca072ec61b2b9968\"},\"description\":\"Nos \u00faltimos 10 anos, a Prefeitura de Manaus fez a autoriza\u00e7\u00e3o de controle de acesso para 48 vias p\u00fablicas da capital, cess\u00e3o permitida conforme o Decreto 3.074\/2015, ap\u00f3s an\u00e1lise e avalia\u00e7\u00e3o t\u00e9cnica do Instituto Municipal de Planejamento Urbano (Implurb).\",\"inLanguage\":\"pt-BR\",\"potentialAction\":[{\"@type\":\"ReadAction\",\"target\":[\"https:\/\/www.manaus.am.gov.br\/semcom\/prefeitura-implurb-controleacessodevias\/\"]}]},{\"@type\":\"ImageObject\",\"inLanguage\":\"pt-BR\",\"@id\":\"https:\/\/www.manaus.am.gov.br\/semcom\/prefeitura-implurb-controleacessodevias\/#primaryimage\",\"url\":\"https:\/\/www.manaus.am.gov.br\/semcom\/wp-content\/uploads\/sites\/5\/2026\/01\/52099993947_cba9ef0209_c.jpg\",\"contentUrl\":\"https:\/\/www.manaus.am.gov.br\/semcom\/wp-content\/uploads\/sites\/5\/2026\/01\/52099993947_cba9ef0209_c.jpg\",\"width\":799,\"height\":533,\"caption\":\"#paratodosverem - Arquiteto e urbanista Victor Nunes Marques em esta\u00e7\u00e3o de trabalho no Implurb; em monitores, documentos e mapas\"},{\"@type\":\"WebSite\",\"@id\":\"https:\/\/www.manaus.am.gov.br\/semcom\/#website\",\"url\":\"https:\/\/www.manaus.am.gov.br\/semcom\/\",\"name\":\"SEMCOM\",\"description\":\"Secretaria Municipal de Comunica\u00e7\u00e3o\",\"potentialAction\":[{\"@type\":\"SearchAction\",\"target\":{\"@type\":\"EntryPoint\",\"urlTemplate\":\"https:\/\/www.manaus.am.gov.br\/semcom\/?s={search_term_string}\"},\"query-input\":\"required name=search_term_string\"}],\"inLanguage\":\"pt-BR\"},{\"@type\":\"Person\",\"@id\":\"https:\/\/www.manaus.am.gov.br\/semcom\/#\/schema\/person\/4e49f4e267757a06ca072ec61b2b9968\",\"name\":\"Adriana Costa\",\"image\":{\"@type\":\"ImageObject\",\"inLanguage\":\"pt-BR\",\"@id\":\"https:\/\/www.manaus.am.gov.br\/semcom\/#\/schema\/person\/image\/\",\"url\":\"https:\/\/secure.gravatar.com\/avatar\/576258617ef7194f718179e766d57bd4?s=96&d=mm&r=g\",\"contentUrl\":\"https:\/\/secure.gravatar.com\/avatar\/576258617ef7194f718179e766d57bd4?s=96&d=mm&r=g\",\"caption\":\"Adriana Costa\"}}]}<\/script>\n<!-- \/ Yoast SEO plugin. -->","yoast_head_json":{"title":"Em 10 anos, Prefeitura de Manaus soma 48 autoriza\u00e7\u00f5es de controle de acesso de vias p\u00fablicas","description":"Nos \u00faltimos 10 anos, a Prefeitura de Manaus fez a autoriza\u00e7\u00e3o de controle de acesso para 48 vias p\u00fablicas da capital, cess\u00e3o permitida conforme o Decreto 3.074\/2015, ap\u00f3s an\u00e1lise e avalia\u00e7\u00e3o t\u00e9cnica do Instituto Municipal de Planejamento Urbano (Implurb).","robots":{"index":"index","follow":"follow","max-snippet":"max-snippet:-1","max-image-preview":"max-image-preview:large","max-video-preview":"max-video-preview:-1"},"canonical":"https:\/\/www.manaus.am.gov.br\/semcom\/prefeitura-implurb-controleacessodevias\/","og_locale":"pt_BR","og_type":"article","og_title":"Em 10 anos, Prefeitura de Manaus soma 48 autoriza\u00e7\u00f5es de controle de acesso de vias p\u00fablicas","og_description":"Nos \u00faltimos 10 anos, a Prefeitura de Manaus fez a autoriza\u00e7\u00e3o de controle de acesso para 48 vias p\u00fablicas da capital, cess\u00e3o permitida conforme o Decreto 3.074\/2015, ap\u00f3s an\u00e1lise e avalia\u00e7\u00e3o t\u00e9cnica do Instituto Municipal de Planejamento Urbano (Implurb).","og_url":"https:\/\/www.manaus.am.gov.br\/semcom\/prefeitura-implurb-controleacessodevias\/","og_site_name":"SEMCOM","article_published_time":"2026-01-23T17:05:33+00:00","article_modified_time":"2026-01-27T13:11:45+00:00","og_image":[{"width":799,"height":533,"url":"https:\/\/www.manaus.am.gov.br\/semcom\/wp-content\/uploads\/sites\/5\/2026\/01\/52099993947_cba9ef0209_c.jpg","type":"image\/jpeg"}],"author":"Adriana Costa","twitter_card":"summary_large_image","twitter_misc":{"Written by":"Adriana Costa","Est. reading time":"4 minutos"},"schema":{"@context":"https:\/\/schema.org","@graph":[{"@type":"WebPage","@id":"https:\/\/www.manaus.am.gov.br\/semcom\/prefeitura-implurb-controleacessodevias\/","url":"https:\/\/www.manaus.am.gov.br\/semcom\/prefeitura-implurb-controleacessodevias\/","name":"Em 10 anos, Prefeitura de Manaus soma 48 autoriza\u00e7\u00f5es de controle de acesso de vias p\u00fablicas","isPartOf":{"@id":"https:\/\/www.manaus.am.gov.br\/semcom\/#website"},"primaryImageOfPage":{"@id":"https:\/\/www.manaus.am.gov.br\/semcom\/prefeitura-implurb-controleacessodevias\/#primaryimage"},"image":{"@id":"https:\/\/www.manaus.am.gov.br\/semcom\/prefeitura-implurb-controleacessodevias\/#primaryimage"},"thumbnailUrl":"https:\/\/www.manaus.am.gov.br\/semcom\/wp-content\/uploads\/sites\/5\/2026\/01\/52099993947_cba9ef0209_c.jpg","datePublished":"2026-01-23T17:05:33+00:00","dateModified":"2026-01-27T13:11:45+00:00","author":{"@id":"https:\/\/www.manaus.am.gov.br\/semcom\/#\/schema\/person\/4e49f4e267757a06ca072ec61b2b9968"},"description":"Nos \u00faltimos 10 anos, a Prefeitura de Manaus fez a autoriza\u00e7\u00e3o de controle de acesso para 48 vias p\u00fablicas da capital, cess\u00e3o permitida conforme o Decreto 3.074\/2015, ap\u00f3s an\u00e1lise e avalia\u00e7\u00e3o t\u00e9cnica do Instituto Municipal de Planejamento Urbano (Implurb).","inLanguage":"pt-BR","potentialAction":[{"@type":"ReadAction","target":["https:\/\/www.manaus.am.gov.br\/semcom\/prefeitura-implurb-controleacessodevias\/"]}]},{"@type":"ImageObject","inLanguage":"pt-BR","@id":"https:\/\/www.manaus.am.gov.br\/semcom\/prefeitura-implurb-controleacessodevias\/#primaryimage","url":"https:\/\/www.manaus.am.gov.br\/semcom\/wp-content\/uploads\/sites\/5\/2026\/01\/52099993947_cba9ef0209_c.jpg","contentUrl":"https:\/\/www.manaus.am.gov.br\/semcom\/wp-content\/uploads\/sites\/5\/2026\/01\/52099993947_cba9ef0209_c.jpg","width":799,"height":533,"caption":"#paratodosverem - Arquiteto e urbanista Victor Nunes Marques em esta\u00e7\u00e3o de trabalho no Implurb; em monitores, documentos e mapas"},{"@type":"WebSite","@id":"https:\/\/www.manaus.am.gov.br\/semcom\/#website","url":"https:\/\/www.manaus.am.gov.br\/semcom\/","name":"SEMCOM","description":"Secretaria Municipal de Comunica\u00e7\u00e3o","potentialAction":[{"@type":"SearchAction","target":{"@type":"EntryPoint","urlTemplate":"https:\/\/www.manaus.am.gov.br\/semcom\/?s={search_term_string}"},"query-input":"required name=search_term_string"}],"inLanguage":"pt-BR"},{"@type":"Person","@id":"https:\/\/www.manaus.am.gov.br\/semcom\/#\/schema\/person\/4e49f4e267757a06ca072ec61b2b9968","name":"Adriana Costa","image":{"@type":"ImageObject","inLanguage":"pt-BR","@id":"https:\/\/www.manaus.am.gov.br\/semcom\/#\/schema\/person\/image\/","url":"https:\/\/secure.gravatar.com\/avatar\/576258617ef7194f718179e766d57bd4?s=96&d=mm&r=g","contentUrl":"https:\/\/secure.gravatar.com\/avatar\/576258617ef7194f718179e766d57bd4?s=96&d=mm&r=g","caption":"Adriana Costa"}}]}},"_links":{"self":[{"href":"https:\/\/www.manaus.am.gov.br\/semcom\/wp-json\/wp\/v2\/posts\/251585"}],"collection":[{"href":"https:\/\/www.manaus.am.gov.br\/semcom\/wp-json\/wp\/v2\/posts"}],"about":[{"href":"https:\/\/www.manaus.am.gov.br\/semcom\/wp-json\/wp\/v2\/types\/post"}],"author":[{"embeddable":true,"href":"https:\/\/www.manaus.am.gov.br\/semcom\/wp-json\/wp\/v2\/users\/23"}],"replies":[{"embeddable":true,"href":"https:\/\/www.manaus.am.gov.br\/semcom\/wp-json\/wp\/v2\/comments?post=251585"}],"version-history":[{"count":1,"href":"https:\/\/www.manaus.am.gov.br\/semcom\/wp-json\/wp\/v2\/posts\/251585\/revisions"}],"predecessor-version":[{"id":251717,"href":"https:\/\/www.manaus.am.gov.br\/semcom\/wp-json\/wp\/v2\/posts\/251585\/revisions\/251717"}],"wp:featuredmedia":[{"embeddable":true,"href":"https:\/\/www.manaus.am.gov.br\/semcom\/wp-json\/wp\/v2\/media\/251586"}],"wp:attachment":[{"href":"https:\/\/www.manaus.am.gov.br\/semcom\/wp-json\/wp\/v2\/media?parent=251585"}],"wp:term":[{"taxonomy":"category","embeddable":true,"href":"https:\/\/www.manaus.am.gov.br\/semcom\/wp-json\/wp\/v2\/categories?post=251585"},{"taxonomy":"post_tag","embeddable":true,"href":"https:\/\/www.manaus.am.gov.br\/semcom\/wp-json\/wp\/v2\/tags?post=251585"}],"curies":[{"name":"wp","href":"https:\/\/api.w.org\/{rel}","templated":true}]}}