{"id":251577,"date":"2026-01-23T13:01:11","date_gmt":"2026-01-23T16:01:11","guid":{"rendered":"https:\/\/www.manaus.am.gov.br\/semcom\/prefeitura-implurb-atendimentocomerciofixo\/"},"modified":"2026-01-23T13:01:13","modified_gmt":"2026-01-23T16:01:13","slug":"prefeitura-implurb-atendimentocomerciofixo","status":"publish","type":"post","link":"https:\/\/www.manaus.am.gov.br\/semcom\/prefeitura-implurb-atendimentocomerciofixo\/","title":{"rendered":"Com\u00e9rcio fixo em \u00e1reas p\u00fablicas tem alta de 7% no atendimento da prefeitura em 2025"},"content":{"rendered":"\n<p>Bancas de revista, quiosques em pra\u00e7as de alimenta\u00e7\u00e3o, cabines de r\u00e1dio-t\u00e1xi, parques de divers\u00e3o, e mesas e cadeiras em \u00e1reas p\u00fablicas s\u00e3o algumas das atividades de com\u00e9rcio licenciadas pela Prefeitura de Manaus, por meio do Instituto Municipal de Planejamento Urbano (Implurb). Em 2025, entre processos tramitados, an\u00e1lises, autoriza\u00e7\u00f5es, vistorias e servi\u00e7os, a Ger\u00eancia de Com\u00e9rcio Fixo em \u00c1reas P\u00fablicas (Gfap) teve alta de 7% no total de atendimentos realizados, com 5.254 servi\u00e7os, contra 4.912 do ano anterior.<\/p>\n\n\n\n<p>Entre os servi\u00e7os mais buscados est\u00e1 o de an\u00e1lise de mesas e cadeiras em espa\u00e7os p\u00fablicos, com 121%, tendo 42 atendimentos em 2025, contra 19 em 2024. Boxes em pra\u00e7a de alimenta\u00e7\u00e3o tiveram incremento de 34,6%, com 175 an\u00e1lises; seguido de lanchonetes, com 17%, com 185 atendimentos; banca de revista, com 9,7% (192 pedidos); e cabine de r\u00e1dio-t\u00e1xi, com 12,5% (18).<\/p>\n\n\n\n<p>A Gfap tamb\u00e9m atua na autoriza\u00e7\u00e3o de eventos, como exposi\u00e7\u00e3o de produtos, feiras e similares, que podem ser solicitados junto \u00e0 ger\u00eancia pelos canais oficiais, pelo WhatsApp (92) 98855-1643, por e-mail (<a href=\"mailto:gfap.implurb@manaus.am.gov.br\" target=\"_blank\" rel=\"noreferrer noopener\">gfap.implurb@manaus.am.gov.br<\/a>) ou presencialmente. O setor atende de segunda a sexta-feira (exceto feriados e pontos facultativos), das 8h \u00e0s 14h.<\/p>\n\n\n\n<p>A maioria dos eventos solicitados \u00e9 para o complexo tur\u00edstico Ponta Negra, mas ainda h\u00e1 pedidos para pra\u00e7as, como a da Matriz e da Nossa Senhora de Nazar\u00e9.<\/p>\n\n\n\n<p>A ger\u00eancia atua na regulariza\u00e7\u00e3o e fiscaliza\u00e7\u00e3o de com\u00e9rcios, como quiosques, lanchonetes, bancas, floriculturas,&nbsp;<em>food trucks<\/em>&nbsp;e outras estruturas espalhadas por logradouros da capital. Manaus conta com mais de 800 atividades com mobili\u00e1rios urbanos licenciados de com\u00e9rcio fixo em \u00e1reas p\u00fablicas, evidenciando o alcance e a import\u00e2ncia desse trabalho. A iniciativa desenvolvida pela ger\u00eancia \u00e9 essencial para o ordenamento urbano, promovendo o uso consciente e regulamentado dos espa\u00e7os p\u00fablicos.<\/p>\n\n\n\n<p>Bens p\u00fablicos<\/p>\n\n\n\n<p>\u201cOs bens p\u00fablicos, mesmo quando utilizados por permission\u00e1rios, continuam sendo de propriedade do munic\u00edpio, e somente este pode determinar a quem ser\u00e1 dada a sua nova&nbsp;permiss\u00e3o&nbsp;de&nbsp;uso, o que se faz somente por licita\u00e7\u00e3o. O repasse da&nbsp;permiss\u00e3o&nbsp;pelo particular a terceiros \u00e9 um ato ilegal e resulta na retomada ou, no caso, na demoli\u00e7\u00e3o do bem, que n\u00e3o mais atendia ao interesse p\u00fablico\u201d, explicou o assessor t\u00e9cnico da Procuradoria Jur\u00eddica (Projur) do&nbsp;Implurb, Saulo Frota.<\/p>\n\n\n\n<p>Orienta\u00e7\u00e3o<\/p>\n\n\n\n<p>A&nbsp;Gfap&nbsp;oferece orienta\u00e7\u00f5es sobre os procedimentos necess\u00e1rios para a regulariza\u00e7\u00e3o do mobili\u00e1rio urbano, incluindo documentos exigidos e vistoria t\u00e9cnica nos locais indicados. Caso tudo esteja em conformidade, \u00e9 emitida autoriza\u00e7\u00e3o de permiss\u00e3o de uso prec\u00e1rio para o funcionamento.<\/p>\n\n\n\n<p>Al\u00e9m disso, o setor atua na fiscaliza\u00e7\u00e3o de usos irregulares, podendo aplicar advert\u00eancias, notifica\u00e7\u00f5es ou, em situa\u00e7\u00f5es mais graves, realizar a remo\u00e7\u00e3o das estruturas. O uso prec\u00e1rio indica que a permiss\u00e3o pode ser revogada a qualquer momento de acordo com interesse do poder p\u00fablico. Por lei, n\u00e3o \u00e9 permitida a venda de&nbsp;permiss\u00e3o&nbsp;de&nbsp;uso&nbsp;a terceiros.<\/p>\n\n\n\n<p>Em 2025, foram feitas 183 notifica\u00e7\u00f5es (4,5%), 257 vistorias (20%) e emitidos 414 alvar\u00e1s.<\/p>\n\n\n\n<p>Parques de divers\u00e3o<\/p>\n\n\n\n<p>A ger\u00eancia tamb\u00e9m \u00e9 respons\u00e1vel por dar autoriza\u00e7\u00f5es para o funcionamento de parques de divers\u00e3o. Em 2025, foram feitas 14 autoriza\u00e7\u00f5es. O respons\u00e1vel pelo&nbsp;parque&nbsp;de&nbsp;divers\u00f5es&nbsp;deve apresentar Auto&nbsp;de&nbsp;Vistoria do Corpo&nbsp;de&nbsp;Bombeiros (AVCB), ART do engenheiro, laudo t\u00e9cnico&nbsp;de&nbsp;instala\u00e7\u00e3o, laudo t\u00e9cnico dos brinquedos, croqui&nbsp;de&nbsp;montagem dos equipamentos e ART do Conselho Regional de Engenharia do Amazonas (Crea-AM).<\/p>\n\n\n\n<p>\u201cCom a documenta\u00e7\u00e3o, o interessado pode dar entrada no pedido&nbsp;de&nbsp;regulariza\u00e7\u00e3o junto \u00e0 Prefeitura&nbsp;de&nbsp;Manaus. O funcionamento regular s\u00f3 \u00e9 permitido ap\u00f3s a autoriza\u00e7\u00e3o ser liberada\u201d, explicou o gerente da&nbsp;Gfap, Roberto Carvalho.<\/p>\n\n\n\n<p>Somente ap\u00f3s a an\u00e1lise completa desses documentos e a vistoria no local, a prefeitura libera o funcionamento do empreendimento. Atualmente, Manaus conta com tr\u00eas parques de divers\u00f5es licenciados e um circo em funcionamento regular, todos autorizados.<\/p>\n\n\n\n<p>&#8212; &#8212; &#8212;<\/p>\n\n\n\n<p><strong>Texto <\/strong>\u2013\u00a0Claudia do Valle \/ Implurb<\/p>\n\n\n\n<p><strong>Fotos <\/strong>\u2013\u00a0Maxwell Oliveira\/ Implurb<\/p>\n","protected":false},"excerpt":{"rendered":"","protected":false},"author":23,"featured_media":251578,"comment_status":"closed","ping_status":"closed","sticky":false,"template":"","format":"standard","meta":{"footnotes":""},"categories":[407],"tags":[12997,4710,376,65,1359,77,5156,1356],"acf":[],"yoast_head":"<!-- This site is optimized with the Yoast SEO plugin v23.0 - https:\/\/yoast.com\/wordpress\/plugins\/seo\/ -->\n<title>Com\u00e9rcio fixo em \u00e1reas p\u00fablicas tem alta de 7% no atendimento da prefeitura em 2025<\/title>\n<meta name=\"description\" content=\"Bancas de revista, quiosques em pra\u00e7as de alimenta\u00e7\u00e3o, cabines de r\u00e1dio-t\u00e1xi, parques de divers\u00e3o, e mesas e cadeiras em \u00e1reas p\u00fablicas s\u00e3o algumas das atividades de com\u00e9rcio licenciadas pela Prefeitura de Manaus, por meio do Instituto Municipal de Planejamento Urbano (Implurb).\" \/>\n<meta name=\"robots\" content=\"index, follow, max-snippet:-1, max-image-preview:large, max-video-preview:-1\" \/>\n<link rel=\"canonical\" href=\"https:\/\/www.manaus.am.gov.br\/semcom\/prefeitura-implurb-atendimentocomerciofixo\/\" \/>\n<meta property=\"og:locale\" content=\"pt_BR\" \/>\n<meta property=\"og:type\" content=\"article\" \/>\n<meta property=\"og:title\" content=\"Com\u00e9rcio fixo em \u00e1reas p\u00fablicas tem alta de 7% no atendimento da prefeitura em 2025\" \/>\n<meta property=\"og:description\" content=\"Bancas de revista, quiosques em pra\u00e7as de alimenta\u00e7\u00e3o, cabines de r\u00e1dio-t\u00e1xi, parques de divers\u00e3o, e mesas e cadeiras em \u00e1reas p\u00fablicas s\u00e3o algumas das atividades de com\u00e9rcio licenciadas pela Prefeitura de Manaus, por meio do Instituto Municipal de Planejamento Urbano (Implurb).\" \/>\n<meta property=\"og:url\" content=\"https:\/\/www.manaus.am.gov.br\/semcom\/prefeitura-implurb-atendimentocomerciofixo\/\" \/>\n<meta property=\"og:site_name\" content=\"SEMCOM\" \/>\n<meta property=\"article:published_time\" content=\"2026-01-23T16:01:11+00:00\" \/>\n<meta property=\"article:modified_time\" content=\"2026-01-23T16:01:13+00:00\" \/>\n<meta property=\"og:image\" content=\"https:\/\/www.manaus.am.gov.br\/semcom\/wp-content\/uploads\/sites\/5\/2026\/01\/gfap3.jpeg\" \/>\n\t<meta property=\"og:image:width\" content=\"4032\" \/>\n\t<meta property=\"og:image:height\" content=\"3024\" \/>\n\t<meta property=\"og:image:type\" content=\"image\/jpeg\" \/>\n<meta name=\"author\" content=\"Adriana Costa\" \/>\n<meta name=\"twitter:card\" content=\"summary_large_image\" \/>\n<meta name=\"twitter:label1\" content=\"Written by\" \/>\n\t<meta name=\"twitter:data1\" content=\"Adriana Costa\" \/>\n\t<meta name=\"twitter:label2\" content=\"Est. reading time\" \/>\n\t<meta name=\"twitter:data2\" content=\"4 minutos\" \/>\n<script type=\"application\/ld+json\" class=\"yoast-schema-graph\">{\"@context\":\"https:\/\/schema.org\",\"@graph\":[{\"@type\":\"WebPage\",\"@id\":\"https:\/\/www.manaus.am.gov.br\/semcom\/prefeitura-implurb-atendimentocomerciofixo\/\",\"url\":\"https:\/\/www.manaus.am.gov.br\/semcom\/prefeitura-implurb-atendimentocomerciofixo\/\",\"name\":\"Com\u00e9rcio fixo em \u00e1reas p\u00fablicas tem alta de 7% no atendimento da prefeitura em 2025\",\"isPartOf\":{\"@id\":\"https:\/\/www.manaus.am.gov.br\/semcom\/#website\"},\"primaryImageOfPage\":{\"@id\":\"https:\/\/www.manaus.am.gov.br\/semcom\/prefeitura-implurb-atendimentocomerciofixo\/#primaryimage\"},\"image\":{\"@id\":\"https:\/\/www.manaus.am.gov.br\/semcom\/prefeitura-implurb-atendimentocomerciofixo\/#primaryimage\"},\"thumbnailUrl\":\"https:\/\/www.manaus.am.gov.br\/semcom\/wp-content\/uploads\/sites\/5\/2026\/01\/gfap3.jpeg\",\"datePublished\":\"2026-01-23T16:01:11+00:00\",\"dateModified\":\"2026-01-23T16:01:13+00:00\",\"author\":{\"@id\":\"https:\/\/www.manaus.am.gov.br\/semcom\/#\/schema\/person\/4e49f4e267757a06ca072ec61b2b9968\"},\"description\":\"Bancas de revista, quiosques em pra\u00e7as de alimenta\u00e7\u00e3o, cabines de r\u00e1dio-t\u00e1xi, parques de divers\u00e3o, e mesas e cadeiras em \u00e1reas p\u00fablicas s\u00e3o algumas das atividades de com\u00e9rcio licenciadas pela Prefeitura de Manaus, por meio do Instituto Municipal de Planejamento Urbano (Implurb).\",\"inLanguage\":\"pt-BR\",\"potentialAction\":[{\"@type\":\"ReadAction\",\"target\":[\"https:\/\/www.manaus.am.gov.br\/semcom\/prefeitura-implurb-atendimentocomerciofixo\/\"]}]},{\"@type\":\"ImageObject\",\"inLanguage\":\"pt-BR\",\"@id\":\"https:\/\/www.manaus.am.gov.br\/semcom\/prefeitura-implurb-atendimentocomerciofixo\/#primaryimage\",\"url\":\"https:\/\/www.manaus.am.gov.br\/semcom\/wp-content\/uploads\/sites\/5\/2026\/01\/gfap3.jpeg\",\"contentUrl\":\"https:\/\/www.manaus.am.gov.br\/semcom\/wp-content\/uploads\/sites\/5\/2026\/01\/gfap3.jpeg\",\"width\":4032,\"height\":3024,\"caption\":\"#paratodosverem - Servidores do Implurb est\u00e3o em esta\u00e7\u00f5es de trabalho, analisando processos\"},{\"@type\":\"WebSite\",\"@id\":\"https:\/\/www.manaus.am.gov.br\/semcom\/#website\",\"url\":\"https:\/\/www.manaus.am.gov.br\/semcom\/\",\"name\":\"SEMCOM\",\"description\":\"Secretaria Municipal de Comunica\u00e7\u00e3o\",\"potentialAction\":[{\"@type\":\"SearchAction\",\"target\":{\"@type\":\"EntryPoint\",\"urlTemplate\":\"https:\/\/www.manaus.am.gov.br\/semcom\/?s={search_term_string}\"},\"query-input\":\"required name=search_term_string\"}],\"inLanguage\":\"pt-BR\"},{\"@type\":\"Person\",\"@id\":\"https:\/\/www.manaus.am.gov.br\/semcom\/#\/schema\/person\/4e49f4e267757a06ca072ec61b2b9968\",\"name\":\"Adriana Costa\",\"image\":{\"@type\":\"ImageObject\",\"inLanguage\":\"pt-BR\",\"@id\":\"https:\/\/www.manaus.am.gov.br\/semcom\/#\/schema\/person\/image\/\",\"url\":\"https:\/\/secure.gravatar.com\/avatar\/576258617ef7194f718179e766d57bd4?s=96&d=mm&r=g\",\"contentUrl\":\"https:\/\/secure.gravatar.com\/avatar\/576258617ef7194f718179e766d57bd4?s=96&d=mm&r=g\",\"caption\":\"Adriana Costa\"}}]}<\/script>\n<!-- \/ Yoast SEO plugin. -->","yoast_head_json":{"title":"Com\u00e9rcio fixo em \u00e1reas p\u00fablicas tem alta de 7% no atendimento da prefeitura em 2025","description":"Bancas de revista, quiosques em pra\u00e7as de alimenta\u00e7\u00e3o, cabines de r\u00e1dio-t\u00e1xi, parques de divers\u00e3o, e mesas e cadeiras em \u00e1reas p\u00fablicas s\u00e3o algumas das atividades de com\u00e9rcio licenciadas pela Prefeitura de Manaus, por meio do Instituto Municipal de Planejamento Urbano (Implurb).","robots":{"index":"index","follow":"follow","max-snippet":"max-snippet:-1","max-image-preview":"max-image-preview:large","max-video-preview":"max-video-preview:-1"},"canonical":"https:\/\/www.manaus.am.gov.br\/semcom\/prefeitura-implurb-atendimentocomerciofixo\/","og_locale":"pt_BR","og_type":"article","og_title":"Com\u00e9rcio fixo em \u00e1reas p\u00fablicas tem alta de 7% no atendimento da prefeitura em 2025","og_description":"Bancas de revista, quiosques em pra\u00e7as de alimenta\u00e7\u00e3o, cabines de r\u00e1dio-t\u00e1xi, parques de divers\u00e3o, e mesas e cadeiras em \u00e1reas p\u00fablicas s\u00e3o algumas das atividades de com\u00e9rcio licenciadas pela Prefeitura de Manaus, por meio do Instituto Municipal de Planejamento Urbano (Implurb).","og_url":"https:\/\/www.manaus.am.gov.br\/semcom\/prefeitura-implurb-atendimentocomerciofixo\/","og_site_name":"SEMCOM","article_published_time":"2026-01-23T16:01:11+00:00","article_modified_time":"2026-01-23T16:01:13+00:00","og_image":[{"width":4032,"height":3024,"url":"https:\/\/www.manaus.am.gov.br\/semcom\/wp-content\/uploads\/sites\/5\/2026\/01\/gfap3.jpeg","type":"image\/jpeg"}],"author":"Adriana Costa","twitter_card":"summary_large_image","twitter_misc":{"Written by":"Adriana Costa","Est. reading time":"4 minutos"},"schema":{"@context":"https:\/\/schema.org","@graph":[{"@type":"WebPage","@id":"https:\/\/www.manaus.am.gov.br\/semcom\/prefeitura-implurb-atendimentocomerciofixo\/","url":"https:\/\/www.manaus.am.gov.br\/semcom\/prefeitura-implurb-atendimentocomerciofixo\/","name":"Com\u00e9rcio fixo em \u00e1reas p\u00fablicas tem alta de 7% no atendimento da prefeitura em 2025","isPartOf":{"@id":"https:\/\/www.manaus.am.gov.br\/semcom\/#website"},"primaryImageOfPage":{"@id":"https:\/\/www.manaus.am.gov.br\/semcom\/prefeitura-implurb-atendimentocomerciofixo\/#primaryimage"},"image":{"@id":"https:\/\/www.manaus.am.gov.br\/semcom\/prefeitura-implurb-atendimentocomerciofixo\/#primaryimage"},"thumbnailUrl":"https:\/\/www.manaus.am.gov.br\/semcom\/wp-content\/uploads\/sites\/5\/2026\/01\/gfap3.jpeg","datePublished":"2026-01-23T16:01:11+00:00","dateModified":"2026-01-23T16:01:13+00:00","author":{"@id":"https:\/\/www.manaus.am.gov.br\/semcom\/#\/schema\/person\/4e49f4e267757a06ca072ec61b2b9968"},"description":"Bancas de revista, quiosques em pra\u00e7as de alimenta\u00e7\u00e3o, cabines de r\u00e1dio-t\u00e1xi, parques de divers\u00e3o, e mesas e cadeiras em \u00e1reas p\u00fablicas s\u00e3o algumas das atividades de com\u00e9rcio licenciadas pela Prefeitura de Manaus, por meio do Instituto Municipal de Planejamento Urbano (Implurb).","inLanguage":"pt-BR","potentialAction":[{"@type":"ReadAction","target":["https:\/\/www.manaus.am.gov.br\/semcom\/prefeitura-implurb-atendimentocomerciofixo\/"]}]},{"@type":"ImageObject","inLanguage":"pt-BR","@id":"https:\/\/www.manaus.am.gov.br\/semcom\/prefeitura-implurb-atendimentocomerciofixo\/#primaryimage","url":"https:\/\/www.manaus.am.gov.br\/semcom\/wp-content\/uploads\/sites\/5\/2026\/01\/gfap3.jpeg","contentUrl":"https:\/\/www.manaus.am.gov.br\/semcom\/wp-content\/uploads\/sites\/5\/2026\/01\/gfap3.jpeg","width":4032,"height":3024,"caption":"#paratodosverem - Servidores do Implurb est\u00e3o em esta\u00e7\u00f5es de trabalho, analisando processos"},{"@type":"WebSite","@id":"https:\/\/www.manaus.am.gov.br\/semcom\/#website","url":"https:\/\/www.manaus.am.gov.br\/semcom\/","name":"SEMCOM","description":"Secretaria Municipal de Comunica\u00e7\u00e3o","potentialAction":[{"@type":"SearchAction","target":{"@type":"EntryPoint","urlTemplate":"https:\/\/www.manaus.am.gov.br\/semcom\/?s={search_term_string}"},"query-input":"required name=search_term_string"}],"inLanguage":"pt-BR"},{"@type":"Person","@id":"https:\/\/www.manaus.am.gov.br\/semcom\/#\/schema\/person\/4e49f4e267757a06ca072ec61b2b9968","name":"Adriana Costa","image":{"@type":"ImageObject","inLanguage":"pt-BR","@id":"https:\/\/www.manaus.am.gov.br\/semcom\/#\/schema\/person\/image\/","url":"https:\/\/secure.gravatar.com\/avatar\/576258617ef7194f718179e766d57bd4?s=96&d=mm&r=g","contentUrl":"https:\/\/secure.gravatar.com\/avatar\/576258617ef7194f718179e766d57bd4?s=96&d=mm&r=g","caption":"Adriana Costa"}}]}},"_links":{"self":[{"href":"https:\/\/www.manaus.am.gov.br\/semcom\/wp-json\/wp\/v2\/posts\/251577"}],"collection":[{"href":"https:\/\/www.manaus.am.gov.br\/semcom\/wp-json\/wp\/v2\/posts"}],"about":[{"href":"https:\/\/www.manaus.am.gov.br\/semcom\/wp-json\/wp\/v2\/types\/post"}],"author":[{"embeddable":true,"href":"https:\/\/www.manaus.am.gov.br\/semcom\/wp-json\/wp\/v2\/users\/23"}],"replies":[{"embeddable":true,"href":"https:\/\/www.manaus.am.gov.br\/semcom\/wp-json\/wp\/v2\/comments?post=251577"}],"version-history":[{"count":0,"href":"https:\/\/www.manaus.am.gov.br\/semcom\/wp-json\/wp\/v2\/posts\/251577\/revisions"}],"wp:featuredmedia":[{"embeddable":true,"href":"https:\/\/www.manaus.am.gov.br\/semcom\/wp-json\/wp\/v2\/media\/251578"}],"wp:attachment":[{"href":"https:\/\/www.manaus.am.gov.br\/semcom\/wp-json\/wp\/v2\/media?parent=251577"}],"wp:term":[{"taxonomy":"category","embeddable":true,"href":"https:\/\/www.manaus.am.gov.br\/semcom\/wp-json\/wp\/v2\/categories?post=251577"},{"taxonomy":"post_tag","embeddable":true,"href":"https:\/\/www.manaus.am.gov.br\/semcom\/wp-json\/wp\/v2\/tags?post=251577"}],"curies":[{"name":"wp","href":"https:\/\/api.w.org\/{rel}","templated":true}]}}