{"id":251573,"date":"2026-01-23T08:57:17","date_gmt":"2026-01-23T11:57:17","guid":{"rendered":"https:\/\/www.manaus.am.gov.br\/semcom\/notapesar-filho\/"},"modified":"2026-01-23T08:57:19","modified_gmt":"2026-01-23T11:57:19","slug":"notapesar-filho","status":"publish","type":"post","link":"https:\/\/www.manaus.am.gov.br\/semcom\/notapesar-filho\/","title":{"rendered":"Prefeitura de Manaus"},"content":{"rendered":"\n<p>\u00c9 com o mais profundo pesar e consterna\u00e7\u00e3o que a Prefeitura de Manaus, por meio da Secretaria Municipal de Comunica\u00e7\u00e3o (Semcom), comunica o falecimento de David Benedito, filho do prefeito David Almeida e da primeira-dama Izabelle Almeida, ocorrido nesta sexta-feira, 23\/1.<\/p>\n\n\n\n<p>Com menos de um m\u00eas de vida, Benedito foi uma luz breve, mas intensamente aguardada e amada por seus pais, familiares e por todos que acompanharam a expectativa de sua chegada. Sua partida prematura deixa um vazio imensur\u00e1vel e uma dor que as palavras dificilmente podem traduzir.<\/p>\n\n\n\n<p>Neste momento de luto e extrema tristeza, todos os servidores manifestam a mais fraterna solidariedade \u00e0 fam\u00edlia. Pedimos a compreens\u00e3o de todos para que a privacidade e o sil\u00eancio dos pais sejam respeitados, permitindo que vivenciem este momento de despedida com a dignidade necess\u00e1ria.<\/p>\n\n\n\n<p>O vel\u00f3rio ser\u00e1 a partir das 9h, na Igreja Adventista do Morro da Liberdade, restrito a familiares e amigos. O sepultamento ser\u00e1 \u00e0s 11h, no cemit\u00e9rio S\u00e3o Francisco, tamb\u00e9m no Morro da Liberdade, zona Sul.<\/p>\n\n\n\n<p>Que a f\u00e9 e o apoio da nossa comunidade possam servir de acalento aos cora\u00e7\u00f5es enlutados.<\/p>\n","protected":false},"excerpt":{"rendered":"","protected":false},"author":23,"featured_media":231053,"comment_status":"closed","ping_status":"closed","sticky":false,"template":"","format":"standard","meta":{"footnotes":""},"categories":[80],"tags":[11191,19050,81,484],"acf":[],"yoast_head":"<!-- This site is optimized with the Yoast SEO plugin v23.0 - https:\/\/yoast.com\/wordpress\/plugins\/seo\/ -->\n<title>Prefeitura de Manaus<\/title>\n<meta name=\"description\" content=\"\u00c9 com o mais profundo pesar e consterna\u00e7\u00e3o que a Prefeitura de Manaus, por meio da Secretaria Municipal de Comunica\u00e7\u00e3o (Semcom), comunica o falecimento de David Benedito, filho do prefeito David Almeida e da primeira-dama Izabelle Almeida, ocorrido nesta sexta-feira, 23\/1.\" \/>\n<meta name=\"robots\" content=\"index, follow, max-snippet:-1, max-image-preview:large, max-video-preview:-1\" \/>\n<link rel=\"canonical\" href=\"https:\/\/www.manaus.am.gov.br\/semcom\/notapesar-filho\/\" \/>\n<meta property=\"og:locale\" content=\"pt_BR\" \/>\n<meta property=\"og:type\" content=\"article\" \/>\n<meta property=\"og:title\" content=\"Prefeitura de Manaus\" \/>\n<meta property=\"og:description\" content=\"\u00c9 com o mais profundo pesar e consterna\u00e7\u00e3o que a Prefeitura de Manaus, por meio da Secretaria Municipal de Comunica\u00e7\u00e3o (Semcom), comunica o falecimento de David Benedito, filho do prefeito David Almeida e da primeira-dama Izabelle Almeida, ocorrido nesta sexta-feira, 23\/1.\" \/>\n<meta property=\"og:url\" content=\"https:\/\/www.manaus.am.gov.br\/semcom\/notapesar-filho\/\" \/>\n<meta property=\"og:site_name\" content=\"SEMCOM\" \/>\n<meta property=\"article:published_time\" content=\"2026-01-23T11:57:17+00:00\" \/>\n<meta property=\"article:modified_time\" content=\"2026-01-23T11:57:19+00:00\" \/>\n<meta property=\"og:image\" content=\"https:\/\/www.manaus.am.gov.br\/semcom\/wp-content\/uploads\/sites\/5\/2024\/07\/BANNER-NOTA-PESAR.png\" \/>\n\t<meta property=\"og:image:width\" content=\"900\" \/>\n\t<meta property=\"og:image:height\" content=\"509\" \/>\n\t<meta property=\"og:image:type\" content=\"image\/png\" \/>\n<meta name=\"author\" content=\"Adriana Costa\" \/>\n<meta name=\"twitter:card\" content=\"summary_large_image\" \/>\n<meta name=\"twitter:label1\" content=\"Written by\" \/>\n\t<meta name=\"twitter:data1\" content=\"Adriana Costa\" \/>\n\t<meta name=\"twitter:label2\" content=\"Est. reading time\" \/>\n\t<meta name=\"twitter:data2\" content=\"2 minutos\" \/>\n<script type=\"application\/ld+json\" class=\"yoast-schema-graph\">{\"@context\":\"https:\/\/schema.org\",\"@graph\":[{\"@type\":\"WebPage\",\"@id\":\"https:\/\/www.manaus.am.gov.br\/semcom\/notapesar-filho\/\",\"url\":\"https:\/\/www.manaus.am.gov.br\/semcom\/notapesar-filho\/\",\"name\":\"Prefeitura de Manaus\",\"isPartOf\":{\"@id\":\"https:\/\/www.manaus.am.gov.br\/semcom\/#website\"},\"primaryImageOfPage\":{\"@id\":\"https:\/\/www.manaus.am.gov.br\/semcom\/notapesar-filho\/#primaryimage\"},\"image\":{\"@id\":\"https:\/\/www.manaus.am.gov.br\/semcom\/notapesar-filho\/#primaryimage\"},\"thumbnailUrl\":\"https:\/\/www.manaus.am.gov.br\/semcom\/wp-content\/uploads\/sites\/5\/2024\/07\/BANNER-NOTA-PESAR.png\",\"datePublished\":\"2026-01-23T11:57:17+00:00\",\"dateModified\":\"2026-01-23T11:57:19+00:00\",\"author\":{\"@id\":\"https:\/\/www.manaus.am.gov.br\/semcom\/#\/schema\/person\/4e49f4e267757a06ca072ec61b2b9968\"},\"description\":\"\u00c9 com o mais profundo pesar e consterna\u00e7\u00e3o que a Prefeitura de Manaus, por meio da Secretaria Municipal de Comunica\u00e7\u00e3o (Semcom), comunica o falecimento de David Benedito, filho do prefeito David Almeida e da primeira-dama Izabelle Almeida, ocorrido nesta sexta-feira, 23\/1.\",\"inLanguage\":\"pt-BR\",\"potentialAction\":[{\"@type\":\"ReadAction\",\"target\":[\"https:\/\/www.manaus.am.gov.br\/semcom\/notapesar-filho\/\"]}]},{\"@type\":\"ImageObject\",\"inLanguage\":\"pt-BR\",\"@id\":\"https:\/\/www.manaus.am.gov.br\/semcom\/notapesar-filho\/#primaryimage\",\"url\":\"https:\/\/www.manaus.am.gov.br\/semcom\/wp-content\/uploads\/sites\/5\/2024\/07\/BANNER-NOTA-PESAR.png\",\"contentUrl\":\"https:\/\/www.manaus.am.gov.br\/semcom\/wp-content\/uploads\/sites\/5\/2024\/07\/BANNER-NOTA-PESAR.png\",\"width\":900,\"height\":509},{\"@type\":\"WebSite\",\"@id\":\"https:\/\/www.manaus.am.gov.br\/semcom\/#website\",\"url\":\"https:\/\/www.manaus.am.gov.br\/semcom\/\",\"name\":\"SEMCOM\",\"description\":\"Secretaria Municipal de Comunica\u00e7\u00e3o\",\"potentialAction\":[{\"@type\":\"SearchAction\",\"target\":{\"@type\":\"EntryPoint\",\"urlTemplate\":\"https:\/\/www.manaus.am.gov.br\/semcom\/?s={search_term_string}\"},\"query-input\":\"required name=search_term_string\"}],\"inLanguage\":\"pt-BR\"},{\"@type\":\"Person\",\"@id\":\"https:\/\/www.manaus.am.gov.br\/semcom\/#\/schema\/person\/4e49f4e267757a06ca072ec61b2b9968\",\"name\":\"Adriana Costa\",\"image\":{\"@type\":\"ImageObject\",\"inLanguage\":\"pt-BR\",\"@id\":\"https:\/\/www.manaus.am.gov.br\/semcom\/#\/schema\/person\/image\/\",\"url\":\"https:\/\/secure.gravatar.com\/avatar\/576258617ef7194f718179e766d57bd4?s=96&d=mm&r=g\",\"contentUrl\":\"https:\/\/secure.gravatar.com\/avatar\/576258617ef7194f718179e766d57bd4?s=96&d=mm&r=g\",\"caption\":\"Adriana Costa\"}}]}<\/script>\n<!-- \/ Yoast SEO plugin. -->","yoast_head_json":{"title":"Prefeitura de Manaus","description":"\u00c9 com o mais profundo pesar e consterna\u00e7\u00e3o que a Prefeitura de Manaus, por meio da Secretaria Municipal de Comunica\u00e7\u00e3o (Semcom), comunica o falecimento de David Benedito, filho do prefeito David Almeida e da primeira-dama Izabelle Almeida, ocorrido nesta sexta-feira, 23\/1.","robots":{"index":"index","follow":"follow","max-snippet":"max-snippet:-1","max-image-preview":"max-image-preview:large","max-video-preview":"max-video-preview:-1"},"canonical":"https:\/\/www.manaus.am.gov.br\/semcom\/notapesar-filho\/","og_locale":"pt_BR","og_type":"article","og_title":"Prefeitura de Manaus","og_description":"\u00c9 com o mais profundo pesar e consterna\u00e7\u00e3o que a Prefeitura de Manaus, por meio da Secretaria Municipal de Comunica\u00e7\u00e3o (Semcom), comunica o falecimento de David Benedito, filho do prefeito David Almeida e da primeira-dama Izabelle Almeida, ocorrido nesta sexta-feira, 23\/1.","og_url":"https:\/\/www.manaus.am.gov.br\/semcom\/notapesar-filho\/","og_site_name":"SEMCOM","article_published_time":"2026-01-23T11:57:17+00:00","article_modified_time":"2026-01-23T11:57:19+00:00","og_image":[{"width":900,"height":509,"url":"https:\/\/www.manaus.am.gov.br\/semcom\/wp-content\/uploads\/sites\/5\/2024\/07\/BANNER-NOTA-PESAR.png","type":"image\/png"}],"author":"Adriana Costa","twitter_card":"summary_large_image","twitter_misc":{"Written by":"Adriana Costa","Est. reading time":"2 minutos"},"schema":{"@context":"https:\/\/schema.org","@graph":[{"@type":"WebPage","@id":"https:\/\/www.manaus.am.gov.br\/semcom\/notapesar-filho\/","url":"https:\/\/www.manaus.am.gov.br\/semcom\/notapesar-filho\/","name":"Prefeitura de Manaus","isPartOf":{"@id":"https:\/\/www.manaus.am.gov.br\/semcom\/#website"},"primaryImageOfPage":{"@id":"https:\/\/www.manaus.am.gov.br\/semcom\/notapesar-filho\/#primaryimage"},"image":{"@id":"https:\/\/www.manaus.am.gov.br\/semcom\/notapesar-filho\/#primaryimage"},"thumbnailUrl":"https:\/\/www.manaus.am.gov.br\/semcom\/wp-content\/uploads\/sites\/5\/2024\/07\/BANNER-NOTA-PESAR.png","datePublished":"2026-01-23T11:57:17+00:00","dateModified":"2026-01-23T11:57:19+00:00","author":{"@id":"https:\/\/www.manaus.am.gov.br\/semcom\/#\/schema\/person\/4e49f4e267757a06ca072ec61b2b9968"},"description":"\u00c9 com o mais profundo pesar e consterna\u00e7\u00e3o que a Prefeitura de Manaus, por meio da Secretaria Municipal de Comunica\u00e7\u00e3o (Semcom), comunica o falecimento de David Benedito, filho do prefeito David Almeida e da primeira-dama Izabelle Almeida, ocorrido nesta sexta-feira, 23\/1.","inLanguage":"pt-BR","potentialAction":[{"@type":"ReadAction","target":["https:\/\/www.manaus.am.gov.br\/semcom\/notapesar-filho\/"]}]},{"@type":"ImageObject","inLanguage":"pt-BR","@id":"https:\/\/www.manaus.am.gov.br\/semcom\/notapesar-filho\/#primaryimage","url":"https:\/\/www.manaus.am.gov.br\/semcom\/wp-content\/uploads\/sites\/5\/2024\/07\/BANNER-NOTA-PESAR.png","contentUrl":"https:\/\/www.manaus.am.gov.br\/semcom\/wp-content\/uploads\/sites\/5\/2024\/07\/BANNER-NOTA-PESAR.png","width":900,"height":509},{"@type":"WebSite","@id":"https:\/\/www.manaus.am.gov.br\/semcom\/#website","url":"https:\/\/www.manaus.am.gov.br\/semcom\/","name":"SEMCOM","description":"Secretaria Municipal de Comunica\u00e7\u00e3o","potentialAction":[{"@type":"SearchAction","target":{"@type":"EntryPoint","urlTemplate":"https:\/\/www.manaus.am.gov.br\/semcom\/?s={search_term_string}"},"query-input":"required name=search_term_string"}],"inLanguage":"pt-BR"},{"@type":"Person","@id":"https:\/\/www.manaus.am.gov.br\/semcom\/#\/schema\/person\/4e49f4e267757a06ca072ec61b2b9968","name":"Adriana Costa","image":{"@type":"ImageObject","inLanguage":"pt-BR","@id":"https:\/\/www.manaus.am.gov.br\/semcom\/#\/schema\/person\/image\/","url":"https:\/\/secure.gravatar.com\/avatar\/576258617ef7194f718179e766d57bd4?s=96&d=mm&r=g","contentUrl":"https:\/\/secure.gravatar.com\/avatar\/576258617ef7194f718179e766d57bd4?s=96&d=mm&r=g","caption":"Adriana Costa"}}]}},"_links":{"self":[{"href":"https:\/\/www.manaus.am.gov.br\/semcom\/wp-json\/wp\/v2\/posts\/251573"}],"collection":[{"href":"https:\/\/www.manaus.am.gov.br\/semcom\/wp-json\/wp\/v2\/posts"}],"about":[{"href":"https:\/\/www.manaus.am.gov.br\/semcom\/wp-json\/wp\/v2\/types\/post"}],"author":[{"embeddable":true,"href":"https:\/\/www.manaus.am.gov.br\/semcom\/wp-json\/wp\/v2\/users\/23"}],"replies":[{"embeddable":true,"href":"https:\/\/www.manaus.am.gov.br\/semcom\/wp-json\/wp\/v2\/comments?post=251573"}],"version-history":[{"count":0,"href":"https:\/\/www.manaus.am.gov.br\/semcom\/wp-json\/wp\/v2\/posts\/251573\/revisions"}],"wp:featuredmedia":[{"embeddable":true,"href":"https:\/\/www.manaus.am.gov.br\/semcom\/wp-json\/wp\/v2\/media\/231053"}],"wp:attachment":[{"href":"https:\/\/www.manaus.am.gov.br\/semcom\/wp-json\/wp\/v2\/media?parent=251573"}],"wp:term":[{"taxonomy":"category","embeddable":true,"href":"https:\/\/www.manaus.am.gov.br\/semcom\/wp-json\/wp\/v2\/categories?post=251573"},{"taxonomy":"post_tag","embeddable":true,"href":"https:\/\/www.manaus.am.gov.br\/semcom\/wp-json\/wp\/v2\/tags?post=251573"}],"curies":[{"name":"wp","href":"https:\/\/api.w.org\/{rel}","templated":true}]}}