{"id":251571,"date":"2026-01-22T21:17:15","date_gmt":"2026-01-23T00:17:15","guid":{"rendered":"https:\/\/www.manaus.am.gov.br\/semcom\/colonia-de-ferias\/"},"modified":"2026-01-27T10:25:55","modified_gmt":"2026-01-27T13:25:55","slug":"colonia-de-ferias","status":"publish","type":"post","link":"https:\/\/www.manaus.am.gov.br\/semcom\/colonia-de-ferias\/","title":{"rendered":"Oficina de m\u00fasica \u00e9 desenvolvida com crian\u00e7as na col\u00f4nia de f\u00e9rias da Prefeitura de Manaus"},"content":{"rendered":"\n<p>Crian\u00e7as de 3 a 5 anos participaram, nesta quinta-feira, 22\/1, de uma oficina de m\u00fasica promovida pela <a href=\"https:\/\/www.instagram.com\/prefeiturademanaus\/\">Prefeitura de Manaus,<\/a> na col\u00f4nia de f\u00e9rias \u201cNo Quintal do Parque\u201d, no parque Cidade da Crian\u00e7a. O espa\u00e7o, gerenciado pela <a href=\"https:\/\/www.manaus.am.gov.br\/\">Secretaria Municipal de Educa\u00e7\u00e3o (Semed)<\/a>, est\u00e1 localizado na rua Castro Alves, n\u00ba 100, no bairro Aleixo, na zona Centro-Sul da cidade.\u00a0<\/p>\n\n\n\n<p>De acordo com o diretor do parque Cidade da Crian\u00e7a, Thiago Nogueira, a col\u00f4nia de f\u00e9rias foi pensada para proporcionar um espa\u00e7o prazeroso para as crian\u00e7as de Manaus.<\/p>\n\n\n\n<p>\u201cA ideia da col\u00f4nia de f\u00e9rias \u2018No Quintal do Parque\u2019 \u00e9 proporcionar \u00e0s crian\u00e7as da nossa cidade um espa\u00e7o prazeroso, divertido, com brincadeiras de socializa\u00e7\u00e3o com outras crian\u00e7as, longe de telas de computadores, com uma programa\u00e7\u00e3o variada e diversas atividades l\u00fadicas, como a oficina de m\u00fasica, sempre respeitando a individualidade de cada crian\u00e7a que vem \u00e0 col\u00f4nia de f\u00e9rias\u201d, comentou Thiago.<\/p>\n\n\n\n<p>A atividade musical foi conduzida pela professora de musicaliza\u00e7\u00e3o, Jennifer Brito. Segundo a educadora, a m\u00fasica contribui para o desenvolvimento integral da crian\u00e7a.&nbsp;<\/p>\n\n\n\n<p>\u201cProporcionar esses tipos de atividades \u00e9 importante, porque trabalha diversas \u00e1reas. Estimula o desenvolvimento cognitivo, socioemocional e o lingu\u00edstico, al\u00e9m disso, fomenta a criatividade, imagina\u00e7\u00e3o e consci\u00eancia corporal de forma l\u00fadica e prazerosa, integrando corpo e mente e auxiliando at\u00e9 na alfabetiza\u00e7\u00e3o e no aprendizado geral da crian\u00e7a\u201d, frisou Jennifer.<\/p>\n\n\n\n<p>A oficina contou com a participa\u00e7\u00e3o de aproximadamente 15 crian\u00e7as, e com momentos de brincadeira, de intera\u00e7\u00e3o, ao som de m\u00fasicas infantis e pedag\u00f3gicas.&nbsp;<\/p>\n\n\n\n<p>Uma das crian\u00e7as que participou foi o Eduardo Queiroz, de 5 anos. A m\u00e3e do pequeno, Fl\u00e1via Queiroz, achou interessante a experi\u00eancia que o filho teve no parque Cidade da Crian\u00e7a.<\/p>\n\n\n\n<p>\u201cO espa\u00e7o \u00e9 interessante, porque proporciona \u00e0s crian\u00e7as o contato com a natureza, \u00e9 um lugar em que as crian\u00e7as aprendem brincando, que os profissionais tornam as crian\u00e7as protagonistas das brincadeiras. E sobre a oficina, meu filho adorou, tanto \u00e9 que se envolveu e participou nas din\u00e2micas\u201d, ressaltou a m\u00e3e.<\/p>\n\n\n\n<p><br>\u2014&#8211; \u2014- \u2014<br><strong>Texto &#8211; <\/strong>&nbsp;Emerson Santos\/ Semed<br><strong>Fotos &#8211; <\/strong>Divulga\u00e7\u00e3o\/Semed<\/p>\n","protected":false},"excerpt":{"rendered":"","protected":false},"author":68,"featured_media":251572,"comment_status":"closed","ping_status":"closed","sticky":false,"template":"","format":"standard","meta":{"footnotes":""},"categories":[1584],"tags":[19049,77,62],"acf":[],"yoast_head":"<!-- This site is optimized with the Yoast SEO plugin v23.0 - https:\/\/yoast.com\/wordpress\/plugins\/seo\/ -->\n<title>Oficina de m\u00fasica \u00e9 desenvolvida com crian\u00e7as na col\u00f4nia de f\u00e9rias<\/title>\n<meta name=\"description\" content=\"Crian\u00e7as de 3 a 5 anos participaram, nesta quinta-feira, 22\/1, de uma oficina de m\u00fasica promovida pela Prefeitura de Manaus.\" \/>\n<meta name=\"robots\" content=\"index, follow, max-snippet:-1, max-image-preview:large, max-video-preview:-1\" \/>\n<link rel=\"canonical\" href=\"https:\/\/www.manaus.am.gov.br\/semcom\/colonia-de-ferias\/\" \/>\n<meta property=\"og:locale\" content=\"pt_BR\" \/>\n<meta property=\"og:type\" content=\"article\" \/>\n<meta property=\"og:title\" content=\"Oficina de m\u00fasica \u00e9 desenvolvida com crian\u00e7as na col\u00f4nia de f\u00e9rias\" \/>\n<meta property=\"og:description\" content=\"Crian\u00e7as de 3 a 5 anos participaram, nesta quinta-feira, 22\/1, de uma oficina de m\u00fasica promovida pela Prefeitura de Manaus.\" \/>\n<meta property=\"og:url\" content=\"https:\/\/www.manaus.am.gov.br\/semcom\/colonia-de-ferias\/\" \/>\n<meta property=\"og:site_name\" content=\"SEMCOM\" \/>\n<meta property=\"article:published_time\" content=\"2026-01-23T00:17:15+00:00\" \/>\n<meta property=\"article:modified_time\" content=\"2026-01-27T13:25:55+00:00\" \/>\n<meta property=\"og:image\" content=\"https:\/\/www.manaus.am.gov.br\/semcom\/wp-content\/uploads\/sites\/5\/2026\/01\/IMG_8403-rotated-768x1024.jpeg\" \/>\n\t<meta property=\"og:image:width\" content=\"768\" \/>\n\t<meta property=\"og:image:height\" content=\"1024\" \/>\n\t<meta property=\"og:image:type\" content=\"image\/jpeg\" \/>\n<meta name=\"author\" content=\"bvalente\" \/>\n<meta name=\"twitter:card\" content=\"summary_large_image\" \/>\n<meta name=\"twitter:label1\" content=\"Written by\" \/>\n\t<meta name=\"twitter:data1\" content=\"bvalente\" \/>\n\t<meta name=\"twitter:label2\" content=\"Est. reading time\" \/>\n\t<meta name=\"twitter:data2\" content=\"3 minutos\" \/>\n<script type=\"application\/ld+json\" class=\"yoast-schema-graph\">{\"@context\":\"https:\/\/schema.org\",\"@graph\":[{\"@type\":\"WebPage\",\"@id\":\"https:\/\/www.manaus.am.gov.br\/semcom\/colonia-de-ferias\/\",\"url\":\"https:\/\/www.manaus.am.gov.br\/semcom\/colonia-de-ferias\/\",\"name\":\"Oficina de m\u00fasica \u00e9 desenvolvida com crian\u00e7as na col\u00f4nia de f\u00e9rias\",\"isPartOf\":{\"@id\":\"https:\/\/www.manaus.am.gov.br\/semcom\/#website\"},\"primaryImageOfPage\":{\"@id\":\"https:\/\/www.manaus.am.gov.br\/semcom\/colonia-de-ferias\/#primaryimage\"},\"image\":{\"@id\":\"https:\/\/www.manaus.am.gov.br\/semcom\/colonia-de-ferias\/#primaryimage\"},\"thumbnailUrl\":\"https:\/\/www.manaus.am.gov.br\/semcom\/wp-content\/uploads\/sites\/5\/2026\/01\/IMG_8403-rotated.jpeg\",\"datePublished\":\"2026-01-23T00:17:15+00:00\",\"dateModified\":\"2026-01-27T13:25:55+00:00\",\"author\":{\"@id\":\"https:\/\/www.manaus.am.gov.br\/semcom\/#\/schema\/person\/466a0e03ae4b6062809046bd560ac955\"},\"description\":\"Crian\u00e7as de 3 a 5 anos participaram, nesta quinta-feira, 22\/1, de uma oficina de m\u00fasica promovida pela Prefeitura de Manaus.\",\"inLanguage\":\"pt-BR\",\"potentialAction\":[{\"@type\":\"ReadAction\",\"target\":[\"https:\/\/www.manaus.am.gov.br\/semcom\/colonia-de-ferias\/\"]}]},{\"@type\":\"ImageObject\",\"inLanguage\":\"pt-BR\",\"@id\":\"https:\/\/www.manaus.am.gov.br\/semcom\/colonia-de-ferias\/#primaryimage\",\"url\":\"https:\/\/www.manaus.am.gov.br\/semcom\/wp-content\/uploads\/sites\/5\/2026\/01\/IMG_8403-rotated.jpeg\",\"contentUrl\":\"https:\/\/www.manaus.am.gov.br\/semcom\/wp-content\/uploads\/sites\/5\/2026\/01\/IMG_8403-rotated.jpeg\",\"width\":4284,\"height\":5712,\"caption\":\"#paratodosverem - Professora de musicaliza\u00e7\u00e3o, Jennifer Brito, com crian\u00e7as durante atividade\"},{\"@type\":\"WebSite\",\"@id\":\"https:\/\/www.manaus.am.gov.br\/semcom\/#website\",\"url\":\"https:\/\/www.manaus.am.gov.br\/semcom\/\",\"name\":\"SEMCOM\",\"description\":\"Secretaria Municipal de Comunica\u00e7\u00e3o\",\"potentialAction\":[{\"@type\":\"SearchAction\",\"target\":{\"@type\":\"EntryPoint\",\"urlTemplate\":\"https:\/\/www.manaus.am.gov.br\/semcom\/?s={search_term_string}\"},\"query-input\":\"required name=search_term_string\"}],\"inLanguage\":\"pt-BR\"},{\"@type\":\"Person\",\"@id\":\"https:\/\/www.manaus.am.gov.br\/semcom\/#\/schema\/person\/466a0e03ae4b6062809046bd560ac955\",\"name\":\"bvalente\",\"image\":{\"@type\":\"ImageObject\",\"inLanguage\":\"pt-BR\",\"@id\":\"https:\/\/www.manaus.am.gov.br\/semcom\/#\/schema\/person\/image\/\",\"url\":\"https:\/\/secure.gravatar.com\/avatar\/3e69bc2b014bdad41adfec3a39de07d2?s=96&d=mm&r=g\",\"contentUrl\":\"https:\/\/secure.gravatar.com\/avatar\/3e69bc2b014bdad41adfec3a39de07d2?s=96&d=mm&r=g\",\"caption\":\"bvalente\"}}]}<\/script>\n<!-- \/ Yoast SEO plugin. -->","yoast_head_json":{"title":"Oficina de m\u00fasica \u00e9 desenvolvida com crian\u00e7as na col\u00f4nia de f\u00e9rias","description":"Crian\u00e7as de 3 a 5 anos participaram, nesta quinta-feira, 22\/1, de uma oficina de m\u00fasica promovida pela Prefeitura de Manaus.","robots":{"index":"index","follow":"follow","max-snippet":"max-snippet:-1","max-image-preview":"max-image-preview:large","max-video-preview":"max-video-preview:-1"},"canonical":"https:\/\/www.manaus.am.gov.br\/semcom\/colonia-de-ferias\/","og_locale":"pt_BR","og_type":"article","og_title":"Oficina de m\u00fasica \u00e9 desenvolvida com crian\u00e7as na col\u00f4nia de f\u00e9rias","og_description":"Crian\u00e7as de 3 a 5 anos participaram, nesta quinta-feira, 22\/1, de uma oficina de m\u00fasica promovida pela Prefeitura de Manaus.","og_url":"https:\/\/www.manaus.am.gov.br\/semcom\/colonia-de-ferias\/","og_site_name":"SEMCOM","article_published_time":"2026-01-23T00:17:15+00:00","article_modified_time":"2026-01-27T13:25:55+00:00","og_image":[{"width":768,"height":1024,"url":"https:\/\/www.manaus.am.gov.br\/semcom\/wp-content\/uploads\/sites\/5\/2026\/01\/IMG_8403-rotated-768x1024.jpeg","type":"image\/jpeg"}],"author":"bvalente","twitter_card":"summary_large_image","twitter_misc":{"Written by":"bvalente","Est. reading time":"3 minutos"},"schema":{"@context":"https:\/\/schema.org","@graph":[{"@type":"WebPage","@id":"https:\/\/www.manaus.am.gov.br\/semcom\/colonia-de-ferias\/","url":"https:\/\/www.manaus.am.gov.br\/semcom\/colonia-de-ferias\/","name":"Oficina de m\u00fasica \u00e9 desenvolvida com crian\u00e7as na col\u00f4nia de f\u00e9rias","isPartOf":{"@id":"https:\/\/www.manaus.am.gov.br\/semcom\/#website"},"primaryImageOfPage":{"@id":"https:\/\/www.manaus.am.gov.br\/semcom\/colonia-de-ferias\/#primaryimage"},"image":{"@id":"https:\/\/www.manaus.am.gov.br\/semcom\/colonia-de-ferias\/#primaryimage"},"thumbnailUrl":"https:\/\/www.manaus.am.gov.br\/semcom\/wp-content\/uploads\/sites\/5\/2026\/01\/IMG_8403-rotated.jpeg","datePublished":"2026-01-23T00:17:15+00:00","dateModified":"2026-01-27T13:25:55+00:00","author":{"@id":"https:\/\/www.manaus.am.gov.br\/semcom\/#\/schema\/person\/466a0e03ae4b6062809046bd560ac955"},"description":"Crian\u00e7as de 3 a 5 anos participaram, nesta quinta-feira, 22\/1, de uma oficina de m\u00fasica promovida pela Prefeitura de Manaus.","inLanguage":"pt-BR","potentialAction":[{"@type":"ReadAction","target":["https:\/\/www.manaus.am.gov.br\/semcom\/colonia-de-ferias\/"]}]},{"@type":"ImageObject","inLanguage":"pt-BR","@id":"https:\/\/www.manaus.am.gov.br\/semcom\/colonia-de-ferias\/#primaryimage","url":"https:\/\/www.manaus.am.gov.br\/semcom\/wp-content\/uploads\/sites\/5\/2026\/01\/IMG_8403-rotated.jpeg","contentUrl":"https:\/\/www.manaus.am.gov.br\/semcom\/wp-content\/uploads\/sites\/5\/2026\/01\/IMG_8403-rotated.jpeg","width":4284,"height":5712,"caption":"#paratodosverem - Professora de musicaliza\u00e7\u00e3o, Jennifer Brito, com crian\u00e7as durante atividade"},{"@type":"WebSite","@id":"https:\/\/www.manaus.am.gov.br\/semcom\/#website","url":"https:\/\/www.manaus.am.gov.br\/semcom\/","name":"SEMCOM","description":"Secretaria Municipal de Comunica\u00e7\u00e3o","potentialAction":[{"@type":"SearchAction","target":{"@type":"EntryPoint","urlTemplate":"https:\/\/www.manaus.am.gov.br\/semcom\/?s={search_term_string}"},"query-input":"required name=search_term_string"}],"inLanguage":"pt-BR"},{"@type":"Person","@id":"https:\/\/www.manaus.am.gov.br\/semcom\/#\/schema\/person\/466a0e03ae4b6062809046bd560ac955","name":"bvalente","image":{"@type":"ImageObject","inLanguage":"pt-BR","@id":"https:\/\/www.manaus.am.gov.br\/semcom\/#\/schema\/person\/image\/","url":"https:\/\/secure.gravatar.com\/avatar\/3e69bc2b014bdad41adfec3a39de07d2?s=96&d=mm&r=g","contentUrl":"https:\/\/secure.gravatar.com\/avatar\/3e69bc2b014bdad41adfec3a39de07d2?s=96&d=mm&r=g","caption":"bvalente"}}]}},"_links":{"self":[{"href":"https:\/\/www.manaus.am.gov.br\/semcom\/wp-json\/wp\/v2\/posts\/251571"}],"collection":[{"href":"https:\/\/www.manaus.am.gov.br\/semcom\/wp-json\/wp\/v2\/posts"}],"about":[{"href":"https:\/\/www.manaus.am.gov.br\/semcom\/wp-json\/wp\/v2\/types\/post"}],"author":[{"embeddable":true,"href":"https:\/\/www.manaus.am.gov.br\/semcom\/wp-json\/wp\/v2\/users\/68"}],"replies":[{"embeddable":true,"href":"https:\/\/www.manaus.am.gov.br\/semcom\/wp-json\/wp\/v2\/comments?post=251571"}],"version-history":[{"count":1,"href":"https:\/\/www.manaus.am.gov.br\/semcom\/wp-json\/wp\/v2\/posts\/251571\/revisions"}],"predecessor-version":[{"id":251722,"href":"https:\/\/www.manaus.am.gov.br\/semcom\/wp-json\/wp\/v2\/posts\/251571\/revisions\/251722"}],"wp:featuredmedia":[{"embeddable":true,"href":"https:\/\/www.manaus.am.gov.br\/semcom\/wp-json\/wp\/v2\/media\/251572"}],"wp:attachment":[{"href":"https:\/\/www.manaus.am.gov.br\/semcom\/wp-json\/wp\/v2\/media?parent=251571"}],"wp:term":[{"taxonomy":"category","embeddable":true,"href":"https:\/\/www.manaus.am.gov.br\/semcom\/wp-json\/wp\/v2\/categories?post=251571"},{"taxonomy":"post_tag","embeddable":true,"href":"https:\/\/www.manaus.am.gov.br\/semcom\/wp-json\/wp\/v2\/tags?post=251571"}],"curies":[{"name":"wp","href":"https:\/\/api.w.org\/{rel}","templated":true}]}}