{"id":251532,"date":"2026-01-22T16:49:05","date_gmt":"2026-01-22T20:49:05","guid":{"rendered":"https:\/\/www.manaus.am.gov.br\/semcom\/matriculas-cursos-gratuitos-arte-cmaes\/"},"modified":"2026-01-28T11:56:06","modified_gmt":"2026-01-28T14:56:06","slug":"matriculas-cursos-gratuitos-arte-cmaes","status":"publish","type":"post","link":"https:\/\/www.manaus.am.gov.br\/semcom\/matriculas-cursos-gratuitos-arte-cmaes\/","title":{"rendered":"Prefeitura divulga per\u00edodo de matr\u00edculas para cursos gratuitos de arte com mais de 900 vagas nos Cmaes An\u00edbal Be\u00e7a e Nelson Neto"},"content":{"rendered":"\n<p>A<a href=\"https:\/\/www.instagram.com\/prefeiturademanaus\/\"> Prefeitura de Manaus<\/a>, por meio da <a href=\"https:\/\/www.manaus.am.gov.br\/\">Secretaria Municipal de Educa\u00e7\u00e3o (Semed)<\/a>, inicia, na pr\u00f3xima segunda-feira, 26\/1, o per\u00edodo de matr\u00edculas do Centros Municipais de Arte Educa\u00e7\u00e3o (Cmaes) An\u00edbal Be\u00e7a e Nelson Neto. As inscri\u00e7\u00f5es, que ser\u00e3o realizadas presencialmente nas pr\u00f3prias unidades dos Cmaes, seguem at\u00e9 o dia 13\/2, das 8h \u00e0s 11h e das 13h30 \u00e0s 16h. Os Cmaes An\u00edbal Be\u00e7a e Nelson Neto est\u00e3o localizados, respectivamente, na\u00a0rua Barreirinha, n\u00b0 175, bairro S\u00e3o Jos\u00e9 3, e na rua Rio Paudari, s\/n\u00b0, bairro S\u00e3o Jos\u00e9 4, ambos situados na zona Leste da capital.<\/p>\n\n\n\n<p>No Cmae Nelson Neto, est\u00e3o dispon\u00edveis 310 vagas entre os cursos de Bal\u00e9 Cl\u00e1ssico, Canto e Teatro. J\u00e1 o Cmae An\u00edbal Be\u00e7a oferece 664 vagas nos cursos de Artes Visuais, Arte Multim\u00eddia, Bal\u00e9 Cl\u00e1ssico, Clarinete, Canto (infantil, jovens e adultos), Dan\u00e7a Contempor\u00e2nea, Flauta Doce, Sopros e Metais, Percuss\u00e3o Alternativa, Teatro, Viol\u00e3o e Violino.<\/p>\n\n\n\n<p>As unidades disponibilizam cursos gratuitos, com material fornecido pela Semed, realizados de segunda a sexta-feira, nos turnos matutino, vespertino e noturno, atendendo estudantes das redes p\u00fablica e privada, al\u00e9m de familiares e da comunidade em geral.<\/p>\n\n\n\n<p>O secret\u00e1rio municipal de Educa\u00e7\u00e3o, professor Junior Mar, destacou que o curso nos Cmaes refor\u00e7a o compromisso da Semed com a educa\u00e7\u00e3o integral e o acesso democr\u00e1tico \u00e0 cultura. \u201cOs Centros Municipais de Arte Educa\u00e7\u00e3o cumprem um papel fundamental na forma\u00e7\u00e3o dos nossos estudantes e da comunidade, pois a arte \u00e9 uma poderosa ferramenta de desenvolvimento humano, social e educacional&#8221;, afirmou.<\/p>\n\n\n\n<p>De acordo com a gestora do Cmae An\u00edbal Be\u00e7a, Vanice Anjos, o planejamento para 2026 fortalece a forma\u00e7\u00e3o integral dos estudantes na institui\u00e7\u00e3o. \u201cNosso objetivo \u00e9 ampliar as viv\u00eancias culturais e fortalecer os processos formativos por meio da arte. O Cmae \u00e9 um espa\u00e7o onde os alunos desenvolvem n\u00e3o apenas habilidades art\u00edsticas, mas tamb\u00e9m valores, disciplina, autoestima e senso de pertencimento\u201d, destacou.<\/p>\n\n\n\n<p>Neste ano, a meta \u00e9 o fortalecimento das mostras art\u00edsticas, recitais e espet\u00e1culos pedag\u00f3gicos, que possibilitam aos alunos vivenciar o palco, compartilhar aprendizados e interagir com a comunidade.<\/p>\n\n\n\n<p>Essas a\u00e7\u00f5es tamb\u00e9m contribuem para a valoriza\u00e7\u00e3o da produ\u00e7\u00e3o cultural local e para o reconhecimento do trabalho desenvolvido pelos educadores da unidade.<\/p>\n\n\n\n<p>A gestora Fab\u00edola Santos, do Cmae Nelson Neto, comentou que a equipe pedag\u00f3gica est\u00e1 preparada para receber os novos alunos, contando com profissionais qualificados e um ambiente estruturado para atender \u00e0s necessidades educacionais espec\u00edficas. \u201cTrabalhamos diariamente para fortalecer a inclus\u00e3o e assegurar que cada estudante tenha oportunidades reais de desenvolvimento\u201d, completou Fab\u00edola.<\/p>\n\n\n\n<p><strong>Documenta\u00e7\u00e3o Necess\u00e1ria<\/strong><\/p>\n\n\n\n<p>Para realizar a matr\u00edcula \u00e9 necess\u00e1rio: 1 foto 3X4; c\u00f3pia da Certid\u00e3o de Nascimento ou RG; c\u00f3pia do comprovante de resid\u00eancia; declara\u00e7\u00e3o escolar atualizada; declara\u00e7\u00e3o escolar 2026 (original). Aluno com necessidade especial dever\u00e1 apresentar laudo m\u00e9dico espec\u00edfico para atividades do ensino das Artes.<\/p>\n\n\n\n<p>Para mais informa\u00e7\u00f5es, entre em contato com os n\u00fameros dispon\u00edveis pelo Cmae An\u00edbal Be\u00e7a: (92) 9887-7918 e 98842-7171; e Cmae Nelson Neto: (92) 98844-5217.<\/p>\n\n\n\n<figure class=\"wp-block-image size-large\"><img loading=\"lazy\" decoding=\"async\" width=\"1024\" height=\"682\" src=\"https:\/\/www.manaus.am.gov.br\/semcom\/wp-content\/uploads\/sites\/5\/2026\/01\/Atividades-no-Cmaes-2-1024x682.jpeg\" alt=\"\" class=\"wp-image-251534\" srcset=\"https:\/\/www.manaus.am.gov.br\/semcom\/wp-content\/uploads\/sites\/5\/2026\/01\/Atividades-no-Cmaes-2-1024x682.jpeg 1024w, https:\/\/www.manaus.am.gov.br\/semcom\/wp-content\/uploads\/sites\/5\/2026\/01\/Atividades-no-Cmaes-2-300x200.jpeg 300w, https:\/\/www.manaus.am.gov.br\/semcom\/wp-content\/uploads\/sites\/5\/2026\/01\/Atividades-no-Cmaes-2-768x512.jpeg 768w, https:\/\/www.manaus.am.gov.br\/semcom\/wp-content\/uploads\/sites\/5\/2026\/01\/Atividades-no-Cmaes-2-1536x1023.jpeg 1536w, https:\/\/www.manaus.am.gov.br\/semcom\/wp-content\/uploads\/sites\/5\/2026\/01\/Atividades-no-Cmaes-2.jpeg 1600w\" sizes=\"(max-width: 1024px) 100vw, 1024px\" \/><figcaption class=\"wp-element-caption\">#paratodosverem &#8211; Apresenta\u00e7\u00e3o de alunos de Cmae<\/figcaption><\/figure>\n\n\n\n<p>&#8212; &#8212; &#8212;<\/p>\n\n\n\n<p><strong>Texto<\/strong> &#8211; Thalia Rodrigues\/Semed<\/p>\n\n\n\n<p><strong>Fotos<\/strong> &#8211; Eliton Santos e Ulisson Santos\/Semed<\/p>\n","protected":false},"excerpt":{"rendered":"","protected":false},"author":39,"featured_media":251533,"comment_status":"closed","ping_status":"closed","sticky":false,"template":"","format":"standard","meta":{"footnotes":""},"categories":[1591],"tags":[19040,19041,19042,13117,77,62],"acf":[],"yoast_head":"<!-- This site is optimized with the Yoast SEO plugin v23.0 - https:\/\/yoast.com\/wordpress\/plugins\/seo\/ -->\n<title>Prefeitura divulga per\u00edodo de matr\u00edculas para cursos gratuitos de arte com mais de 900 vagas nos Cmaes An\u00edbal Be\u00e7a e Nelson Neto<\/title>\n<meta name=\"description\" content=\"Prefeitura divulga per\u00edodo de matr\u00edculas para cursos gratuitos de arte com mais de 900 vagas nos Cmaes An\u00edbal Be\u00e7a e Nelson Neto.\" \/>\n<meta name=\"robots\" content=\"index, follow, max-snippet:-1, max-image-preview:large, max-video-preview:-1\" \/>\n<link rel=\"canonical\" href=\"https:\/\/www.manaus.am.gov.br\/semcom\/matriculas-cursos-gratuitos-arte-cmaes\/\" \/>\n<meta property=\"og:locale\" content=\"pt_BR\" \/>\n<meta property=\"og:type\" content=\"article\" \/>\n<meta property=\"og:title\" content=\"Prefeitura divulga per\u00edodo de matr\u00edculas para cursos gratuitos de arte com mais de 900 vagas nos Cmaes An\u00edbal Be\u00e7a e Nelson Neto\" \/>\n<meta property=\"og:description\" content=\"Prefeitura divulga per\u00edodo de matr\u00edculas para cursos gratuitos de arte com mais de 900 vagas nos Cmaes An\u00edbal Be\u00e7a e Nelson Neto.\" \/>\n<meta property=\"og:url\" content=\"https:\/\/www.manaus.am.gov.br\/semcom\/matriculas-cursos-gratuitos-arte-cmaes\/\" \/>\n<meta property=\"og:site_name\" content=\"SEMCOM\" \/>\n<meta property=\"article:published_time\" content=\"2026-01-22T20:49:05+00:00\" \/>\n<meta property=\"article:modified_time\" content=\"2026-01-28T14:56:06+00:00\" \/>\n<meta property=\"og:image\" content=\"https:\/\/www.manaus.am.gov.br\/semcom\/wp-content\/uploads\/sites\/5\/2026\/01\/Atividades-no-Cmaes-1.jpeg\" \/>\n\t<meta property=\"og:image:width\" content=\"1600\" \/>\n\t<meta property=\"og:image:height\" content=\"1066\" \/>\n\t<meta property=\"og:image:type\" content=\"image\/jpeg\" \/>\n<meta name=\"author\" content=\"Bruna Greco\" \/>\n<meta name=\"twitter:card\" content=\"summary_large_image\" \/>\n<meta name=\"twitter:label1\" content=\"Written by\" \/>\n\t<meta name=\"twitter:data1\" content=\"Bruna Greco\" \/>\n\t<meta name=\"twitter:label2\" content=\"Est. reading time\" \/>\n\t<meta name=\"twitter:data2\" content=\"4 minutos\" \/>\n<script type=\"application\/ld+json\" class=\"yoast-schema-graph\">{\"@context\":\"https:\/\/schema.org\",\"@graph\":[{\"@type\":\"WebPage\",\"@id\":\"https:\/\/www.manaus.am.gov.br\/semcom\/matriculas-cursos-gratuitos-arte-cmaes\/\",\"url\":\"https:\/\/www.manaus.am.gov.br\/semcom\/matriculas-cursos-gratuitos-arte-cmaes\/\",\"name\":\"Prefeitura divulga per\u00edodo de matr\u00edculas para cursos gratuitos de arte com mais de 900 vagas nos Cmaes An\u00edbal Be\u00e7a e Nelson Neto\",\"isPartOf\":{\"@id\":\"https:\/\/www.manaus.am.gov.br\/semcom\/#website\"},\"primaryImageOfPage\":{\"@id\":\"https:\/\/www.manaus.am.gov.br\/semcom\/matriculas-cursos-gratuitos-arte-cmaes\/#primaryimage\"},\"image\":{\"@id\":\"https:\/\/www.manaus.am.gov.br\/semcom\/matriculas-cursos-gratuitos-arte-cmaes\/#primaryimage\"},\"thumbnailUrl\":\"https:\/\/www.manaus.am.gov.br\/semcom\/wp-content\/uploads\/sites\/5\/2026\/01\/Atividades-no-Cmaes-1.jpeg\",\"datePublished\":\"2026-01-22T20:49:05+00:00\",\"dateModified\":\"2026-01-28T14:56:06+00:00\",\"author\":{\"@id\":\"https:\/\/www.manaus.am.gov.br\/semcom\/#\/schema\/person\/05d223aea2bf115f9883a6ff3683d81b\"},\"description\":\"Prefeitura divulga per\u00edodo de matr\u00edculas para cursos gratuitos de arte com mais de 900 vagas nos Cmaes An\u00edbal Be\u00e7a e Nelson Neto.\",\"inLanguage\":\"pt-BR\",\"potentialAction\":[{\"@type\":\"ReadAction\",\"target\":[\"https:\/\/www.manaus.am.gov.br\/semcom\/matriculas-cursos-gratuitos-arte-cmaes\/\"]}]},{\"@type\":\"ImageObject\",\"inLanguage\":\"pt-BR\",\"@id\":\"https:\/\/www.manaus.am.gov.br\/semcom\/matriculas-cursos-gratuitos-arte-cmaes\/#primaryimage\",\"url\":\"https:\/\/www.manaus.am.gov.br\/semcom\/wp-content\/uploads\/sites\/5\/2026\/01\/Atividades-no-Cmaes-1.jpeg\",\"contentUrl\":\"https:\/\/www.manaus.am.gov.br\/semcom\/wp-content\/uploads\/sites\/5\/2026\/01\/Atividades-no-Cmaes-1.jpeg\",\"width\":1600,\"height\":1066,\"caption\":\"#paratodosverem - Alunos de Cmae participando de atividade do curso de dan\u00e7a\"},{\"@type\":\"WebSite\",\"@id\":\"https:\/\/www.manaus.am.gov.br\/semcom\/#website\",\"url\":\"https:\/\/www.manaus.am.gov.br\/semcom\/\",\"name\":\"SEMCOM\",\"description\":\"Secretaria Municipal de Comunica\u00e7\u00e3o\",\"potentialAction\":[{\"@type\":\"SearchAction\",\"target\":{\"@type\":\"EntryPoint\",\"urlTemplate\":\"https:\/\/www.manaus.am.gov.br\/semcom\/?s={search_term_string}\"},\"query-input\":\"required name=search_term_string\"}],\"inLanguage\":\"pt-BR\"},{\"@type\":\"Person\",\"@id\":\"https:\/\/www.manaus.am.gov.br\/semcom\/#\/schema\/person\/05d223aea2bf115f9883a6ff3683d81b\",\"name\":\"Bruna Greco\",\"image\":{\"@type\":\"ImageObject\",\"inLanguage\":\"pt-BR\",\"@id\":\"https:\/\/www.manaus.am.gov.br\/semcom\/#\/schema\/person\/image\/\",\"url\":\"https:\/\/secure.gravatar.com\/avatar\/9c877d1a6adc2a055330e5c09a8653ce?s=96&d=mm&r=g\",\"contentUrl\":\"https:\/\/secure.gravatar.com\/avatar\/9c877d1a6adc2a055330e5c09a8653ce?s=96&d=mm&r=g\",\"caption\":\"Bruna Greco\"}}]}<\/script>\n<!-- \/ Yoast SEO plugin. -->","yoast_head_json":{"title":"Prefeitura divulga per\u00edodo de matr\u00edculas para cursos gratuitos de arte com mais de 900 vagas nos Cmaes An\u00edbal Be\u00e7a e Nelson Neto","description":"Prefeitura divulga per\u00edodo de matr\u00edculas para cursos gratuitos de arte com mais de 900 vagas nos Cmaes An\u00edbal Be\u00e7a e Nelson Neto.","robots":{"index":"index","follow":"follow","max-snippet":"max-snippet:-1","max-image-preview":"max-image-preview:large","max-video-preview":"max-video-preview:-1"},"canonical":"https:\/\/www.manaus.am.gov.br\/semcom\/matriculas-cursos-gratuitos-arte-cmaes\/","og_locale":"pt_BR","og_type":"article","og_title":"Prefeitura divulga per\u00edodo de matr\u00edculas para cursos gratuitos de arte com mais de 900 vagas nos Cmaes An\u00edbal Be\u00e7a e Nelson Neto","og_description":"Prefeitura divulga per\u00edodo de matr\u00edculas para cursos gratuitos de arte com mais de 900 vagas nos Cmaes An\u00edbal Be\u00e7a e Nelson Neto.","og_url":"https:\/\/www.manaus.am.gov.br\/semcom\/matriculas-cursos-gratuitos-arte-cmaes\/","og_site_name":"SEMCOM","article_published_time":"2026-01-22T20:49:05+00:00","article_modified_time":"2026-01-28T14:56:06+00:00","og_image":[{"width":1600,"height":1066,"url":"https:\/\/www.manaus.am.gov.br\/semcom\/wp-content\/uploads\/sites\/5\/2026\/01\/Atividades-no-Cmaes-1.jpeg","type":"image\/jpeg"}],"author":"Bruna Greco","twitter_card":"summary_large_image","twitter_misc":{"Written by":"Bruna Greco","Est. reading time":"4 minutos"},"schema":{"@context":"https:\/\/schema.org","@graph":[{"@type":"WebPage","@id":"https:\/\/www.manaus.am.gov.br\/semcom\/matriculas-cursos-gratuitos-arte-cmaes\/","url":"https:\/\/www.manaus.am.gov.br\/semcom\/matriculas-cursos-gratuitos-arte-cmaes\/","name":"Prefeitura divulga per\u00edodo de matr\u00edculas para cursos gratuitos de arte com mais de 900 vagas nos Cmaes An\u00edbal Be\u00e7a e Nelson Neto","isPartOf":{"@id":"https:\/\/www.manaus.am.gov.br\/semcom\/#website"},"primaryImageOfPage":{"@id":"https:\/\/www.manaus.am.gov.br\/semcom\/matriculas-cursos-gratuitos-arte-cmaes\/#primaryimage"},"image":{"@id":"https:\/\/www.manaus.am.gov.br\/semcom\/matriculas-cursos-gratuitos-arte-cmaes\/#primaryimage"},"thumbnailUrl":"https:\/\/www.manaus.am.gov.br\/semcom\/wp-content\/uploads\/sites\/5\/2026\/01\/Atividades-no-Cmaes-1.jpeg","datePublished":"2026-01-22T20:49:05+00:00","dateModified":"2026-01-28T14:56:06+00:00","author":{"@id":"https:\/\/www.manaus.am.gov.br\/semcom\/#\/schema\/person\/05d223aea2bf115f9883a6ff3683d81b"},"description":"Prefeitura divulga per\u00edodo de matr\u00edculas para cursos gratuitos de arte com mais de 900 vagas nos Cmaes An\u00edbal Be\u00e7a e Nelson Neto.","inLanguage":"pt-BR","potentialAction":[{"@type":"ReadAction","target":["https:\/\/www.manaus.am.gov.br\/semcom\/matriculas-cursos-gratuitos-arte-cmaes\/"]}]},{"@type":"ImageObject","inLanguage":"pt-BR","@id":"https:\/\/www.manaus.am.gov.br\/semcom\/matriculas-cursos-gratuitos-arte-cmaes\/#primaryimage","url":"https:\/\/www.manaus.am.gov.br\/semcom\/wp-content\/uploads\/sites\/5\/2026\/01\/Atividades-no-Cmaes-1.jpeg","contentUrl":"https:\/\/www.manaus.am.gov.br\/semcom\/wp-content\/uploads\/sites\/5\/2026\/01\/Atividades-no-Cmaes-1.jpeg","width":1600,"height":1066,"caption":"#paratodosverem - Alunos de Cmae participando de atividade do curso de dan\u00e7a"},{"@type":"WebSite","@id":"https:\/\/www.manaus.am.gov.br\/semcom\/#website","url":"https:\/\/www.manaus.am.gov.br\/semcom\/","name":"SEMCOM","description":"Secretaria Municipal de Comunica\u00e7\u00e3o","potentialAction":[{"@type":"SearchAction","target":{"@type":"EntryPoint","urlTemplate":"https:\/\/www.manaus.am.gov.br\/semcom\/?s={search_term_string}"},"query-input":"required name=search_term_string"}],"inLanguage":"pt-BR"},{"@type":"Person","@id":"https:\/\/www.manaus.am.gov.br\/semcom\/#\/schema\/person\/05d223aea2bf115f9883a6ff3683d81b","name":"Bruna Greco","image":{"@type":"ImageObject","inLanguage":"pt-BR","@id":"https:\/\/www.manaus.am.gov.br\/semcom\/#\/schema\/person\/image\/","url":"https:\/\/secure.gravatar.com\/avatar\/9c877d1a6adc2a055330e5c09a8653ce?s=96&d=mm&r=g","contentUrl":"https:\/\/secure.gravatar.com\/avatar\/9c877d1a6adc2a055330e5c09a8653ce?s=96&d=mm&r=g","caption":"Bruna Greco"}}]}},"_links":{"self":[{"href":"https:\/\/www.manaus.am.gov.br\/semcom\/wp-json\/wp\/v2\/posts\/251532"}],"collection":[{"href":"https:\/\/www.manaus.am.gov.br\/semcom\/wp-json\/wp\/v2\/posts"}],"about":[{"href":"https:\/\/www.manaus.am.gov.br\/semcom\/wp-json\/wp\/v2\/types\/post"}],"author":[{"embeddable":true,"href":"https:\/\/www.manaus.am.gov.br\/semcom\/wp-json\/wp\/v2\/users\/39"}],"replies":[{"embeddable":true,"href":"https:\/\/www.manaus.am.gov.br\/semcom\/wp-json\/wp\/v2\/comments?post=251532"}],"version-history":[{"count":3,"href":"https:\/\/www.manaus.am.gov.br\/semcom\/wp-json\/wp\/v2\/posts\/251532\/revisions"}],"predecessor-version":[{"id":251806,"href":"https:\/\/www.manaus.am.gov.br\/semcom\/wp-json\/wp\/v2\/posts\/251532\/revisions\/251806"}],"wp:featuredmedia":[{"embeddable":true,"href":"https:\/\/www.manaus.am.gov.br\/semcom\/wp-json\/wp\/v2\/media\/251533"}],"wp:attachment":[{"href":"https:\/\/www.manaus.am.gov.br\/semcom\/wp-json\/wp\/v2\/media?parent=251532"}],"wp:term":[{"taxonomy":"category","embeddable":true,"href":"https:\/\/www.manaus.am.gov.br\/semcom\/wp-json\/wp\/v2\/categories?post=251532"},{"taxonomy":"post_tag","embeddable":true,"href":"https:\/\/www.manaus.am.gov.br\/semcom\/wp-json\/wp\/v2\/tags?post=251532"}],"curies":[{"name":"wp","href":"https:\/\/api.w.org\/{rel}","templated":true}]}}