{"id":251506,"date":"2026-01-22T14:00:48","date_gmt":"2026-01-22T18:00:48","guid":{"rendered":"https:\/\/www.manaus.am.gov.br\/semcom\/ageman-balanco-2025\/"},"modified":"2026-01-22T15:35:06","modified_gmt":"2026-01-22T18:35:06","slug":"ageman-balanco-fiscalizacao-em-2025","status":"publish","type":"post","link":"https:\/\/www.manaus.am.gov.br\/semcom\/ageman-balanco-fiscalizacao-em-2025\/","title":{"rendered":"Ageman amplia fiscaliza\u00e7\u00e3o em 2025 e registra crescimento expressivo no volume de notifica\u00e7\u00f5es"},"content":{"rendered":"\n<p>A\u00a0<a href=\"https:\/\/ageman.manaus.am.gov.br\/\">Ag\u00eancia Reguladora dos Servi\u00e7os P\u00fablicos Delegados do Munic\u00edpio de Manaus<\/a> (Ageman) registrou um aumento expressivo no volume de notifica\u00e7\u00f5es e autos de infra\u00e7\u00e3o emitidos \u00e0s concession\u00e1rias respons\u00e1veis pelos servi\u00e7os p\u00fablicos regulados na capital. Entre janeiro e dezembro do ano passado, a ag\u00eancia expediu 131 notifica\u00e7\u00f5es e 19 autos de infra\u00e7\u00e3o, resultado do fortalecimento das a\u00e7\u00f5es de fiscaliza\u00e7\u00e3o em 2025 e do acompanhamento mais rigoroso do cumprimento dos contratos de concess\u00e3o.<\/p>\n\n\n\n<p><br>O desempenho representa um salto significativo em rela\u00e7\u00e3o a 2024, quando foram emitidas 14 notifica\u00e7\u00f5es e dois autos de infra\u00e7\u00e3o. Na compara\u00e7\u00e3o entre os per\u00edodos, o n\u00famero de notifica\u00e7\u00f5es apresentou crescimento superior a 835%, enquanto os autos de infra\u00e7\u00e3o tiveram aumento de 850%, evidenciando a intensifica\u00e7\u00e3o da atua\u00e7\u00e3o regulat\u00f3ria da Ageman ao longo de 2025.<\/p>\n\n\n\n<p><br>De acordo com a Ageman, esse aumento est\u00e1 diretamente relacionado \u00e0s obras de expans\u00e3o da rede de esgotamento sanit\u00e1rio, fundamentais para ampliar a cobertura do servi\u00e7o na capital amazonense.&nbsp;At\u00e9 o final de 2026, estima-se que o esgotamento sanit\u00e1rio esteja dispon\u00edvel para mais de 40% da popula\u00e7\u00e3o, seguindo o cronograma que prev\u00ea alcan\u00e7ar 90% de cobertura at\u00e9 2033, conforme determina o Novo Marco Legal do Saneamento B\u00e1sico. Diante do avan\u00e7o das obras, a fiscaliza\u00e7\u00e3o foi intensificada para garantir que a amplia\u00e7\u00e3o da infraestrutura ocorra com qualidade, seguran\u00e7a e respeito ao espa\u00e7o urbano.<\/p>\n\n\n\n<p><br>A concession\u00e1ria \u00c1guas de Manaus, respons\u00e1vel pelos servi\u00e7os de abastecimento de \u00e1gua e esgotamento sanit\u00e1rio, concentrou a maior parte das medidas administrativas aplicadas no per\u00edodo, com 124 notifica\u00e7\u00f5es e 19 autos de infra\u00e7\u00e3o. Do total de notifica\u00e7\u00f5es emitidas em 2025, 57 foram especificamente relacionadas \u00e0 qualidade das obras de recomposi\u00e7\u00e3o asf\u00e1ltica realizadas ap\u00f3s a implanta\u00e7\u00e3o de novas redes de esgotamento sanit\u00e1rio em ruas e avenidas da capital, apontando n\u00e3o conformidades t\u00e9cnicas identificadas durante as vistorias de campo.<\/p>\n\n\n\n<p><br>As fiscaliza\u00e7\u00f5es ocorreram em todas as zonas da cidade e tamb\u00e9m foram impulsionadas por demandas encaminhadas pelos usu\u00e1rios dos servi\u00e7os e por \u00f3rg\u00e3os de controle, o que ampliou o alcance e a efetividade da atua\u00e7\u00e3o da Ag\u00eancia.<\/p>\n\n\n\n<p><br>Segundo o diretor-presidente da Ageman, Elson Andrade, a postura da Ag\u00eancia tem sido de presen\u00e7a constante nas ruas e rigor no acompanhamento das corre\u00e7\u00f5es exigidas.<\/p>\n\n\n\n<p><br>\u201cN\u00f3s cobramos os reparos, fomos \u00e0s ruas para verificar o retrabalho executado e, nos casos de reincid\u00eancia dos problemas, aplicamos multa. A fiscaliza\u00e7\u00e3o n\u00e3o se encerra na notifica\u00e7\u00e3o, ela continua at\u00e9 que o servi\u00e7o seja devidamente regularizado e entregue \u00e0 popula\u00e7\u00e3o com a qualidade que \u00e9 obriga\u00e7\u00e3o das concession\u00e1rias\u201d, destacou.<br><br>No mesmo per\u00edodo, a empresa Manaus Luz, respons\u00e1vel pela ilumina\u00e7\u00e3o p\u00fablica, n\u00e3o recebeu notifica\u00e7\u00f5es nem autos de infra\u00e7\u00e3o, indicando regularidade no cumprimento das obriga\u00e7\u00f5es contratuais. J\u00e1 a concession\u00e1ria Tecnologia de Tr\u00e2nsito SPE, que opera o estacionamento rotativo Zona Azul, recebeu sete notifica\u00e7\u00f5es, todas relacionadas a apontamentos t\u00e9cnicos identificados durante fiscaliza\u00e7\u00f5es nas \u00e1reas de atua\u00e7\u00e3o do servi\u00e7o, Centro e Vieiralves.<\/p>\n\n\n\n<figure class=\"wp-block-image size-full\"><img loading=\"lazy\" decoding=\"async\" width=\"799\" height=\"533\" src=\"https:\/\/www.manaus.am.gov.br\/semcom\/wp-content\/uploads\/sites\/5\/2026\/01\/WhatsApp-Image-2026-01-22-at-13.56.04-1.jpeg\" alt=\"\" class=\"wp-image-251507\" srcset=\"https:\/\/www.manaus.am.gov.br\/semcom\/wp-content\/uploads\/sites\/5\/2026\/01\/WhatsApp-Image-2026-01-22-at-13.56.04-1.jpeg 799w, https:\/\/www.manaus.am.gov.br\/semcom\/wp-content\/uploads\/sites\/5\/2026\/01\/WhatsApp-Image-2026-01-22-at-13.56.04-1-300x200.jpeg 300w, https:\/\/www.manaus.am.gov.br\/semcom\/wp-content\/uploads\/sites\/5\/2026\/01\/WhatsApp-Image-2026-01-22-at-13.56.04-1-768x512.jpeg 768w\" sizes=\"(max-width: 799px) 100vw, 799px\" \/><figcaption class=\"wp-element-caption\">#paratodosverem &#8211; Fiscaliza\u00e7\u00e3o<\/figcaption><\/figure>\n\n\n\n<p>&#8212; &#8212; &#8212;<\/p>\n\n\n\n<p><strong>Texto<\/strong>&nbsp;&#8211; Tereza Te\u00f3filo\/Ageman<\/p>\n\n\n\n<p><strong>Fotos<\/strong> \u2013 Divulga\u00e7\u00e3o\/Ageman<\/p>\n","protected":false},"excerpt":{"rendered":"","protected":false},"author":39,"featured_media":251508,"comment_status":"closed","ping_status":"closed","sticky":false,"template":"","format":"standard","meta":{"footnotes":""},"categories":[520],"tags":[215,19034,19035,77,19036],"acf":[],"yoast_head":"<!-- This site is optimized with the Yoast SEO plugin v23.0 - https:\/\/yoast.com\/wordpress\/plugins\/seo\/ -->\n<title>Ageman amplia fiscaliza\u00e7\u00e3o em 2025 e registra crescimento expressivo no volume de notifica\u00e7\u00f5es<\/title>\n<meta name=\"description\" content=\"Ageman amplia fiscaliza\u00e7\u00e3o em 2025 e registra crescimento expressivo no volume de notifica\u00e7\u00f5es e autos de infra\u00e7\u00e3o emitidos.\" \/>\n<meta name=\"robots\" content=\"index, follow, max-snippet:-1, max-image-preview:large, max-video-preview:-1\" \/>\n<link rel=\"canonical\" href=\"https:\/\/www.manaus.am.gov.br\/semcom\/ageman-balanco-2025\/\" \/>\n<meta property=\"og:locale\" content=\"pt_BR\" \/>\n<meta property=\"og:type\" content=\"article\" \/>\n<meta property=\"og:title\" content=\"Ageman amplia fiscaliza\u00e7\u00e3o em 2025 e registra crescimento expressivo no volume de notifica\u00e7\u00f5es\" \/>\n<meta property=\"og:description\" content=\"Ageman amplia fiscaliza\u00e7\u00e3o em 2025 e registra crescimento expressivo no volume de notifica\u00e7\u00f5es e autos de infra\u00e7\u00e3o emitidos.\" \/>\n<meta property=\"og:url\" content=\"https:\/\/www.manaus.am.gov.br\/semcom\/ageman-balanco-2025\/\" \/>\n<meta property=\"og:site_name\" content=\"SEMCOM\" \/>\n<meta property=\"article:published_time\" content=\"2026-01-22T18:00:48+00:00\" \/>\n<meta property=\"article:modified_time\" content=\"2026-01-22T18:35:06+00:00\" \/>\n<meta property=\"og:image\" content=\"https:\/\/www.manaus.am.gov.br\/semcom\/wp-content\/uploads\/sites\/5\/2026\/01\/WhatsApp-Image-2026-01-22-at-13.56.04.jpeg\" \/>\n\t<meta property=\"og:image:width\" content=\"1024\" \/>\n\t<meta property=\"og:image:height\" content=\"768\" \/>\n\t<meta property=\"og:image:type\" content=\"image\/jpeg\" \/>\n<meta name=\"author\" content=\"Bruna Greco\" \/>\n<meta name=\"twitter:card\" content=\"summary_large_image\" \/>\n<meta name=\"twitter:label1\" content=\"Written by\" \/>\n\t<meta name=\"twitter:data1\" content=\"Bruna Greco\" \/>\n\t<meta name=\"twitter:label2\" content=\"Est. reading time\" \/>\n\t<meta name=\"twitter:data2\" content=\"4 minutos\" \/>\n<script type=\"application\/ld+json\" class=\"yoast-schema-graph\">{\"@context\":\"https:\/\/schema.org\",\"@graph\":[{\"@type\":\"WebPage\",\"@id\":\"https:\/\/www.manaus.am.gov.br\/semcom\/ageman-balanco-2025\/\",\"url\":\"https:\/\/www.manaus.am.gov.br\/semcom\/ageman-balanco-2025\/\",\"name\":\"Ageman amplia fiscaliza\u00e7\u00e3o em 2025 e registra crescimento expressivo no volume de notifica\u00e7\u00f5es\",\"isPartOf\":{\"@id\":\"https:\/\/www.manaus.am.gov.br\/semcom\/#website\"},\"primaryImageOfPage\":{\"@id\":\"https:\/\/www.manaus.am.gov.br\/semcom\/ageman-balanco-2025\/#primaryimage\"},\"image\":{\"@id\":\"https:\/\/www.manaus.am.gov.br\/semcom\/ageman-balanco-2025\/#primaryimage\"},\"thumbnailUrl\":\"https:\/\/www.manaus.am.gov.br\/semcom\/wp-content\/uploads\/sites\/5\/2026\/01\/WhatsApp-Image-2026-01-22-at-13.56.04.jpeg\",\"datePublished\":\"2026-01-22T18:00:48+00:00\",\"dateModified\":\"2026-01-22T18:35:06+00:00\",\"author\":{\"@id\":\"https:\/\/www.manaus.am.gov.br\/semcom\/#\/schema\/person\/05d223aea2bf115f9883a6ff3683d81b\"},\"description\":\"Ageman amplia fiscaliza\u00e7\u00e3o em 2025 e registra crescimento expressivo no volume de notifica\u00e7\u00f5es e autos de infra\u00e7\u00e3o emitidos.\",\"inLanguage\":\"pt-BR\",\"potentialAction\":[{\"@type\":\"ReadAction\",\"target\":[\"https:\/\/www.manaus.am.gov.br\/semcom\/ageman-balanco-2025\/\"]}]},{\"@type\":\"ImageObject\",\"inLanguage\":\"pt-BR\",\"@id\":\"https:\/\/www.manaus.am.gov.br\/semcom\/ageman-balanco-2025\/#primaryimage\",\"url\":\"https:\/\/www.manaus.am.gov.br\/semcom\/wp-content\/uploads\/sites\/5\/2026\/01\/WhatsApp-Image-2026-01-22-at-13.56.04.jpeg\",\"contentUrl\":\"https:\/\/www.manaus.am.gov.br\/semcom\/wp-content\/uploads\/sites\/5\/2026\/01\/WhatsApp-Image-2026-01-22-at-13.56.04.jpeg\",\"width\":1024,\"height\":768,\"caption\":\"#paratodosverem - Equipe da Ageman realizando fiscaliza\u00e7\u00e3o em via de Manaus\"},{\"@type\":\"WebSite\",\"@id\":\"https:\/\/www.manaus.am.gov.br\/semcom\/#website\",\"url\":\"https:\/\/www.manaus.am.gov.br\/semcom\/\",\"name\":\"SEMCOM\",\"description\":\"Secretaria Municipal de Comunica\u00e7\u00e3o\",\"potentialAction\":[{\"@type\":\"SearchAction\",\"target\":{\"@type\":\"EntryPoint\",\"urlTemplate\":\"https:\/\/www.manaus.am.gov.br\/semcom\/?s={search_term_string}\"},\"query-input\":\"required name=search_term_string\"}],\"inLanguage\":\"pt-BR\"},{\"@type\":\"Person\",\"@id\":\"https:\/\/www.manaus.am.gov.br\/semcom\/#\/schema\/person\/05d223aea2bf115f9883a6ff3683d81b\",\"name\":\"Bruna Greco\",\"image\":{\"@type\":\"ImageObject\",\"inLanguage\":\"pt-BR\",\"@id\":\"https:\/\/www.manaus.am.gov.br\/semcom\/#\/schema\/person\/image\/\",\"url\":\"https:\/\/secure.gravatar.com\/avatar\/9c877d1a6adc2a055330e5c09a8653ce?s=96&d=mm&r=g\",\"contentUrl\":\"https:\/\/secure.gravatar.com\/avatar\/9c877d1a6adc2a055330e5c09a8653ce?s=96&d=mm&r=g\",\"caption\":\"Bruna Greco\"}}]}<\/script>\n<!-- \/ Yoast SEO plugin. -->","yoast_head_json":{"title":"Ageman amplia fiscaliza\u00e7\u00e3o em 2025 e registra crescimento expressivo no volume de notifica\u00e7\u00f5es","description":"Ageman amplia fiscaliza\u00e7\u00e3o em 2025 e registra crescimento expressivo no volume de notifica\u00e7\u00f5es e autos de infra\u00e7\u00e3o emitidos.","robots":{"index":"index","follow":"follow","max-snippet":"max-snippet:-1","max-image-preview":"max-image-preview:large","max-video-preview":"max-video-preview:-1"},"canonical":"https:\/\/www.manaus.am.gov.br\/semcom\/ageman-balanco-2025\/","og_locale":"pt_BR","og_type":"article","og_title":"Ageman amplia fiscaliza\u00e7\u00e3o em 2025 e registra crescimento expressivo no volume de notifica\u00e7\u00f5es","og_description":"Ageman amplia fiscaliza\u00e7\u00e3o em 2025 e registra crescimento expressivo no volume de notifica\u00e7\u00f5es e autos de infra\u00e7\u00e3o emitidos.","og_url":"https:\/\/www.manaus.am.gov.br\/semcom\/ageman-balanco-2025\/","og_site_name":"SEMCOM","article_published_time":"2026-01-22T18:00:48+00:00","article_modified_time":"2026-01-22T18:35:06+00:00","og_image":[{"width":1024,"height":768,"url":"https:\/\/www.manaus.am.gov.br\/semcom\/wp-content\/uploads\/sites\/5\/2026\/01\/WhatsApp-Image-2026-01-22-at-13.56.04.jpeg","type":"image\/jpeg"}],"author":"Bruna Greco","twitter_card":"summary_large_image","twitter_misc":{"Written by":"Bruna Greco","Est. reading time":"4 minutos"},"schema":{"@context":"https:\/\/schema.org","@graph":[{"@type":"WebPage","@id":"https:\/\/www.manaus.am.gov.br\/semcom\/ageman-balanco-2025\/","url":"https:\/\/www.manaus.am.gov.br\/semcom\/ageman-balanco-2025\/","name":"Ageman amplia fiscaliza\u00e7\u00e3o em 2025 e registra crescimento expressivo no volume de notifica\u00e7\u00f5es","isPartOf":{"@id":"https:\/\/www.manaus.am.gov.br\/semcom\/#website"},"primaryImageOfPage":{"@id":"https:\/\/www.manaus.am.gov.br\/semcom\/ageman-balanco-2025\/#primaryimage"},"image":{"@id":"https:\/\/www.manaus.am.gov.br\/semcom\/ageman-balanco-2025\/#primaryimage"},"thumbnailUrl":"https:\/\/www.manaus.am.gov.br\/semcom\/wp-content\/uploads\/sites\/5\/2026\/01\/WhatsApp-Image-2026-01-22-at-13.56.04.jpeg","datePublished":"2026-01-22T18:00:48+00:00","dateModified":"2026-01-22T18:35:06+00:00","author":{"@id":"https:\/\/www.manaus.am.gov.br\/semcom\/#\/schema\/person\/05d223aea2bf115f9883a6ff3683d81b"},"description":"Ageman amplia fiscaliza\u00e7\u00e3o em 2025 e registra crescimento expressivo no volume de notifica\u00e7\u00f5es e autos de infra\u00e7\u00e3o emitidos.","inLanguage":"pt-BR","potentialAction":[{"@type":"ReadAction","target":["https:\/\/www.manaus.am.gov.br\/semcom\/ageman-balanco-2025\/"]}]},{"@type":"ImageObject","inLanguage":"pt-BR","@id":"https:\/\/www.manaus.am.gov.br\/semcom\/ageman-balanco-2025\/#primaryimage","url":"https:\/\/www.manaus.am.gov.br\/semcom\/wp-content\/uploads\/sites\/5\/2026\/01\/WhatsApp-Image-2026-01-22-at-13.56.04.jpeg","contentUrl":"https:\/\/www.manaus.am.gov.br\/semcom\/wp-content\/uploads\/sites\/5\/2026\/01\/WhatsApp-Image-2026-01-22-at-13.56.04.jpeg","width":1024,"height":768,"caption":"#paratodosverem - Equipe da Ageman realizando fiscaliza\u00e7\u00e3o em via de Manaus"},{"@type":"WebSite","@id":"https:\/\/www.manaus.am.gov.br\/semcom\/#website","url":"https:\/\/www.manaus.am.gov.br\/semcom\/","name":"SEMCOM","description":"Secretaria Municipal de Comunica\u00e7\u00e3o","potentialAction":[{"@type":"SearchAction","target":{"@type":"EntryPoint","urlTemplate":"https:\/\/www.manaus.am.gov.br\/semcom\/?s={search_term_string}"},"query-input":"required name=search_term_string"}],"inLanguage":"pt-BR"},{"@type":"Person","@id":"https:\/\/www.manaus.am.gov.br\/semcom\/#\/schema\/person\/05d223aea2bf115f9883a6ff3683d81b","name":"Bruna Greco","image":{"@type":"ImageObject","inLanguage":"pt-BR","@id":"https:\/\/www.manaus.am.gov.br\/semcom\/#\/schema\/person\/image\/","url":"https:\/\/secure.gravatar.com\/avatar\/9c877d1a6adc2a055330e5c09a8653ce?s=96&d=mm&r=g","contentUrl":"https:\/\/secure.gravatar.com\/avatar\/9c877d1a6adc2a055330e5c09a8653ce?s=96&d=mm&r=g","caption":"Bruna Greco"}}]}},"_links":{"self":[{"href":"https:\/\/www.manaus.am.gov.br\/semcom\/wp-json\/wp\/v2\/posts\/251506"}],"collection":[{"href":"https:\/\/www.manaus.am.gov.br\/semcom\/wp-json\/wp\/v2\/posts"}],"about":[{"href":"https:\/\/www.manaus.am.gov.br\/semcom\/wp-json\/wp\/v2\/types\/post"}],"author":[{"embeddable":true,"href":"https:\/\/www.manaus.am.gov.br\/semcom\/wp-json\/wp\/v2\/users\/39"}],"replies":[{"embeddable":true,"href":"https:\/\/www.manaus.am.gov.br\/semcom\/wp-json\/wp\/v2\/comments?post=251506"}],"version-history":[{"count":3,"href":"https:\/\/www.manaus.am.gov.br\/semcom\/wp-json\/wp\/v2\/posts\/251506\/revisions"}],"predecessor-version":[{"id":251521,"href":"https:\/\/www.manaus.am.gov.br\/semcom\/wp-json\/wp\/v2\/posts\/251506\/revisions\/251521"}],"wp:featuredmedia":[{"embeddable":true,"href":"https:\/\/www.manaus.am.gov.br\/semcom\/wp-json\/wp\/v2\/media\/251508"}],"wp:attachment":[{"href":"https:\/\/www.manaus.am.gov.br\/semcom\/wp-json\/wp\/v2\/media?parent=251506"}],"wp:term":[{"taxonomy":"category","embeddable":true,"href":"https:\/\/www.manaus.am.gov.br\/semcom\/wp-json\/wp\/v2\/categories?post=251506"},{"taxonomy":"post_tag","embeddable":true,"href":"https:\/\/www.manaus.am.gov.br\/semcom\/wp-json\/wp\/v2\/tags?post=251506"}],"curies":[{"name":"wp","href":"https:\/\/api.w.org\/{rel}","templated":true}]}}