{"id":251460,"date":"2026-01-22T10:21:44","date_gmt":"2026-01-22T14:21:44","guid":{"rendered":"https:\/\/www.manaus.am.gov.br\/semcom\/prefeito-gestao-investimentos-educacao\/"},"modified":"2026-01-28T11:54:59","modified_gmt":"2026-01-28T14:54:59","slug":"gestao-investimentos-educacao","status":"publish","type":"post","link":"https:\/\/www.manaus.am.gov.br\/semcom\/gestao-investimentos-educacao\/","title":{"rendered":"Prefeito David Almeida consolida gest\u00e3o respons\u00e1vel e planejamento como base dos investimentos hist\u00f3ricos em educa\u00e7\u00e3o em Manaus"},"content":{"rendered":"\n<p>Os avan\u00e7os registrados na <a href=\"https:\/\/www.manaus.am.gov.br\/\">educa\u00e7\u00e3o municipal de Manaus <\/a>nos \u00faltimos anos s\u00e3o resultado direto de uma pol\u00edtica de gest\u00e3o respons\u00e1vel, planejamento estrat\u00e9gico e rigor na aplica\u00e7\u00e3o dos recursos p\u00fablicos. Na gest\u00e3o do prefeito David Almeida, a administra\u00e7\u00e3o municipal estruturou um modelo de governan\u00e7a que permitiu ampliar investimentos, executar obras em larga escala e fortalecer pol\u00edticas pedag\u00f3gicas, mantendo o equil\u00edbrio fiscal do munic\u00edpio.<\/p>\n\n\n\n<p>Desde 2021, a <a href=\"https:\/\/www.instagram.com\/prefeiturademanaus\/\">Prefeitura de Manau<\/a>s promoveu uma ampla reorganiza\u00e7\u00e3o administrativa e financeira, com foco na regulariza\u00e7\u00e3o de contratos e amplia\u00e7\u00e3o dos processos licitat\u00f3rios. Nesse per\u00edodo, a gest\u00e3o realizou mais de 1.600 processos licitat\u00f3rios, substituindo contratos emergenciais e indenizat\u00f3rios por concorr\u00eancias p\u00fablicas, o que resultou em uma economia superior a R$ 2,5 bilh\u00f5es aos cofres municipais, recursos que passaram a ser reinvestidos em \u00e1reas essenciais, como educa\u00e7\u00e3o, sa\u00fade e infraestrutura.<\/p>\n\n\n\n<p>\u201cNenhuma pol\u00edtica p\u00fablica se sustenta sem planejamento e responsabilidade fiscal. Foi organizando a casa que conseguimos investir mais em educa\u00e7\u00e3o e entregar resultados concretos \u00e0 popula\u00e7\u00e3o\u201d, afirmou o prefeito David Almeida.<\/p>\n\n\n\n<p>Com essa base de gest\u00e3o, o munic\u00edpio ampliou de forma consistente os investimentos na educa\u00e7\u00e3o p\u00fablica. A atual administra\u00e7\u00e3o j\u00e1 entregou mais de 380 escolas constru\u00eddas, reformadas ou ampliadas, al\u00e9m de alcan\u00e7ar a climatiza\u00e7\u00e3o de 100% das salas de aula da rede municipal, uma marca in\u00e9dita entre as capitais brasileiras.<\/p>\n\n\n\n<figure class=\"wp-block-image size-large\"><img loading=\"lazy\" decoding=\"async\" width=\"1024\" height=\"683\" src=\"https:\/\/www.manaus.am.gov.br\/semcom\/wp-content\/uploads\/sites\/5\/2026\/01\/OBMEP-na-EM-Ulisses-Guimaraes.0002-1024x683.jpg\" alt=\"\" class=\"wp-image-251463\" srcset=\"https:\/\/www.manaus.am.gov.br\/semcom\/wp-content\/uploads\/sites\/5\/2026\/01\/OBMEP-na-EM-Ulisses-Guimaraes.0002-1024x683.jpg 1024w, https:\/\/www.manaus.am.gov.br\/semcom\/wp-content\/uploads\/sites\/5\/2026\/01\/OBMEP-na-EM-Ulisses-Guimaraes.0002-300x200.jpg 300w, https:\/\/www.manaus.am.gov.br\/semcom\/wp-content\/uploads\/sites\/5\/2026\/01\/OBMEP-na-EM-Ulisses-Guimaraes.0002-768x512.jpg 768w, https:\/\/www.manaus.am.gov.br\/semcom\/wp-content\/uploads\/sites\/5\/2026\/01\/OBMEP-na-EM-Ulisses-Guimaraes.0002-1536x1024.jpg 1536w, https:\/\/www.manaus.am.gov.br\/semcom\/wp-content\/uploads\/sites\/5\/2026\/01\/OBMEP-na-EM-Ulisses-Guimaraes.0002-2048x1365.jpg 2048w\" sizes=\"(max-width: 1024px) 100vw, 1024px\" \/><\/figure>\n\n\n\n<p>A gest\u00e3o tamb\u00e9m promoveu a maior expans\u00e3o do ensino em tempo integral da hist\u00f3ria de Manaus, com a cria\u00e7\u00e3o de mais de 16 mil novas vagas nos \u00faltimos dois anos, integrando refor\u00e7o pedag\u00f3gico, alimenta\u00e7\u00e3o escolar ampliada e acompanhamento sistem\u00e1tico da aprendizagem.<\/p>\n\n\n\n<p>Outro reflexo direto da organiza\u00e7\u00e3o fiscal e da boa governan\u00e7a foi o an\u00fancio do pagamento de uma bonifica\u00e7\u00e3o por desempenho aos profissionais da educa\u00e7\u00e3o municipal. A medida representa um investimento de aproximadamente R$ 52 milh\u00f5es e vai beneficiar aproximadamente 17 mil servidores da rede, reconhecendo o esfor\u00e7o coletivo, o cumprimento de metas administrativas e os resultados alcan\u00e7ados pela educa\u00e7\u00e3o municipal.<\/p>\n\n\n\n<p>\u201cQuando o recurso \u00e9 bem aplicado, ele vira escola reformada, sala climatizada, professor valorizado e aluno aprendendo mais. Gest\u00e3o eficiente \u00e9 aquela que transforma or\u00e7amento em resultados para as pessoas\u201d, refor\u00e7ou o prefeito.<\/p>\n\n\n\n<p><strong>Gest\u00e3o, estabilidade e resultados educacionais<\/strong><\/p>\n\n\n\n<p>Esse modelo de governan\u00e7a, baseado em planejamento t\u00e9cnico, acompanhamento permanente das a\u00e7\u00f5es e fiscaliza\u00e7\u00e3o rigorosa da execu\u00e7\u00e3o dos contratos, criou as condi\u00e7\u00f5es para que Manaus avan\u00e7asse de forma estruturada na educa\u00e7\u00e3o, mesmo diante de desafios herdados e de um cen\u00e1rio nacional de restri\u00e7\u00f5es or\u00e7ament\u00e1rias enfrentado por grande parte dos munic\u00edpios brasileiros.<\/p>\n\n\n\n<p>De acordo com estudos do Instituto Nacional de Estudos e Pesquisas Educacionais An\u00edsio Teixeira, \u00f3rg\u00e3o vinculado ao Minist\u00e9rio da Educa\u00e7\u00e3o (MEC), redes de ensino que associam gest\u00e3o eficiente, estabilidade institucional e continuidade das pol\u00edticas p\u00fablicas tendem a apresentar melhores resultados educacionais ao longo dos ciclos avaliativos.<\/p>\n\n\n\n<p>Em Manaus, a combina\u00e7\u00e3o entre responsabilidade fiscal e pol\u00edticas educacionais estruturadas permitiu avan\u00e7os simult\u00e2neos na oferta, na infraestrutura e na aprendizagem, fortalecendo a rede municipal como uma das mais robustas do pa\u00eds.<\/p>\n\n\n\n<p>\u201cEstamos estruturando uma gest\u00e3o s\u00f3lida que sustenta os avan\u00e7os j\u00e1 conquistados e amplia a capacidade de investir e entregar mais. Educa\u00e7\u00e3o se faz com planejamento, seriedade e compromisso com o futuro\u201d, concluiu David Almeida.<\/p>\n\n\n\n<p>Com responsabilidade fiscal, planejamento e capacidade de execu\u00e7\u00e3o, a administra\u00e7\u00e3o municipal amplia continuamente a capacidade de investimento e entrega na educa\u00e7\u00e3o p\u00fablica, mantendo o foco em resultados concretos e duradouros para a popula\u00e7\u00e3o de Manaus.<\/p>\n\n\n\n<p>&#8212; &#8212; &#8212;<\/p>\n\n\n\n<p><strong>Texto<\/strong>&nbsp;&#8211; Emanuelle Baires \/ Semcom-Prefeito<\/p>\n\n\n\n<p><strong>Fotos<\/strong>&nbsp;&#8211; Arquivo Semcom<\/p>\n","protected":false},"excerpt":{"rendered":"","protected":false},"author":23,"featured_media":251461,"comment_status":"closed","ping_status":"closed","sticky":false,"template":"","format":"standard","meta":{"footnotes":""},"categories":[57],"tags":[463,364,2144,580,484],"acf":[],"yoast_head":"<!-- This site is optimized with the Yoast SEO plugin v23.0 - https:\/\/yoast.com\/wordpress\/plugins\/seo\/ -->\n<title>Prefeito David Almeida consolida gest\u00e3o respons\u00e1vel e planejamento como base dos investimentos hist\u00f3ricos em educa\u00e7\u00e3o em Manaus<\/title>\n<meta name=\"description\" content=\"Os avan\u00e7os registrados na educa\u00e7\u00e3o municipal de Manaus nos \u00faltimos anos s\u00e3o resultado direto de uma pol\u00edtica de gest\u00e3o respons\u00e1vel, planejamento estrat\u00e9gico e rigor na aplica\u00e7\u00e3o dos recursos p\u00fablicos.\" \/>\n<meta name=\"robots\" content=\"index, follow, max-snippet:-1, max-image-preview:large, max-video-preview:-1\" \/>\n<link rel=\"canonical\" href=\"https:\/\/www.manaus.am.gov.br\/semcom\/prefeito-gestao-investimentos-educacao\/\" \/>\n<meta property=\"og:locale\" content=\"pt_BR\" \/>\n<meta property=\"og:type\" content=\"article\" \/>\n<meta property=\"og:title\" content=\"Prefeito David Almeida consolida gest\u00e3o respons\u00e1vel e planejamento como base dos investimentos hist\u00f3ricos em educa\u00e7\u00e3o em Manaus\" \/>\n<meta property=\"og:description\" content=\"Os avan\u00e7os registrados na educa\u00e7\u00e3o municipal de Manaus nos \u00faltimos anos s\u00e3o resultado direto de uma pol\u00edtica de gest\u00e3o respons\u00e1vel, planejamento estrat\u00e9gico e rigor na aplica\u00e7\u00e3o dos recursos p\u00fablicos.\" \/>\n<meta property=\"og:url\" content=\"https:\/\/www.manaus.am.gov.br\/semcom\/prefeito-gestao-investimentos-educacao\/\" \/>\n<meta property=\"og:site_name\" content=\"SEMCOM\" \/>\n<meta property=\"article:published_time\" content=\"2026-01-22T14:21:44+00:00\" \/>\n<meta property=\"article:modified_time\" content=\"2026-01-28T14:54:59+00:00\" \/>\n<meta property=\"og:image\" content=\"https:\/\/www.manaus.am.gov.br\/semcom\/wp-content\/uploads\/sites\/5\/2026\/01\/WhatsApp-Image-2026-01-22-at-09.17.24-1.jpeg\" \/>\n\t<meta property=\"og:image:width\" content=\"4160\" \/>\n\t<meta property=\"og:image:height\" content=\"2773\" \/>\n\t<meta property=\"og:image:type\" content=\"image\/jpeg\" \/>\n<meta name=\"author\" content=\"Adriana Costa\" \/>\n<meta name=\"twitter:card\" content=\"summary_large_image\" \/>\n<meta name=\"twitter:label1\" content=\"Written by\" \/>\n\t<meta name=\"twitter:data1\" content=\"Adriana Costa\" \/>\n\t<meta name=\"twitter:label2\" content=\"Est. reading time\" \/>\n\t<meta name=\"twitter:data2\" content=\"4 minutos\" \/>\n<script type=\"application\/ld+json\" class=\"yoast-schema-graph\">{\"@context\":\"https:\/\/schema.org\",\"@graph\":[{\"@type\":\"WebPage\",\"@id\":\"https:\/\/www.manaus.am.gov.br\/semcom\/prefeito-gestao-investimentos-educacao\/\",\"url\":\"https:\/\/www.manaus.am.gov.br\/semcom\/prefeito-gestao-investimentos-educacao\/\",\"name\":\"Prefeito David Almeida consolida gest\u00e3o respons\u00e1vel e planejamento como base dos investimentos hist\u00f3ricos em educa\u00e7\u00e3o em Manaus\",\"isPartOf\":{\"@id\":\"https:\/\/www.manaus.am.gov.br\/semcom\/#website\"},\"primaryImageOfPage\":{\"@id\":\"https:\/\/www.manaus.am.gov.br\/semcom\/prefeito-gestao-investimentos-educacao\/#primaryimage\"},\"image\":{\"@id\":\"https:\/\/www.manaus.am.gov.br\/semcom\/prefeito-gestao-investimentos-educacao\/#primaryimage\"},\"thumbnailUrl\":\"https:\/\/www.manaus.am.gov.br\/semcom\/wp-content\/uploads\/sites\/5\/2026\/01\/WhatsApp-Image-2026-01-22-at-09.17.24-1.jpeg\",\"datePublished\":\"2026-01-22T14:21:44+00:00\",\"dateModified\":\"2026-01-28T14:54:59+00:00\",\"author\":{\"@id\":\"https:\/\/www.manaus.am.gov.br\/semcom\/#\/schema\/person\/4e49f4e267757a06ca072ec61b2b9968\"},\"description\":\"Os avan\u00e7os registrados na educa\u00e7\u00e3o municipal de Manaus nos \u00faltimos anos s\u00e3o resultado direto de uma pol\u00edtica de gest\u00e3o respons\u00e1vel, planejamento estrat\u00e9gico e rigor na aplica\u00e7\u00e3o dos recursos p\u00fablicos.\",\"inLanguage\":\"pt-BR\",\"potentialAction\":[{\"@type\":\"ReadAction\",\"target\":[\"https:\/\/www.manaus.am.gov.br\/semcom\/prefeito-gestao-investimentos-educacao\/\"]}]},{\"@type\":\"ImageObject\",\"inLanguage\":\"pt-BR\",\"@id\":\"https:\/\/www.manaus.am.gov.br\/semcom\/prefeito-gestao-investimentos-educacao\/#primaryimage\",\"url\":\"https:\/\/www.manaus.am.gov.br\/semcom\/wp-content\/uploads\/sites\/5\/2026\/01\/WhatsApp-Image-2026-01-22-at-09.17.24-1.jpeg\",\"contentUrl\":\"https:\/\/www.manaus.am.gov.br\/semcom\/wp-content\/uploads\/sites\/5\/2026\/01\/WhatsApp-Image-2026-01-22-at-09.17.24-1.jpeg\",\"width\":4160,\"height\":2773,\"caption\":\"#paratodosverem - Prefeito David Almeida acompanha crian\u00e7as da rede municipal no momento da merenda escolar\"},{\"@type\":\"WebSite\",\"@id\":\"https:\/\/www.manaus.am.gov.br\/semcom\/#website\",\"url\":\"https:\/\/www.manaus.am.gov.br\/semcom\/\",\"name\":\"SEMCOM\",\"description\":\"Secretaria Municipal de Comunica\u00e7\u00e3o\",\"potentialAction\":[{\"@type\":\"SearchAction\",\"target\":{\"@type\":\"EntryPoint\",\"urlTemplate\":\"https:\/\/www.manaus.am.gov.br\/semcom\/?s={search_term_string}\"},\"query-input\":\"required name=search_term_string\"}],\"inLanguage\":\"pt-BR\"},{\"@type\":\"Person\",\"@id\":\"https:\/\/www.manaus.am.gov.br\/semcom\/#\/schema\/person\/4e49f4e267757a06ca072ec61b2b9968\",\"name\":\"Adriana Costa\",\"image\":{\"@type\":\"ImageObject\",\"inLanguage\":\"pt-BR\",\"@id\":\"https:\/\/www.manaus.am.gov.br\/semcom\/#\/schema\/person\/image\/\",\"url\":\"https:\/\/secure.gravatar.com\/avatar\/576258617ef7194f718179e766d57bd4?s=96&d=mm&r=g\",\"contentUrl\":\"https:\/\/secure.gravatar.com\/avatar\/576258617ef7194f718179e766d57bd4?s=96&d=mm&r=g\",\"caption\":\"Adriana Costa\"}}]}<\/script>\n<!-- \/ Yoast SEO plugin. -->","yoast_head_json":{"title":"Prefeito David Almeida consolida gest\u00e3o respons\u00e1vel e planejamento como base dos investimentos hist\u00f3ricos em educa\u00e7\u00e3o em Manaus","description":"Os avan\u00e7os registrados na educa\u00e7\u00e3o municipal de Manaus nos \u00faltimos anos s\u00e3o resultado direto de uma pol\u00edtica de gest\u00e3o respons\u00e1vel, planejamento estrat\u00e9gico e rigor na aplica\u00e7\u00e3o dos recursos p\u00fablicos.","robots":{"index":"index","follow":"follow","max-snippet":"max-snippet:-1","max-image-preview":"max-image-preview:large","max-video-preview":"max-video-preview:-1"},"canonical":"https:\/\/www.manaus.am.gov.br\/semcom\/prefeito-gestao-investimentos-educacao\/","og_locale":"pt_BR","og_type":"article","og_title":"Prefeito David Almeida consolida gest\u00e3o respons\u00e1vel e planejamento como base dos investimentos hist\u00f3ricos em educa\u00e7\u00e3o em Manaus","og_description":"Os avan\u00e7os registrados na educa\u00e7\u00e3o municipal de Manaus nos \u00faltimos anos s\u00e3o resultado direto de uma pol\u00edtica de gest\u00e3o respons\u00e1vel, planejamento estrat\u00e9gico e rigor na aplica\u00e7\u00e3o dos recursos p\u00fablicos.","og_url":"https:\/\/www.manaus.am.gov.br\/semcom\/prefeito-gestao-investimentos-educacao\/","og_site_name":"SEMCOM","article_published_time":"2026-01-22T14:21:44+00:00","article_modified_time":"2026-01-28T14:54:59+00:00","og_image":[{"width":4160,"height":2773,"url":"https:\/\/www.manaus.am.gov.br\/semcom\/wp-content\/uploads\/sites\/5\/2026\/01\/WhatsApp-Image-2026-01-22-at-09.17.24-1.jpeg","type":"image\/jpeg"}],"author":"Adriana Costa","twitter_card":"summary_large_image","twitter_misc":{"Written by":"Adriana Costa","Est. reading time":"4 minutos"},"schema":{"@context":"https:\/\/schema.org","@graph":[{"@type":"WebPage","@id":"https:\/\/www.manaus.am.gov.br\/semcom\/prefeito-gestao-investimentos-educacao\/","url":"https:\/\/www.manaus.am.gov.br\/semcom\/prefeito-gestao-investimentos-educacao\/","name":"Prefeito David Almeida consolida gest\u00e3o respons\u00e1vel e planejamento como base dos investimentos hist\u00f3ricos em educa\u00e7\u00e3o em Manaus","isPartOf":{"@id":"https:\/\/www.manaus.am.gov.br\/semcom\/#website"},"primaryImageOfPage":{"@id":"https:\/\/www.manaus.am.gov.br\/semcom\/prefeito-gestao-investimentos-educacao\/#primaryimage"},"image":{"@id":"https:\/\/www.manaus.am.gov.br\/semcom\/prefeito-gestao-investimentos-educacao\/#primaryimage"},"thumbnailUrl":"https:\/\/www.manaus.am.gov.br\/semcom\/wp-content\/uploads\/sites\/5\/2026\/01\/WhatsApp-Image-2026-01-22-at-09.17.24-1.jpeg","datePublished":"2026-01-22T14:21:44+00:00","dateModified":"2026-01-28T14:54:59+00:00","author":{"@id":"https:\/\/www.manaus.am.gov.br\/semcom\/#\/schema\/person\/4e49f4e267757a06ca072ec61b2b9968"},"description":"Os avan\u00e7os registrados na educa\u00e7\u00e3o municipal de Manaus nos \u00faltimos anos s\u00e3o resultado direto de uma pol\u00edtica de gest\u00e3o respons\u00e1vel, planejamento estrat\u00e9gico e rigor na aplica\u00e7\u00e3o dos recursos p\u00fablicos.","inLanguage":"pt-BR","potentialAction":[{"@type":"ReadAction","target":["https:\/\/www.manaus.am.gov.br\/semcom\/prefeito-gestao-investimentos-educacao\/"]}]},{"@type":"ImageObject","inLanguage":"pt-BR","@id":"https:\/\/www.manaus.am.gov.br\/semcom\/prefeito-gestao-investimentos-educacao\/#primaryimage","url":"https:\/\/www.manaus.am.gov.br\/semcom\/wp-content\/uploads\/sites\/5\/2026\/01\/WhatsApp-Image-2026-01-22-at-09.17.24-1.jpeg","contentUrl":"https:\/\/www.manaus.am.gov.br\/semcom\/wp-content\/uploads\/sites\/5\/2026\/01\/WhatsApp-Image-2026-01-22-at-09.17.24-1.jpeg","width":4160,"height":2773,"caption":"#paratodosverem - Prefeito David Almeida acompanha crian\u00e7as da rede municipal no momento da merenda escolar"},{"@type":"WebSite","@id":"https:\/\/www.manaus.am.gov.br\/semcom\/#website","url":"https:\/\/www.manaus.am.gov.br\/semcom\/","name":"SEMCOM","description":"Secretaria Municipal de Comunica\u00e7\u00e3o","potentialAction":[{"@type":"SearchAction","target":{"@type":"EntryPoint","urlTemplate":"https:\/\/www.manaus.am.gov.br\/semcom\/?s={search_term_string}"},"query-input":"required name=search_term_string"}],"inLanguage":"pt-BR"},{"@type":"Person","@id":"https:\/\/www.manaus.am.gov.br\/semcom\/#\/schema\/person\/4e49f4e267757a06ca072ec61b2b9968","name":"Adriana Costa","image":{"@type":"ImageObject","inLanguage":"pt-BR","@id":"https:\/\/www.manaus.am.gov.br\/semcom\/#\/schema\/person\/image\/","url":"https:\/\/secure.gravatar.com\/avatar\/576258617ef7194f718179e766d57bd4?s=96&d=mm&r=g","contentUrl":"https:\/\/secure.gravatar.com\/avatar\/576258617ef7194f718179e766d57bd4?s=96&d=mm&r=g","caption":"Adriana Costa"}}]}},"_links":{"self":[{"href":"https:\/\/www.manaus.am.gov.br\/semcom\/wp-json\/wp\/v2\/posts\/251460"}],"collection":[{"href":"https:\/\/www.manaus.am.gov.br\/semcom\/wp-json\/wp\/v2\/posts"}],"about":[{"href":"https:\/\/www.manaus.am.gov.br\/semcom\/wp-json\/wp\/v2\/types\/post"}],"author":[{"embeddable":true,"href":"https:\/\/www.manaus.am.gov.br\/semcom\/wp-json\/wp\/v2\/users\/23"}],"replies":[{"embeddable":true,"href":"https:\/\/www.manaus.am.gov.br\/semcom\/wp-json\/wp\/v2\/comments?post=251460"}],"version-history":[{"count":8,"href":"https:\/\/www.manaus.am.gov.br\/semcom\/wp-json\/wp\/v2\/posts\/251460\/revisions"}],"predecessor-version":[{"id":251803,"href":"https:\/\/www.manaus.am.gov.br\/semcom\/wp-json\/wp\/v2\/posts\/251460\/revisions\/251803"}],"wp:featuredmedia":[{"embeddable":true,"href":"https:\/\/www.manaus.am.gov.br\/semcom\/wp-json\/wp\/v2\/media\/251461"}],"wp:attachment":[{"href":"https:\/\/www.manaus.am.gov.br\/semcom\/wp-json\/wp\/v2\/media?parent=251460"}],"wp:term":[{"taxonomy":"category","embeddable":true,"href":"https:\/\/www.manaus.am.gov.br\/semcom\/wp-json\/wp\/v2\/categories?post=251460"},{"taxonomy":"post_tag","embeddable":true,"href":"https:\/\/www.manaus.am.gov.br\/semcom\/wp-json\/wp\/v2\/tags?post=251460"}],"curies":[{"name":"wp","href":"https:\/\/api.w.org\/{rel}","templated":true}]}}