{"id":251458,"date":"2026-01-22T11:10:38","date_gmt":"2026-01-22T14:10:38","guid":{"rendered":"https:\/\/www.manaus.am.gov.br\/semcom\/prefeitura-implurb-modernizacao-novasede\/"},"modified":"2026-01-22T15:12:41","modified_gmt":"2026-01-22T18:12:41","slug":"prefeitura-implurb-modernizacao-novasede-infraestrutura-tecnologica","status":"publish","type":"post","link":"https:\/\/www.manaus.am.gov.br\/semcom\/prefeitura-implurb-modernizacao-novasede-infraestrutura-tecnologica\/","title":{"rendered":"Com nova sede do Implurb, Prefeitura de Manaus investe em tecnologia e internet mais r\u00e1pida"},"content":{"rendered":"\n<p>A nova sede do <a href=\"https:\/\/implurbatende.manaus.am.gov.br\/\">Instituto Municipal de Planejamento Urbano<\/a> (Implurb) marca um salto importante tamb\u00e9m na infraestrutura tecnol\u00f3gica do sistema de licenciamento da <a href=\"https:\/\/www.manaus.am.gov.br\">Prefeitura de Manaus<\/a>. O acesso \u00e0 internet, que hoje opera com 500 megabits, no novo endere\u00e7o passar\u00e1 a contar com 1 gigabit de link dedicado, al\u00e9m de redund\u00e2ncia e integra\u00e7\u00e3o com a rede corporativa do munic\u00edpio, garantindo mais estabilidade, seguran\u00e7a e desempenho para os servi\u00e7os prestados \u00e0 popula\u00e7\u00e3o.<\/p>\n\n\n\n<p>Ao todo, o Implurb contar\u00e1 com tr\u00eas links de conex\u00e3o. O principal \u00e9 um link dedicado de 1 GB, exclusivo para o instituto, com conex\u00e3o direta e n\u00e3o compartilhada, o que assegura velocidade constante, menor lat\u00eancia e prioridade no tr\u00e1fego de dados. Diferentemente dos links convencionais, essa estrutura oferece maior confiabilidade para sistemas, atendimentos simult\u00e2neos, videoconfer\u00eancias e opera\u00e7\u00f5es t\u00e9cnicas de alta demanda.<\/p>\n\n\n\n<p>O segundo link, tamb\u00e9m de 1 GB, faz a integra\u00e7\u00e3o com a Subsecretaria da Tecnologia da Informa\u00e7\u00e3o (SubTI), da Secretaria Municipal de Finan\u00e7as (Semef), permitindo que o instituto continue utilizando toda a estrutura corporativa j\u00e1 existente do munic\u00edpio, agora com mais capacidade, fluidez e seguran\u00e7a no acesso a sistemas e bases de dados institucionais.<\/p>\n\n\n\n<p>\u201cA nova sede do Implurb foi planejada para dar um salto concreto em tecnologia e comunica\u00e7\u00e3o. Estamos estruturando toda a distribui\u00e7\u00e3o de internet e dados por andar, com esta\u00e7\u00f5es pr\u00f3prias, o que eleva significativamente o desempenho dos sistemas. Com a implanta\u00e7\u00e3o de um link dedicado, resolvemos limita\u00e7\u00f5es antigas, como a necessidade de fragmentar projetos grandes no envio. Isso garante mais estabilidade, seguran\u00e7a e agilidade tanto para os servidores quanto para a popula\u00e7\u00e3o que utiliza nossos servi\u00e7os\u201d, destaca o diretor-presidente do Implurb, Carlos Valente.<\/p>\n\n\n\n<p>Suporte<\/p>\n\n\n\n<p>O Implurb contar\u00e1 com um link de backup, que entra em opera\u00e7\u00e3o automaticamente em caso de falhas nos links principais, garantindo a continuidade dos servi\u00e7os e evitando interrup\u00e7\u00f5es nas atividades administrativas e no atendimento ao p\u00fablico. E ter\u00e1 ainda o suporte remoto especializado, monitoramento cont\u00ednuo do circuito do link, velocidade de banda sim\u00e9trica, entre outros itens.<\/p>\n\n\n\n<p>Com essa nova configura\u00e7\u00e3o, a autarquia vai ampliar sua capacidade operacional, reduzindo riscos de indisponibilidade e refor\u00e7ando o compromisso com a moderniza\u00e7\u00e3o da gest\u00e3o p\u00fablica, assegurando mais efici\u00eancia, agilidade e qualidade nos servi\u00e7os urbanos prestados \u00e0 cidade de Manaus.<\/p>\n\n\n\n<p>&#8212; &#8212; &#8212;<\/p>\n\n\n\n<p><strong>Texto&nbsp;<\/strong>&#8211; Claudia do Valle\/Implurb<\/p>\n\n\n\n<p><strong>Fotos&nbsp;<\/strong>&#8211; Ant\u00f4nio Pereira\/Semcom <\/p>\n\n\n\n<p><strong>Dispon\u00edveis em <\/strong>&#8211;&nbsp;<a href=\"https:\/\/flic.kr\/s\/aHBqjCHcSP\" target=\"_blank\" rel=\"noreferrer noopener\">https:\/\/flic.kr\/s\/aHBqjCHcSP<\/a><\/p>\n","protected":false},"excerpt":{"rendered":"","protected":false},"author":23,"featured_media":251459,"comment_status":"closed","ping_status":"closed","sticky":false,"template":"","format":"standard","meta":{"footnotes":""},"categories":[94],"tags":[65,6553,6091,77,4201,5296],"acf":[],"yoast_head":"<!-- This site is optimized with the Yoast SEO plugin v23.0 - https:\/\/yoast.com\/wordpress\/plugins\/seo\/ -->\n<title>Com nova sede do Implurb, Prefeitura de Manaus investe em tecnologia e internet mais r\u00e1pida<\/title>\n<meta name=\"description\" content=\"A nova sede do Instituto Municipal de Planejamento Urbano (Implurb) marca um salto importante tamb\u00e9m na infraestrutura tecnol\u00f3gica do sistema de licenciamento da Prefeitura de Manaus.\" \/>\n<meta name=\"robots\" content=\"index, follow, max-snippet:-1, max-image-preview:large, max-video-preview:-1\" \/>\n<link rel=\"canonical\" href=\"https:\/\/www.manaus.am.gov.br\/semcom\/prefeitura-implurb-modernizacao-novasede\/\" \/>\n<meta property=\"og:locale\" content=\"pt_BR\" \/>\n<meta property=\"og:type\" content=\"article\" \/>\n<meta property=\"og:title\" content=\"Com nova sede do Implurb, Prefeitura de Manaus investe em tecnologia e internet mais r\u00e1pida\" \/>\n<meta property=\"og:description\" content=\"A nova sede do Instituto Municipal de Planejamento Urbano (Implurb) marca um salto importante tamb\u00e9m na infraestrutura tecnol\u00f3gica do sistema de licenciamento da Prefeitura de Manaus.\" \/>\n<meta property=\"og:url\" content=\"https:\/\/www.manaus.am.gov.br\/semcom\/prefeitura-implurb-modernizacao-novasede\/\" \/>\n<meta property=\"og:site_name\" content=\"SEMCOM\" \/>\n<meta property=\"article:published_time\" content=\"2026-01-22T14:10:38+00:00\" \/>\n<meta property=\"article:modified_time\" content=\"2026-01-22T18:12:41+00:00\" \/>\n<meta property=\"og:image\" content=\"https:\/\/www.manaus.am.gov.br\/semcom\/wp-content\/uploads\/sites\/5\/2026\/01\/55053078747_62e953da16_c.jpg\" \/>\n\t<meta property=\"og:image:width\" content=\"799\" \/>\n\t<meta property=\"og:image:height\" content=\"533\" \/>\n\t<meta property=\"og:image:type\" content=\"image\/jpeg\" \/>\n<meta name=\"author\" content=\"Adriana Costa\" \/>\n<meta name=\"twitter:card\" content=\"summary_large_image\" \/>\n<meta name=\"twitter:label1\" content=\"Written by\" \/>\n\t<meta name=\"twitter:data1\" content=\"Adriana Costa\" \/>\n\t<meta name=\"twitter:label2\" content=\"Est. reading time\" \/>\n\t<meta name=\"twitter:data2\" content=\"3 minutos\" \/>\n<script type=\"application\/ld+json\" class=\"yoast-schema-graph\">{\"@context\":\"https:\/\/schema.org\",\"@graph\":[{\"@type\":\"WebPage\",\"@id\":\"https:\/\/www.manaus.am.gov.br\/semcom\/prefeitura-implurb-modernizacao-novasede\/\",\"url\":\"https:\/\/www.manaus.am.gov.br\/semcom\/prefeitura-implurb-modernizacao-novasede\/\",\"name\":\"Com nova sede do Implurb, Prefeitura de Manaus investe em tecnologia e internet mais r\u00e1pida\",\"isPartOf\":{\"@id\":\"https:\/\/www.manaus.am.gov.br\/semcom\/#website\"},\"primaryImageOfPage\":{\"@id\":\"https:\/\/www.manaus.am.gov.br\/semcom\/prefeitura-implurb-modernizacao-novasede\/#primaryimage\"},\"image\":{\"@id\":\"https:\/\/www.manaus.am.gov.br\/semcom\/prefeitura-implurb-modernizacao-novasede\/#primaryimage\"},\"thumbnailUrl\":\"https:\/\/www.manaus.am.gov.br\/semcom\/wp-content\/uploads\/sites\/5\/2026\/01\/55053078747_62e953da16_c.jpg\",\"datePublished\":\"2026-01-22T14:10:38+00:00\",\"dateModified\":\"2026-01-22T18:12:41+00:00\",\"author\":{\"@id\":\"https:\/\/www.manaus.am.gov.br\/semcom\/#\/schema\/person\/4e49f4e267757a06ca072ec61b2b9968\"},\"description\":\"A nova sede do Instituto Municipal de Planejamento Urbano (Implurb) marca um salto importante tamb\u00e9m na infraestrutura tecnol\u00f3gica do sistema de licenciamento da Prefeitura de Manaus.\",\"inLanguage\":\"pt-BR\",\"potentialAction\":[{\"@type\":\"ReadAction\",\"target\":[\"https:\/\/www.manaus.am.gov.br\/semcom\/prefeitura-implurb-modernizacao-novasede\/\"]}]},{\"@type\":\"ImageObject\",\"inLanguage\":\"pt-BR\",\"@id\":\"https:\/\/www.manaus.am.gov.br\/semcom\/prefeitura-implurb-modernizacao-novasede\/#primaryimage\",\"url\":\"https:\/\/www.manaus.am.gov.br\/semcom\/wp-content\/uploads\/sites\/5\/2026\/01\/55053078747_62e953da16_c.jpg\",\"contentUrl\":\"https:\/\/www.manaus.am.gov.br\/semcom\/wp-content\/uploads\/sites\/5\/2026\/01\/55053078747_62e953da16_c.jpg\",\"width\":799,\"height\":533,\"caption\":\"#paratodosverem - Nova sede do Implurb com investimento em infraestrutura tecnol\u00f3gica do sistema de licenciamento da Prefeitura de Manaus\"},{\"@type\":\"WebSite\",\"@id\":\"https:\/\/www.manaus.am.gov.br\/semcom\/#website\",\"url\":\"https:\/\/www.manaus.am.gov.br\/semcom\/\",\"name\":\"SEMCOM\",\"description\":\"Secretaria Municipal de Comunica\u00e7\u00e3o\",\"potentialAction\":[{\"@type\":\"SearchAction\",\"target\":{\"@type\":\"EntryPoint\",\"urlTemplate\":\"https:\/\/www.manaus.am.gov.br\/semcom\/?s={search_term_string}\"},\"query-input\":\"required name=search_term_string\"}],\"inLanguage\":\"pt-BR\"},{\"@type\":\"Person\",\"@id\":\"https:\/\/www.manaus.am.gov.br\/semcom\/#\/schema\/person\/4e49f4e267757a06ca072ec61b2b9968\",\"name\":\"Adriana Costa\",\"image\":{\"@type\":\"ImageObject\",\"inLanguage\":\"pt-BR\",\"@id\":\"https:\/\/www.manaus.am.gov.br\/semcom\/#\/schema\/person\/image\/\",\"url\":\"https:\/\/secure.gravatar.com\/avatar\/576258617ef7194f718179e766d57bd4?s=96&d=mm&r=g\",\"contentUrl\":\"https:\/\/secure.gravatar.com\/avatar\/576258617ef7194f718179e766d57bd4?s=96&d=mm&r=g\",\"caption\":\"Adriana Costa\"}}]}<\/script>\n<!-- \/ Yoast SEO plugin. -->","yoast_head_json":{"title":"Com nova sede do Implurb, Prefeitura de Manaus investe em tecnologia e internet mais r\u00e1pida","description":"A nova sede do Instituto Municipal de Planejamento Urbano (Implurb) marca um salto importante tamb\u00e9m na infraestrutura tecnol\u00f3gica do sistema de licenciamento da Prefeitura de Manaus.","robots":{"index":"index","follow":"follow","max-snippet":"max-snippet:-1","max-image-preview":"max-image-preview:large","max-video-preview":"max-video-preview:-1"},"canonical":"https:\/\/www.manaus.am.gov.br\/semcom\/prefeitura-implurb-modernizacao-novasede\/","og_locale":"pt_BR","og_type":"article","og_title":"Com nova sede do Implurb, Prefeitura de Manaus investe em tecnologia e internet mais r\u00e1pida","og_description":"A nova sede do Instituto Municipal de Planejamento Urbano (Implurb) marca um salto importante tamb\u00e9m na infraestrutura tecnol\u00f3gica do sistema de licenciamento da Prefeitura de Manaus.","og_url":"https:\/\/www.manaus.am.gov.br\/semcom\/prefeitura-implurb-modernizacao-novasede\/","og_site_name":"SEMCOM","article_published_time":"2026-01-22T14:10:38+00:00","article_modified_time":"2026-01-22T18:12:41+00:00","og_image":[{"width":799,"height":533,"url":"https:\/\/www.manaus.am.gov.br\/semcom\/wp-content\/uploads\/sites\/5\/2026\/01\/55053078747_62e953da16_c.jpg","type":"image\/jpeg"}],"author":"Adriana Costa","twitter_card":"summary_large_image","twitter_misc":{"Written by":"Adriana Costa","Est. reading time":"3 minutos"},"schema":{"@context":"https:\/\/schema.org","@graph":[{"@type":"WebPage","@id":"https:\/\/www.manaus.am.gov.br\/semcom\/prefeitura-implurb-modernizacao-novasede\/","url":"https:\/\/www.manaus.am.gov.br\/semcom\/prefeitura-implurb-modernizacao-novasede\/","name":"Com nova sede do Implurb, Prefeitura de Manaus investe em tecnologia e internet mais r\u00e1pida","isPartOf":{"@id":"https:\/\/www.manaus.am.gov.br\/semcom\/#website"},"primaryImageOfPage":{"@id":"https:\/\/www.manaus.am.gov.br\/semcom\/prefeitura-implurb-modernizacao-novasede\/#primaryimage"},"image":{"@id":"https:\/\/www.manaus.am.gov.br\/semcom\/prefeitura-implurb-modernizacao-novasede\/#primaryimage"},"thumbnailUrl":"https:\/\/www.manaus.am.gov.br\/semcom\/wp-content\/uploads\/sites\/5\/2026\/01\/55053078747_62e953da16_c.jpg","datePublished":"2026-01-22T14:10:38+00:00","dateModified":"2026-01-22T18:12:41+00:00","author":{"@id":"https:\/\/www.manaus.am.gov.br\/semcom\/#\/schema\/person\/4e49f4e267757a06ca072ec61b2b9968"},"description":"A nova sede do Instituto Municipal de Planejamento Urbano (Implurb) marca um salto importante tamb\u00e9m na infraestrutura tecnol\u00f3gica do sistema de licenciamento da Prefeitura de Manaus.","inLanguage":"pt-BR","potentialAction":[{"@type":"ReadAction","target":["https:\/\/www.manaus.am.gov.br\/semcom\/prefeitura-implurb-modernizacao-novasede\/"]}]},{"@type":"ImageObject","inLanguage":"pt-BR","@id":"https:\/\/www.manaus.am.gov.br\/semcom\/prefeitura-implurb-modernizacao-novasede\/#primaryimage","url":"https:\/\/www.manaus.am.gov.br\/semcom\/wp-content\/uploads\/sites\/5\/2026\/01\/55053078747_62e953da16_c.jpg","contentUrl":"https:\/\/www.manaus.am.gov.br\/semcom\/wp-content\/uploads\/sites\/5\/2026\/01\/55053078747_62e953da16_c.jpg","width":799,"height":533,"caption":"#paratodosverem - Nova sede do Implurb com investimento em infraestrutura tecnol\u00f3gica do sistema de licenciamento da Prefeitura de Manaus"},{"@type":"WebSite","@id":"https:\/\/www.manaus.am.gov.br\/semcom\/#website","url":"https:\/\/www.manaus.am.gov.br\/semcom\/","name":"SEMCOM","description":"Secretaria Municipal de Comunica\u00e7\u00e3o","potentialAction":[{"@type":"SearchAction","target":{"@type":"EntryPoint","urlTemplate":"https:\/\/www.manaus.am.gov.br\/semcom\/?s={search_term_string}"},"query-input":"required name=search_term_string"}],"inLanguage":"pt-BR"},{"@type":"Person","@id":"https:\/\/www.manaus.am.gov.br\/semcom\/#\/schema\/person\/4e49f4e267757a06ca072ec61b2b9968","name":"Adriana Costa","image":{"@type":"ImageObject","inLanguage":"pt-BR","@id":"https:\/\/www.manaus.am.gov.br\/semcom\/#\/schema\/person\/image\/","url":"https:\/\/secure.gravatar.com\/avatar\/576258617ef7194f718179e766d57bd4?s=96&d=mm&r=g","contentUrl":"https:\/\/secure.gravatar.com\/avatar\/576258617ef7194f718179e766d57bd4?s=96&d=mm&r=g","caption":"Adriana Costa"}}]}},"_links":{"self":[{"href":"https:\/\/www.manaus.am.gov.br\/semcom\/wp-json\/wp\/v2\/posts\/251458"}],"collection":[{"href":"https:\/\/www.manaus.am.gov.br\/semcom\/wp-json\/wp\/v2\/posts"}],"about":[{"href":"https:\/\/www.manaus.am.gov.br\/semcom\/wp-json\/wp\/v2\/types\/post"}],"author":[{"embeddable":true,"href":"https:\/\/www.manaus.am.gov.br\/semcom\/wp-json\/wp\/v2\/users\/23"}],"replies":[{"embeddable":true,"href":"https:\/\/www.manaus.am.gov.br\/semcom\/wp-json\/wp\/v2\/comments?post=251458"}],"version-history":[{"count":1,"href":"https:\/\/www.manaus.am.gov.br\/semcom\/wp-json\/wp\/v2\/posts\/251458\/revisions"}],"predecessor-version":[{"id":251514,"href":"https:\/\/www.manaus.am.gov.br\/semcom\/wp-json\/wp\/v2\/posts\/251458\/revisions\/251514"}],"wp:featuredmedia":[{"embeddable":true,"href":"https:\/\/www.manaus.am.gov.br\/semcom\/wp-json\/wp\/v2\/media\/251459"}],"wp:attachment":[{"href":"https:\/\/www.manaus.am.gov.br\/semcom\/wp-json\/wp\/v2\/media?parent=251458"}],"wp:term":[{"taxonomy":"category","embeddable":true,"href":"https:\/\/www.manaus.am.gov.br\/semcom\/wp-json\/wp\/v2\/categories?post=251458"},{"taxonomy":"post_tag","embeddable":true,"href":"https:\/\/www.manaus.am.gov.br\/semcom\/wp-json\/wp\/v2\/tags?post=251458"}],"curies":[{"name":"wp","href":"https:\/\/api.w.org\/{rel}","templated":true}]}}