{"id":251449,"date":"2026-01-21T22:05:02","date_gmt":"2026-01-22T01:05:02","guid":{"rendered":"https:\/\/www.manaus.am.gov.br\/semcom\/prefeitura-seminf-asfalto-grandevitoria\/"},"modified":"2026-01-22T14:59:25","modified_gmt":"2026-01-22T17:59:25","slug":"prefeitura-seminf-grandevitoria-recuperacao-asfaltica","status":"publish","type":"post","link":"https:\/\/www.manaus.am.gov.br\/semcom\/prefeitura-seminf-grandevitoria-recuperacao-asfaltica\/","title":{"rendered":"Prefeitura de Manaus transforma via na zona Leste com a\u00e7\u00e3o de recupera\u00e7\u00e3o asf\u00e1ltica no bairro Grande Vit\u00f3ria"},"content":{"rendered":"\n<p>A <a href=\"https:\/\/www.manaus.am.gov.br\">Prefeitura de Manaus<\/a> contemplou a rua Amazonas, no bairro Grande Vit\u00f3ria, com servi\u00e7os de recupera\u00e7\u00e3o asf\u00e1ltica executados pelas equipes da <a href=\"https:\/\/www.instagram.com\/seminf.manaus\/\">Secretaria Municipal de Infraestrutura<\/a> (Seminf). A a\u00e7\u00e3o garante melhores condi\u00e7\u00f5es de tr\u00e1fego, garantindo mais seguran\u00e7a e proporcionando mais qualidade de vida aos moradores da \u00e1rea.\u00a0<\/p>\n\n\n\n<p>O vice-prefeito e secret\u00e1rio de Obras, Renato Junior, destacou o empenho das equipes nos trabalhos que revitalizam os trechos de circula\u00e7\u00e3o vi\u00e1ria da cidade.<\/p>\n\n\n\n<p>\u201cNossas equipes trabalham com qualidade e pesado para transformar nossa cidade. Sob o comando do prefeito David Almeida, avan\u00e7amos com o cuidado e amor pela nossa popula\u00e7\u00e3o por meio das obras que mudam a realidade do povo. Vamos continuar nossos trabalhos todos os dias com garra e coragem, para levar a dignidade e seguran\u00e7a que as fam\u00edlias manauaras merecem\u201d, destacou Renato Junior.<\/p>\n\n\n\n<p>Os trabalhos inclu\u00edram a recupera\u00e7\u00e3o dos trechos mais comprometidos da via, corrigindo desgastes causados pelo tempo e pelo fluxo constante de ve\u00edculos. Com a interven\u00e7\u00e3o, a rua Amazonas passou a oferecer melhores condi\u00e7\u00f5es de circula\u00e7\u00e3o tanto para motoristas quanto para pedestres.<\/p>\n\n\n\n<p>A presen\u00e7a das equipes da Seminf foi bem recebida pela comunidade. Moradores do bairro demonstraram satisfa\u00e7\u00e3o com os servi\u00e7os realizados, destacando a melhoria imediata na mobilidade e no acesso \u00e0s resid\u00eancias. \u201cAgrade\u00e7o pela obra que est\u00e3o fazendo aqui na frente da minha casa. Meu carro j\u00e1 n\u00e3o estava mais entrando com facilidade e, agora, s\u00f3 tenho a agradecer \u00e0 equipe da prefeitura que est\u00e1 trabalhando duro para melhorar a minha rua\u201d, afirmou o professor Raimundo Silva, 59. &nbsp;<\/p>\n\n\n\n<p>A Prefeitura de Manaus avan\u00e7a com o projeto de recupera\u00e7\u00e3o asf\u00e1ltica na zona Leste da cidade, refor\u00e7ando o compromisso com a manuten\u00e7\u00e3o da malha vi\u00e1ria e com o bem-estar da popula\u00e7\u00e3o.&nbsp;<\/p>\n\n\n\n<p>Carlos Noronha, 42 anos, arquiteto e morador da \u00e1rea relatou a satisfa\u00e7\u00e3o com as equipes da prefeitura no local. \u201cEstou adorando, essa \u00e9 a Prefeitura de Manaus, e essa obra aqui \u00e9 de excel\u00eancia\u201d.<\/p>\n\n\n\n<p>&#8212; &#8212; &#8212;<\/p>\n\n\n\n<p><strong>Texto e fotos&nbsp;<\/strong>&#8211; Maria Amed\/ Seminf<\/p>\n","protected":false},"excerpt":{"rendered":"","protected":false},"author":23,"featured_media":251450,"comment_status":"closed","ping_status":"closed","sticky":false,"template":"","format":"standard","meta":{"footnotes":""},"categories":[47],"tags":[11849,77,133,33],"acf":[],"yoast_head":"<!-- This site is optimized with the Yoast SEO plugin v23.0 - https:\/\/yoast.com\/wordpress\/plugins\/seo\/ -->\n<title>Prefeitura de Manaus transforma via na zona Leste com a\u00e7\u00e3o de recupera\u00e7\u00e3o asf\u00e1ltica no bairro Grande Vit\u00f3ria<\/title>\n<meta name=\"description\" content=\"A Prefeitura de Manaus contemplou a rua Amazonas, no bairro Grande Vit\u00f3ria, com servi\u00e7os de recupera\u00e7\u00e3o asf\u00e1ltica executados pelas equipes da Secretaria Municipal de Infraestrutura (Seminf). A a\u00e7\u00e3o garante melhores condi\u00e7\u00f5es de tr\u00e1fego, garantindo mais seguran\u00e7a e proporcionando mais qualidade de vida aos moradores da \u00e1rea.\" \/>\n<meta name=\"robots\" content=\"index, follow, max-snippet:-1, max-image-preview:large, max-video-preview:-1\" \/>\n<link rel=\"canonical\" href=\"https:\/\/www.manaus.am.gov.br\/semcom\/prefeitura-seminf-asfalto-grandevitoria\/\" \/>\n<meta property=\"og:locale\" content=\"pt_BR\" \/>\n<meta property=\"og:type\" content=\"article\" \/>\n<meta property=\"og:title\" content=\"Prefeitura de Manaus transforma via na zona Leste com a\u00e7\u00e3o de recupera\u00e7\u00e3o asf\u00e1ltica no bairro Grande Vit\u00f3ria\" \/>\n<meta property=\"og:description\" content=\"A Prefeitura de Manaus contemplou a rua Amazonas, no bairro Grande Vit\u00f3ria, com servi\u00e7os de recupera\u00e7\u00e3o asf\u00e1ltica executados pelas equipes da Secretaria Municipal de Infraestrutura (Seminf). A a\u00e7\u00e3o garante melhores condi\u00e7\u00f5es de tr\u00e1fego, garantindo mais seguran\u00e7a e proporcionando mais qualidade de vida aos moradores da \u00e1rea.\" \/>\n<meta property=\"og:url\" content=\"https:\/\/www.manaus.am.gov.br\/semcom\/prefeitura-seminf-asfalto-grandevitoria\/\" \/>\n<meta property=\"og:site_name\" content=\"SEMCOM\" \/>\n<meta property=\"article:published_time\" content=\"2026-01-22T01:05:02+00:00\" \/>\n<meta property=\"article:modified_time\" content=\"2026-01-22T17:59:25+00:00\" \/>\n<meta property=\"og:image\" content=\"https:\/\/www.manaus.am.gov.br\/semcom\/wp-content\/uploads\/sites\/5\/2026\/01\/WhatsApp-Image-2026-01-21-at-21.01.08.jpeg\" \/>\n\t<meta property=\"og:image:width\" content=\"1600\" \/>\n\t<meta property=\"og:image:height\" content=\"1200\" \/>\n\t<meta property=\"og:image:type\" content=\"image\/jpeg\" \/>\n<meta name=\"author\" content=\"Adriana Costa\" \/>\n<meta name=\"twitter:card\" content=\"summary_large_image\" \/>\n<meta name=\"twitter:label1\" content=\"Written by\" \/>\n\t<meta name=\"twitter:data1\" content=\"Adriana Costa\" \/>\n\t<meta name=\"twitter:label2\" content=\"Est. reading time\" \/>\n\t<meta name=\"twitter:data2\" content=\"2 minutos\" \/>\n<script type=\"application\/ld+json\" class=\"yoast-schema-graph\">{\"@context\":\"https:\/\/schema.org\",\"@graph\":[{\"@type\":\"WebPage\",\"@id\":\"https:\/\/www.manaus.am.gov.br\/semcom\/prefeitura-seminf-asfalto-grandevitoria\/\",\"url\":\"https:\/\/www.manaus.am.gov.br\/semcom\/prefeitura-seminf-asfalto-grandevitoria\/\",\"name\":\"Prefeitura de Manaus transforma via na zona Leste com a\u00e7\u00e3o de recupera\u00e7\u00e3o asf\u00e1ltica no bairro Grande Vit\u00f3ria\",\"isPartOf\":{\"@id\":\"https:\/\/www.manaus.am.gov.br\/semcom\/#website\"},\"primaryImageOfPage\":{\"@id\":\"https:\/\/www.manaus.am.gov.br\/semcom\/prefeitura-seminf-asfalto-grandevitoria\/#primaryimage\"},\"image\":{\"@id\":\"https:\/\/www.manaus.am.gov.br\/semcom\/prefeitura-seminf-asfalto-grandevitoria\/#primaryimage\"},\"thumbnailUrl\":\"https:\/\/www.manaus.am.gov.br\/semcom\/wp-content\/uploads\/sites\/5\/2026\/01\/WhatsApp-Image-2026-01-21-at-21.01.08.jpeg\",\"datePublished\":\"2026-01-22T01:05:02+00:00\",\"dateModified\":\"2026-01-22T17:59:25+00:00\",\"author\":{\"@id\":\"https:\/\/www.manaus.am.gov.br\/semcom\/#\/schema\/person\/4e49f4e267757a06ca072ec61b2b9968\"},\"description\":\"A Prefeitura de Manaus contemplou a rua Amazonas, no bairro Grande Vit\u00f3ria, com servi\u00e7os de recupera\u00e7\u00e3o asf\u00e1ltica executados pelas equipes da Secretaria Municipal de Infraestrutura (Seminf). A a\u00e7\u00e3o garante melhores condi\u00e7\u00f5es de tr\u00e1fego, garantindo mais seguran\u00e7a e proporcionando mais qualidade de vida aos moradores da \u00e1rea.\",\"inLanguage\":\"pt-BR\",\"potentialAction\":[{\"@type\":\"ReadAction\",\"target\":[\"https:\/\/www.manaus.am.gov.br\/semcom\/prefeitura-seminf-asfalto-grandevitoria\/\"]}]},{\"@type\":\"ImageObject\",\"inLanguage\":\"pt-BR\",\"@id\":\"https:\/\/www.manaus.am.gov.br\/semcom\/prefeitura-seminf-asfalto-grandevitoria\/#primaryimage\",\"url\":\"https:\/\/www.manaus.am.gov.br\/semcom\/wp-content\/uploads\/sites\/5\/2026\/01\/WhatsApp-Image-2026-01-21-at-21.01.08.jpeg\",\"contentUrl\":\"https:\/\/www.manaus.am.gov.br\/semcom\/wp-content\/uploads\/sites\/5\/2026\/01\/WhatsApp-Image-2026-01-21-at-21.01.08.jpeg\",\"width\":1600,\"height\":1200,\"caption\":\"#paratodosverem - Equipe de obras da prefeitura aplica massa asf\u00e1ltica em rua do bairro Grande Vit\u00f3ria\"},{\"@type\":\"WebSite\",\"@id\":\"https:\/\/www.manaus.am.gov.br\/semcom\/#website\",\"url\":\"https:\/\/www.manaus.am.gov.br\/semcom\/\",\"name\":\"SEMCOM\",\"description\":\"Secretaria Municipal de Comunica\u00e7\u00e3o\",\"potentialAction\":[{\"@type\":\"SearchAction\",\"target\":{\"@type\":\"EntryPoint\",\"urlTemplate\":\"https:\/\/www.manaus.am.gov.br\/semcom\/?s={search_term_string}\"},\"query-input\":\"required name=search_term_string\"}],\"inLanguage\":\"pt-BR\"},{\"@type\":\"Person\",\"@id\":\"https:\/\/www.manaus.am.gov.br\/semcom\/#\/schema\/person\/4e49f4e267757a06ca072ec61b2b9968\",\"name\":\"Adriana Costa\",\"image\":{\"@type\":\"ImageObject\",\"inLanguage\":\"pt-BR\",\"@id\":\"https:\/\/www.manaus.am.gov.br\/semcom\/#\/schema\/person\/image\/\",\"url\":\"https:\/\/secure.gravatar.com\/avatar\/576258617ef7194f718179e766d57bd4?s=96&d=mm&r=g\",\"contentUrl\":\"https:\/\/secure.gravatar.com\/avatar\/576258617ef7194f718179e766d57bd4?s=96&d=mm&r=g\",\"caption\":\"Adriana Costa\"}}]}<\/script>\n<!-- \/ Yoast SEO plugin. -->","yoast_head_json":{"title":"Prefeitura de Manaus transforma via na zona Leste com a\u00e7\u00e3o de recupera\u00e7\u00e3o asf\u00e1ltica no bairro Grande Vit\u00f3ria","description":"A Prefeitura de Manaus contemplou a rua Amazonas, no bairro Grande Vit\u00f3ria, com servi\u00e7os de recupera\u00e7\u00e3o asf\u00e1ltica executados pelas equipes da Secretaria Municipal de Infraestrutura (Seminf). A a\u00e7\u00e3o garante melhores condi\u00e7\u00f5es de tr\u00e1fego, garantindo mais seguran\u00e7a e proporcionando mais qualidade de vida aos moradores da \u00e1rea.","robots":{"index":"index","follow":"follow","max-snippet":"max-snippet:-1","max-image-preview":"max-image-preview:large","max-video-preview":"max-video-preview:-1"},"canonical":"https:\/\/www.manaus.am.gov.br\/semcom\/prefeitura-seminf-asfalto-grandevitoria\/","og_locale":"pt_BR","og_type":"article","og_title":"Prefeitura de Manaus transforma via na zona Leste com a\u00e7\u00e3o de recupera\u00e7\u00e3o asf\u00e1ltica no bairro Grande Vit\u00f3ria","og_description":"A Prefeitura de Manaus contemplou a rua Amazonas, no bairro Grande Vit\u00f3ria, com servi\u00e7os de recupera\u00e7\u00e3o asf\u00e1ltica executados pelas equipes da Secretaria Municipal de Infraestrutura (Seminf). A a\u00e7\u00e3o garante melhores condi\u00e7\u00f5es de tr\u00e1fego, garantindo mais seguran\u00e7a e proporcionando mais qualidade de vida aos moradores da \u00e1rea.","og_url":"https:\/\/www.manaus.am.gov.br\/semcom\/prefeitura-seminf-asfalto-grandevitoria\/","og_site_name":"SEMCOM","article_published_time":"2026-01-22T01:05:02+00:00","article_modified_time":"2026-01-22T17:59:25+00:00","og_image":[{"width":1600,"height":1200,"url":"https:\/\/www.manaus.am.gov.br\/semcom\/wp-content\/uploads\/sites\/5\/2026\/01\/WhatsApp-Image-2026-01-21-at-21.01.08.jpeg","type":"image\/jpeg"}],"author":"Adriana Costa","twitter_card":"summary_large_image","twitter_misc":{"Written by":"Adriana Costa","Est. reading time":"2 minutos"},"schema":{"@context":"https:\/\/schema.org","@graph":[{"@type":"WebPage","@id":"https:\/\/www.manaus.am.gov.br\/semcom\/prefeitura-seminf-asfalto-grandevitoria\/","url":"https:\/\/www.manaus.am.gov.br\/semcom\/prefeitura-seminf-asfalto-grandevitoria\/","name":"Prefeitura de Manaus transforma via na zona Leste com a\u00e7\u00e3o de recupera\u00e7\u00e3o asf\u00e1ltica no bairro Grande Vit\u00f3ria","isPartOf":{"@id":"https:\/\/www.manaus.am.gov.br\/semcom\/#website"},"primaryImageOfPage":{"@id":"https:\/\/www.manaus.am.gov.br\/semcom\/prefeitura-seminf-asfalto-grandevitoria\/#primaryimage"},"image":{"@id":"https:\/\/www.manaus.am.gov.br\/semcom\/prefeitura-seminf-asfalto-grandevitoria\/#primaryimage"},"thumbnailUrl":"https:\/\/www.manaus.am.gov.br\/semcom\/wp-content\/uploads\/sites\/5\/2026\/01\/WhatsApp-Image-2026-01-21-at-21.01.08.jpeg","datePublished":"2026-01-22T01:05:02+00:00","dateModified":"2026-01-22T17:59:25+00:00","author":{"@id":"https:\/\/www.manaus.am.gov.br\/semcom\/#\/schema\/person\/4e49f4e267757a06ca072ec61b2b9968"},"description":"A Prefeitura de Manaus contemplou a rua Amazonas, no bairro Grande Vit\u00f3ria, com servi\u00e7os de recupera\u00e7\u00e3o asf\u00e1ltica executados pelas equipes da Secretaria Municipal de Infraestrutura (Seminf). A a\u00e7\u00e3o garante melhores condi\u00e7\u00f5es de tr\u00e1fego, garantindo mais seguran\u00e7a e proporcionando mais qualidade de vida aos moradores da \u00e1rea.","inLanguage":"pt-BR","potentialAction":[{"@type":"ReadAction","target":["https:\/\/www.manaus.am.gov.br\/semcom\/prefeitura-seminf-asfalto-grandevitoria\/"]}]},{"@type":"ImageObject","inLanguage":"pt-BR","@id":"https:\/\/www.manaus.am.gov.br\/semcom\/prefeitura-seminf-asfalto-grandevitoria\/#primaryimage","url":"https:\/\/www.manaus.am.gov.br\/semcom\/wp-content\/uploads\/sites\/5\/2026\/01\/WhatsApp-Image-2026-01-21-at-21.01.08.jpeg","contentUrl":"https:\/\/www.manaus.am.gov.br\/semcom\/wp-content\/uploads\/sites\/5\/2026\/01\/WhatsApp-Image-2026-01-21-at-21.01.08.jpeg","width":1600,"height":1200,"caption":"#paratodosverem - Equipe de obras da prefeitura aplica massa asf\u00e1ltica em rua do bairro Grande Vit\u00f3ria"},{"@type":"WebSite","@id":"https:\/\/www.manaus.am.gov.br\/semcom\/#website","url":"https:\/\/www.manaus.am.gov.br\/semcom\/","name":"SEMCOM","description":"Secretaria Municipal de Comunica\u00e7\u00e3o","potentialAction":[{"@type":"SearchAction","target":{"@type":"EntryPoint","urlTemplate":"https:\/\/www.manaus.am.gov.br\/semcom\/?s={search_term_string}"},"query-input":"required name=search_term_string"}],"inLanguage":"pt-BR"},{"@type":"Person","@id":"https:\/\/www.manaus.am.gov.br\/semcom\/#\/schema\/person\/4e49f4e267757a06ca072ec61b2b9968","name":"Adriana Costa","image":{"@type":"ImageObject","inLanguage":"pt-BR","@id":"https:\/\/www.manaus.am.gov.br\/semcom\/#\/schema\/person\/image\/","url":"https:\/\/secure.gravatar.com\/avatar\/576258617ef7194f718179e766d57bd4?s=96&d=mm&r=g","contentUrl":"https:\/\/secure.gravatar.com\/avatar\/576258617ef7194f718179e766d57bd4?s=96&d=mm&r=g","caption":"Adriana Costa"}}]}},"_links":{"self":[{"href":"https:\/\/www.manaus.am.gov.br\/semcom\/wp-json\/wp\/v2\/posts\/251449"}],"collection":[{"href":"https:\/\/www.manaus.am.gov.br\/semcom\/wp-json\/wp\/v2\/posts"}],"about":[{"href":"https:\/\/www.manaus.am.gov.br\/semcom\/wp-json\/wp\/v2\/types\/post"}],"author":[{"embeddable":true,"href":"https:\/\/www.manaus.am.gov.br\/semcom\/wp-json\/wp\/v2\/users\/23"}],"replies":[{"embeddable":true,"href":"https:\/\/www.manaus.am.gov.br\/semcom\/wp-json\/wp\/v2\/comments?post=251449"}],"version-history":[{"count":1,"href":"https:\/\/www.manaus.am.gov.br\/semcom\/wp-json\/wp\/v2\/posts\/251449\/revisions"}],"predecessor-version":[{"id":251505,"href":"https:\/\/www.manaus.am.gov.br\/semcom\/wp-json\/wp\/v2\/posts\/251449\/revisions\/251505"}],"wp:featuredmedia":[{"embeddable":true,"href":"https:\/\/www.manaus.am.gov.br\/semcom\/wp-json\/wp\/v2\/media\/251450"}],"wp:attachment":[{"href":"https:\/\/www.manaus.am.gov.br\/semcom\/wp-json\/wp\/v2\/media?parent=251449"}],"wp:term":[{"taxonomy":"category","embeddable":true,"href":"https:\/\/www.manaus.am.gov.br\/semcom\/wp-json\/wp\/v2\/categories?post=251449"},{"taxonomy":"post_tag","embeddable":true,"href":"https:\/\/www.manaus.am.gov.br\/semcom\/wp-json\/wp\/v2\/tags?post=251449"}],"curies":[{"name":"wp","href":"https:\/\/api.w.org\/{rel}","templated":true}]}}