{"id":251444,"date":"2026-01-21T21:07:38","date_gmt":"2026-01-22T00:07:38","guid":{"rendered":"https:\/\/www.manaus.am.gov.br\/semcom\/prefeitura-seminf-centro-oeste-2\/"},"modified":"2026-01-22T14:44:03","modified_gmt":"2026-01-22T17:44:03","slug":"prefeitura-seminf-obra-emergencial-centro-oeste-2","status":"publish","type":"post","link":"https:\/\/www.manaus.am.gov.br\/semcom\/prefeitura-seminf-obra-emergencial-centro-oeste-2\/","title":{"rendered":"Prefeitura de Manaus realiza opera\u00e7\u00e3o emergencial ap\u00f3s chuvas intensas na zona Centro-Oeste"},"content":{"rendered":"\n<p>As equipes da <a href=\"https:\/\/www.manaus.am.gov.br\">Prefeitura de Manaus<\/a>, por meio da <a href=\"https:\/\/www.instagram.com\/seminf.manaus\/\">Secretaria Municipal de Infraestrutura<\/a> (Seminf), trabalharam, nesta quarta-feira, 21\/1, em uma obra emergencial na rua Waldemar Pereira de Souza, no bairro Planalto, zona Centro-Oeste da capital, com a recupera\u00e7\u00e3o do sistema de drenagem da via. Um trecho da rede se rompeu em decorr\u00eancia de sobrecarga ap\u00f3s o intenso volume de \u00e1guas pluviais deste dia.<\/p>\n\n\n\n<p>O vice-prefeito e secret\u00e1rio de Obras, Renato Junior, explicou a relev\u00e2ncia de obras como esta, e reafirmou o compromisso da gest\u00e3o municipal com o cuidado e aten\u00e7\u00e3o aos moradores. \u201cEstamos preparados para atender as demandas da popula\u00e7\u00e3o a qualquer momento e, em situa\u00e7\u00f5es como essa, em que os imprevistos clim\u00e1ticos acontecem, nossas equipes rapidamente se mobilizam e fazem a transforma\u00e7\u00e3o acontecer. O prefeito David Almeida determina e n\u00f3s cumprimos, seguimos avan\u00e7ando em obras que mudam a realidade do nosso povo para melhor\u201d, destacou Renato Junior.<\/p>\n\n\n\n<p>Atuando em pronta resposta, as equipes da Seminf trabalham com agilidade e efici\u00eancia, utilizando m\u00e1quinas, materiais e ferramentas especializadas para o desenvolvimento da obra emergencial. Com maior brevidade poss\u00edvel, as equipes realizar\u00e3o a entrega da obra, com a substitui\u00e7\u00e3o de todos os tubos antes deteriorados.<\/p>\n\n\n\n<p>A Prefeitura de Manaus segue em atividades e reafirma seu compromisso com a popula\u00e7\u00e3o, em transformar a infraestrutura dos bairros da capital, e avan\u00e7ar em melhorias para devolver a maior seguran\u00e7a e mais dignidade aos moradores.<\/p>\n\n\n\n<p>&#8212; &#8212; &#8212;<\/p>\n\n\n\n<p><strong>Texto&nbsp;<\/strong>&#8211; Maria Amed\/ Seminf<\/p>\n\n\n\n<p><strong>Fotos&nbsp;<\/strong>&#8211; Sayanne Monteiro\/ Seminf<\/p>\n","protected":false},"excerpt":{"rendered":"","protected":false},"author":23,"featured_media":251445,"comment_status":"closed","ping_status":"closed","sticky":false,"template":"","format":"standard","meta":{"footnotes":""},"categories":[198],"tags":[442,77,33,105],"acf":[],"yoast_head":"<!-- This site is optimized with the Yoast SEO plugin v23.0 - https:\/\/yoast.com\/wordpress\/plugins\/seo\/ -->\n<title>Prefeitura de Manaus realiza opera\u00e7\u00e3o emergencial ap\u00f3s chuvas intensas na zona Centro-Oeste<\/title>\n<meta name=\"description\" content=\"As equipes da Prefeitura de Manaus, por meio da Secretaria Municipal de Infraestrutura (Seminf), trabalharam, nesta quarta-feira, 21\/1, em uma obra emergencial na rua Waldemar Pereira de Souza, no bairro Planalto, zona Centro-Oeste da capital, com a recupera\u00e7\u00e3o do sistema de drenagem da via. Um trecho da rede se rompeu em decorr\u00eancia de sobrecarga ap\u00f3s o intenso volume de \u00e1guas pluviais deste dia.\" \/>\n<meta name=\"robots\" content=\"index, follow, max-snippet:-1, max-image-preview:large, max-video-preview:-1\" \/>\n<link rel=\"canonical\" href=\"https:\/\/www.manaus.am.gov.br\/semcom\/prefeitura-seminf-centro-oeste-2\/\" \/>\n<meta property=\"og:locale\" content=\"pt_BR\" \/>\n<meta property=\"og:type\" content=\"article\" \/>\n<meta property=\"og:title\" content=\"Prefeitura de Manaus realiza opera\u00e7\u00e3o emergencial ap\u00f3s chuvas intensas na zona Centro-Oeste\" \/>\n<meta property=\"og:description\" content=\"As equipes da Prefeitura de Manaus, por meio da Secretaria Municipal de Infraestrutura (Seminf), trabalharam, nesta quarta-feira, 21\/1, em uma obra emergencial na rua Waldemar Pereira de Souza, no bairro Planalto, zona Centro-Oeste da capital, com a recupera\u00e7\u00e3o do sistema de drenagem da via. Um trecho da rede se rompeu em decorr\u00eancia de sobrecarga ap\u00f3s o intenso volume de \u00e1guas pluviais deste dia.\" \/>\n<meta property=\"og:url\" content=\"https:\/\/www.manaus.am.gov.br\/semcom\/prefeitura-seminf-centro-oeste-2\/\" \/>\n<meta property=\"og:site_name\" content=\"SEMCOM\" \/>\n<meta property=\"article:published_time\" content=\"2026-01-22T00:07:38+00:00\" \/>\n<meta property=\"article:modified_time\" content=\"2026-01-22T17:44:03+00:00\" \/>\n<meta property=\"og:image\" content=\"https:\/\/www.manaus.am.gov.br\/semcom\/wp-content\/uploads\/sites\/5\/2026\/01\/IMG_2948-1024x768.jpg\" \/>\n\t<meta property=\"og:image:width\" content=\"1024\" \/>\n\t<meta property=\"og:image:height\" content=\"768\" \/>\n\t<meta property=\"og:image:type\" content=\"image\/jpeg\" \/>\n<meta name=\"author\" content=\"Adriana Costa\" \/>\n<meta name=\"twitter:card\" content=\"summary_large_image\" \/>\n<meta name=\"twitter:label1\" content=\"Written by\" \/>\n\t<meta name=\"twitter:data1\" content=\"Adriana Costa\" \/>\n\t<meta name=\"twitter:label2\" content=\"Est. reading time\" \/>\n\t<meta name=\"twitter:data2\" content=\"2 minutos\" \/>\n<script type=\"application\/ld+json\" class=\"yoast-schema-graph\">{\"@context\":\"https:\/\/schema.org\",\"@graph\":[{\"@type\":\"WebPage\",\"@id\":\"https:\/\/www.manaus.am.gov.br\/semcom\/prefeitura-seminf-centro-oeste-2\/\",\"url\":\"https:\/\/www.manaus.am.gov.br\/semcom\/prefeitura-seminf-centro-oeste-2\/\",\"name\":\"Prefeitura de Manaus realiza opera\u00e7\u00e3o emergencial ap\u00f3s chuvas intensas na zona Centro-Oeste\",\"isPartOf\":{\"@id\":\"https:\/\/www.manaus.am.gov.br\/semcom\/#website\"},\"primaryImageOfPage\":{\"@id\":\"https:\/\/www.manaus.am.gov.br\/semcom\/prefeitura-seminf-centro-oeste-2\/#primaryimage\"},\"image\":{\"@id\":\"https:\/\/www.manaus.am.gov.br\/semcom\/prefeitura-seminf-centro-oeste-2\/#primaryimage\"},\"thumbnailUrl\":\"https:\/\/www.manaus.am.gov.br\/semcom\/wp-content\/uploads\/sites\/5\/2026\/01\/IMG_2948.jpg\",\"datePublished\":\"2026-01-22T00:07:38+00:00\",\"dateModified\":\"2026-01-22T17:44:03+00:00\",\"author\":{\"@id\":\"https:\/\/www.manaus.am.gov.br\/semcom\/#\/schema\/person\/4e49f4e267757a06ca072ec61b2b9968\"},\"description\":\"As equipes da Prefeitura de Manaus, por meio da Secretaria Municipal de Infraestrutura (Seminf), trabalharam, nesta quarta-feira, 21\/1, em uma obra emergencial na rua Waldemar Pereira de Souza, no bairro Planalto, zona Centro-Oeste da capital, com a recupera\u00e7\u00e3o do sistema de drenagem da via. Um trecho da rede se rompeu em decorr\u00eancia de sobrecarga ap\u00f3s o intenso volume de \u00e1guas pluviais deste dia.\",\"inLanguage\":\"pt-BR\",\"potentialAction\":[{\"@type\":\"ReadAction\",\"target\":[\"https:\/\/www.manaus.am.gov.br\/semcom\/prefeitura-seminf-centro-oeste-2\/\"]}]},{\"@type\":\"ImageObject\",\"inLanguage\":\"pt-BR\",\"@id\":\"https:\/\/www.manaus.am.gov.br\/semcom\/prefeitura-seminf-centro-oeste-2\/#primaryimage\",\"url\":\"https:\/\/www.manaus.am.gov.br\/semcom\/wp-content\/uploads\/sites\/5\/2026\/01\/IMG_2948.jpg\",\"contentUrl\":\"https:\/\/www.manaus.am.gov.br\/semcom\/wp-content\/uploads\/sites\/5\/2026\/01\/IMG_2948.jpg\",\"width\":5712,\"height\":4284,\"caption\":\"#paratodosverem - Trabalhadores da Seminf atuam em obra emergencial por conta das chuvas intensas em Manaus\"},{\"@type\":\"WebSite\",\"@id\":\"https:\/\/www.manaus.am.gov.br\/semcom\/#website\",\"url\":\"https:\/\/www.manaus.am.gov.br\/semcom\/\",\"name\":\"SEMCOM\",\"description\":\"Secretaria Municipal de Comunica\u00e7\u00e3o\",\"potentialAction\":[{\"@type\":\"SearchAction\",\"target\":{\"@type\":\"EntryPoint\",\"urlTemplate\":\"https:\/\/www.manaus.am.gov.br\/semcom\/?s={search_term_string}\"},\"query-input\":\"required name=search_term_string\"}],\"inLanguage\":\"pt-BR\"},{\"@type\":\"Person\",\"@id\":\"https:\/\/www.manaus.am.gov.br\/semcom\/#\/schema\/person\/4e49f4e267757a06ca072ec61b2b9968\",\"name\":\"Adriana Costa\",\"image\":{\"@type\":\"ImageObject\",\"inLanguage\":\"pt-BR\",\"@id\":\"https:\/\/www.manaus.am.gov.br\/semcom\/#\/schema\/person\/image\/\",\"url\":\"https:\/\/secure.gravatar.com\/avatar\/576258617ef7194f718179e766d57bd4?s=96&d=mm&r=g\",\"contentUrl\":\"https:\/\/secure.gravatar.com\/avatar\/576258617ef7194f718179e766d57bd4?s=96&d=mm&r=g\",\"caption\":\"Adriana Costa\"}}]}<\/script>\n<!-- \/ Yoast SEO plugin. -->","yoast_head_json":{"title":"Prefeitura de Manaus realiza opera\u00e7\u00e3o emergencial ap\u00f3s chuvas intensas na zona Centro-Oeste","description":"As equipes da Prefeitura de Manaus, por meio da Secretaria Municipal de Infraestrutura (Seminf), trabalharam, nesta quarta-feira, 21\/1, em uma obra emergencial na rua Waldemar Pereira de Souza, no bairro Planalto, zona Centro-Oeste da capital, com a recupera\u00e7\u00e3o do sistema de drenagem da via. Um trecho da rede se rompeu em decorr\u00eancia de sobrecarga ap\u00f3s o intenso volume de \u00e1guas pluviais deste dia.","robots":{"index":"index","follow":"follow","max-snippet":"max-snippet:-1","max-image-preview":"max-image-preview:large","max-video-preview":"max-video-preview:-1"},"canonical":"https:\/\/www.manaus.am.gov.br\/semcom\/prefeitura-seminf-centro-oeste-2\/","og_locale":"pt_BR","og_type":"article","og_title":"Prefeitura de Manaus realiza opera\u00e7\u00e3o emergencial ap\u00f3s chuvas intensas na zona Centro-Oeste","og_description":"As equipes da Prefeitura de Manaus, por meio da Secretaria Municipal de Infraestrutura (Seminf), trabalharam, nesta quarta-feira, 21\/1, em uma obra emergencial na rua Waldemar Pereira de Souza, no bairro Planalto, zona Centro-Oeste da capital, com a recupera\u00e7\u00e3o do sistema de drenagem da via. Um trecho da rede se rompeu em decorr\u00eancia de sobrecarga ap\u00f3s o intenso volume de \u00e1guas pluviais deste dia.","og_url":"https:\/\/www.manaus.am.gov.br\/semcom\/prefeitura-seminf-centro-oeste-2\/","og_site_name":"SEMCOM","article_published_time":"2026-01-22T00:07:38+00:00","article_modified_time":"2026-01-22T17:44:03+00:00","og_image":[{"width":1024,"height":768,"url":"https:\/\/www.manaus.am.gov.br\/semcom\/wp-content\/uploads\/sites\/5\/2026\/01\/IMG_2948-1024x768.jpg","type":"image\/jpeg"}],"author":"Adriana Costa","twitter_card":"summary_large_image","twitter_misc":{"Written by":"Adriana Costa","Est. reading time":"2 minutos"},"schema":{"@context":"https:\/\/schema.org","@graph":[{"@type":"WebPage","@id":"https:\/\/www.manaus.am.gov.br\/semcom\/prefeitura-seminf-centro-oeste-2\/","url":"https:\/\/www.manaus.am.gov.br\/semcom\/prefeitura-seminf-centro-oeste-2\/","name":"Prefeitura de Manaus realiza opera\u00e7\u00e3o emergencial ap\u00f3s chuvas intensas na zona Centro-Oeste","isPartOf":{"@id":"https:\/\/www.manaus.am.gov.br\/semcom\/#website"},"primaryImageOfPage":{"@id":"https:\/\/www.manaus.am.gov.br\/semcom\/prefeitura-seminf-centro-oeste-2\/#primaryimage"},"image":{"@id":"https:\/\/www.manaus.am.gov.br\/semcom\/prefeitura-seminf-centro-oeste-2\/#primaryimage"},"thumbnailUrl":"https:\/\/www.manaus.am.gov.br\/semcom\/wp-content\/uploads\/sites\/5\/2026\/01\/IMG_2948.jpg","datePublished":"2026-01-22T00:07:38+00:00","dateModified":"2026-01-22T17:44:03+00:00","author":{"@id":"https:\/\/www.manaus.am.gov.br\/semcom\/#\/schema\/person\/4e49f4e267757a06ca072ec61b2b9968"},"description":"As equipes da Prefeitura de Manaus, por meio da Secretaria Municipal de Infraestrutura (Seminf), trabalharam, nesta quarta-feira, 21\/1, em uma obra emergencial na rua Waldemar Pereira de Souza, no bairro Planalto, zona Centro-Oeste da capital, com a recupera\u00e7\u00e3o do sistema de drenagem da via. Um trecho da rede se rompeu em decorr\u00eancia de sobrecarga ap\u00f3s o intenso volume de \u00e1guas pluviais deste dia.","inLanguage":"pt-BR","potentialAction":[{"@type":"ReadAction","target":["https:\/\/www.manaus.am.gov.br\/semcom\/prefeitura-seminf-centro-oeste-2\/"]}]},{"@type":"ImageObject","inLanguage":"pt-BR","@id":"https:\/\/www.manaus.am.gov.br\/semcom\/prefeitura-seminf-centro-oeste-2\/#primaryimage","url":"https:\/\/www.manaus.am.gov.br\/semcom\/wp-content\/uploads\/sites\/5\/2026\/01\/IMG_2948.jpg","contentUrl":"https:\/\/www.manaus.am.gov.br\/semcom\/wp-content\/uploads\/sites\/5\/2026\/01\/IMG_2948.jpg","width":5712,"height":4284,"caption":"#paratodosverem - Trabalhadores da Seminf atuam em obra emergencial por conta das chuvas intensas em Manaus"},{"@type":"WebSite","@id":"https:\/\/www.manaus.am.gov.br\/semcom\/#website","url":"https:\/\/www.manaus.am.gov.br\/semcom\/","name":"SEMCOM","description":"Secretaria Municipal de Comunica\u00e7\u00e3o","potentialAction":[{"@type":"SearchAction","target":{"@type":"EntryPoint","urlTemplate":"https:\/\/www.manaus.am.gov.br\/semcom\/?s={search_term_string}"},"query-input":"required name=search_term_string"}],"inLanguage":"pt-BR"},{"@type":"Person","@id":"https:\/\/www.manaus.am.gov.br\/semcom\/#\/schema\/person\/4e49f4e267757a06ca072ec61b2b9968","name":"Adriana Costa","image":{"@type":"ImageObject","inLanguage":"pt-BR","@id":"https:\/\/www.manaus.am.gov.br\/semcom\/#\/schema\/person\/image\/","url":"https:\/\/secure.gravatar.com\/avatar\/576258617ef7194f718179e766d57bd4?s=96&d=mm&r=g","contentUrl":"https:\/\/secure.gravatar.com\/avatar\/576258617ef7194f718179e766d57bd4?s=96&d=mm&r=g","caption":"Adriana Costa"}}]}},"_links":{"self":[{"href":"https:\/\/www.manaus.am.gov.br\/semcom\/wp-json\/wp\/v2\/posts\/251444"}],"collection":[{"href":"https:\/\/www.manaus.am.gov.br\/semcom\/wp-json\/wp\/v2\/posts"}],"about":[{"href":"https:\/\/www.manaus.am.gov.br\/semcom\/wp-json\/wp\/v2\/types\/post"}],"author":[{"embeddable":true,"href":"https:\/\/www.manaus.am.gov.br\/semcom\/wp-json\/wp\/v2\/users\/23"}],"replies":[{"embeddable":true,"href":"https:\/\/www.manaus.am.gov.br\/semcom\/wp-json\/wp\/v2\/comments?post=251444"}],"version-history":[{"count":1,"href":"https:\/\/www.manaus.am.gov.br\/semcom\/wp-json\/wp\/v2\/posts\/251444\/revisions"}],"predecessor-version":[{"id":251502,"href":"https:\/\/www.manaus.am.gov.br\/semcom\/wp-json\/wp\/v2\/posts\/251444\/revisions\/251502"}],"wp:featuredmedia":[{"embeddable":true,"href":"https:\/\/www.manaus.am.gov.br\/semcom\/wp-json\/wp\/v2\/media\/251445"}],"wp:attachment":[{"href":"https:\/\/www.manaus.am.gov.br\/semcom\/wp-json\/wp\/v2\/media?parent=251444"}],"wp:term":[{"taxonomy":"category","embeddable":true,"href":"https:\/\/www.manaus.am.gov.br\/semcom\/wp-json\/wp\/v2\/categories?post=251444"},{"taxonomy":"post_tag","embeddable":true,"href":"https:\/\/www.manaus.am.gov.br\/semcom\/wp-json\/wp\/v2\/tags?post=251444"}],"curies":[{"name":"wp","href":"https:\/\/api.w.org\/{rel}","templated":true}]}}