{"id":251440,"date":"2026-01-21T18:35:35","date_gmt":"2026-01-21T22:35:35","guid":{"rendered":"https:\/\/www.manaus.am.gov.br\/semcom\/prefeitura-coloniadeferias-parque\/"},"modified":"2026-01-22T14:38:49","modified_gmt":"2026-01-22T17:38:49","slug":"prefeitura-coloniadeferias-parque-cidade-da-crianca","status":"publish","type":"post","link":"https:\/\/www.manaus.am.gov.br\/semcom\/prefeitura-coloniadeferias-parque-cidade-da-crianca\/","title":{"rendered":"Primeira col\u00f4nia de f\u00e9rias da Prefeitura de Manaus re\u00fane 510 crian\u00e7as no parque Cidade da Crian\u00e7a"},"content":{"rendered":"\n<p>Com uma programa\u00e7\u00e3o repleta de brincadeiras, oficinas, conta\u00e7\u00e3o de hist\u00f3rias, recrea\u00e7\u00e3o e viv\u00eancias culturais e ambientais, a <a href=\"https:\/\/www.manaus.am.gov.br\">Prefeitura de Manaus<\/a>, por meio da Secretaria Municipal de Educa\u00e7\u00e3o (Semed), iniciou, nesta quarta-feira, 21\/1, a col\u00f4nia de f\u00e9rias \u201cNo Quintal do Parque\u201d, no <a href=\"https:\/\/www.instagram.com\/parquecidadedacriancaoficial\/\">parque Cidade da Crian\u00e7a<\/a>, localizado no bairro Aleixo, zona Centro-Sul da capital. A a\u00e7\u00e3o segue at\u00e9 o dia 31 de janeiro e deve atender aproximadamente 510 crian\u00e7as, de 3 a 12 anos, acompanhadas de seus respons\u00e1veis.<\/p>\n\n\n\n<p>O projeto tem como objetivo oferecer op\u00e7\u00f5es gratuitas de lazer \u00e0s 510 crian\u00e7as inscritas durante o per\u00edodo de f\u00e9rias escolares. A programa\u00e7\u00e3o principal acontece das 14h \u00e0s 16h30, com credenciamento a partir das 14h.<\/p>\n\n\n\n<p>O titular da Semed, J\u00fanior Mar, destacou a revitaliza\u00e7\u00e3o do parque e a programa\u00e7\u00e3o prevista para ao longo do ano. \u201cO parque est\u00e1 totalmente revitalizado, com estruturas f\u00edsicas novas, al\u00e9m de ideias e propostas renovadas. A equipe organizou a col\u00f4nia de f\u00e9rias, que \u00e9 a nossa primeira atividade especial de 2026. \u00c9 o pontap\u00e9 inicial na programa\u00e7\u00e3o do parque, que preserva as brincadeiras da inf\u00e2ncia. Aqui, oferecemos jogos recreativos e educativos, com muita din\u00e2mica, para que as crian\u00e7as deixem o celular de lado e vivenciem o mundo real, desenvolvendo habilidades, se divertindo e sendo felizes. \u00c9 o parque que preserva as inf\u00e2ncias na gest\u00e3o do prefeito David Almeida\u201d, declarou J\u00fanior Mar.<\/p>\n\n\n\n<p>De acordo com o diretor do parque Cidade da Crian\u00e7a, Thiago Nogueira, a col\u00f4nia de f\u00e9rias foi pensada como o cart\u00e3o de visita do espa\u00e7o, e outras atividades j\u00e1 est\u00e3o sendo planejadas. \u201cN\u00f3s idealizamos uma atividade que representasse o parque. As inscri\u00e7\u00f5es foram realizadas atrav\u00e9s de um link na internet, nosso principal canal de comunica\u00e7\u00e3o, onde divulgamos toda a programa\u00e7\u00e3o. O cadastro foi necess\u00e1rio para garantir um quantitativo de crian\u00e7as que pudesse ser atendido com seguran\u00e7a. Em apenas meia hora, a expectativa foi alcan\u00e7ada. Ao todo, mais de 500 crian\u00e7as est\u00e3o inscritas para os dez dias de programa\u00e7\u00e3o, com uma m\u00e9dia di\u00e1ria de 50 a 60 participantes. J\u00e1 adiantamos que, em fevereiro, estamos planejando o baile infantil, sempre com foco ambiental e educacional\u201d, afirmou Thiago.<\/p>\n\n\n\n<p>A dona de casa Marcela Raposo levou os tr\u00eas filhos para a col\u00f4nia de f\u00e9rias e elogiou a iniciativa, destacando a diversidade das atividades oferecidas. \u201cGostei muito da proposta. Vi a divulga\u00e7\u00e3o no Instagram, fiz a inscri\u00e7\u00e3o e consegui vaga logo no primeiro dia. A ideia \u00e9 tirar as crian\u00e7as um pouco da televis\u00e3o e do celular e traz\u00ea-las para aproveitar as f\u00e9rias aqui no parque\u201d, afirmou Marcela.<\/p>\n\n\n\n<figure class=\"wp-block-image size-full\"><img loading=\"lazy\" decoding=\"async\" width=\"799\" height=\"533\" src=\"https:\/\/www.manaus.am.gov.br\/semcom\/wp-content\/uploads\/sites\/5\/2026\/01\/55053193092_c2d95e1efb_c.jpg\" alt=\"\" class=\"wp-image-251441\" srcset=\"https:\/\/www.manaus.am.gov.br\/semcom\/wp-content\/uploads\/sites\/5\/2026\/01\/55053193092_c2d95e1efb_c.jpg 799w, https:\/\/www.manaus.am.gov.br\/semcom\/wp-content\/uploads\/sites\/5\/2026\/01\/55053193092_c2d95e1efb_c-300x200.jpg 300w, https:\/\/www.manaus.am.gov.br\/semcom\/wp-content\/uploads\/sites\/5\/2026\/01\/55053193092_c2d95e1efb_c-768x512.jpg 768w\" sizes=\"(max-width: 799px) 100vw, 799px\" \/><\/figure>\n\n\n\n<p>Atividades<\/p>\n\n\n\n<p>Durante a programa\u00e7\u00e3o da col\u00f4nia de f\u00e9rias, as crian\u00e7as participar\u00e3o de diversas atividades pensadas para promover divers\u00e3o, aprendizado e desenvolvimento, sempre respeitando a faixa et\u00e1ria de cada grupo. Entre as a\u00e7\u00f5es propostas est\u00e3o os Jogos Simb\u00f3licos no Parque, o Circuito Baby, a Gincana do Parque, a Musicaliza\u00e7\u00e3o, os Jogos Tradicionais, a Ioga, o Ateli\u00ea das Artes, as Brincadeiras Tradicionais, o Ateli\u00ea Criativo, al\u00e9m de Jogos de Combate e aulas de Kung Fu.<\/p>\n\n\n\n<p>Cada atividade \u00e9 cuidadosamente planejada e adaptada de acordo com a idade das crian\u00e7as, garantindo seguran\u00e7a, inclus\u00e3o e est\u00edmulos adequados \u00e0s habilidades f\u00edsicas, cognitivas e emocionais de cada participante.<\/p>\n\n\n\n<p>Hor\u00e1rio e Funcionamento do Parque<\/p>\n\n\n\n<p>O parque abre de ter\u00e7a a sexta-feira, das 9h \u00e0s 17h, e aos s\u00e1bados e domingos, das 9h \u00e0s 18h, funcionando de forma cont\u00ednua, sem intervalo para almo\u00e7o. Para maior conforto das crian\u00e7as, recomenda-se que tragam garrafa de \u00e1gua, lanche individual, quando necess\u00e1rio, roupas leves e confort\u00e1veis, al\u00e9m do uso de protetor solar e repelente.<\/p>\n\n\n\n<p>&#8212; &#8212; &#8212;<\/p>\n\n\n\n<p><strong>Texto<\/strong> &#8211; Thalia Rodrigues e Jorgiane Castinares\/Semed<\/p>\n\n\n\n<p><strong>Fotos<\/strong> &#8211; Jo\u00e3o Viana\/Semcom<\/p>\n\n\n\n<p><strong>Dispon\u00edveis em<\/strong> &#8211;&nbsp;<a href=\"https:\/\/flic.kr\/s\/aHBqjCHboe\" target=\"_blank\" rel=\"noreferrer noopener\">https:\/\/flic.kr\/s\/aHBqjCHboe<\/a><\/p>\n","protected":false},"excerpt":{"rendered":"","protected":false},"author":23,"featured_media":251442,"comment_status":"closed","ping_status":"closed","sticky":false,"template":"","format":"standard","meta":{"footnotes":""},"categories":[670],"tags":[672,5339,77,62],"acf":[],"yoast_head":"<!-- This site is optimized with the Yoast SEO plugin v23.0 - https:\/\/yoast.com\/wordpress\/plugins\/seo\/ -->\n<title>Primeira col\u00f4nia de f\u00e9rias da Prefeitura de Manaus re\u00fane 510 crian\u00e7as no parque Cidade da Crian\u00e7a<\/title>\n<meta name=\"description\" content=\"Com uma programa\u00e7\u00e3o repleta de brincadeiras, oficinas, conta\u00e7\u00e3o de hist\u00f3rias, recrea\u00e7\u00e3o e viv\u00eancias culturais e ambientais, a Prefeitura de Manaus, por meio da Secretaria Municipal de Educa\u00e7\u00e3o (Semed), iniciou, nesta quarta-feira, 21\/1, a col\u00f4nia de f\u00e9rias \u201cNo Quintal do Parque\u201d, no parque Cidade da Crian\u00e7a, localizado no bairro Aleixo, zona Centro-Sul da capital.\" \/>\n<meta name=\"robots\" content=\"index, follow, max-snippet:-1, max-image-preview:large, max-video-preview:-1\" \/>\n<link rel=\"canonical\" href=\"https:\/\/www.manaus.am.gov.br\/semcom\/prefeitura-coloniadeferias-parque\/\" \/>\n<meta property=\"og:locale\" content=\"pt_BR\" \/>\n<meta property=\"og:type\" content=\"article\" \/>\n<meta property=\"og:title\" content=\"Primeira col\u00f4nia de f\u00e9rias da Prefeitura de Manaus re\u00fane 510 crian\u00e7as no parque Cidade da Crian\u00e7a\" \/>\n<meta property=\"og:description\" content=\"Com uma programa\u00e7\u00e3o repleta de brincadeiras, oficinas, conta\u00e7\u00e3o de hist\u00f3rias, recrea\u00e7\u00e3o e viv\u00eancias culturais e ambientais, a Prefeitura de Manaus, por meio da Secretaria Municipal de Educa\u00e7\u00e3o (Semed), iniciou, nesta quarta-feira, 21\/1, a col\u00f4nia de f\u00e9rias \u201cNo Quintal do Parque\u201d, no parque Cidade da Crian\u00e7a, localizado no bairro Aleixo, zona Centro-Sul da capital.\" \/>\n<meta property=\"og:url\" content=\"https:\/\/www.manaus.am.gov.br\/semcom\/prefeitura-coloniadeferias-parque\/\" \/>\n<meta property=\"og:site_name\" content=\"SEMCOM\" \/>\n<meta property=\"article:published_time\" content=\"2026-01-21T22:35:35+00:00\" \/>\n<meta property=\"article:modified_time\" content=\"2026-01-22T17:38:49+00:00\" \/>\n<meta property=\"og:image\" content=\"https:\/\/www.manaus.am.gov.br\/semcom\/wp-content\/uploads\/sites\/5\/2026\/01\/55054347039_eac958c4cb_c.jpg\" \/>\n\t<meta property=\"og:image:width\" content=\"799\" \/>\n\t<meta property=\"og:image:height\" content=\"533\" \/>\n\t<meta property=\"og:image:type\" content=\"image\/jpeg\" \/>\n<meta name=\"author\" content=\"Adriana Costa\" \/>\n<meta name=\"twitter:card\" content=\"summary_large_image\" \/>\n<meta name=\"twitter:label1\" content=\"Written by\" \/>\n\t<meta name=\"twitter:data1\" content=\"Adriana Costa\" \/>\n\t<meta name=\"twitter:label2\" content=\"Est. reading time\" \/>\n\t<meta name=\"twitter:data2\" content=\"4 minutos\" \/>\n<script type=\"application\/ld+json\" class=\"yoast-schema-graph\">{\"@context\":\"https:\/\/schema.org\",\"@graph\":[{\"@type\":\"WebPage\",\"@id\":\"https:\/\/www.manaus.am.gov.br\/semcom\/prefeitura-coloniadeferias-parque\/\",\"url\":\"https:\/\/www.manaus.am.gov.br\/semcom\/prefeitura-coloniadeferias-parque\/\",\"name\":\"Primeira col\u00f4nia de f\u00e9rias da Prefeitura de Manaus re\u00fane 510 crian\u00e7as no parque Cidade da Crian\u00e7a\",\"isPartOf\":{\"@id\":\"https:\/\/www.manaus.am.gov.br\/semcom\/#website\"},\"primaryImageOfPage\":{\"@id\":\"https:\/\/www.manaus.am.gov.br\/semcom\/prefeitura-coloniadeferias-parque\/#primaryimage\"},\"image\":{\"@id\":\"https:\/\/www.manaus.am.gov.br\/semcom\/prefeitura-coloniadeferias-parque\/#primaryimage\"},\"thumbnailUrl\":\"https:\/\/www.manaus.am.gov.br\/semcom\/wp-content\/uploads\/sites\/5\/2026\/01\/55054347039_eac958c4cb_c.jpg\",\"datePublished\":\"2026-01-21T22:35:35+00:00\",\"dateModified\":\"2026-01-22T17:38:49+00:00\",\"author\":{\"@id\":\"https:\/\/www.manaus.am.gov.br\/semcom\/#\/schema\/person\/4e49f4e267757a06ca072ec61b2b9968\"},\"description\":\"Com uma programa\u00e7\u00e3o repleta de brincadeiras, oficinas, conta\u00e7\u00e3o de hist\u00f3rias, recrea\u00e7\u00e3o e viv\u00eancias culturais e ambientais, a Prefeitura de Manaus, por meio da Secretaria Municipal de Educa\u00e7\u00e3o (Semed), iniciou, nesta quarta-feira, 21\/1, a col\u00f4nia de f\u00e9rias \u201cNo Quintal do Parque\u201d, no parque Cidade da Crian\u00e7a, localizado no bairro Aleixo, zona Centro-Sul da capital.\",\"inLanguage\":\"pt-BR\",\"potentialAction\":[{\"@type\":\"ReadAction\",\"target\":[\"https:\/\/www.manaus.am.gov.br\/semcom\/prefeitura-coloniadeferias-parque\/\"]}]},{\"@type\":\"ImageObject\",\"inLanguage\":\"pt-BR\",\"@id\":\"https:\/\/www.manaus.am.gov.br\/semcom\/prefeitura-coloniadeferias-parque\/#primaryimage\",\"url\":\"https:\/\/www.manaus.am.gov.br\/semcom\/wp-content\/uploads\/sites\/5\/2026\/01\/55054347039_eac958c4cb_c.jpg\",\"contentUrl\":\"https:\/\/www.manaus.am.gov.br\/semcom\/wp-content\/uploads\/sites\/5\/2026\/01\/55054347039_eac958c4cb_c.jpg\",\"width\":799,\"height\":533,\"caption\":\"#paratodosverem - Tr\u00eas meninas mostram pulseira de inscri\u00e7\u00e3o para col\u00f4nia de f\u00e9rias no Parque Cidade da Crian\u00e7a\"},{\"@type\":\"WebSite\",\"@id\":\"https:\/\/www.manaus.am.gov.br\/semcom\/#website\",\"url\":\"https:\/\/www.manaus.am.gov.br\/semcom\/\",\"name\":\"SEMCOM\",\"description\":\"Secretaria Municipal de Comunica\u00e7\u00e3o\",\"potentialAction\":[{\"@type\":\"SearchAction\",\"target\":{\"@type\":\"EntryPoint\",\"urlTemplate\":\"https:\/\/www.manaus.am.gov.br\/semcom\/?s={search_term_string}\"},\"query-input\":\"required name=search_term_string\"}],\"inLanguage\":\"pt-BR\"},{\"@type\":\"Person\",\"@id\":\"https:\/\/www.manaus.am.gov.br\/semcom\/#\/schema\/person\/4e49f4e267757a06ca072ec61b2b9968\",\"name\":\"Adriana Costa\",\"image\":{\"@type\":\"ImageObject\",\"inLanguage\":\"pt-BR\",\"@id\":\"https:\/\/www.manaus.am.gov.br\/semcom\/#\/schema\/person\/image\/\",\"url\":\"https:\/\/secure.gravatar.com\/avatar\/576258617ef7194f718179e766d57bd4?s=96&d=mm&r=g\",\"contentUrl\":\"https:\/\/secure.gravatar.com\/avatar\/576258617ef7194f718179e766d57bd4?s=96&d=mm&r=g\",\"caption\":\"Adriana Costa\"}}]}<\/script>\n<!-- \/ Yoast SEO plugin. -->","yoast_head_json":{"title":"Primeira col\u00f4nia de f\u00e9rias da Prefeitura de Manaus re\u00fane 510 crian\u00e7as no parque Cidade da Crian\u00e7a","description":"Com uma programa\u00e7\u00e3o repleta de brincadeiras, oficinas, conta\u00e7\u00e3o de hist\u00f3rias, recrea\u00e7\u00e3o e viv\u00eancias culturais e ambientais, a Prefeitura de Manaus, por meio da Secretaria Municipal de Educa\u00e7\u00e3o (Semed), iniciou, nesta quarta-feira, 21\/1, a col\u00f4nia de f\u00e9rias \u201cNo Quintal do Parque\u201d, no parque Cidade da Crian\u00e7a, localizado no bairro Aleixo, zona Centro-Sul da capital.","robots":{"index":"index","follow":"follow","max-snippet":"max-snippet:-1","max-image-preview":"max-image-preview:large","max-video-preview":"max-video-preview:-1"},"canonical":"https:\/\/www.manaus.am.gov.br\/semcom\/prefeitura-coloniadeferias-parque\/","og_locale":"pt_BR","og_type":"article","og_title":"Primeira col\u00f4nia de f\u00e9rias da Prefeitura de Manaus re\u00fane 510 crian\u00e7as no parque Cidade da Crian\u00e7a","og_description":"Com uma programa\u00e7\u00e3o repleta de brincadeiras, oficinas, conta\u00e7\u00e3o de hist\u00f3rias, recrea\u00e7\u00e3o e viv\u00eancias culturais e ambientais, a Prefeitura de Manaus, por meio da Secretaria Municipal de Educa\u00e7\u00e3o (Semed), iniciou, nesta quarta-feira, 21\/1, a col\u00f4nia de f\u00e9rias \u201cNo Quintal do Parque\u201d, no parque Cidade da Crian\u00e7a, localizado no bairro Aleixo, zona Centro-Sul da capital.","og_url":"https:\/\/www.manaus.am.gov.br\/semcom\/prefeitura-coloniadeferias-parque\/","og_site_name":"SEMCOM","article_published_time":"2026-01-21T22:35:35+00:00","article_modified_time":"2026-01-22T17:38:49+00:00","og_image":[{"width":799,"height":533,"url":"https:\/\/www.manaus.am.gov.br\/semcom\/wp-content\/uploads\/sites\/5\/2026\/01\/55054347039_eac958c4cb_c.jpg","type":"image\/jpeg"}],"author":"Adriana Costa","twitter_card":"summary_large_image","twitter_misc":{"Written by":"Adriana Costa","Est. reading time":"4 minutos"},"schema":{"@context":"https:\/\/schema.org","@graph":[{"@type":"WebPage","@id":"https:\/\/www.manaus.am.gov.br\/semcom\/prefeitura-coloniadeferias-parque\/","url":"https:\/\/www.manaus.am.gov.br\/semcom\/prefeitura-coloniadeferias-parque\/","name":"Primeira col\u00f4nia de f\u00e9rias da Prefeitura de Manaus re\u00fane 510 crian\u00e7as no parque Cidade da Crian\u00e7a","isPartOf":{"@id":"https:\/\/www.manaus.am.gov.br\/semcom\/#website"},"primaryImageOfPage":{"@id":"https:\/\/www.manaus.am.gov.br\/semcom\/prefeitura-coloniadeferias-parque\/#primaryimage"},"image":{"@id":"https:\/\/www.manaus.am.gov.br\/semcom\/prefeitura-coloniadeferias-parque\/#primaryimage"},"thumbnailUrl":"https:\/\/www.manaus.am.gov.br\/semcom\/wp-content\/uploads\/sites\/5\/2026\/01\/55054347039_eac958c4cb_c.jpg","datePublished":"2026-01-21T22:35:35+00:00","dateModified":"2026-01-22T17:38:49+00:00","author":{"@id":"https:\/\/www.manaus.am.gov.br\/semcom\/#\/schema\/person\/4e49f4e267757a06ca072ec61b2b9968"},"description":"Com uma programa\u00e7\u00e3o repleta de brincadeiras, oficinas, conta\u00e7\u00e3o de hist\u00f3rias, recrea\u00e7\u00e3o e viv\u00eancias culturais e ambientais, a Prefeitura de Manaus, por meio da Secretaria Municipal de Educa\u00e7\u00e3o (Semed), iniciou, nesta quarta-feira, 21\/1, a col\u00f4nia de f\u00e9rias \u201cNo Quintal do Parque\u201d, no parque Cidade da Crian\u00e7a, localizado no bairro Aleixo, zona Centro-Sul da capital.","inLanguage":"pt-BR","potentialAction":[{"@type":"ReadAction","target":["https:\/\/www.manaus.am.gov.br\/semcom\/prefeitura-coloniadeferias-parque\/"]}]},{"@type":"ImageObject","inLanguage":"pt-BR","@id":"https:\/\/www.manaus.am.gov.br\/semcom\/prefeitura-coloniadeferias-parque\/#primaryimage","url":"https:\/\/www.manaus.am.gov.br\/semcom\/wp-content\/uploads\/sites\/5\/2026\/01\/55054347039_eac958c4cb_c.jpg","contentUrl":"https:\/\/www.manaus.am.gov.br\/semcom\/wp-content\/uploads\/sites\/5\/2026\/01\/55054347039_eac958c4cb_c.jpg","width":799,"height":533,"caption":"#paratodosverem - Tr\u00eas meninas mostram pulseira de inscri\u00e7\u00e3o para col\u00f4nia de f\u00e9rias no Parque Cidade da Crian\u00e7a"},{"@type":"WebSite","@id":"https:\/\/www.manaus.am.gov.br\/semcom\/#website","url":"https:\/\/www.manaus.am.gov.br\/semcom\/","name":"SEMCOM","description":"Secretaria Municipal de Comunica\u00e7\u00e3o","potentialAction":[{"@type":"SearchAction","target":{"@type":"EntryPoint","urlTemplate":"https:\/\/www.manaus.am.gov.br\/semcom\/?s={search_term_string}"},"query-input":"required name=search_term_string"}],"inLanguage":"pt-BR"},{"@type":"Person","@id":"https:\/\/www.manaus.am.gov.br\/semcom\/#\/schema\/person\/4e49f4e267757a06ca072ec61b2b9968","name":"Adriana Costa","image":{"@type":"ImageObject","inLanguage":"pt-BR","@id":"https:\/\/www.manaus.am.gov.br\/semcom\/#\/schema\/person\/image\/","url":"https:\/\/secure.gravatar.com\/avatar\/576258617ef7194f718179e766d57bd4?s=96&d=mm&r=g","contentUrl":"https:\/\/secure.gravatar.com\/avatar\/576258617ef7194f718179e766d57bd4?s=96&d=mm&r=g","caption":"Adriana Costa"}}]}},"_links":{"self":[{"href":"https:\/\/www.manaus.am.gov.br\/semcom\/wp-json\/wp\/v2\/posts\/251440"}],"collection":[{"href":"https:\/\/www.manaus.am.gov.br\/semcom\/wp-json\/wp\/v2\/posts"}],"about":[{"href":"https:\/\/www.manaus.am.gov.br\/semcom\/wp-json\/wp\/v2\/types\/post"}],"author":[{"embeddable":true,"href":"https:\/\/www.manaus.am.gov.br\/semcom\/wp-json\/wp\/v2\/users\/23"}],"replies":[{"embeddable":true,"href":"https:\/\/www.manaus.am.gov.br\/semcom\/wp-json\/wp\/v2\/comments?post=251440"}],"version-history":[{"count":3,"href":"https:\/\/www.manaus.am.gov.br\/semcom\/wp-json\/wp\/v2\/posts\/251440\/revisions"}],"predecessor-version":[{"id":251500,"href":"https:\/\/www.manaus.am.gov.br\/semcom\/wp-json\/wp\/v2\/posts\/251440\/revisions\/251500"}],"wp:featuredmedia":[{"embeddable":true,"href":"https:\/\/www.manaus.am.gov.br\/semcom\/wp-json\/wp\/v2\/media\/251442"}],"wp:attachment":[{"href":"https:\/\/www.manaus.am.gov.br\/semcom\/wp-json\/wp\/v2\/media?parent=251440"}],"wp:term":[{"taxonomy":"category","embeddable":true,"href":"https:\/\/www.manaus.am.gov.br\/semcom\/wp-json\/wp\/v2\/categories?post=251440"},{"taxonomy":"post_tag","embeddable":true,"href":"https:\/\/www.manaus.am.gov.br\/semcom\/wp-json\/wp\/v2\/tags?post=251440"}],"curies":[{"name":"wp","href":"https:\/\/api.w.org\/{rel}","templated":true}]}}