{"id":251434,"date":"2026-01-21T16:35:04","date_gmt":"2026-01-21T20:35:04","guid":{"rendered":"https:\/\/www.manaus.am.gov.br\/semcom\/nova-sede-implurb-acessibilidade\/"},"modified":"2026-01-22T14:34:16","modified_gmt":"2026-01-22T17:34:16","slug":"nova-sede-implurb-acessibilidade","status":"publish","type":"post","link":"https:\/\/www.manaus.am.gov.br\/semcom\/nova-sede-implurb-acessibilidade\/","title":{"rendered":"Nova sede do Implurb amplia vagas de estacionamento e melhora acesso de usu\u00e1rios e servidores"},"content":{"rendered":"\n<p>A nova sede do <a href=\"https:\/\/implurbatende.manaus.am.gov.br\/\">Instituto Municipal de Planejamento Urbano<\/a> (Implurb), constru\u00edda no Parque Mosaico, na alameda Desembargador Jo\u00e3o Machado, zona Oeste, representa um avan\u00e7o importante n\u00e3o apenas na estrutura administrativa da autarquia, mas tamb\u00e9m no conforto, na acessibilidade e na mobilidade de quem utiliza os servi\u00e7os do \u00f3rg\u00e3o diariamente. Um dos principais benef\u00edcios do novo espa\u00e7o \u00e9 a amplia\u00e7\u00e3o significativa das vagas de estacionamento, resolvendo uma demanda hist\u00f3rica enfrentada no pr\u00e9dio atual.<\/p>\n\n\n\n<p><br>Atualmente, o Implurb divide a \u00e1rea de estacionamento com a <a href=\"https:\/\/www.manaus.am.gov.br\">Prefeitura de Manaus<\/a> e a Procuradoria-Geral do Munic\u00edpio (PGM), o que gera constante insufici\u00eancia de vagas, tanto para servidores quanto para o p\u00fablico que busca atendimento. Na nova sede, essa realidade muda de forma concreta.<\/p>\n\n\n\n<p><br>O novo pr\u00e9dio contar\u00e1 com 78 vagas destinadas aos usu\u00e1rios, sendo tr\u00eas reservadas para Pessoas com Defici\u00eancia (PcDs) e quatro para idosos, al\u00e9m de dez vagas exclusivas para motocicletas. J\u00e1 para os servidores, ser\u00e3o 204 vagas, incluindo quatro para PcDs, dez para idosos e 12 vagas para motos, garantindo organiza\u00e7\u00e3o, seguran\u00e7a e mais fluidez no acesso ao local. Toda a sinaliza\u00e7\u00e3o das vagas foi feita pelo Instituto Municipal de Mobilidade Urbana (IMMU).<\/p>\n\n\n\n<p><br>\u201cA amplia\u00e7\u00e3o e a organiza\u00e7\u00e3o do estacionamento refletem um planejamento urbano mais eficiente, que considera a experi\u00eancia do cidad\u00e3o desde a chegada ao equipamento p\u00fablico. A medida contribui para reduzir o tempo de espera, evitar congestionamentos internos e oferecer mais dignidade tanto para quem trabalha quanto para quem procura os servi\u00e7os do instituto\u201d, explicou o diretor-presidente da autarquia, Carlos Valente.<\/p>\n\n\n\n<p><br>Al\u00e9m disso, a nova sede foi pensada em conson\u00e2ncia com diretrizes contempor\u00e2neas de planejamento urbano, que buscam equilibrar o uso do autom\u00f3vel com solu\u00e7\u00f5es mais funcionais, acess\u00edveis e integradas \u00e0 cidade, priorizando a boa gest\u00e3o dos fluxos e o atendimento qualificado \u00e0 popula\u00e7\u00e3o.<\/p>\n\n\n\n<p><br>Com a mudan\u00e7a, o Implurb avan\u00e7a n\u00e3o apenas em tecnologia e infraestrutura interna, mas tamb\u00e9m em acessibilidade e acolhimento, fortalecendo o compromisso da Prefeitura de Manaus com a moderniza\u00e7\u00e3o da gest\u00e3o urbana e a melhoria cont\u00ednua dos servi\u00e7os p\u00fablicos.<\/p>\n\n\n\n<p><strong>Arquitetura<br><br><\/strong><\/p>\n\n\n\n<p>Arquitetonicamente moderno e quebrando a concep\u00e7\u00e3o de pr\u00e9dios p\u00fablicos, a nova sede foi projetada pela equipe de arquitetos e engenheiros do Implurb. O diretor de Planejamento, arquiteto e urbanista Pedro Paulo Cordeiro, refor\u00e7ou que a nova sede traduz a pr\u00f3pria miss\u00e3o do instituto enquanto \u00f3rg\u00e3o respons\u00e1vel por pensar e transformar a cidade.<br><br>\u201cDesde o in\u00edcio, o pr\u00e9dio foi concebido para abrigar o Implurb do futuro. Se queremos uma Manaus com espa\u00e7os p\u00fablicos de qualidade, nossa sede precisava refletir isso. Hoje, estamos preparados n\u00e3o apenas para este ano, mas para os pr\u00f3ximos 20 anos\u201d, ressaltou.<br><br><\/p>\n\n\n\n<p>Ele lembrou ainda que as atribui\u00e7\u00f5es do instituto se ampliaram ao longo do tempo. \u201cO Implurb n\u00e3o atua mais apenas no controle e no planejamento urbano, mas tamb\u00e9m no cuidado com \u00e1reas p\u00fablicas e na entrega de espa\u00e7os urbanos qualificados. Essa estrutura responde a essa nova realidade\u201d.<\/p>\n\n\n\n<figure class=\"wp-block-image size-large\"><img loading=\"lazy\" decoding=\"async\" width=\"1024\" height=\"683\" src=\"https:\/\/www.manaus.am.gov.br\/semcom\/wp-content\/uploads\/sites\/5\/2026\/01\/55054161723_29ad637a16_k-1024x683.jpg\" alt=\"\" class=\"wp-image-251436\" srcset=\"https:\/\/www.manaus.am.gov.br\/semcom\/wp-content\/uploads\/sites\/5\/2026\/01\/55054161723_29ad637a16_k-1024x683.jpg 1024w, https:\/\/www.manaus.am.gov.br\/semcom\/wp-content\/uploads\/sites\/5\/2026\/01\/55054161723_29ad637a16_k-300x200.jpg 300w, https:\/\/www.manaus.am.gov.br\/semcom\/wp-content\/uploads\/sites\/5\/2026\/01\/55054161723_29ad637a16_k-768x512.jpg 768w, https:\/\/www.manaus.am.gov.br\/semcom\/wp-content\/uploads\/sites\/5\/2026\/01\/55054161723_29ad637a16_k-1536x1024.jpg 1536w, https:\/\/www.manaus.am.gov.br\/semcom\/wp-content\/uploads\/sites\/5\/2026\/01\/55054161723_29ad637a16_k.jpg 2048w\" sizes=\"(max-width: 1024px) 100vw, 1024px\" \/><figcaption class=\"wp-element-caption\">#paratodosverem &#8211; Vagas de estacionamento<\/figcaption><\/figure>\n\n\n\n<p><strong>&#8212; &#8212; &#8212;<\/strong><\/p>\n\n\n\n<p><strong>Texto \u2013 <\/strong>Claudia do Valle\/Implurb<\/p>\n\n\n\n<p><strong>Fotos \u2013<\/strong> Ant\u00f4nio Pereira\/Semcom<\/p>\n\n\n\n<p><strong>Dispon\u00edveis em &#8211; <\/strong><a href=\"https:\/\/flic.kr\/s\/aHBqjCHcSP\">https:\/\/flic.kr\/s\/aHBqjCHcSP<\/a><\/p>\n","protected":false},"excerpt":{"rendered":"","protected":false},"author":39,"featured_media":251435,"comment_status":"closed","ping_status":"closed","sticky":false,"template":"","format":"standard","meta":{"footnotes":""},"categories":[12419],"tags":[661,65,77,19026,7760],"acf":[],"yoast_head":"<!-- This site is optimized with the Yoast SEO plugin v23.0 - https:\/\/yoast.com\/wordpress\/plugins\/seo\/ -->\n<title>Nova sede do Implurb amplia vagas de estacionamento e melhora acesso de usu\u00e1rios e servidores<\/title>\n<meta name=\"description\" content=\"Nova sede do Implurb, no Parque Mosaico, amplia vagas de estacionamento e melhora acesso de usu\u00e1rios e servidores.\" \/>\n<meta name=\"robots\" content=\"index, follow, max-snippet:-1, max-image-preview:large, max-video-preview:-1\" \/>\n<link rel=\"canonical\" href=\"https:\/\/www.manaus.am.gov.br\/semcom\/nova-sede-implurb-acessibilidade\/\" \/>\n<meta property=\"og:locale\" content=\"pt_BR\" \/>\n<meta property=\"og:type\" content=\"article\" \/>\n<meta property=\"og:title\" content=\"Nova sede do Implurb amplia vagas de estacionamento e melhora acesso de usu\u00e1rios e servidores\" \/>\n<meta property=\"og:description\" content=\"Nova sede do Implurb, no Parque Mosaico, amplia vagas de estacionamento e melhora acesso de usu\u00e1rios e servidores.\" \/>\n<meta property=\"og:url\" content=\"https:\/\/www.manaus.am.gov.br\/semcom\/nova-sede-implurb-acessibilidade\/\" \/>\n<meta property=\"og:site_name\" content=\"SEMCOM\" \/>\n<meta property=\"article:published_time\" content=\"2026-01-21T20:35:04+00:00\" \/>\n<meta property=\"article:modified_time\" content=\"2026-01-22T17:34:16+00:00\" \/>\n<meta property=\"og:image\" content=\"https:\/\/www.manaus.am.gov.br\/semcom\/wp-content\/uploads\/sites\/5\/2026\/01\/55054160938_978579790b_k.jpg\" \/>\n\t<meta property=\"og:image:width\" content=\"2048\" \/>\n\t<meta property=\"og:image:height\" content=\"1365\" \/>\n\t<meta property=\"og:image:type\" content=\"image\/jpeg\" \/>\n<meta name=\"author\" content=\"Bruna Greco\" \/>\n<meta name=\"twitter:card\" content=\"summary_large_image\" \/>\n<meta name=\"twitter:label1\" content=\"Written by\" \/>\n\t<meta name=\"twitter:data1\" content=\"Bruna Greco\" \/>\n\t<meta name=\"twitter:label2\" content=\"Est. reading time\" \/>\n\t<meta name=\"twitter:data2\" content=\"4 minutos\" \/>\n<script type=\"application\/ld+json\" class=\"yoast-schema-graph\">{\"@context\":\"https:\/\/schema.org\",\"@graph\":[{\"@type\":\"WebPage\",\"@id\":\"https:\/\/www.manaus.am.gov.br\/semcom\/nova-sede-implurb-acessibilidade\/\",\"url\":\"https:\/\/www.manaus.am.gov.br\/semcom\/nova-sede-implurb-acessibilidade\/\",\"name\":\"Nova sede do Implurb amplia vagas de estacionamento e melhora acesso de usu\u00e1rios e servidores\",\"isPartOf\":{\"@id\":\"https:\/\/www.manaus.am.gov.br\/semcom\/#website\"},\"primaryImageOfPage\":{\"@id\":\"https:\/\/www.manaus.am.gov.br\/semcom\/nova-sede-implurb-acessibilidade\/#primaryimage\"},\"image\":{\"@id\":\"https:\/\/www.manaus.am.gov.br\/semcom\/nova-sede-implurb-acessibilidade\/#primaryimage\"},\"thumbnailUrl\":\"https:\/\/www.manaus.am.gov.br\/semcom\/wp-content\/uploads\/sites\/5\/2026\/01\/55054160938_978579790b_k.jpg\",\"datePublished\":\"2026-01-21T20:35:04+00:00\",\"dateModified\":\"2026-01-22T17:34:16+00:00\",\"author\":{\"@id\":\"https:\/\/www.manaus.am.gov.br\/semcom\/#\/schema\/person\/05d223aea2bf115f9883a6ff3683d81b\"},\"description\":\"Nova sede do Implurb, no Parque Mosaico, amplia vagas de estacionamento e melhora acesso de usu\u00e1rios e servidores.\",\"inLanguage\":\"pt-BR\",\"potentialAction\":[{\"@type\":\"ReadAction\",\"target\":[\"https:\/\/www.manaus.am.gov.br\/semcom\/nova-sede-implurb-acessibilidade\/\"]}]},{\"@type\":\"ImageObject\",\"inLanguage\":\"pt-BR\",\"@id\":\"https:\/\/www.manaus.am.gov.br\/semcom\/nova-sede-implurb-acessibilidade\/#primaryimage\",\"url\":\"https:\/\/www.manaus.am.gov.br\/semcom\/wp-content\/uploads\/sites\/5\/2026\/01\/55054160938_978579790b_k.jpg\",\"contentUrl\":\"https:\/\/www.manaus.am.gov.br\/semcom\/wp-content\/uploads\/sites\/5\/2026\/01\/55054160938_978579790b_k.jpg\",\"width\":2048,\"height\":1365,\"caption\":\"#paratodosverem - Nova sede do Implurb recebe a amplia\u00e7\u00e3o de vagas de estacionamento comum e especial\"},{\"@type\":\"WebSite\",\"@id\":\"https:\/\/www.manaus.am.gov.br\/semcom\/#website\",\"url\":\"https:\/\/www.manaus.am.gov.br\/semcom\/\",\"name\":\"SEMCOM\",\"description\":\"Secretaria Municipal de Comunica\u00e7\u00e3o\",\"potentialAction\":[{\"@type\":\"SearchAction\",\"target\":{\"@type\":\"EntryPoint\",\"urlTemplate\":\"https:\/\/www.manaus.am.gov.br\/semcom\/?s={search_term_string}\"},\"query-input\":\"required name=search_term_string\"}],\"inLanguage\":\"pt-BR\"},{\"@type\":\"Person\",\"@id\":\"https:\/\/www.manaus.am.gov.br\/semcom\/#\/schema\/person\/05d223aea2bf115f9883a6ff3683d81b\",\"name\":\"Bruna Greco\",\"image\":{\"@type\":\"ImageObject\",\"inLanguage\":\"pt-BR\",\"@id\":\"https:\/\/www.manaus.am.gov.br\/semcom\/#\/schema\/person\/image\/\",\"url\":\"https:\/\/secure.gravatar.com\/avatar\/9c877d1a6adc2a055330e5c09a8653ce?s=96&d=mm&r=g\",\"contentUrl\":\"https:\/\/secure.gravatar.com\/avatar\/9c877d1a6adc2a055330e5c09a8653ce?s=96&d=mm&r=g\",\"caption\":\"Bruna Greco\"}}]}<\/script>\n<!-- \/ Yoast SEO plugin. -->","yoast_head_json":{"title":"Nova sede do Implurb amplia vagas de estacionamento e melhora acesso de usu\u00e1rios e servidores","description":"Nova sede do Implurb, no Parque Mosaico, amplia vagas de estacionamento e melhora acesso de usu\u00e1rios e servidores.","robots":{"index":"index","follow":"follow","max-snippet":"max-snippet:-1","max-image-preview":"max-image-preview:large","max-video-preview":"max-video-preview:-1"},"canonical":"https:\/\/www.manaus.am.gov.br\/semcom\/nova-sede-implurb-acessibilidade\/","og_locale":"pt_BR","og_type":"article","og_title":"Nova sede do Implurb amplia vagas de estacionamento e melhora acesso de usu\u00e1rios e servidores","og_description":"Nova sede do Implurb, no Parque Mosaico, amplia vagas de estacionamento e melhora acesso de usu\u00e1rios e servidores.","og_url":"https:\/\/www.manaus.am.gov.br\/semcom\/nova-sede-implurb-acessibilidade\/","og_site_name":"SEMCOM","article_published_time":"2026-01-21T20:35:04+00:00","article_modified_time":"2026-01-22T17:34:16+00:00","og_image":[{"width":2048,"height":1365,"url":"https:\/\/www.manaus.am.gov.br\/semcom\/wp-content\/uploads\/sites\/5\/2026\/01\/55054160938_978579790b_k.jpg","type":"image\/jpeg"}],"author":"Bruna Greco","twitter_card":"summary_large_image","twitter_misc":{"Written by":"Bruna Greco","Est. reading time":"4 minutos"},"schema":{"@context":"https:\/\/schema.org","@graph":[{"@type":"WebPage","@id":"https:\/\/www.manaus.am.gov.br\/semcom\/nova-sede-implurb-acessibilidade\/","url":"https:\/\/www.manaus.am.gov.br\/semcom\/nova-sede-implurb-acessibilidade\/","name":"Nova sede do Implurb amplia vagas de estacionamento e melhora acesso de usu\u00e1rios e servidores","isPartOf":{"@id":"https:\/\/www.manaus.am.gov.br\/semcom\/#website"},"primaryImageOfPage":{"@id":"https:\/\/www.manaus.am.gov.br\/semcom\/nova-sede-implurb-acessibilidade\/#primaryimage"},"image":{"@id":"https:\/\/www.manaus.am.gov.br\/semcom\/nova-sede-implurb-acessibilidade\/#primaryimage"},"thumbnailUrl":"https:\/\/www.manaus.am.gov.br\/semcom\/wp-content\/uploads\/sites\/5\/2026\/01\/55054160938_978579790b_k.jpg","datePublished":"2026-01-21T20:35:04+00:00","dateModified":"2026-01-22T17:34:16+00:00","author":{"@id":"https:\/\/www.manaus.am.gov.br\/semcom\/#\/schema\/person\/05d223aea2bf115f9883a6ff3683d81b"},"description":"Nova sede do Implurb, no Parque Mosaico, amplia vagas de estacionamento e melhora acesso de usu\u00e1rios e servidores.","inLanguage":"pt-BR","potentialAction":[{"@type":"ReadAction","target":["https:\/\/www.manaus.am.gov.br\/semcom\/nova-sede-implurb-acessibilidade\/"]}]},{"@type":"ImageObject","inLanguage":"pt-BR","@id":"https:\/\/www.manaus.am.gov.br\/semcom\/nova-sede-implurb-acessibilidade\/#primaryimage","url":"https:\/\/www.manaus.am.gov.br\/semcom\/wp-content\/uploads\/sites\/5\/2026\/01\/55054160938_978579790b_k.jpg","contentUrl":"https:\/\/www.manaus.am.gov.br\/semcom\/wp-content\/uploads\/sites\/5\/2026\/01\/55054160938_978579790b_k.jpg","width":2048,"height":1365,"caption":"#paratodosverem - Nova sede do Implurb recebe a amplia\u00e7\u00e3o de vagas de estacionamento comum e especial"},{"@type":"WebSite","@id":"https:\/\/www.manaus.am.gov.br\/semcom\/#website","url":"https:\/\/www.manaus.am.gov.br\/semcom\/","name":"SEMCOM","description":"Secretaria Municipal de Comunica\u00e7\u00e3o","potentialAction":[{"@type":"SearchAction","target":{"@type":"EntryPoint","urlTemplate":"https:\/\/www.manaus.am.gov.br\/semcom\/?s={search_term_string}"},"query-input":"required name=search_term_string"}],"inLanguage":"pt-BR"},{"@type":"Person","@id":"https:\/\/www.manaus.am.gov.br\/semcom\/#\/schema\/person\/05d223aea2bf115f9883a6ff3683d81b","name":"Bruna Greco","image":{"@type":"ImageObject","inLanguage":"pt-BR","@id":"https:\/\/www.manaus.am.gov.br\/semcom\/#\/schema\/person\/image\/","url":"https:\/\/secure.gravatar.com\/avatar\/9c877d1a6adc2a055330e5c09a8653ce?s=96&d=mm&r=g","contentUrl":"https:\/\/secure.gravatar.com\/avatar\/9c877d1a6adc2a055330e5c09a8653ce?s=96&d=mm&r=g","caption":"Bruna Greco"}}]}},"_links":{"self":[{"href":"https:\/\/www.manaus.am.gov.br\/semcom\/wp-json\/wp\/v2\/posts\/251434"}],"collection":[{"href":"https:\/\/www.manaus.am.gov.br\/semcom\/wp-json\/wp\/v2\/posts"}],"about":[{"href":"https:\/\/www.manaus.am.gov.br\/semcom\/wp-json\/wp\/v2\/types\/post"}],"author":[{"embeddable":true,"href":"https:\/\/www.manaus.am.gov.br\/semcom\/wp-json\/wp\/v2\/users\/39"}],"replies":[{"embeddable":true,"href":"https:\/\/www.manaus.am.gov.br\/semcom\/wp-json\/wp\/v2\/comments?post=251434"}],"version-history":[{"count":3,"href":"https:\/\/www.manaus.am.gov.br\/semcom\/wp-json\/wp\/v2\/posts\/251434\/revisions"}],"predecessor-version":[{"id":251497,"href":"https:\/\/www.manaus.am.gov.br\/semcom\/wp-json\/wp\/v2\/posts\/251434\/revisions\/251497"}],"wp:featuredmedia":[{"embeddable":true,"href":"https:\/\/www.manaus.am.gov.br\/semcom\/wp-json\/wp\/v2\/media\/251435"}],"wp:attachment":[{"href":"https:\/\/www.manaus.am.gov.br\/semcom\/wp-json\/wp\/v2\/media?parent=251434"}],"wp:term":[{"taxonomy":"category","embeddable":true,"href":"https:\/\/www.manaus.am.gov.br\/semcom\/wp-json\/wp\/v2\/categories?post=251434"},{"taxonomy":"post_tag","embeddable":true,"href":"https:\/\/www.manaus.am.gov.br\/semcom\/wp-json\/wp\/v2\/tags?post=251434"}],"curies":[{"name":"wp","href":"https:\/\/api.w.org\/{rel}","templated":true}]}}