{"id":251425,"date":"2026-01-21T16:20:17","date_gmt":"2026-01-21T19:20:17","guid":{"rendered":"https:\/\/www.manaus.am.gov.br\/semcom\/fabrica-de-vassouras-ecologicas\/"},"modified":"2026-01-21T16:29:46","modified_gmt":"2026-01-21T19:29:46","slug":"fabrica-de-vassouras-ecologicas","status":"publish","type":"post","link":"https:\/\/www.manaus.am.gov.br\/semcom\/fabrica-de-vassouras-ecologicas\/","title":{"rendered":"Prefeito David Almeida apresenta f\u00e1brica de vassouras ecol\u00f3gicas em opera\u00e7\u00e3o na Semulsp como parte da pol\u00edtica de economia circular de Manaus"},"content":{"rendered":"\n<p>Durante agenda institucional na sede da Secretaria Municipal de Limpeza Urbana (Semulsp), na zona Oeste de Manaus, nesta quarta-feira, 21\/1, onde realizou a entrega de equipamentos para a coleta de res\u00edduos org\u00e2nicos, o prefeito David Almeida apresentou o funcionamento da f\u00e1brica de vassouras ecol\u00f3gicas da Semulsp, uma estrutura j\u00e1 em opera\u00e7\u00e3o que integra a pol\u00edtica de economia circular e sustentabilidade da Prefeitura de Manaus.<\/p>\n\n\n\n<p>A f\u00e1brica transforma garrafas PET recicladas em vassouras ecol\u00f3gicas, utilizadas diariamente pelas equipes de limpeza urbana em pra\u00e7as, parques, jardins, vias p\u00fablicas e equipamentos municipais. Toda a produ\u00e7\u00e3o ocorre dentro da pr\u00f3pria secretaria e \u00e9 executada por servidores da Semulsp, refor\u00e7ando o reaproveitamento de res\u00edduos dentro do sistema p\u00fablico de limpeza.<\/p>\n\n\n\n<p>Segundo o prefeito David Almeida, a iniciativa representa um exemplo concreto de como a gest\u00e3o municipal tem tratado o meio ambiente com planejamento e solu\u00e7\u00f5es pr\u00e1ticas. \u201cManaus est\u00e1 mostrando que \u00e9 poss\u00edvel transformar res\u00edduo em ferramenta de trabalho, reduzir impacto ambiental e dar efici\u00eancia \u00e0 limpeza urbana. Essa f\u00e1brica em funcionamento \u00e9 parte de uma pol\u00edtica maior, que conecta coleta seletiva, reaproveitamento e responsabilidade ambiental\u201d, afirmou.<\/p>\n\n\n\n<p>As vassouras s\u00e3o produzidas exclusivamente a partir de garrafas PET, coletadas por meio das ecobarreiras instaladas nos igarap\u00e9s da cidade, al\u00e9m de a\u00e7\u00f5es de arrecada\u00e7\u00e3o em escolas, \u00f3rg\u00e3os p\u00fablicos e parcerias com institui\u00e7\u00f5es p\u00fablicas e privadas. Ap\u00f3s a coleta, o material passa por processo de limpeza e transforma\u00e7\u00e3o at\u00e9 chegar ao produto final.<\/p>\n\n\n\n<p>De acordo com o secret\u00e1rio municipal de Limpeza Urbana, Sab\u00e1 Reis, o funcionamento da f\u00e1brica refor\u00e7a uma mudan\u00e7a estrutural na forma como a cidade lida com res\u00edduos recicl\u00e1veis. \u201cEsse trabalho j\u00e1 est\u00e1 em opera\u00e7\u00e3o e mostra que sustentabilidade n\u00e3o \u00e9 discurso, \u00e9 pr\u00e1tica di\u00e1ria. Cada garrafa reaproveitada aqui deixa de poluir o meio ambiente e passa a servir diretamente \u00e0 cidade, fortalecendo a limpeza urbana e a educa\u00e7\u00e3o ambiental\u201d, destacou.<\/p>\n\n\n\n<p>A unidade opera com capacidade m\u00e9dia de produ\u00e7\u00e3o de cerca de 200 vassouras por dia, volume suficiente para atender a demanda de uma metr\u00f3pole como Manaus. Os equipamentos s\u00e3o utilizados prioritariamente pelas equipes de varri\u00e7\u00e3o, com foco em pra\u00e7as, jardins, parques e \u00e1reas p\u00fablicas de grande circula\u00e7\u00e3o.<\/p>\n\n\n\n<p>Al\u00e9m da produ\u00e7\u00e3o das vassouras, parte do material PET arrecadado \u00e9 encaminhado para recicladoras parceiras. Os recursos obtidos com a venda desses materiais retornam em a\u00e7\u00f5es internas de sustentabilidade, ampliando o alcance social e ambiental da pol\u00edtica de reaproveitamento conduzida pela Semulsp.<\/p>\n\n\n\n<p>A f\u00e1brica integra um conjunto de a\u00e7\u00f5es ambientais estruturantes da gest\u00e3o municipal, alinhadas ao Plano de Governo Manaus Mais 2025\u20132028, que inclui a amplia\u00e7\u00e3o da coleta seletiva, o reaproveitamento de res\u00edduos, as ecobarreiras nos cursos d\u2019\u00e1gua e a moderniza\u00e7\u00e3o dos servi\u00e7os de limpeza urbana. O objetivo \u00e9 reduzir impactos ambientais, fortalecer a economia circular e consolidar uma cidade mais limpa, organizada e ambientalmente respons\u00e1vel.<\/p>\n\n\n\n<p>Descarte de garrafas PET e materiais recicl\u00e1veis<\/p>\n\n\n\n<p>Para fortalecer a participa\u00e7\u00e3o da popula\u00e7\u00e3o na pol\u00edtica de coleta seletiva, a Prefeitura de Manaus, por meio da Semulsp, disponibiliza Pontos de Entrega Volunt\u00e1ria (PEVs) espalhados pela cidade, onde podem ser descartados corretamente materiais recicl\u00e1veis, como garrafas PET, pl\u00e1sticos, pap\u00e9is e metais.<\/p>\n\n\n\n<p>Al\u00e9m da sede da Semulsp, localizada na avenida Brasil, bairro Compensa, zona Oeste, a cidade conta com diversos PEVs em supermercados e espa\u00e7os parceiros. A rela\u00e7\u00e3o completa e atualizada dos pontos de entrega pode ser consultada no site oficial da Prefeitura de Manaus e da Semulsp ou pelo link: <a href=\"https:\/\/www.manaus.am.gov.br\/semulsp\/servicos-semulsp\/coleta-seletiva-e-pontos-de-entrega\/\">https:\/\/www.manaus.am.gov.br\/semulsp\/servicos-semulsp\/coleta-seletiva-e-pontos-de-entrega\/<\/a>.&nbsp;&nbsp;&nbsp;<\/p>\n\n\n\n<p>\u2014- \u2014- \u2014-<\/p>\n\n\n\n<p><strong>Texto &#8211; <\/strong>Emanuelle Baires \/ Semcom-Prefeito<\/p>\n\n\n\n<p><strong>Fotos &#8211;&nbsp; <\/strong>Dhyeizo Lemos \/ Semcom-Prefeito<\/p>\n","protected":false},"excerpt":{"rendered":"","protected":false},"author":68,"featured_media":251426,"comment_status":"closed","ping_status":"closed","sticky":false,"template":"","format":"standard","meta":{"footnotes":""},"categories":[94],"tags":[35,19023,77],"acf":[],"yoast_head":"<!-- This site is optimized with the Yoast SEO plugin v23.0 - https:\/\/yoast.com\/wordpress\/plugins\/seo\/ -->\n<title>Prefeito David Almeida apresenta f\u00e1brica de vassouras ecol\u00f3gicas<\/title>\n<meta name=\"description\" content=\"Durante agenda institucional na sede da Secretaria Municipal de Limpeza Urbana (Semulsp), na zona Oeste de Manaus, nesta quarta-feira, 21\/1, onde realizou a entrega de equipamentos para a coleta de res\u00edduos org\u00e2nicos, o prefeito David Almeida apresentou o funcionamento da f\u00e1brica de vassouras ecol\u00f3gicas da Semulsp.\" \/>\n<meta name=\"robots\" content=\"index, follow, max-snippet:-1, max-image-preview:large, max-video-preview:-1\" \/>\n<link rel=\"canonical\" href=\"https:\/\/www.manaus.am.gov.br\/semcom\/fabrica-de-vassouras-ecologicas\/\" \/>\n<meta property=\"og:locale\" content=\"pt_BR\" \/>\n<meta property=\"og:type\" content=\"article\" \/>\n<meta property=\"og:title\" content=\"Prefeito David Almeida apresenta f\u00e1brica de vassouras ecol\u00f3gicas\" \/>\n<meta property=\"og:description\" content=\"Durante agenda institucional na sede da Secretaria Municipal de Limpeza Urbana (Semulsp), na zona Oeste de Manaus, nesta quarta-feira, 21\/1, onde realizou a entrega de equipamentos para a coleta de res\u00edduos org\u00e2nicos, o prefeito David Almeida apresentou o funcionamento da f\u00e1brica de vassouras ecol\u00f3gicas da Semulsp.\" \/>\n<meta property=\"og:url\" content=\"https:\/\/www.manaus.am.gov.br\/semcom\/fabrica-de-vassouras-ecologicas\/\" \/>\n<meta property=\"og:site_name\" content=\"SEMCOM\" \/>\n<meta property=\"article:published_time\" content=\"2026-01-21T19:20:17+00:00\" \/>\n<meta property=\"article:modified_time\" content=\"2026-01-21T19:29:46+00:00\" \/>\n<meta property=\"og:image\" content=\"https:\/\/www.manaus.am.gov.br\/semcom\/wp-content\/uploads\/sites\/5\/2026\/01\/55053543166_055651c2c8_c.jpg\" \/>\n\t<meta property=\"og:image:width\" content=\"799\" \/>\n\t<meta property=\"og:image:height\" content=\"533\" \/>\n\t<meta property=\"og:image:type\" content=\"image\/jpeg\" \/>\n<meta name=\"author\" content=\"bvalente\" \/>\n<meta name=\"twitter:card\" content=\"summary_large_image\" \/>\n<meta name=\"twitter:label1\" content=\"Written by\" \/>\n\t<meta name=\"twitter:data1\" content=\"bvalente\" \/>\n\t<meta name=\"twitter:label2\" content=\"Est. reading time\" \/>\n\t<meta name=\"twitter:data2\" content=\"4 minutos\" \/>\n<script type=\"application\/ld+json\" class=\"yoast-schema-graph\">{\"@context\":\"https:\/\/schema.org\",\"@graph\":[{\"@type\":\"WebPage\",\"@id\":\"https:\/\/www.manaus.am.gov.br\/semcom\/fabrica-de-vassouras-ecologicas\/\",\"url\":\"https:\/\/www.manaus.am.gov.br\/semcom\/fabrica-de-vassouras-ecologicas\/\",\"name\":\"Prefeito David Almeida apresenta f\u00e1brica de vassouras ecol\u00f3gicas\",\"isPartOf\":{\"@id\":\"https:\/\/www.manaus.am.gov.br\/semcom\/#website\"},\"primaryImageOfPage\":{\"@id\":\"https:\/\/www.manaus.am.gov.br\/semcom\/fabrica-de-vassouras-ecologicas\/#primaryimage\"},\"image\":{\"@id\":\"https:\/\/www.manaus.am.gov.br\/semcom\/fabrica-de-vassouras-ecologicas\/#primaryimage\"},\"thumbnailUrl\":\"https:\/\/www.manaus.am.gov.br\/semcom\/wp-content\/uploads\/sites\/5\/2026\/01\/55053543166_055651c2c8_c.jpg\",\"datePublished\":\"2026-01-21T19:20:17+00:00\",\"dateModified\":\"2026-01-21T19:29:46+00:00\",\"author\":{\"@id\":\"https:\/\/www.manaus.am.gov.br\/semcom\/#\/schema\/person\/466a0e03ae4b6062809046bd560ac955\"},\"description\":\"Durante agenda institucional na sede da Secretaria Municipal de Limpeza Urbana (Semulsp), na zona Oeste de Manaus, nesta quarta-feira, 21\/1, onde realizou a entrega de equipamentos para a coleta de res\u00edduos org\u00e2nicos, o prefeito David Almeida apresentou o funcionamento da f\u00e1brica de vassouras ecol\u00f3gicas da Semulsp.\",\"inLanguage\":\"pt-BR\",\"potentialAction\":[{\"@type\":\"ReadAction\",\"target\":[\"https:\/\/www.manaus.am.gov.br\/semcom\/fabrica-de-vassouras-ecologicas\/\"]}]},{\"@type\":\"ImageObject\",\"inLanguage\":\"pt-BR\",\"@id\":\"https:\/\/www.manaus.am.gov.br\/semcom\/fabrica-de-vassouras-ecologicas\/#primaryimage\",\"url\":\"https:\/\/www.manaus.am.gov.br\/semcom\/wp-content\/uploads\/sites\/5\/2026\/01\/55053543166_055651c2c8_c.jpg\",\"contentUrl\":\"https:\/\/www.manaus.am.gov.br\/semcom\/wp-content\/uploads\/sites\/5\/2026\/01\/55053543166_055651c2c8_c.jpg\",\"width\":799,\"height\":533,\"caption\":\"#paratodosverem - Prefeito David Almeida durante vistoria em f\u00e1brica de vassouras ecol\u00f3gicas\"},{\"@type\":\"WebSite\",\"@id\":\"https:\/\/www.manaus.am.gov.br\/semcom\/#website\",\"url\":\"https:\/\/www.manaus.am.gov.br\/semcom\/\",\"name\":\"SEMCOM\",\"description\":\"Secretaria Municipal de Comunica\u00e7\u00e3o\",\"potentialAction\":[{\"@type\":\"SearchAction\",\"target\":{\"@type\":\"EntryPoint\",\"urlTemplate\":\"https:\/\/www.manaus.am.gov.br\/semcom\/?s={search_term_string}\"},\"query-input\":\"required name=search_term_string\"}],\"inLanguage\":\"pt-BR\"},{\"@type\":\"Person\",\"@id\":\"https:\/\/www.manaus.am.gov.br\/semcom\/#\/schema\/person\/466a0e03ae4b6062809046bd560ac955\",\"name\":\"bvalente\",\"image\":{\"@type\":\"ImageObject\",\"inLanguage\":\"pt-BR\",\"@id\":\"https:\/\/www.manaus.am.gov.br\/semcom\/#\/schema\/person\/image\/\",\"url\":\"https:\/\/secure.gravatar.com\/avatar\/3e69bc2b014bdad41adfec3a39de07d2?s=96&d=mm&r=g\",\"contentUrl\":\"https:\/\/secure.gravatar.com\/avatar\/3e69bc2b014bdad41adfec3a39de07d2?s=96&d=mm&r=g\",\"caption\":\"bvalente\"}}]}<\/script>\n<!-- \/ Yoast SEO plugin. -->","yoast_head_json":{"title":"Prefeito David Almeida apresenta f\u00e1brica de vassouras ecol\u00f3gicas","description":"Durante agenda institucional na sede da Secretaria Municipal de Limpeza Urbana (Semulsp), na zona Oeste de Manaus, nesta quarta-feira, 21\/1, onde realizou a entrega de equipamentos para a coleta de res\u00edduos org\u00e2nicos, o prefeito David Almeida apresentou o funcionamento da f\u00e1brica de vassouras ecol\u00f3gicas da Semulsp.","robots":{"index":"index","follow":"follow","max-snippet":"max-snippet:-1","max-image-preview":"max-image-preview:large","max-video-preview":"max-video-preview:-1"},"canonical":"https:\/\/www.manaus.am.gov.br\/semcom\/fabrica-de-vassouras-ecologicas\/","og_locale":"pt_BR","og_type":"article","og_title":"Prefeito David Almeida apresenta f\u00e1brica de vassouras ecol\u00f3gicas","og_description":"Durante agenda institucional na sede da Secretaria Municipal de Limpeza Urbana (Semulsp), na zona Oeste de Manaus, nesta quarta-feira, 21\/1, onde realizou a entrega de equipamentos para a coleta de res\u00edduos org\u00e2nicos, o prefeito David Almeida apresentou o funcionamento da f\u00e1brica de vassouras ecol\u00f3gicas da Semulsp.","og_url":"https:\/\/www.manaus.am.gov.br\/semcom\/fabrica-de-vassouras-ecologicas\/","og_site_name":"SEMCOM","article_published_time":"2026-01-21T19:20:17+00:00","article_modified_time":"2026-01-21T19:29:46+00:00","og_image":[{"width":799,"height":533,"url":"https:\/\/www.manaus.am.gov.br\/semcom\/wp-content\/uploads\/sites\/5\/2026\/01\/55053543166_055651c2c8_c.jpg","type":"image\/jpeg"}],"author":"bvalente","twitter_card":"summary_large_image","twitter_misc":{"Written by":"bvalente","Est. reading time":"4 minutos"},"schema":{"@context":"https:\/\/schema.org","@graph":[{"@type":"WebPage","@id":"https:\/\/www.manaus.am.gov.br\/semcom\/fabrica-de-vassouras-ecologicas\/","url":"https:\/\/www.manaus.am.gov.br\/semcom\/fabrica-de-vassouras-ecologicas\/","name":"Prefeito David Almeida apresenta f\u00e1brica de vassouras ecol\u00f3gicas","isPartOf":{"@id":"https:\/\/www.manaus.am.gov.br\/semcom\/#website"},"primaryImageOfPage":{"@id":"https:\/\/www.manaus.am.gov.br\/semcom\/fabrica-de-vassouras-ecologicas\/#primaryimage"},"image":{"@id":"https:\/\/www.manaus.am.gov.br\/semcom\/fabrica-de-vassouras-ecologicas\/#primaryimage"},"thumbnailUrl":"https:\/\/www.manaus.am.gov.br\/semcom\/wp-content\/uploads\/sites\/5\/2026\/01\/55053543166_055651c2c8_c.jpg","datePublished":"2026-01-21T19:20:17+00:00","dateModified":"2026-01-21T19:29:46+00:00","author":{"@id":"https:\/\/www.manaus.am.gov.br\/semcom\/#\/schema\/person\/466a0e03ae4b6062809046bd560ac955"},"description":"Durante agenda institucional na sede da Secretaria Municipal de Limpeza Urbana (Semulsp), na zona Oeste de Manaus, nesta quarta-feira, 21\/1, onde realizou a entrega de equipamentos para a coleta de res\u00edduos org\u00e2nicos, o prefeito David Almeida apresentou o funcionamento da f\u00e1brica de vassouras ecol\u00f3gicas da Semulsp.","inLanguage":"pt-BR","potentialAction":[{"@type":"ReadAction","target":["https:\/\/www.manaus.am.gov.br\/semcom\/fabrica-de-vassouras-ecologicas\/"]}]},{"@type":"ImageObject","inLanguage":"pt-BR","@id":"https:\/\/www.manaus.am.gov.br\/semcom\/fabrica-de-vassouras-ecologicas\/#primaryimage","url":"https:\/\/www.manaus.am.gov.br\/semcom\/wp-content\/uploads\/sites\/5\/2026\/01\/55053543166_055651c2c8_c.jpg","contentUrl":"https:\/\/www.manaus.am.gov.br\/semcom\/wp-content\/uploads\/sites\/5\/2026\/01\/55053543166_055651c2c8_c.jpg","width":799,"height":533,"caption":"#paratodosverem - Prefeito David Almeida durante vistoria em f\u00e1brica de vassouras ecol\u00f3gicas"},{"@type":"WebSite","@id":"https:\/\/www.manaus.am.gov.br\/semcom\/#website","url":"https:\/\/www.manaus.am.gov.br\/semcom\/","name":"SEMCOM","description":"Secretaria Municipal de Comunica\u00e7\u00e3o","potentialAction":[{"@type":"SearchAction","target":{"@type":"EntryPoint","urlTemplate":"https:\/\/www.manaus.am.gov.br\/semcom\/?s={search_term_string}"},"query-input":"required name=search_term_string"}],"inLanguage":"pt-BR"},{"@type":"Person","@id":"https:\/\/www.manaus.am.gov.br\/semcom\/#\/schema\/person\/466a0e03ae4b6062809046bd560ac955","name":"bvalente","image":{"@type":"ImageObject","inLanguage":"pt-BR","@id":"https:\/\/www.manaus.am.gov.br\/semcom\/#\/schema\/person\/image\/","url":"https:\/\/secure.gravatar.com\/avatar\/3e69bc2b014bdad41adfec3a39de07d2?s=96&d=mm&r=g","contentUrl":"https:\/\/secure.gravatar.com\/avatar\/3e69bc2b014bdad41adfec3a39de07d2?s=96&d=mm&r=g","caption":"bvalente"}}]}},"_links":{"self":[{"href":"https:\/\/www.manaus.am.gov.br\/semcom\/wp-json\/wp\/v2\/posts\/251425"}],"collection":[{"href":"https:\/\/www.manaus.am.gov.br\/semcom\/wp-json\/wp\/v2\/posts"}],"about":[{"href":"https:\/\/www.manaus.am.gov.br\/semcom\/wp-json\/wp\/v2\/types\/post"}],"author":[{"embeddable":true,"href":"https:\/\/www.manaus.am.gov.br\/semcom\/wp-json\/wp\/v2\/users\/68"}],"replies":[{"embeddable":true,"href":"https:\/\/www.manaus.am.gov.br\/semcom\/wp-json\/wp\/v2\/comments?post=251425"}],"version-history":[{"count":1,"href":"https:\/\/www.manaus.am.gov.br\/semcom\/wp-json\/wp\/v2\/posts\/251425\/revisions"}],"predecessor-version":[{"id":251427,"href":"https:\/\/www.manaus.am.gov.br\/semcom\/wp-json\/wp\/v2\/posts\/251425\/revisions\/251427"}],"wp:featuredmedia":[{"embeddable":true,"href":"https:\/\/www.manaus.am.gov.br\/semcom\/wp-json\/wp\/v2\/media\/251426"}],"wp:attachment":[{"href":"https:\/\/www.manaus.am.gov.br\/semcom\/wp-json\/wp\/v2\/media?parent=251425"}],"wp:term":[{"taxonomy":"category","embeddable":true,"href":"https:\/\/www.manaus.am.gov.br\/semcom\/wp-json\/wp\/v2\/categories?post=251425"},{"taxonomy":"post_tag","embeddable":true,"href":"https:\/\/www.manaus.am.gov.br\/semcom\/wp-json\/wp\/v2\/tags?post=251425"}],"curies":[{"name":"wp","href":"https:\/\/api.w.org\/{rel}","templated":true}]}}