{"id":251418,"date":"2026-01-21T15:13:41","date_gmt":"2026-01-21T19:13:41","guid":{"rendered":"https:\/\/www.manaus.am.gov.br\/semcom\/populacoes-indigenas-inquerito-diagnostico-tuberculose-e-ists\/"},"modified":"2026-01-22T13:51:46","modified_gmt":"2026-01-22T16:51:46","slug":"populacoes-indigenas-inquerito-diagnostico-tuberculose-e-ists","status":"publish","type":"post","link":"https:\/\/www.manaus.am.gov.br\/semcom\/populacoes-indigenas-inquerito-diagnostico-tuberculose-e-ists\/","title":{"rendered":"Popula\u00e7\u00f5es ind\u00edgenas em Manaus participam de inqu\u00e9rito para diagn\u00f3stico de tuberculose e ISTs"},"content":{"rendered":"\n<p>A <a href=\"https:\/\/www.instagram.com\/p\/DTyPFPZEZa_\/\">Unidade de Sa\u00fade da Fam\u00edlia<\/a> (USF) Prefeito Amazonino Mendes, no bairro Lago Azul, zona Norte, da <a href=\"https:\/\/www.manaus.am.gov.br\">Prefeitura de Manaus<\/a>, recebeu nesta quarta-feira, 21\/1, uma das etapas do projeto \u201cInqu\u00e9rito de Tuberculose e Infec\u00e7\u00f5es Sexualmente Transmiss\u00edveis (ISTs) em Popula\u00e7\u00f5es Ind\u00edgenas Urbanizadas\u201d, financiado pelo Minist\u00e9rio da Sa\u00fade e coordenado pelo Instituto de Pesquisa em Popula\u00e7\u00f5es Priorit\u00e1rias (IRPP).<\/p>\n\n\n\n<p>A programa\u00e7\u00e3o foi realizada na USF a partir de parceria entre a Secretaria Municipal de Sa\u00fade (Semsa), Funda\u00e7\u00e3o de Vigil\u00e2ncia em Sa\u00fade do Amazonas Dr\u00aa Rosemary Costa Pinto (FVS-RCP) e a Funda\u00e7\u00e3o de Medicina Tropical Doutor Heitor Vieira Dourado (FMT\/HVD).<\/p>\n\n\n\n<p>Na execu\u00e7\u00e3o do inqu\u00e9rito, a popula\u00e7\u00e3o participou de um mutir\u00e3o de sa\u00fade com a oferta de exames de aferi\u00e7\u00e3o de press\u00e3o arterial, glicemia, bioimped\u00e2ncia, testes r\u00e1pidos para HIV, hepatite e s\u00edfilis, coleta de material para exame de escarro e disponibilidade de equipamento port\u00e1til de Raio X com a utiliza\u00e7\u00e3o de Intelig\u00eancia Artificial para avaliar a probabilidade de tuberculose nos pacientes.<\/p>\n\n\n\n<p>A gerente de Vigil\u00e2ncia Epidemiol\u00f3gica da Semsa, enfermeira Eunice J\u00e1come, explicou que o projeto come\u00e7ou a ser executado em Manaus em mar\u00e7o de 2025, inicialmente programado para atua\u00e7\u00e3o na comunidade Parque das Tribos, na zona Oeste, mas que houve a amplia\u00e7\u00e3o para as popula\u00e7\u00f5es ind\u00edgenas urbanizadas de Manaus em geral.<\/p>\n\n\n\n<p>\u201cO inqu\u00e9rito busca identificar casos de tuberculose e ISTs na popula\u00e7\u00e3o ind\u00edgena, independentemente da manifesta\u00e7\u00e3o de sintomas. No mutir\u00e3o, todos os pacientes realizam os exames, inclusive a coleta de escarro. Como resultado, a Semsa poder\u00e1 identificar casos novos de doen\u00e7a e iniciar a oferta do tratamento, al\u00e9m de obter um painel da situa\u00e7\u00e3o de sa\u00fade dessa popula\u00e7\u00e3o e planejar melhor as pol\u00edticas p\u00fablicas\u201d, destacou Eunice J\u00e1come.<\/p>\n\n\n\n<p>A programa\u00e7\u00e3o continua nesta quinta-feira, 22\/1, na USF Carmen Nicolau, localizada na rua Nestor Nascimento, s\/n\u00ba, bairro Lago Azul, com atendimento direcionado para Popula\u00e7\u00f5es Ind\u00edgenas Urbanizadas, em demanda livre, com idade a partir de 18 anos.<\/p>\n\n\n\n<p>\u201cO atendimento seguir\u00e1 at\u00e9 s\u00e1bado, 24\/1, com os mesmos servi\u00e7os, liberados para ind\u00edgenas moradores da \u00e1rea urbanizada de Manaus, inclusive com exames para detectar tuberculose latente. Conforme o resultado dos exames, a Semsa dar\u00e1 continuidade ao acompanhamento do paciente, com consultas m\u00e9dicas e demais servi\u00e7os\u201d, informou a gerente.<\/p>\n\n\n\n<p>De acordo com a pesquisadora do IRPP, m\u00e9dica Beatriz Duarte, o objetivo do projeto \u00e9 identificar a preval\u00eancia de doen\u00e7as entre as popula\u00e7\u00f5es vulner\u00e1veis, as condi\u00e7\u00f5es de sa\u00fade e determinantes sociais que impactam na sa\u00fade, possibilitando que os gestores tenham as informa\u00e7\u00f5es necess\u00e1rias para planejar as a\u00e7\u00f5es de sa\u00fade.<\/p>\n\n\n\n<p>\u201cA ideia \u00e9 garantir a visibilidade dessas popula\u00e7\u00f5es e da situa\u00e7\u00e3o de sa\u00fade. A quest\u00e3o \u00e9 que quando a gente trabalha com popula\u00e7\u00f5es vulnerabilizadas, como a ind\u00edgena, e vamos procurar informa\u00e7\u00f5es sobre elas, essas informa\u00e7\u00f5es n\u00e3o existem. E n\u00e3o existem porque est\u00e3o invis\u00edveis a ponto de n\u00e3o ter dados que possam pautar pol\u00edticas p\u00fablicas\u201d, revelou Beatriz Duarte.<\/p>\n\n\n\n<p>No inqu\u00e9rito, explicou a pesquisadora, ser\u00e1 poss\u00edvel entender a preval\u00eancias das doen\u00e7as, como diabetes, hipertens\u00e3o, ISTs e tuberculose. \u201cO trabalho vai coletar informa\u00e7\u00f5es diagnosticando os pacientes com doen\u00e7as negligenciadas, que normalmente s\u00e3o muito incidentes em popula\u00e7\u00f5es vulnerabilizadas, como a tuberculose. Tamb\u00e9m podemos avaliar a utiliza\u00e7\u00e3o de tecnologias em que se consegue ter o diagn\u00f3stico mais r\u00e1pido, no momento em que o paciente est\u00e1 sendo atendido\u201d, informou.<\/p>\n\n\n\n<p>Al\u00e9m de Manaus, o projeto tamb\u00e9m ser\u00e1 desenvolvido na Bahia, com ind\u00edgenas que n\u00e3o est\u00e3o em contexto urbano, com a estimativa de avaliar at\u00e9 cinco mil pessoas, at\u00e9 junho deste ano.<\/p>\n\n\n\n<p>\u201cO projeto foi idealizado para atuar nos dois Estados com maior popula\u00e7\u00e3o ind\u00edgena do Brasil, com a pretens\u00e3o de expandir para outros locais. Os resultados obtidos s\u00e3o repassados para as gest\u00f5es locais e nacional, com publica\u00e7\u00e3o dos dados para conhecimento da comunidade cient\u00edfica\u201d, afirmou Beatriz Duarte.<\/p>\n\n\n\n<p>O munic\u00edpio de Manaus registrou 3.206 casos novos de tuberculose no ano passado, com 25 casos entre ind\u00edgenas, o que pode indicar subnotifica\u00e7\u00e3o da doen\u00e7a entre a popula\u00e7\u00e3o ind\u00edgena ou n\u00e3o identifica\u00e7\u00e3o no cadastro em rela\u00e7\u00e3o \u00e0 etnia.<\/p>\n\n\n\n<p>A chefe do N\u00facleo de Controle de Tuberculose da Semsa, Anne Kimi Okazaki, apontou que popula\u00e7\u00e3o ind\u00edgena \u00e9 historicamente mais vulner\u00e1vel, com menos acesso aos servi\u00e7os de sa\u00fade, o que resulta muitas vezes no diagn\u00f3stico tardio da tuberculose.<\/p>\n\n\n\n<p>\u201cMuitas vezes demoram a procurar o atendimento e quando chegam nas unidades de sa\u00fade j\u00e1 apresentam sintomas mais graves, inclusive em crian\u00e7as. Com o inqu\u00e9rito, ser\u00e1 poss\u00edvel obter mais dados e levar as informa\u00e7\u00f5es para a gest\u00e3o municipal, levando \u00e0 elabora\u00e7\u00e3o de projetos direcionados para o melhor atendimento da popula\u00e7\u00e3o ind\u00edgena\u201d, concluiu Anne Kimi.<\/p>\n\n\n\n<figure class=\"wp-block-image size-large\"><img loading=\"lazy\" decoding=\"async\" width=\"1024\" height=\"683\" src=\"https:\/\/www.manaus.am.gov.br\/semcom\/wp-content\/uploads\/sites\/5\/2026\/01\/55053817151_94aa23d20d_k-1024x683.jpg\" alt=\"\" class=\"wp-image-251421\" srcset=\"https:\/\/www.manaus.am.gov.br\/semcom\/wp-content\/uploads\/sites\/5\/2026\/01\/55053817151_94aa23d20d_k-1024x683.jpg 1024w, https:\/\/www.manaus.am.gov.br\/semcom\/wp-content\/uploads\/sites\/5\/2026\/01\/55053817151_94aa23d20d_k-300x200.jpg 300w, https:\/\/www.manaus.am.gov.br\/semcom\/wp-content\/uploads\/sites\/5\/2026\/01\/55053817151_94aa23d20d_k-768x512.jpg 768w, https:\/\/www.manaus.am.gov.br\/semcom\/wp-content\/uploads\/sites\/5\/2026\/01\/55053817151_94aa23d20d_k-1536x1024.jpg 1536w, https:\/\/www.manaus.am.gov.br\/semcom\/wp-content\/uploads\/sites\/5\/2026\/01\/55053817151_94aa23d20d_k.jpg 2048w\" sizes=\"(max-width: 1024px) 100vw, 1024px\" \/><figcaption class=\"wp-element-caption\">#paratodosverem &#8211; Atendimento<\/figcaption><\/figure>\n\n\n\n<p>&#8212; &#8212; &#8212;<\/p>\n\n\n\n<p><strong>Texto<\/strong>&nbsp;&#8211; Euriv\u00e2nia Gal\u00facio\/Semsa<\/p>\n\n\n\n<p><strong>Fotos<\/strong> &#8211; Cristian Guerreiro\/Semsa<\/p>\n\n\n\n<p><strong>Dispon\u00edveis em &#8211; <\/strong><a href=\"https:\/\/flic.kr\/s\/aHBqjCHhUi\">https:\/\/flic.kr\/s\/aHBqjCHhUi<\/a><\/p>\n\n\n\n<p> <\/p>\n","protected":false},"excerpt":{"rendered":"","protected":false},"author":39,"featured_media":251419,"comment_status":"closed","ping_status":"closed","sticky":false,"template":"","format":"standard","meta":{"footnotes":""},"categories":[530],"tags":[19021,19022,77,608,162],"acf":[],"yoast_head":"<!-- This site is optimized with the Yoast SEO plugin v23.0 - https:\/\/yoast.com\/wordpress\/plugins\/seo\/ -->\n<title>Popula\u00e7\u00f5es ind\u00edgenas em Manaus participam de inqu\u00e9rito para diagn\u00f3stico de tuberculose e ISTs<\/title>\n<meta name=\"description\" content=\"Popula\u00e7\u00f5es ind\u00edgenas em Manaus participam de inqu\u00e9rito para diagn\u00f3stico de tuberculose e ISTs nesta quarta-feira, 21\/1.\" \/>\n<meta name=\"robots\" content=\"index, follow, max-snippet:-1, max-image-preview:large, max-video-preview:-1\" \/>\n<link rel=\"canonical\" href=\"https:\/\/www.manaus.am.gov.br\/semcom\/populacoes-indigenas-inquerito-diagnostico-tuberculose-e-ists\/\" \/>\n<meta property=\"og:locale\" content=\"pt_BR\" \/>\n<meta property=\"og:type\" content=\"article\" \/>\n<meta property=\"og:title\" content=\"Popula\u00e7\u00f5es ind\u00edgenas em Manaus participam de inqu\u00e9rito para diagn\u00f3stico de tuberculose e ISTs\" \/>\n<meta property=\"og:description\" content=\"Popula\u00e7\u00f5es ind\u00edgenas em Manaus participam de inqu\u00e9rito para diagn\u00f3stico de tuberculose e ISTs nesta quarta-feira, 21\/1.\" \/>\n<meta property=\"og:url\" content=\"https:\/\/www.manaus.am.gov.br\/semcom\/populacoes-indigenas-inquerito-diagnostico-tuberculose-e-ists\/\" \/>\n<meta property=\"og:site_name\" content=\"SEMCOM\" \/>\n<meta property=\"article:published_time\" content=\"2026-01-21T19:13:41+00:00\" \/>\n<meta property=\"article:modified_time\" content=\"2026-01-22T16:51:46+00:00\" \/>\n<meta property=\"og:image\" content=\"https:\/\/www.manaus.am.gov.br\/semcom\/wp-content\/uploads\/sites\/5\/2026\/01\/55052912727_320ca007db_k.jpg\" \/>\n\t<meta property=\"og:image:width\" content=\"2048\" \/>\n\t<meta property=\"og:image:height\" content=\"1365\" \/>\n\t<meta property=\"og:image:type\" content=\"image\/jpeg\" \/>\n<meta name=\"author\" content=\"Bruna Greco\" \/>\n<meta name=\"twitter:card\" content=\"summary_large_image\" \/>\n<meta name=\"twitter:label1\" content=\"Written by\" \/>\n\t<meta name=\"twitter:data1\" content=\"Bruna Greco\" \/>\n\t<meta name=\"twitter:label2\" content=\"Est. reading time\" \/>\n\t<meta name=\"twitter:data2\" content=\"5 minutos\" \/>\n<script type=\"application\/ld+json\" class=\"yoast-schema-graph\">{\"@context\":\"https:\/\/schema.org\",\"@graph\":[{\"@type\":\"WebPage\",\"@id\":\"https:\/\/www.manaus.am.gov.br\/semcom\/populacoes-indigenas-inquerito-diagnostico-tuberculose-e-ists\/\",\"url\":\"https:\/\/www.manaus.am.gov.br\/semcom\/populacoes-indigenas-inquerito-diagnostico-tuberculose-e-ists\/\",\"name\":\"Popula\u00e7\u00f5es ind\u00edgenas em Manaus participam de inqu\u00e9rito para diagn\u00f3stico de tuberculose e ISTs\",\"isPartOf\":{\"@id\":\"https:\/\/www.manaus.am.gov.br\/semcom\/#website\"},\"primaryImageOfPage\":{\"@id\":\"https:\/\/www.manaus.am.gov.br\/semcom\/populacoes-indigenas-inquerito-diagnostico-tuberculose-e-ists\/#primaryimage\"},\"image\":{\"@id\":\"https:\/\/www.manaus.am.gov.br\/semcom\/populacoes-indigenas-inquerito-diagnostico-tuberculose-e-ists\/#primaryimage\"},\"thumbnailUrl\":\"https:\/\/www.manaus.am.gov.br\/semcom\/wp-content\/uploads\/sites\/5\/2026\/01\/55052912727_320ca007db_k.jpg\",\"datePublished\":\"2026-01-21T19:13:41+00:00\",\"dateModified\":\"2026-01-22T16:51:46+00:00\",\"author\":{\"@id\":\"https:\/\/www.manaus.am.gov.br\/semcom\/#\/schema\/person\/05d223aea2bf115f9883a6ff3683d81b\"},\"description\":\"Popula\u00e7\u00f5es ind\u00edgenas em Manaus participam de inqu\u00e9rito para diagn\u00f3stico de tuberculose e ISTs nesta quarta-feira, 21\/1.\",\"inLanguage\":\"pt-BR\",\"potentialAction\":[{\"@type\":\"ReadAction\",\"target\":[\"https:\/\/www.manaus.am.gov.br\/semcom\/populacoes-indigenas-inquerito-diagnostico-tuberculose-e-ists\/\"]}]},{\"@type\":\"ImageObject\",\"inLanguage\":\"pt-BR\",\"@id\":\"https:\/\/www.manaus.am.gov.br\/semcom\/populacoes-indigenas-inquerito-diagnostico-tuberculose-e-ists\/#primaryimage\",\"url\":\"https:\/\/www.manaus.am.gov.br\/semcom\/wp-content\/uploads\/sites\/5\/2026\/01\/55052912727_320ca007db_k.jpg\",\"contentUrl\":\"https:\/\/www.manaus.am.gov.br\/semcom\/wp-content\/uploads\/sites\/5\/2026\/01\/55052912727_320ca007db_k.jpg\",\"width\":2048,\"height\":1365,\"caption\":\"#paratodosverem - Idosa ind\u00edgena recebendo atendimento da Semsa durante o projeto \u201cInqu\u00e9rito de Tuberculose e Infec\u00e7\u00f5es Sexualmente Transmiss\u00edveis (ISTs) em Popula\u00e7\u00f5es Ind\u00edgenas Urbanizadas\u201d\"},{\"@type\":\"WebSite\",\"@id\":\"https:\/\/www.manaus.am.gov.br\/semcom\/#website\",\"url\":\"https:\/\/www.manaus.am.gov.br\/semcom\/\",\"name\":\"SEMCOM\",\"description\":\"Secretaria Municipal de Comunica\u00e7\u00e3o\",\"potentialAction\":[{\"@type\":\"SearchAction\",\"target\":{\"@type\":\"EntryPoint\",\"urlTemplate\":\"https:\/\/www.manaus.am.gov.br\/semcom\/?s={search_term_string}\"},\"query-input\":\"required name=search_term_string\"}],\"inLanguage\":\"pt-BR\"},{\"@type\":\"Person\",\"@id\":\"https:\/\/www.manaus.am.gov.br\/semcom\/#\/schema\/person\/05d223aea2bf115f9883a6ff3683d81b\",\"name\":\"Bruna Greco\",\"image\":{\"@type\":\"ImageObject\",\"inLanguage\":\"pt-BR\",\"@id\":\"https:\/\/www.manaus.am.gov.br\/semcom\/#\/schema\/person\/image\/\",\"url\":\"https:\/\/secure.gravatar.com\/avatar\/9c877d1a6adc2a055330e5c09a8653ce?s=96&d=mm&r=g\",\"contentUrl\":\"https:\/\/secure.gravatar.com\/avatar\/9c877d1a6adc2a055330e5c09a8653ce?s=96&d=mm&r=g\",\"caption\":\"Bruna Greco\"}}]}<\/script>\n<!-- \/ Yoast SEO plugin. -->","yoast_head_json":{"title":"Popula\u00e7\u00f5es ind\u00edgenas em Manaus participam de inqu\u00e9rito para diagn\u00f3stico de tuberculose e ISTs","description":"Popula\u00e7\u00f5es ind\u00edgenas em Manaus participam de inqu\u00e9rito para diagn\u00f3stico de tuberculose e ISTs nesta quarta-feira, 21\/1.","robots":{"index":"index","follow":"follow","max-snippet":"max-snippet:-1","max-image-preview":"max-image-preview:large","max-video-preview":"max-video-preview:-1"},"canonical":"https:\/\/www.manaus.am.gov.br\/semcom\/populacoes-indigenas-inquerito-diagnostico-tuberculose-e-ists\/","og_locale":"pt_BR","og_type":"article","og_title":"Popula\u00e7\u00f5es ind\u00edgenas em Manaus participam de inqu\u00e9rito para diagn\u00f3stico de tuberculose e ISTs","og_description":"Popula\u00e7\u00f5es ind\u00edgenas em Manaus participam de inqu\u00e9rito para diagn\u00f3stico de tuberculose e ISTs nesta quarta-feira, 21\/1.","og_url":"https:\/\/www.manaus.am.gov.br\/semcom\/populacoes-indigenas-inquerito-diagnostico-tuberculose-e-ists\/","og_site_name":"SEMCOM","article_published_time":"2026-01-21T19:13:41+00:00","article_modified_time":"2026-01-22T16:51:46+00:00","og_image":[{"width":2048,"height":1365,"url":"https:\/\/www.manaus.am.gov.br\/semcom\/wp-content\/uploads\/sites\/5\/2026\/01\/55052912727_320ca007db_k.jpg","type":"image\/jpeg"}],"author":"Bruna Greco","twitter_card":"summary_large_image","twitter_misc":{"Written by":"Bruna Greco","Est. reading time":"5 minutos"},"schema":{"@context":"https:\/\/schema.org","@graph":[{"@type":"WebPage","@id":"https:\/\/www.manaus.am.gov.br\/semcom\/populacoes-indigenas-inquerito-diagnostico-tuberculose-e-ists\/","url":"https:\/\/www.manaus.am.gov.br\/semcom\/populacoes-indigenas-inquerito-diagnostico-tuberculose-e-ists\/","name":"Popula\u00e7\u00f5es ind\u00edgenas em Manaus participam de inqu\u00e9rito para diagn\u00f3stico de tuberculose e ISTs","isPartOf":{"@id":"https:\/\/www.manaus.am.gov.br\/semcom\/#website"},"primaryImageOfPage":{"@id":"https:\/\/www.manaus.am.gov.br\/semcom\/populacoes-indigenas-inquerito-diagnostico-tuberculose-e-ists\/#primaryimage"},"image":{"@id":"https:\/\/www.manaus.am.gov.br\/semcom\/populacoes-indigenas-inquerito-diagnostico-tuberculose-e-ists\/#primaryimage"},"thumbnailUrl":"https:\/\/www.manaus.am.gov.br\/semcom\/wp-content\/uploads\/sites\/5\/2026\/01\/55052912727_320ca007db_k.jpg","datePublished":"2026-01-21T19:13:41+00:00","dateModified":"2026-01-22T16:51:46+00:00","author":{"@id":"https:\/\/www.manaus.am.gov.br\/semcom\/#\/schema\/person\/05d223aea2bf115f9883a6ff3683d81b"},"description":"Popula\u00e7\u00f5es ind\u00edgenas em Manaus participam de inqu\u00e9rito para diagn\u00f3stico de tuberculose e ISTs nesta quarta-feira, 21\/1.","inLanguage":"pt-BR","potentialAction":[{"@type":"ReadAction","target":["https:\/\/www.manaus.am.gov.br\/semcom\/populacoes-indigenas-inquerito-diagnostico-tuberculose-e-ists\/"]}]},{"@type":"ImageObject","inLanguage":"pt-BR","@id":"https:\/\/www.manaus.am.gov.br\/semcom\/populacoes-indigenas-inquerito-diagnostico-tuberculose-e-ists\/#primaryimage","url":"https:\/\/www.manaus.am.gov.br\/semcom\/wp-content\/uploads\/sites\/5\/2026\/01\/55052912727_320ca007db_k.jpg","contentUrl":"https:\/\/www.manaus.am.gov.br\/semcom\/wp-content\/uploads\/sites\/5\/2026\/01\/55052912727_320ca007db_k.jpg","width":2048,"height":1365,"caption":"#paratodosverem - Idosa ind\u00edgena recebendo atendimento da Semsa durante o projeto \u201cInqu\u00e9rito de Tuberculose e Infec\u00e7\u00f5es Sexualmente Transmiss\u00edveis (ISTs) em Popula\u00e7\u00f5es Ind\u00edgenas Urbanizadas\u201d"},{"@type":"WebSite","@id":"https:\/\/www.manaus.am.gov.br\/semcom\/#website","url":"https:\/\/www.manaus.am.gov.br\/semcom\/","name":"SEMCOM","description":"Secretaria Municipal de Comunica\u00e7\u00e3o","potentialAction":[{"@type":"SearchAction","target":{"@type":"EntryPoint","urlTemplate":"https:\/\/www.manaus.am.gov.br\/semcom\/?s={search_term_string}"},"query-input":"required name=search_term_string"}],"inLanguage":"pt-BR"},{"@type":"Person","@id":"https:\/\/www.manaus.am.gov.br\/semcom\/#\/schema\/person\/05d223aea2bf115f9883a6ff3683d81b","name":"Bruna Greco","image":{"@type":"ImageObject","inLanguage":"pt-BR","@id":"https:\/\/www.manaus.am.gov.br\/semcom\/#\/schema\/person\/image\/","url":"https:\/\/secure.gravatar.com\/avatar\/9c877d1a6adc2a055330e5c09a8653ce?s=96&d=mm&r=g","contentUrl":"https:\/\/secure.gravatar.com\/avatar\/9c877d1a6adc2a055330e5c09a8653ce?s=96&d=mm&r=g","caption":"Bruna Greco"}}]}},"_links":{"self":[{"href":"https:\/\/www.manaus.am.gov.br\/semcom\/wp-json\/wp\/v2\/posts\/251418"}],"collection":[{"href":"https:\/\/www.manaus.am.gov.br\/semcom\/wp-json\/wp\/v2\/posts"}],"about":[{"href":"https:\/\/www.manaus.am.gov.br\/semcom\/wp-json\/wp\/v2\/types\/post"}],"author":[{"embeddable":true,"href":"https:\/\/www.manaus.am.gov.br\/semcom\/wp-json\/wp\/v2\/users\/39"}],"replies":[{"embeddable":true,"href":"https:\/\/www.manaus.am.gov.br\/semcom\/wp-json\/wp\/v2\/comments?post=251418"}],"version-history":[{"count":6,"href":"https:\/\/www.manaus.am.gov.br\/semcom\/wp-json\/wp\/v2\/posts\/251418\/revisions"}],"predecessor-version":[{"id":251483,"href":"https:\/\/www.manaus.am.gov.br\/semcom\/wp-json\/wp\/v2\/posts\/251418\/revisions\/251483"}],"wp:featuredmedia":[{"embeddable":true,"href":"https:\/\/www.manaus.am.gov.br\/semcom\/wp-json\/wp\/v2\/media\/251419"}],"wp:attachment":[{"href":"https:\/\/www.manaus.am.gov.br\/semcom\/wp-json\/wp\/v2\/media?parent=251418"}],"wp:term":[{"taxonomy":"category","embeddable":true,"href":"https:\/\/www.manaus.am.gov.br\/semcom\/wp-json\/wp\/v2\/categories?post=251418"},{"taxonomy":"post_tag","embeddable":true,"href":"https:\/\/www.manaus.am.gov.br\/semcom\/wp-json\/wp\/v2\/tags?post=251418"}],"curies":[{"name":"wp","href":"https:\/\/api.w.org\/{rel}","templated":true}]}}