{"id":251414,"date":"2026-01-21T15:03:39","date_gmt":"2026-01-21T19:03:39","guid":{"rendered":"https:\/\/www.manaus.am.gov.br\/semcom\/equipamentos-ineditos-coleta-residuos-organicos\/"},"modified":"2026-01-28T12:11:56","modified_gmt":"2026-01-28T15:11:56","slug":"equipamentos-ineditos-coleta-residuos-organicos","status":"publish","type":"post","link":"https:\/\/www.manaus.am.gov.br\/semcom\/equipamentos-ineditos-coleta-residuos-organicos\/","title":{"rendered":"Prefeito David Almeida entrega equipamentos in\u00e9ditos para coleta de res\u00edduos org\u00e2nicos e consolida pol\u00edtica ambiental estruturante em Manaus"},"content":{"rendered":"\n<p>O<a href=\"https:\/\/www.instagram.com\/prefeiturademanaus\/\"> prefeito de Manaus, David Almeida, <\/a>realizou, nesta quarta-feira, 21\/1, a entrega de quatro compactadores estacion\u00e1rios destinados \u00e0 coleta exclusiva de res\u00edduos org\u00e2nicos, na sede da Secretaria Municipal de Limpeza Urbana (Semulsp), no bairro Compensa, zona Oeste da capital. Os equipamentos s\u00e3o in\u00e9ditos na cidade e representam um avan\u00e7o concreto na pol\u00edtica ambiental da prefeitura, alinhada ao Plano de Governo Manaus Mais 2025\u20132028.<\/p>\n\n\n\n<p>Os compactadores ser\u00e3o acoplados ao sistema&nbsp;<em>roll on roll off<\/em>&nbsp;e instalados inicialmente em quatro grandes feiras da capital: feira da Banana, feira da Manaus Moderna, feira do Produtor e feira do Japiim. A defini\u00e7\u00e3o dos pontos seguiu crit\u00e9rios t\u00e9cnicos, como o alto volume di\u00e1rio de res\u00edduos org\u00e2nicos gerados. A estrat\u00e9gia \u00e9 iniciar por esses locais e ampliar gradualmente o sistema para outras feiras e \u00e1reas da cidade.<\/p>\n\n\n\n<p>Com a implanta\u00e7\u00e3o do novo modelo, <a href=\"https:\/\/www.manaus.am.gov.br\/\">Manaus<\/a> passa a tratar de forma adequada cerca de 120 toneladas de res\u00edduos org\u00e2nicos por dia, o que corresponde a aproximadamente 3.600 toneladas por m\u00eas. Esse tipo de res\u00edduo \u00e9 o principal respons\u00e1vel pela gera\u00e7\u00e3o de chorume e pela emiss\u00e3o de g\u00e1s metano, um dos gases mais nocivos ao meio ambiente.<\/p>\n\n\n\n<p>Segundo o prefeito David Almeida, a separa\u00e7\u00e3o correta na origem representa uma virada ambiental para a cidade. \u201cEsse material org\u00e2nico \u00e9 o principal gerador de chorume e de g\u00e1s metano. Quando fazemos a separa\u00e7\u00e3o correta, transformamos um problema ambiental hist\u00f3rico em solu\u00e7\u00e3o sustent\u00e1vel, com impacto direto na limpeza urbana e na prote\u00e7\u00e3o do meio ambiente\u201d, afirmou.<\/p>\n\n\n\n<p>O sistema permite que o material org\u00e2nico seja separado do chorume ainda no ponto de coleta. Cada compactador possui compartimento exclusivo para reten\u00e7\u00e3o do l\u00edquido, evitando a contamina\u00e7\u00e3o do solo e do len\u00e7ol fre\u00e1tico. Todo o res\u00edduo org\u00e2nico recolhido ser\u00e1 encaminhado \u00e0 Central de Compostagem do munic\u00edpio, onde ser\u00e1 transformado em adubo para uso no paisagismo urbano, incluindo pra\u00e7as, parques e canteiros centrais.<\/p>\n\n\n\n<p>O secret\u00e1rio municipal de Limpeza Urbana, Sab\u00e1 Reis, destacou que a iniciativa tamb\u00e9m representa uma mudan\u00e7a de cultura na gest\u00e3o dos res\u00edduos s\u00f3lidos. \u201cEstamos falando de um trabalho di\u00e1rio, que exige investimento, tecnologia e dedica\u00e7\u00e3o das equipes. Quando o poder p\u00fablico d\u00e1 o exemplo, a cidade responde. Esse novo sistema traz mais dignidade, organiza\u00e7\u00e3o e melhora real nas condi\u00e7\u00f5es sanit\u00e1rias das feiras\u201d, ressaltou.<\/p>\n\n\n\n<p>A entrega dos equipamentos integra um conjunto mais amplo de a\u00e7\u00f5es estruturantes da atual gest\u00e3o na \u00e1rea ambiental. Entre elas, est\u00e3o as ecobarreiras instaladas em rios e igarap\u00e9s da cidade, que j\u00e1 impediram que mais de oito mil toneladas de lixo chegassem ao rio Negro e, posteriormente, ao rio Amazonas e ao oceano Atl\u00e2ntico. Outro marco \u00e9 a implanta\u00e7\u00e3o do primeiro aterro sanit\u00e1rio com padr\u00e3o ambiental completo da regi\u00e3o Norte, constru\u00eddo conforme as resolu\u00e7\u00f5es do Conselho Nacional do Meio Ambiente (Conama), com sistema de impermeabiliza\u00e7\u00e3o que impede a infiltra\u00e7\u00e3o de chorume no subsolo.<\/p>\n\n\n\n<p>As medidas adotadas tamb\u00e9m est\u00e3o conectadas a uma estrat\u00e9gia de longo prazo. Manaus possui projetos inscritos para gera\u00e7\u00e3o de cr\u00e9ditos de carbono, estimados em cerca de 500 milh\u00f5es de d\u00f3lares ao longo dos pr\u00f3ximos seis anos, com valida\u00e7\u00e3o de organismos internacionais.<\/p>\n\n\n\n<p>\u201cAo reduzir a emiss\u00e3o de gases como o metano e melhorar a destina\u00e7\u00e3o dos res\u00edduos, Manaus passa a ocupar uma posi\u00e7\u00e3o estrat\u00e9gica na agenda ambiental, com benef\u00edcios ambientais, sociais e econ\u00f4micos para a cidade\u201d, completou o prefeito.<\/p>\n\n\n\n<p>A iniciativa refor\u00e7a os eixos de meio ambiente, sustentabilidade e gest\u00e3o urbana da administra\u00e7\u00e3o municipal e eleva o padr\u00e3o da limpeza urbana. Com planejamento, decis\u00e3o pol\u00edtica e execu\u00e7\u00e3o, a Prefeitura de Manaus consolida uma pol\u00edtica p\u00fablica que transforma responsabilidade ambiental em resultados concretos para a popula\u00e7\u00e3o.<\/p>\n\n\n\n<figure class=\"wp-block-image size-large\"><img loading=\"lazy\" decoding=\"async\" width=\"1024\" height=\"683\" src=\"https:\/\/www.manaus.am.gov.br\/semcom\/wp-content\/uploads\/sites\/5\/2026\/01\/55052643887_61ed4bf805_k-1024x683.jpg\" alt=\"\" class=\"wp-image-251416\" srcset=\"https:\/\/www.manaus.am.gov.br\/semcom\/wp-content\/uploads\/sites\/5\/2026\/01\/55052643887_61ed4bf805_k-1024x683.jpg 1024w, https:\/\/www.manaus.am.gov.br\/semcom\/wp-content\/uploads\/sites\/5\/2026\/01\/55052643887_61ed4bf805_k-300x200.jpg 300w, https:\/\/www.manaus.am.gov.br\/semcom\/wp-content\/uploads\/sites\/5\/2026\/01\/55052643887_61ed4bf805_k-768x512.jpg 768w, https:\/\/www.manaus.am.gov.br\/semcom\/wp-content\/uploads\/sites\/5\/2026\/01\/55052643887_61ed4bf805_k-1536x1024.jpg 1536w, https:\/\/www.manaus.am.gov.br\/semcom\/wp-content\/uploads\/sites\/5\/2026\/01\/55052643887_61ed4bf805_k.jpg 2047w\" sizes=\"(max-width: 1024px) 100vw, 1024px\" \/><figcaption class=\"wp-element-caption\">#paratodosverem &#8211; Compactadores estacion\u00e1rios<\/figcaption><\/figure>\n\n\n\n<p>&#8212; &#8212; &#8212;<\/p>\n\n\n\n<p><strong>Texto&nbsp;<\/strong>&#8211; Emanuelle Baires\/Semcom-Prefeito<\/p>\n\n\n\n<p><strong>Fotos<\/strong> &#8211; Dhyeizo Lemos\/Semcom-Prefeito e Antonio Pereira\/Semcom<\/p>\n\n\n\n<p><strong>Dispon\u00edveis em <\/strong>&#8211; <a href=\"https:\/\/flic.kr\/s\/aHBqjCHc6Y\">https:\/\/flic.kr\/s\/aHBqjCHc6Y<\/a><\/p>\n","protected":false},"excerpt":{"rendered":"","protected":false},"author":39,"featured_media":251415,"comment_status":"closed","ping_status":"closed","sticky":false,"template":"","format":"standard","meta":{"footnotes":""},"categories":[3352],"tags":[19017,19018,35,19019,19020,77,301],"acf":[],"yoast_head":"<!-- This site is optimized with the Yoast SEO plugin v23.0 - https:\/\/yoast.com\/wordpress\/plugins\/seo\/ -->\n<title>Prefeito entrega equipamentos in\u00e9ditos para coleta de res\u00edduos org\u00e2nicos e consolida pol\u00edtica ambiental estruturante em Manaus<\/title>\n<meta name=\"description\" content=\"Prefeito David Almeida entrega equipamentos in\u00e9ditos para coleta de res\u00edduos org\u00e2nicos e consolida pol\u00edtica ambiental estruturante em Manaus.\" \/>\n<meta name=\"robots\" content=\"index, follow, max-snippet:-1, max-image-preview:large, max-video-preview:-1\" \/>\n<link rel=\"canonical\" href=\"https:\/\/www.manaus.am.gov.br\/semcom\/equipamentos-ineditos-coleta-residuos-organicos\/\" \/>\n<meta property=\"og:locale\" content=\"pt_BR\" \/>\n<meta property=\"og:type\" content=\"article\" \/>\n<meta property=\"og:title\" content=\"Prefeito entrega equipamentos in\u00e9ditos para coleta de res\u00edduos org\u00e2nicos e consolida pol\u00edtica ambiental estruturante em Manaus\" \/>\n<meta property=\"og:description\" content=\"Prefeito David Almeida entrega equipamentos in\u00e9ditos para coleta de res\u00edduos org\u00e2nicos e consolida pol\u00edtica ambiental estruturante em Manaus.\" \/>\n<meta property=\"og:url\" content=\"https:\/\/www.manaus.am.gov.br\/semcom\/equipamentos-ineditos-coleta-residuos-organicos\/\" \/>\n<meta property=\"og:site_name\" content=\"SEMCOM\" \/>\n<meta property=\"article:published_time\" content=\"2026-01-21T19:03:39+00:00\" \/>\n<meta property=\"article:modified_time\" content=\"2026-01-28T15:11:56+00:00\" \/>\n<meta property=\"og:image\" content=\"https:\/\/www.manaus.am.gov.br\/semcom\/wp-content\/uploads\/sites\/5\/2026\/01\/55053542211_bf32ff6032_k.jpg\" \/>\n\t<meta property=\"og:image:width\" content=\"2047\" \/>\n\t<meta property=\"og:image:height\" content=\"1365\" \/>\n\t<meta property=\"og:image:type\" content=\"image\/jpeg\" \/>\n<meta name=\"author\" content=\"Bruna Greco\" \/>\n<meta name=\"twitter:card\" content=\"summary_large_image\" \/>\n<meta name=\"twitter:label1\" content=\"Written by\" \/>\n\t<meta name=\"twitter:data1\" content=\"Bruna Greco\" \/>\n\t<meta name=\"twitter:label2\" content=\"Est. reading time\" \/>\n\t<meta name=\"twitter:data2\" content=\"4 minutos\" \/>\n<script type=\"application\/ld+json\" class=\"yoast-schema-graph\">{\"@context\":\"https:\/\/schema.org\",\"@graph\":[{\"@type\":\"WebPage\",\"@id\":\"https:\/\/www.manaus.am.gov.br\/semcom\/equipamentos-ineditos-coleta-residuos-organicos\/\",\"url\":\"https:\/\/www.manaus.am.gov.br\/semcom\/equipamentos-ineditos-coleta-residuos-organicos\/\",\"name\":\"Prefeito entrega equipamentos in\u00e9ditos para coleta de res\u00edduos org\u00e2nicos e consolida pol\u00edtica ambiental estruturante em Manaus\",\"isPartOf\":{\"@id\":\"https:\/\/www.manaus.am.gov.br\/semcom\/#website\"},\"primaryImageOfPage\":{\"@id\":\"https:\/\/www.manaus.am.gov.br\/semcom\/equipamentos-ineditos-coleta-residuos-organicos\/#primaryimage\"},\"image\":{\"@id\":\"https:\/\/www.manaus.am.gov.br\/semcom\/equipamentos-ineditos-coleta-residuos-organicos\/#primaryimage\"},\"thumbnailUrl\":\"https:\/\/www.manaus.am.gov.br\/semcom\/wp-content\/uploads\/sites\/5\/2026\/01\/55053542211_bf32ff6032_k.jpg\",\"datePublished\":\"2026-01-21T19:03:39+00:00\",\"dateModified\":\"2026-01-28T15:11:56+00:00\",\"author\":{\"@id\":\"https:\/\/www.manaus.am.gov.br\/semcom\/#\/schema\/person\/05d223aea2bf115f9883a6ff3683d81b\"},\"description\":\"Prefeito David Almeida entrega equipamentos in\u00e9ditos para coleta de res\u00edduos org\u00e2nicos e consolida pol\u00edtica ambiental estruturante em Manaus.\",\"inLanguage\":\"pt-BR\",\"potentialAction\":[{\"@type\":\"ReadAction\",\"target\":[\"https:\/\/www.manaus.am.gov.br\/semcom\/equipamentos-ineditos-coleta-residuos-organicos\/\"]}]},{\"@type\":\"ImageObject\",\"inLanguage\":\"pt-BR\",\"@id\":\"https:\/\/www.manaus.am.gov.br\/semcom\/equipamentos-ineditos-coleta-residuos-organicos\/#primaryimage\",\"url\":\"https:\/\/www.manaus.am.gov.br\/semcom\/wp-content\/uploads\/sites\/5\/2026\/01\/55053542211_bf32ff6032_k.jpg\",\"contentUrl\":\"https:\/\/www.manaus.am.gov.br\/semcom\/wp-content\/uploads\/sites\/5\/2026\/01\/55053542211_bf32ff6032_k.jpg\",\"width\":2047,\"height\":1365,\"caption\":\"#paratodosverem - Prefeito de Manaus, David Almeida, discursando durante cerim\u00f4nia de entrega dos compactadores estacion\u00e1rios destinados \u00e0 coleta exclusiva de res\u00edduos org\u00e2nicos na Semulsp\"},{\"@type\":\"WebSite\",\"@id\":\"https:\/\/www.manaus.am.gov.br\/semcom\/#website\",\"url\":\"https:\/\/www.manaus.am.gov.br\/semcom\/\",\"name\":\"SEMCOM\",\"description\":\"Secretaria Municipal de Comunica\u00e7\u00e3o\",\"potentialAction\":[{\"@type\":\"SearchAction\",\"target\":{\"@type\":\"EntryPoint\",\"urlTemplate\":\"https:\/\/www.manaus.am.gov.br\/semcom\/?s={search_term_string}\"},\"query-input\":\"required name=search_term_string\"}],\"inLanguage\":\"pt-BR\"},{\"@type\":\"Person\",\"@id\":\"https:\/\/www.manaus.am.gov.br\/semcom\/#\/schema\/person\/05d223aea2bf115f9883a6ff3683d81b\",\"name\":\"Bruna Greco\",\"image\":{\"@type\":\"ImageObject\",\"inLanguage\":\"pt-BR\",\"@id\":\"https:\/\/www.manaus.am.gov.br\/semcom\/#\/schema\/person\/image\/\",\"url\":\"https:\/\/secure.gravatar.com\/avatar\/9c877d1a6adc2a055330e5c09a8653ce?s=96&d=mm&r=g\",\"contentUrl\":\"https:\/\/secure.gravatar.com\/avatar\/9c877d1a6adc2a055330e5c09a8653ce?s=96&d=mm&r=g\",\"caption\":\"Bruna Greco\"}}]}<\/script>\n<!-- \/ Yoast SEO plugin. -->","yoast_head_json":{"title":"Prefeito entrega equipamentos in\u00e9ditos para coleta de res\u00edduos org\u00e2nicos e consolida pol\u00edtica ambiental estruturante em Manaus","description":"Prefeito David Almeida entrega equipamentos in\u00e9ditos para coleta de res\u00edduos org\u00e2nicos e consolida pol\u00edtica ambiental estruturante em Manaus.","robots":{"index":"index","follow":"follow","max-snippet":"max-snippet:-1","max-image-preview":"max-image-preview:large","max-video-preview":"max-video-preview:-1"},"canonical":"https:\/\/www.manaus.am.gov.br\/semcom\/equipamentos-ineditos-coleta-residuos-organicos\/","og_locale":"pt_BR","og_type":"article","og_title":"Prefeito entrega equipamentos in\u00e9ditos para coleta de res\u00edduos org\u00e2nicos e consolida pol\u00edtica ambiental estruturante em Manaus","og_description":"Prefeito David Almeida entrega equipamentos in\u00e9ditos para coleta de res\u00edduos org\u00e2nicos e consolida pol\u00edtica ambiental estruturante em Manaus.","og_url":"https:\/\/www.manaus.am.gov.br\/semcom\/equipamentos-ineditos-coleta-residuos-organicos\/","og_site_name":"SEMCOM","article_published_time":"2026-01-21T19:03:39+00:00","article_modified_time":"2026-01-28T15:11:56+00:00","og_image":[{"width":2047,"height":1365,"url":"https:\/\/www.manaus.am.gov.br\/semcom\/wp-content\/uploads\/sites\/5\/2026\/01\/55053542211_bf32ff6032_k.jpg","type":"image\/jpeg"}],"author":"Bruna Greco","twitter_card":"summary_large_image","twitter_misc":{"Written by":"Bruna Greco","Est. reading time":"4 minutos"},"schema":{"@context":"https:\/\/schema.org","@graph":[{"@type":"WebPage","@id":"https:\/\/www.manaus.am.gov.br\/semcom\/equipamentos-ineditos-coleta-residuos-organicos\/","url":"https:\/\/www.manaus.am.gov.br\/semcom\/equipamentos-ineditos-coleta-residuos-organicos\/","name":"Prefeito entrega equipamentos in\u00e9ditos para coleta de res\u00edduos org\u00e2nicos e consolida pol\u00edtica ambiental estruturante em Manaus","isPartOf":{"@id":"https:\/\/www.manaus.am.gov.br\/semcom\/#website"},"primaryImageOfPage":{"@id":"https:\/\/www.manaus.am.gov.br\/semcom\/equipamentos-ineditos-coleta-residuos-organicos\/#primaryimage"},"image":{"@id":"https:\/\/www.manaus.am.gov.br\/semcom\/equipamentos-ineditos-coleta-residuos-organicos\/#primaryimage"},"thumbnailUrl":"https:\/\/www.manaus.am.gov.br\/semcom\/wp-content\/uploads\/sites\/5\/2026\/01\/55053542211_bf32ff6032_k.jpg","datePublished":"2026-01-21T19:03:39+00:00","dateModified":"2026-01-28T15:11:56+00:00","author":{"@id":"https:\/\/www.manaus.am.gov.br\/semcom\/#\/schema\/person\/05d223aea2bf115f9883a6ff3683d81b"},"description":"Prefeito David Almeida entrega equipamentos in\u00e9ditos para coleta de res\u00edduos org\u00e2nicos e consolida pol\u00edtica ambiental estruturante em Manaus.","inLanguage":"pt-BR","potentialAction":[{"@type":"ReadAction","target":["https:\/\/www.manaus.am.gov.br\/semcom\/equipamentos-ineditos-coleta-residuos-organicos\/"]}]},{"@type":"ImageObject","inLanguage":"pt-BR","@id":"https:\/\/www.manaus.am.gov.br\/semcom\/equipamentos-ineditos-coleta-residuos-organicos\/#primaryimage","url":"https:\/\/www.manaus.am.gov.br\/semcom\/wp-content\/uploads\/sites\/5\/2026\/01\/55053542211_bf32ff6032_k.jpg","contentUrl":"https:\/\/www.manaus.am.gov.br\/semcom\/wp-content\/uploads\/sites\/5\/2026\/01\/55053542211_bf32ff6032_k.jpg","width":2047,"height":1365,"caption":"#paratodosverem - Prefeito de Manaus, David Almeida, discursando durante cerim\u00f4nia de entrega dos compactadores estacion\u00e1rios destinados \u00e0 coleta exclusiva de res\u00edduos org\u00e2nicos na Semulsp"},{"@type":"WebSite","@id":"https:\/\/www.manaus.am.gov.br\/semcom\/#website","url":"https:\/\/www.manaus.am.gov.br\/semcom\/","name":"SEMCOM","description":"Secretaria Municipal de Comunica\u00e7\u00e3o","potentialAction":[{"@type":"SearchAction","target":{"@type":"EntryPoint","urlTemplate":"https:\/\/www.manaus.am.gov.br\/semcom\/?s={search_term_string}"},"query-input":"required name=search_term_string"}],"inLanguage":"pt-BR"},{"@type":"Person","@id":"https:\/\/www.manaus.am.gov.br\/semcom\/#\/schema\/person\/05d223aea2bf115f9883a6ff3683d81b","name":"Bruna Greco","image":{"@type":"ImageObject","inLanguage":"pt-BR","@id":"https:\/\/www.manaus.am.gov.br\/semcom\/#\/schema\/person\/image\/","url":"https:\/\/secure.gravatar.com\/avatar\/9c877d1a6adc2a055330e5c09a8653ce?s=96&d=mm&r=g","contentUrl":"https:\/\/secure.gravatar.com\/avatar\/9c877d1a6adc2a055330e5c09a8653ce?s=96&d=mm&r=g","caption":"Bruna Greco"}}]}},"_links":{"self":[{"href":"https:\/\/www.manaus.am.gov.br\/semcom\/wp-json\/wp\/v2\/posts\/251414"}],"collection":[{"href":"https:\/\/www.manaus.am.gov.br\/semcom\/wp-json\/wp\/v2\/posts"}],"about":[{"href":"https:\/\/www.manaus.am.gov.br\/semcom\/wp-json\/wp\/v2\/types\/post"}],"author":[{"embeddable":true,"href":"https:\/\/www.manaus.am.gov.br\/semcom\/wp-json\/wp\/v2\/users\/39"}],"replies":[{"embeddable":true,"href":"https:\/\/www.manaus.am.gov.br\/semcom\/wp-json\/wp\/v2\/comments?post=251414"}],"version-history":[{"count":3,"href":"https:\/\/www.manaus.am.gov.br\/semcom\/wp-json\/wp\/v2\/posts\/251414\/revisions"}],"predecessor-version":[{"id":251819,"href":"https:\/\/www.manaus.am.gov.br\/semcom\/wp-json\/wp\/v2\/posts\/251414\/revisions\/251819"}],"wp:featuredmedia":[{"embeddable":true,"href":"https:\/\/www.manaus.am.gov.br\/semcom\/wp-json\/wp\/v2\/media\/251415"}],"wp:attachment":[{"href":"https:\/\/www.manaus.am.gov.br\/semcom\/wp-json\/wp\/v2\/media?parent=251414"}],"wp:term":[{"taxonomy":"category","embeddable":true,"href":"https:\/\/www.manaus.am.gov.br\/semcom\/wp-json\/wp\/v2\/categories?post=251414"},{"taxonomy":"post_tag","embeddable":true,"href":"https:\/\/www.manaus.am.gov.br\/semcom\/wp-json\/wp\/v2\/tags?post=251414"}],"curies":[{"name":"wp","href":"https:\/\/api.w.org\/{rel}","templated":true}]}}