{"id":251376,"date":"2026-01-21T11:43:10","date_gmt":"2026-01-21T15:43:10","guid":{"rendered":"https:\/\/www.manaus.am.gov.br\/semcom\/valorizacao-profissionais-da-educacao\/"},"modified":"2026-01-21T11:43:10","modified_gmt":"2026-01-21T15:43:10","slug":"valorizacao-profissionais-da-educacao","status":"publish","type":"post","link":"https:\/\/www.manaus.am.gov.br\/semcom\/valorizacao-profissionais-da-educacao\/","title":{"rendered":"Prefeito David Almeida fortalece valoriza\u00e7\u00e3o dos profissionais da educa\u00e7\u00e3o e cria ambiente favor\u00e1vel aos avan\u00e7os pedag\u00f3gicos em Manaus"},"content":{"rendered":"\n<p>A valoriza\u00e7\u00e3o dos profissionais da educa\u00e7\u00e3o \u00e9 um dos pilares da pol\u00edtica educacional da Prefeitura de Manaus e fator decisivo para os avan\u00e7os registrados na rede municipal de ensino. Na gest\u00e3o do prefeito David Almeida, a administra\u00e7\u00e3o municipal adotou medidas estruturantes voltadas ao reconhecimento profissional, \u00e0 melhoria das condi\u00e7\u00f5es de trabalho e \u00e0 estabilidade institucional, criando um ambiente mais favor\u00e1vel ao processo de aprendizagem.<\/p>\n\n\n\n<p>Entre as a\u00e7\u00f5es implementadas est\u00e3o a regulariza\u00e7\u00e3o de progress\u00f5es funcionais, a amplia\u00e7\u00e3o do pagamento de hora extra para professores e pedagogos, o refor\u00e7o das equipes de apoio escolar e a melhoria das condi\u00e7\u00f5es f\u00edsicas e organizacionais das unidades de ensino, permitindo que professores e gestores concentrem esfor\u00e7os no acompanhamento pedag\u00f3gico dos estudantes.<\/p>\n\n\n\n<p>\u201cNenhuma pol\u00edtica educacional se sustenta sem valorizar quem est\u00e1 dentro da sala de aula. Investir no professor \u00e9 investir diretamente no aprendizado do aluno\u201d, afirmou o prefeito David Almeida.<\/p>\n\n\n\n<p>Um dos marcos da atual gest\u00e3o foi a publica\u00e7\u00e3o da maior progress\u00e3o funcional da hist\u00f3ria da rede municipal, contemplando mais de 10 mil servidores da educa\u00e7\u00e3o, com impacto direto na motiva\u00e7\u00e3o, no clima organizacional e na perman\u00eancia dos profissionais na rede.<\/p>\n\n\n\n<p>\u201cQuando o servidor \u00e9 respeitado, reconhecido e valorizado, o reflexo aparece no dia a dia da escola e nos resultados pedag\u00f3gicos. Educa\u00e7\u00e3o de qualidade come\u00e7a com profissionais valorizados\u201d, refor\u00e7ou o prefeito.<\/p>\n\n\n\n<p>A pol\u00edtica de valoriza\u00e7\u00e3o dos profissionais da educa\u00e7\u00e3o \u00e9 conduzida de forma permanente, com di\u00e1logo institucional, responsabilidade fiscal e respeito \u00e0s demandas da categoria, avan\u00e7ando de maneira cont\u00ednua naquilo que \u00e9 poss\u00edvel realizar com equil\u00edbrio e sustentabilidade.<\/p>\n\n\n\n<p>\u201cValorizar o servidor \u00e9 um processo cont\u00ednuo. Nem tudo se resolve de uma vez, mas o compromisso da nossa gest\u00e3o \u00e9 avan\u00e7ar com di\u00e1logo, responsabilidade e respeito\u201d, destacou David Almeida.<\/p>\n\n\n\n<p>Como parte da pol\u00edtica cont\u00ednua de valoriza\u00e7\u00e3o dos profissionais da educa\u00e7\u00e3o, o prefeito David Almeida anunciou o pagamento de uma bonifica\u00e7\u00e3o por desempenho aos servidores da rede municipal de ensino. A medida, prevista para o fim deste m\u00eas, representa um investimento de aproximadamente R$ 52 milh\u00f5es, viabilizado a partir do equil\u00edbrio fiscal da gest\u00e3o e do cumprimento de metas administrativas e educacionais.<\/p>\n\n\n\n<p>A bonifica\u00e7\u00e3o por desempenho vai contemplar cerca de 17 mil profissionais da educa\u00e7\u00e3o, com valores definidos de acordo com a carga hor\u00e1ria: R$ 2 mil para jornadas de 20 horas, R$ 4 mil para 40 horas e R$ 6 mil para 60 horas, incluindo professores, pedagogos e demais servidores vinculados \u00e0 \u00e1rea educacional.<\/p>\n\n\n\n<p>\u201cEssa bonifica\u00e7\u00e3o por desempenho \u00e9 fruto de planejamento, responsabilidade fiscal e respeito aos profissionais da educa\u00e7\u00e3o. Ela reconhece o esfor\u00e7o coletivo e os avan\u00e7os alcan\u00e7ados pela rede municipal\u201d, afirmou o prefeito David Almeida.<\/p>\n\n\n\n<p>O pagamento da bonifica\u00e7\u00e3o reafirma o compromisso da administra\u00e7\u00e3o municipal com a valoriza\u00e7\u00e3o concreta dos servidores, dentro dos par\u00e2metros legais e com seguran\u00e7a jur\u00eddica.<\/p>\n\n\n\n<p>O titular da Secretaria Municipal de Educa\u00e7\u00e3o (Semed), J\u00fanior Mar, ressaltou que a valoriza\u00e7\u00e3o profissional impacta diretamente a qualidade do ensino.<\/p>\n\n\n\n<p>\u201cReconhecer o trabalho do professor fortalece o v\u00ednculo com a rede, melhora o ambiente escolar e reflete na aprendizagem dos alunos. Valoriza\u00e7\u00e3o n\u00e3o \u00e9 discurso, \u00e9 pol\u00edtica p\u00fablica efetiva\u201d, afirmou o secret\u00e1rio.<\/p>\n\n\n\n<figure class=\"wp-block-image size-large\"><img loading=\"lazy\" decoding=\"async\" width=\"1024\" height=\"682\" src=\"https:\/\/www.manaus.am.gov.br\/semcom\/wp-content\/uploads\/sites\/5\/2026\/01\/Semed-2-1024x682.jpeg\" alt=\"\" class=\"wp-image-251377\" srcset=\"https:\/\/www.manaus.am.gov.br\/semcom\/wp-content\/uploads\/sites\/5\/2026\/01\/Semed-2-1024x682.jpeg 1024w, https:\/\/www.manaus.am.gov.br\/semcom\/wp-content\/uploads\/sites\/5\/2026\/01\/Semed-2-300x200.jpeg 300w, https:\/\/www.manaus.am.gov.br\/semcom\/wp-content\/uploads\/sites\/5\/2026\/01\/Semed-2-768x512.jpeg 768w, https:\/\/www.manaus.am.gov.br\/semcom\/wp-content\/uploads\/sites\/5\/2026\/01\/Semed-2-1536x1024.jpeg 1536w, https:\/\/www.manaus.am.gov.br\/semcom\/wp-content\/uploads\/sites\/5\/2026\/01\/Semed-2-2048x1365.jpeg 2048w\" sizes=\"(max-width: 1024px) 100vw, 1024px\" \/><figcaption class=\"wp-element-caption\">#paratodosverem &#8211; Professora auxiliando aluna em sala de aula <\/figcaption><\/figure>\n\n\n\n<p><strong>\u00cdndices educacionais<\/strong><\/p>\n\n\n\n<p>Dados do Instituto Nacional de Estudos e Pesquisas Educacionais An\u00edsio Teixeira (Inep) e do Minist\u00e9rio da Educa\u00e7\u00e3o (MEC) indicam que redes de ensino que investem na valoriza\u00e7\u00e3o docente, na estabilidade profissional e em condi\u00e7\u00f5es adequadas de trabalho apresentam melhores indicadores de aprendizagem, menor rotatividade e maior continuidade pedag\u00f3gica, fatores essenciais para a consolida\u00e7\u00e3o de resultados educacionais ao longo do tempo.<\/p>\n\n\n\n<p>Em Manaus, essa pol\u00edtica est\u00e1 integrada a outras a\u00e7\u00f5es estruturantes da educa\u00e7\u00e3o municipal, como a amplia\u00e7\u00e3o do ensino em tempo integral, o fortalecimento da alfabetiza\u00e7\u00e3o na idade certa, a recomposi\u00e7\u00e3o da aprendizagem e a moderniza\u00e7\u00e3o da infraestrutura escolar.<\/p>\n\n\n\n<p>\u201cEstamos cuidando de quem cuida das nossas crian\u00e7as. Esse respeito aos profissionais da educa\u00e7\u00e3o \u00e9 o que sustenta os avan\u00e7os que Manaus vem alcan\u00e7ando\u201d, concluiu David Almeida.<\/p>\n\n\n\n<p>Com a\u00e7\u00f5es concretas de valoriza\u00e7\u00e3o, planejamento e responsabilidade fiscal, a gest\u00e3o David Almeida consolida um ambiente institucional mais est\u00e1vel, profissional e comprometido com resultados, fortalecendo a escola p\u00fablica municipal como espa\u00e7o de excel\u00eancia pedag\u00f3gica e transforma\u00e7\u00e3o social.<\/p>\n\n\n\n<p>\u2014&#8211; \u2014- \u2014<\/p>\n\n\n\n<p><strong>Texto &#8211; <\/strong>Emanuelle Baires \/ Semcom-Prefeito<br><strong>Fotos &#8211; <\/strong>Arquivo \/ Semcom e Semed<\/p>\n","protected":false},"excerpt":{"rendered":"","protected":false},"author":68,"featured_media":251378,"comment_status":"closed","ping_status":"closed","sticky":false,"template":"","format":"standard","meta":{"footnotes":""},"categories":[925],"tags":[77,1070,33,19011],"acf":[],"yoast_head":"<!-- This site is optimized with the Yoast SEO plugin v23.0 - https:\/\/yoast.com\/wordpress\/plugins\/seo\/ -->\n<title>Prefeito fortalece valoriza\u00e7\u00e3o dos profissionais da educa\u00e7\u00e3o<\/title>\n<meta name=\"description\" content=\"A valoriza\u00e7\u00e3o dos profissionais da educa\u00e7\u00e3o \u00e9 um dos pilares da pol\u00edtica educacional da Prefeitura de Manaus e fator decisivo para os avan\u00e7os\" \/>\n<meta name=\"robots\" content=\"index, follow, max-snippet:-1, max-image-preview:large, max-video-preview:-1\" \/>\n<link rel=\"canonical\" href=\"https:\/\/www.manaus.am.gov.br\/semcom\/valorizacao-profissionais-da-educacao\/\" \/>\n<meta property=\"og:locale\" content=\"pt_BR\" \/>\n<meta property=\"og:type\" content=\"article\" \/>\n<meta property=\"og:title\" content=\"Prefeito fortalece valoriza\u00e7\u00e3o dos profissionais da educa\u00e7\u00e3o\" \/>\n<meta property=\"og:description\" content=\"A valoriza\u00e7\u00e3o dos profissionais da educa\u00e7\u00e3o \u00e9 um dos pilares da pol\u00edtica educacional da Prefeitura de Manaus e fator decisivo para os avan\u00e7os\" \/>\n<meta property=\"og:url\" content=\"https:\/\/www.manaus.am.gov.br\/semcom\/valorizacao-profissionais-da-educacao\/\" \/>\n<meta property=\"og:site_name\" content=\"SEMCOM\" \/>\n<meta property=\"article:published_time\" content=\"2026-01-21T15:43:10+00:00\" \/>\n<meta property=\"og:image\" content=\"https:\/\/www.manaus.am.gov.br\/semcom\/wp-content\/uploads\/sites\/5\/2026\/01\/55032096021_d7ba0576c9_c.jpg\" \/>\n\t<meta property=\"og:image:width\" content=\"800\" \/>\n\t<meta property=\"og:image:height\" content=\"534\" \/>\n\t<meta property=\"og:image:type\" content=\"image\/jpeg\" \/>\n<meta name=\"author\" content=\"bvalente\" \/>\n<meta name=\"twitter:card\" content=\"summary_large_image\" \/>\n<meta name=\"twitter:label1\" content=\"Written by\" \/>\n\t<meta name=\"twitter:data1\" content=\"bvalente\" \/>\n\t<meta name=\"twitter:label2\" content=\"Est. reading time\" \/>\n\t<meta name=\"twitter:data2\" content=\"5 minutos\" \/>\n<script type=\"application\/ld+json\" class=\"yoast-schema-graph\">{\"@context\":\"https:\/\/schema.org\",\"@graph\":[{\"@type\":\"WebPage\",\"@id\":\"https:\/\/www.manaus.am.gov.br\/semcom\/valorizacao-profissionais-da-educacao\/\",\"url\":\"https:\/\/www.manaus.am.gov.br\/semcom\/valorizacao-profissionais-da-educacao\/\",\"name\":\"Prefeito fortalece valoriza\u00e7\u00e3o dos profissionais da educa\u00e7\u00e3o\",\"isPartOf\":{\"@id\":\"https:\/\/www.manaus.am.gov.br\/semcom\/#website\"},\"primaryImageOfPage\":{\"@id\":\"https:\/\/www.manaus.am.gov.br\/semcom\/valorizacao-profissionais-da-educacao\/#primaryimage\"},\"image\":{\"@id\":\"https:\/\/www.manaus.am.gov.br\/semcom\/valorizacao-profissionais-da-educacao\/#primaryimage\"},\"thumbnailUrl\":\"https:\/\/www.manaus.am.gov.br\/semcom\/wp-content\/uploads\/sites\/5\/2026\/01\/55032096021_d7ba0576c9_c.jpg\",\"datePublished\":\"2026-01-21T15:43:10+00:00\",\"dateModified\":\"2026-01-21T15:43:10+00:00\",\"author\":{\"@id\":\"https:\/\/www.manaus.am.gov.br\/semcom\/#\/schema\/person\/466a0e03ae4b6062809046bd560ac955\"},\"description\":\"A valoriza\u00e7\u00e3o dos profissionais da educa\u00e7\u00e3o \u00e9 um dos pilares da pol\u00edtica educacional da Prefeitura de Manaus e fator decisivo para os avan\u00e7os\",\"inLanguage\":\"pt-BR\",\"potentialAction\":[{\"@type\":\"ReadAction\",\"target\":[\"https:\/\/www.manaus.am.gov.br\/semcom\/valorizacao-profissionais-da-educacao\/\"]}]},{\"@type\":\"ImageObject\",\"inLanguage\":\"pt-BR\",\"@id\":\"https:\/\/www.manaus.am.gov.br\/semcom\/valorizacao-profissionais-da-educacao\/#primaryimage\",\"url\":\"https:\/\/www.manaus.am.gov.br\/semcom\/wp-content\/uploads\/sites\/5\/2026\/01\/55032096021_d7ba0576c9_c.jpg\",\"contentUrl\":\"https:\/\/www.manaus.am.gov.br\/semcom\/wp-content\/uploads\/sites\/5\/2026\/01\/55032096021_d7ba0576c9_c.jpg\",\"width\":800,\"height\":534,\"caption\":\"#paratodosverem - Prefeito David Almeida e profissionais da educa\u00e7\u00e3o\"},{\"@type\":\"WebSite\",\"@id\":\"https:\/\/www.manaus.am.gov.br\/semcom\/#website\",\"url\":\"https:\/\/www.manaus.am.gov.br\/semcom\/\",\"name\":\"SEMCOM\",\"description\":\"Secretaria Municipal de Comunica\u00e7\u00e3o\",\"potentialAction\":[{\"@type\":\"SearchAction\",\"target\":{\"@type\":\"EntryPoint\",\"urlTemplate\":\"https:\/\/www.manaus.am.gov.br\/semcom\/?s={search_term_string}\"},\"query-input\":\"required name=search_term_string\"}],\"inLanguage\":\"pt-BR\"},{\"@type\":\"Person\",\"@id\":\"https:\/\/www.manaus.am.gov.br\/semcom\/#\/schema\/person\/466a0e03ae4b6062809046bd560ac955\",\"name\":\"bvalente\",\"image\":{\"@type\":\"ImageObject\",\"inLanguage\":\"pt-BR\",\"@id\":\"https:\/\/www.manaus.am.gov.br\/semcom\/#\/schema\/person\/image\/\",\"url\":\"https:\/\/secure.gravatar.com\/avatar\/3e69bc2b014bdad41adfec3a39de07d2?s=96&d=mm&r=g\",\"contentUrl\":\"https:\/\/secure.gravatar.com\/avatar\/3e69bc2b014bdad41adfec3a39de07d2?s=96&d=mm&r=g\",\"caption\":\"bvalente\"}}]}<\/script>\n<!-- \/ Yoast SEO plugin. -->","yoast_head_json":{"title":"Prefeito fortalece valoriza\u00e7\u00e3o dos profissionais da educa\u00e7\u00e3o","description":"A valoriza\u00e7\u00e3o dos profissionais da educa\u00e7\u00e3o \u00e9 um dos pilares da pol\u00edtica educacional da Prefeitura de Manaus e fator decisivo para os avan\u00e7os","robots":{"index":"index","follow":"follow","max-snippet":"max-snippet:-1","max-image-preview":"max-image-preview:large","max-video-preview":"max-video-preview:-1"},"canonical":"https:\/\/www.manaus.am.gov.br\/semcom\/valorizacao-profissionais-da-educacao\/","og_locale":"pt_BR","og_type":"article","og_title":"Prefeito fortalece valoriza\u00e7\u00e3o dos profissionais da educa\u00e7\u00e3o","og_description":"A valoriza\u00e7\u00e3o dos profissionais da educa\u00e7\u00e3o \u00e9 um dos pilares da pol\u00edtica educacional da Prefeitura de Manaus e fator decisivo para os avan\u00e7os","og_url":"https:\/\/www.manaus.am.gov.br\/semcom\/valorizacao-profissionais-da-educacao\/","og_site_name":"SEMCOM","article_published_time":"2026-01-21T15:43:10+00:00","og_image":[{"width":800,"height":534,"url":"https:\/\/www.manaus.am.gov.br\/semcom\/wp-content\/uploads\/sites\/5\/2026\/01\/55032096021_d7ba0576c9_c.jpg","type":"image\/jpeg"}],"author":"bvalente","twitter_card":"summary_large_image","twitter_misc":{"Written by":"bvalente","Est. reading time":"5 minutos"},"schema":{"@context":"https:\/\/schema.org","@graph":[{"@type":"WebPage","@id":"https:\/\/www.manaus.am.gov.br\/semcom\/valorizacao-profissionais-da-educacao\/","url":"https:\/\/www.manaus.am.gov.br\/semcom\/valorizacao-profissionais-da-educacao\/","name":"Prefeito fortalece valoriza\u00e7\u00e3o dos profissionais da educa\u00e7\u00e3o","isPartOf":{"@id":"https:\/\/www.manaus.am.gov.br\/semcom\/#website"},"primaryImageOfPage":{"@id":"https:\/\/www.manaus.am.gov.br\/semcom\/valorizacao-profissionais-da-educacao\/#primaryimage"},"image":{"@id":"https:\/\/www.manaus.am.gov.br\/semcom\/valorizacao-profissionais-da-educacao\/#primaryimage"},"thumbnailUrl":"https:\/\/www.manaus.am.gov.br\/semcom\/wp-content\/uploads\/sites\/5\/2026\/01\/55032096021_d7ba0576c9_c.jpg","datePublished":"2026-01-21T15:43:10+00:00","dateModified":"2026-01-21T15:43:10+00:00","author":{"@id":"https:\/\/www.manaus.am.gov.br\/semcom\/#\/schema\/person\/466a0e03ae4b6062809046bd560ac955"},"description":"A valoriza\u00e7\u00e3o dos profissionais da educa\u00e7\u00e3o \u00e9 um dos pilares da pol\u00edtica educacional da Prefeitura de Manaus e fator decisivo para os avan\u00e7os","inLanguage":"pt-BR","potentialAction":[{"@type":"ReadAction","target":["https:\/\/www.manaus.am.gov.br\/semcom\/valorizacao-profissionais-da-educacao\/"]}]},{"@type":"ImageObject","inLanguage":"pt-BR","@id":"https:\/\/www.manaus.am.gov.br\/semcom\/valorizacao-profissionais-da-educacao\/#primaryimage","url":"https:\/\/www.manaus.am.gov.br\/semcom\/wp-content\/uploads\/sites\/5\/2026\/01\/55032096021_d7ba0576c9_c.jpg","contentUrl":"https:\/\/www.manaus.am.gov.br\/semcom\/wp-content\/uploads\/sites\/5\/2026\/01\/55032096021_d7ba0576c9_c.jpg","width":800,"height":534,"caption":"#paratodosverem - Prefeito David Almeida e profissionais da educa\u00e7\u00e3o"},{"@type":"WebSite","@id":"https:\/\/www.manaus.am.gov.br\/semcom\/#website","url":"https:\/\/www.manaus.am.gov.br\/semcom\/","name":"SEMCOM","description":"Secretaria Municipal de Comunica\u00e7\u00e3o","potentialAction":[{"@type":"SearchAction","target":{"@type":"EntryPoint","urlTemplate":"https:\/\/www.manaus.am.gov.br\/semcom\/?s={search_term_string}"},"query-input":"required name=search_term_string"}],"inLanguage":"pt-BR"},{"@type":"Person","@id":"https:\/\/www.manaus.am.gov.br\/semcom\/#\/schema\/person\/466a0e03ae4b6062809046bd560ac955","name":"bvalente","image":{"@type":"ImageObject","inLanguage":"pt-BR","@id":"https:\/\/www.manaus.am.gov.br\/semcom\/#\/schema\/person\/image\/","url":"https:\/\/secure.gravatar.com\/avatar\/3e69bc2b014bdad41adfec3a39de07d2?s=96&d=mm&r=g","contentUrl":"https:\/\/secure.gravatar.com\/avatar\/3e69bc2b014bdad41adfec3a39de07d2?s=96&d=mm&r=g","caption":"bvalente"}}]}},"_links":{"self":[{"href":"https:\/\/www.manaus.am.gov.br\/semcom\/wp-json\/wp\/v2\/posts\/251376"}],"collection":[{"href":"https:\/\/www.manaus.am.gov.br\/semcom\/wp-json\/wp\/v2\/posts"}],"about":[{"href":"https:\/\/www.manaus.am.gov.br\/semcom\/wp-json\/wp\/v2\/types\/post"}],"author":[{"embeddable":true,"href":"https:\/\/www.manaus.am.gov.br\/semcom\/wp-json\/wp\/v2\/users\/68"}],"replies":[{"embeddable":true,"href":"https:\/\/www.manaus.am.gov.br\/semcom\/wp-json\/wp\/v2\/comments?post=251376"}],"version-history":[{"count":1,"href":"https:\/\/www.manaus.am.gov.br\/semcom\/wp-json\/wp\/v2\/posts\/251376\/revisions"}],"predecessor-version":[{"id":251379,"href":"https:\/\/www.manaus.am.gov.br\/semcom\/wp-json\/wp\/v2\/posts\/251376\/revisions\/251379"}],"wp:featuredmedia":[{"embeddable":true,"href":"https:\/\/www.manaus.am.gov.br\/semcom\/wp-json\/wp\/v2\/media\/251378"}],"wp:attachment":[{"href":"https:\/\/www.manaus.am.gov.br\/semcom\/wp-json\/wp\/v2\/media?parent=251376"}],"wp:term":[{"taxonomy":"category","embeddable":true,"href":"https:\/\/www.manaus.am.gov.br\/semcom\/wp-json\/wp\/v2\/categories?post=251376"},{"taxonomy":"post_tag","embeddable":true,"href":"https:\/\/www.manaus.am.gov.br\/semcom\/wp-json\/wp\/v2\/tags?post=251376"}],"curies":[{"name":"wp","href":"https:\/\/api.w.org\/{rel}","templated":true}]}}