{"id":251362,"date":"2026-01-20T20:19:21","date_gmt":"2026-01-21T00:19:21","guid":{"rendered":"https:\/\/www.manaus.am.gov.br\/semcom\/tendencia-globais-para-2026\/"},"modified":"2026-01-21T14:37:20","modified_gmt":"2026-01-21T17:37:20","slug":"tendencia-globais-para-2026","status":"publish","type":"post","link":"https:\/\/www.manaus.am.gov.br\/semcom\/tendencia-globais-para-2026\/","title":{"rendered":"Manaus est\u00e1 entre os destinos tend\u00eancia globais para 2026 e consolida crescimento no turismo internacional"},"content":{"rendered":"\n<p>A capital amazonense passou a integrar a lista dos dez destinos tend\u00eancia globais para 2026, segundo levantamento internacional baseado em comportamento de viajantes, crescimento de buscas e interesse por experi\u00eancias aut\u00eanticas. A <a href=\"https:\/\/www.manaus.am.gov.br\">Prefeitura de Manaus<\/a> celebra o reconhecimento e reafirma o compromisso de consolidar a cidade como um dos principais polos tur\u00edsticos, como um destino que une natureza, cultura, patrim\u00f4nio hist\u00f3rico e identidade amaz\u00f4nica.<\/p>\n\n\n\n<p>O destaque tem como base a pesquisa anual de tend\u00eancias de viagem realizada pela Booking.com, uma das maiores plataformas globais de turismo, que analisa dados de buscas, reservas e prefer\u00eancias de viajantes em todo o mundo. Entre os crit\u00e9rios avaliados est\u00e3o o crescimento do interesse internacional, a busca por destinos sustent\u00e1veis, experi\u00eancias culturais genu\u00ednas, contato com a natureza e a valoriza\u00e7\u00e3o de comunidades locais, fatores nos quais Manaus se destaca de forma singular.<\/p>\n\n\n\n<p>Entre os fatores que impulsionaram Manaus ao ranking est\u00e1 o fortalecimento de seus pontos tur\u00edsticos urbanos, que passaram por processos de revitaliza\u00e7\u00e3o e requalifica\u00e7\u00e3o, ampliando a experi\u00eancia do visitante e o acesso da popula\u00e7\u00e3o aos espa\u00e7os culturais. O mirante L\u00facia Almeida, com vista privilegiada para o rio Negro, no centro hist\u00f3rico, tornou-se um novo cart\u00e3o-postal da cidade. J\u00e1 o parque Gigantes da Floresta alia lazer, educa\u00e7\u00e3o ambiental e identidade regional, atraindo fam\u00edlias e turistas interessados na biodiversidade amaz\u00f4nica.<\/p>\n\n\n\n<p>Outro destaque \u00e9 o p\u00eder Manaus 355, equipamento estrat\u00e9gico para o turismo fluvial e para a recep\u00e7\u00e3o de cruzeiros, fortalecendo a integra\u00e7\u00e3o entre o centro hist\u00f3rico e o rio Negro. O espa\u00e7o contribui diretamente para a dinamiza\u00e7\u00e3o da economia local e para a valoriza\u00e7\u00e3o da orla da cidade.<br><\/p>\n\n\n\n<figure class=\"wp-block-image size-full\"><img loading=\"lazy\" decoding=\"async\" width=\"800\" height=\"450\" src=\"https:\/\/www.manaus.am.gov.br\/semcom\/wp-content\/uploads\/sites\/5\/2026\/01\/WhatsApp-Image-2026-01-20-at-20.06.59-1.jpeg\" alt=\"\" class=\"wp-image-251364\" srcset=\"https:\/\/www.manaus.am.gov.br\/semcom\/wp-content\/uploads\/sites\/5\/2026\/01\/WhatsApp-Image-2026-01-20-at-20.06.59-1.jpeg 800w, https:\/\/www.manaus.am.gov.br\/semcom\/wp-content\/uploads\/sites\/5\/2026\/01\/WhatsApp-Image-2026-01-20-at-20.06.59-1-300x169.jpeg 300w, https:\/\/www.manaus.am.gov.br\/semcom\/wp-content\/uploads\/sites\/5\/2026\/01\/WhatsApp-Image-2026-01-20-at-20.06.59-1-768x432.jpeg 768w\" sizes=\"(max-width: 800px) 100vw, 800px\" \/><figcaption class=\"wp-element-caption\">#paratodosverem &#8211; Imagem a\u00e9rea do p\u00eder Manaus 355<\/figcaption><\/figure>\n\n\n\n<p>O Museu da Cidade de Manaus (Muma) tamb\u00e9m se consolida como um importante polo cultural, ao preservar a mem\u00f3ria urbana, arquitet\u00f4nica e social da capital amazonense, oferecendo ao visitante uma leitura aprofundada sobre a forma\u00e7\u00e3o e a identidade da cidade.<\/p>\n\n\n\n<p>O avan\u00e7o de Manaus no cen\u00e1rio tur\u00edstico internacional est\u00e1 diretamente ligado ao trabalho desenvolvido pela Prefeitura de Manaus, por meio da Funda\u00e7\u00e3o Municipal de Cultura, Turismo e Eventos (ManausCult), que vem atuando de forma estrat\u00e9gica na promo\u00e7\u00e3o do destino. A participa\u00e7\u00e3o em feiras nacionais e internacionais de turismo, a articula\u00e7\u00e3o com operadores, ag\u00eancias e companhias a\u00e9reas, al\u00e9m da divulga\u00e7\u00e3o da marca Manaus em eventos do setor, t\u00eam ampliado a visibilidade da cidade e atra\u00eddo novos fluxos de visitantes.<\/p>\n\n\n\n<p>O diretor-presidente da ManausCult, Jender Lobato, destaca que o reconhecimento internacional \u00e9 reflexo de um trabalho cont\u00ednuo e planejado de valoriza\u00e7\u00e3o da cidade.<\/p>\n\n\n\n<p>\u201cEsse reconhecimento internacional que coloca Manaus entre os destinos tend\u00eancia globais para 2026 \u00e9 fruto de um trabalho consistente de promo\u00e7\u00e3o, valoriza\u00e7\u00e3o da nossa cultura, do nosso patrim\u00f4nio e das experi\u00eancias \u00fanicas que a cidade oferece. A capital amazonense est\u00e1 sendo apresentada ao mundo como um destino completo, que une natureza, hist\u00f3ria e identidade amaz\u00f4nica\u201d, afirmou.<\/p>\n\n\n\n<p>Outro ponto decisivo para esse reconhecimento \u00e9 o investimento em turismo sustent\u00e1vel e de base comunit\u00e1ria. Projetos como o \u201cViv\u00eancias Amaz\u00f4nicas\u201d, coordenado pela ManausCult, promovem a integra\u00e7\u00e3o entre turistas e comunidades ribeirinhas e ind\u00edgenas, valorizando saberes tradicionais, gera\u00e7\u00e3o de renda local e preserva\u00e7\u00e3o ambiental. A iniciativa tamb\u00e9m atua na qualifica\u00e7\u00e3o dos empreendedores comunit\u00e1rios, garantindo experi\u00eancias seguras, organizadas e alinhadas \u00e0s boas pr\u00e1ticas do turismo respons\u00e1vel, um dos crit\u00e9rios mais valorizados pelo mercado internacional.<\/p>\n\n\n\n<figure class=\"wp-block-image size-full\"><img loading=\"lazy\" decoding=\"async\" width=\"800\" height=\"600\" src=\"https:\/\/www.manaus.am.gov.br\/semcom\/wp-content\/uploads\/sites\/5\/2026\/01\/WhatsApp-Image-2026-01-20-at-20.07.00.jpeg\" alt=\"\" class=\"wp-image-251363\" srcset=\"https:\/\/www.manaus.am.gov.br\/semcom\/wp-content\/uploads\/sites\/5\/2026\/01\/WhatsApp-Image-2026-01-20-at-20.07.00.jpeg 800w, https:\/\/www.manaus.am.gov.br\/semcom\/wp-content\/uploads\/sites\/5\/2026\/01\/WhatsApp-Image-2026-01-20-at-20.07.00-300x225.jpeg 300w, https:\/\/www.manaus.am.gov.br\/semcom\/wp-content\/uploads\/sites\/5\/2026\/01\/WhatsApp-Image-2026-01-20-at-20.07.00-768x576.jpeg 768w\" sizes=\"(max-width: 800px) 100vw, 800px\" \/><\/figure>\n\n\n\n<p>Segundo Jender Lobato, esse modelo de turismo fortalece a imagem da cidade e gera benef\u00edcios diretos para a popula\u00e7\u00e3o. \u201cManaus n\u00e3o \u00e9 apenas porta de entrada para a Amaz\u00f4nia, \u00e9 um territ\u00f3rio de cultura viva, de comunidades, de saberes e de experi\u00eancias aut\u00eanticas. Investir em projetos como o \u2018Viv\u00eancias Amaz\u00f4nicas\u2019 \u00e9 fortalecer um turismo respons\u00e1vel, que gera desenvolvimento econ\u00f4mico, inclus\u00e3o social e preserva\u00e7\u00e3o ambiental\u201d, destacou.<\/p>\n\n\n\n<p>Al\u00e9m disso, Manaus tem se destacado pela diversidade de experi\u00eancias oferecidas: da gastronomia regional aos grandes equipamentos culturais, do turismo de natureza \u00e0s manifesta\u00e7\u00f5es populares, criando um portf\u00f3lio completo que atende ao perfil do turista contempor\u00e2neo, que busca prop\u00f3sito, autenticidade e conex\u00e3o com o destino visitado.<\/p>\n\n\n\n<p>O reconhecimento como destino tend\u00eancia global para 2026 n\u00e3o apenas fortalece a imagem de Manaus no exterior, mas tamb\u00e9m impulsiona a economia criativa, o setor cultural, o com\u00e9rcio e os servi\u00e7os, gerando emprego e renda para a popula\u00e7\u00e3o. A posi\u00e7\u00e3o alcan\u00e7ada reafirma que o planejamento, a valoriza\u00e7\u00e3o da identidade amaz\u00f4nica e o investimento cont\u00ednuo em cultura e turismo s\u00e3o caminhos s\u00f3lidos para o desenvolvimento sustent\u00e1vel da cidade.<\/p>\n\n\n\n<p>&#8212; &#8212; &#8212;&nbsp;<br><strong>Texto &#8211;<\/strong> J\u00e9ssica Trajano\/ManausCult<br><strong>Fotos &#8211; <\/strong>Arquivo \/ Semcom e ManausCult<\/p>\n","protected":false},"excerpt":{"rendered":"","protected":false},"author":68,"featured_media":251365,"comment_status":"closed","ping_status":"closed","sticky":false,"template":"","format":"standard","meta":{"footnotes":""},"categories":[925],"tags":[19005,77,19006],"acf":[],"yoast_head":"<!-- This site is optimized with the Yoast SEO plugin v23.0 - https:\/\/yoast.com\/wordpress\/plugins\/seo\/ -->\n<title>Manaus est\u00e1 entre os destinos tend\u00eancia globais para 2026<\/title>\n<meta name=\"description\" content=\"A capital amazonense passou a integrar a lista dos dez destinos tend\u00eancia globais para 2026, segundo levantamento internacional baseado em comportamento de viajantes, crescimento de buscas e interesse por experi\u00eancias aut\u00eanticas\" \/>\n<meta name=\"robots\" content=\"index, follow, max-snippet:-1, max-image-preview:large, max-video-preview:-1\" \/>\n<link rel=\"canonical\" href=\"https:\/\/www.manaus.am.gov.br\/semcom\/tendencia-globais-para-2026\/\" \/>\n<meta property=\"og:locale\" content=\"pt_BR\" \/>\n<meta property=\"og:type\" content=\"article\" \/>\n<meta property=\"og:title\" content=\"Manaus est\u00e1 entre os destinos tend\u00eancia globais para 2026\" \/>\n<meta property=\"og:description\" content=\"A capital amazonense passou a integrar a lista dos dez destinos tend\u00eancia globais para 2026, segundo levantamento internacional baseado em comportamento de viajantes, crescimento de buscas e interesse por experi\u00eancias aut\u00eanticas\" \/>\n<meta property=\"og:url\" content=\"https:\/\/www.manaus.am.gov.br\/semcom\/tendencia-globais-para-2026\/\" \/>\n<meta property=\"og:site_name\" content=\"SEMCOM\" \/>\n<meta property=\"article:published_time\" content=\"2026-01-21T00:19:21+00:00\" \/>\n<meta property=\"article:modified_time\" content=\"2026-01-21T17:37:20+00:00\" \/>\n<meta property=\"og:image\" content=\"https:\/\/www.manaus.am.gov.br\/semcom\/wp-content\/uploads\/sites\/5\/2026\/01\/WhatsApp-Image-2026-01-20-at-20.06.59.jpeg\" \/>\n\t<meta property=\"og:image:width\" content=\"800\" \/>\n\t<meta property=\"og:image:height\" content=\"450\" \/>\n\t<meta property=\"og:image:type\" content=\"image\/jpeg\" \/>\n<meta name=\"author\" content=\"bvalente\" \/>\n<meta name=\"twitter:card\" content=\"summary_large_image\" \/>\n<meta name=\"twitter:label1\" content=\"Written by\" \/>\n\t<meta name=\"twitter:data1\" content=\"bvalente\" \/>\n\t<meta name=\"twitter:label2\" content=\"Est. reading time\" \/>\n\t<meta name=\"twitter:data2\" content=\"5 minutos\" \/>\n<script type=\"application\/ld+json\" class=\"yoast-schema-graph\">{\"@context\":\"https:\/\/schema.org\",\"@graph\":[{\"@type\":\"WebPage\",\"@id\":\"https:\/\/www.manaus.am.gov.br\/semcom\/tendencia-globais-para-2026\/\",\"url\":\"https:\/\/www.manaus.am.gov.br\/semcom\/tendencia-globais-para-2026\/\",\"name\":\"Manaus est\u00e1 entre os destinos tend\u00eancia globais para 2026\",\"isPartOf\":{\"@id\":\"https:\/\/www.manaus.am.gov.br\/semcom\/#website\"},\"primaryImageOfPage\":{\"@id\":\"https:\/\/www.manaus.am.gov.br\/semcom\/tendencia-globais-para-2026\/#primaryimage\"},\"image\":{\"@id\":\"https:\/\/www.manaus.am.gov.br\/semcom\/tendencia-globais-para-2026\/#primaryimage\"},\"thumbnailUrl\":\"https:\/\/www.manaus.am.gov.br\/semcom\/wp-content\/uploads\/sites\/5\/2026\/01\/WhatsApp-Image-2026-01-20-at-20.06.59.jpeg\",\"datePublished\":\"2026-01-21T00:19:21+00:00\",\"dateModified\":\"2026-01-21T17:37:20+00:00\",\"author\":{\"@id\":\"https:\/\/www.manaus.am.gov.br\/semcom\/#\/schema\/person\/466a0e03ae4b6062809046bd560ac955\"},\"description\":\"A capital amazonense passou a integrar a lista dos dez destinos tend\u00eancia globais para 2026, segundo levantamento internacional baseado em comportamento de viajantes, crescimento de buscas e interesse por experi\u00eancias aut\u00eanticas\",\"inLanguage\":\"pt-BR\",\"potentialAction\":[{\"@type\":\"ReadAction\",\"target\":[\"https:\/\/www.manaus.am.gov.br\/semcom\/tendencia-globais-para-2026\/\"]}]},{\"@type\":\"ImageObject\",\"inLanguage\":\"pt-BR\",\"@id\":\"https:\/\/www.manaus.am.gov.br\/semcom\/tendencia-globais-para-2026\/#primaryimage\",\"url\":\"https:\/\/www.manaus.am.gov.br\/semcom\/wp-content\/uploads\/sites\/5\/2026\/01\/WhatsApp-Image-2026-01-20-at-20.06.59.jpeg\",\"contentUrl\":\"https:\/\/www.manaus.am.gov.br\/semcom\/wp-content\/uploads\/sites\/5\/2026\/01\/WhatsApp-Image-2026-01-20-at-20.06.59.jpeg\",\"width\":800,\"height\":450,\"caption\":\"#paratodosverem - Imagem a\u00e9rea do mirante L\u00facia Almeida e do p\u00eder Manaus 355\"},{\"@type\":\"WebSite\",\"@id\":\"https:\/\/www.manaus.am.gov.br\/semcom\/#website\",\"url\":\"https:\/\/www.manaus.am.gov.br\/semcom\/\",\"name\":\"SEMCOM\",\"description\":\"Secretaria Municipal de Comunica\u00e7\u00e3o\",\"potentialAction\":[{\"@type\":\"SearchAction\",\"target\":{\"@type\":\"EntryPoint\",\"urlTemplate\":\"https:\/\/www.manaus.am.gov.br\/semcom\/?s={search_term_string}\"},\"query-input\":\"required name=search_term_string\"}],\"inLanguage\":\"pt-BR\"},{\"@type\":\"Person\",\"@id\":\"https:\/\/www.manaus.am.gov.br\/semcom\/#\/schema\/person\/466a0e03ae4b6062809046bd560ac955\",\"name\":\"bvalente\",\"image\":{\"@type\":\"ImageObject\",\"inLanguage\":\"pt-BR\",\"@id\":\"https:\/\/www.manaus.am.gov.br\/semcom\/#\/schema\/person\/image\/\",\"url\":\"https:\/\/secure.gravatar.com\/avatar\/3e69bc2b014bdad41adfec3a39de07d2?s=96&d=mm&r=g\",\"contentUrl\":\"https:\/\/secure.gravatar.com\/avatar\/3e69bc2b014bdad41adfec3a39de07d2?s=96&d=mm&r=g\",\"caption\":\"bvalente\"}}]}<\/script>\n<!-- \/ Yoast SEO plugin. -->","yoast_head_json":{"title":"Manaus est\u00e1 entre os destinos tend\u00eancia globais para 2026","description":"A capital amazonense passou a integrar a lista dos dez destinos tend\u00eancia globais para 2026, segundo levantamento internacional baseado em comportamento de viajantes, crescimento de buscas e interesse por experi\u00eancias aut\u00eanticas","robots":{"index":"index","follow":"follow","max-snippet":"max-snippet:-1","max-image-preview":"max-image-preview:large","max-video-preview":"max-video-preview:-1"},"canonical":"https:\/\/www.manaus.am.gov.br\/semcom\/tendencia-globais-para-2026\/","og_locale":"pt_BR","og_type":"article","og_title":"Manaus est\u00e1 entre os destinos tend\u00eancia globais para 2026","og_description":"A capital amazonense passou a integrar a lista dos dez destinos tend\u00eancia globais para 2026, segundo levantamento internacional baseado em comportamento de viajantes, crescimento de buscas e interesse por experi\u00eancias aut\u00eanticas","og_url":"https:\/\/www.manaus.am.gov.br\/semcom\/tendencia-globais-para-2026\/","og_site_name":"SEMCOM","article_published_time":"2026-01-21T00:19:21+00:00","article_modified_time":"2026-01-21T17:37:20+00:00","og_image":[{"width":800,"height":450,"url":"https:\/\/www.manaus.am.gov.br\/semcom\/wp-content\/uploads\/sites\/5\/2026\/01\/WhatsApp-Image-2026-01-20-at-20.06.59.jpeg","type":"image\/jpeg"}],"author":"bvalente","twitter_card":"summary_large_image","twitter_misc":{"Written by":"bvalente","Est. reading time":"5 minutos"},"schema":{"@context":"https:\/\/schema.org","@graph":[{"@type":"WebPage","@id":"https:\/\/www.manaus.am.gov.br\/semcom\/tendencia-globais-para-2026\/","url":"https:\/\/www.manaus.am.gov.br\/semcom\/tendencia-globais-para-2026\/","name":"Manaus est\u00e1 entre os destinos tend\u00eancia globais para 2026","isPartOf":{"@id":"https:\/\/www.manaus.am.gov.br\/semcom\/#website"},"primaryImageOfPage":{"@id":"https:\/\/www.manaus.am.gov.br\/semcom\/tendencia-globais-para-2026\/#primaryimage"},"image":{"@id":"https:\/\/www.manaus.am.gov.br\/semcom\/tendencia-globais-para-2026\/#primaryimage"},"thumbnailUrl":"https:\/\/www.manaus.am.gov.br\/semcom\/wp-content\/uploads\/sites\/5\/2026\/01\/WhatsApp-Image-2026-01-20-at-20.06.59.jpeg","datePublished":"2026-01-21T00:19:21+00:00","dateModified":"2026-01-21T17:37:20+00:00","author":{"@id":"https:\/\/www.manaus.am.gov.br\/semcom\/#\/schema\/person\/466a0e03ae4b6062809046bd560ac955"},"description":"A capital amazonense passou a integrar a lista dos dez destinos tend\u00eancia globais para 2026, segundo levantamento internacional baseado em comportamento de viajantes, crescimento de buscas e interesse por experi\u00eancias aut\u00eanticas","inLanguage":"pt-BR","potentialAction":[{"@type":"ReadAction","target":["https:\/\/www.manaus.am.gov.br\/semcom\/tendencia-globais-para-2026\/"]}]},{"@type":"ImageObject","inLanguage":"pt-BR","@id":"https:\/\/www.manaus.am.gov.br\/semcom\/tendencia-globais-para-2026\/#primaryimage","url":"https:\/\/www.manaus.am.gov.br\/semcom\/wp-content\/uploads\/sites\/5\/2026\/01\/WhatsApp-Image-2026-01-20-at-20.06.59.jpeg","contentUrl":"https:\/\/www.manaus.am.gov.br\/semcom\/wp-content\/uploads\/sites\/5\/2026\/01\/WhatsApp-Image-2026-01-20-at-20.06.59.jpeg","width":800,"height":450,"caption":"#paratodosverem - Imagem a\u00e9rea do mirante L\u00facia Almeida e do p\u00eder Manaus 355"},{"@type":"WebSite","@id":"https:\/\/www.manaus.am.gov.br\/semcom\/#website","url":"https:\/\/www.manaus.am.gov.br\/semcom\/","name":"SEMCOM","description":"Secretaria Municipal de Comunica\u00e7\u00e3o","potentialAction":[{"@type":"SearchAction","target":{"@type":"EntryPoint","urlTemplate":"https:\/\/www.manaus.am.gov.br\/semcom\/?s={search_term_string}"},"query-input":"required name=search_term_string"}],"inLanguage":"pt-BR"},{"@type":"Person","@id":"https:\/\/www.manaus.am.gov.br\/semcom\/#\/schema\/person\/466a0e03ae4b6062809046bd560ac955","name":"bvalente","image":{"@type":"ImageObject","inLanguage":"pt-BR","@id":"https:\/\/www.manaus.am.gov.br\/semcom\/#\/schema\/person\/image\/","url":"https:\/\/secure.gravatar.com\/avatar\/3e69bc2b014bdad41adfec3a39de07d2?s=96&d=mm&r=g","contentUrl":"https:\/\/secure.gravatar.com\/avatar\/3e69bc2b014bdad41adfec3a39de07d2?s=96&d=mm&r=g","caption":"bvalente"}}]}},"_links":{"self":[{"href":"https:\/\/www.manaus.am.gov.br\/semcom\/wp-json\/wp\/v2\/posts\/251362"}],"collection":[{"href":"https:\/\/www.manaus.am.gov.br\/semcom\/wp-json\/wp\/v2\/posts"}],"about":[{"href":"https:\/\/www.manaus.am.gov.br\/semcom\/wp-json\/wp\/v2\/types\/post"}],"author":[{"embeddable":true,"href":"https:\/\/www.manaus.am.gov.br\/semcom\/wp-json\/wp\/v2\/users\/68"}],"replies":[{"embeddable":true,"href":"https:\/\/www.manaus.am.gov.br\/semcom\/wp-json\/wp\/v2\/comments?post=251362"}],"version-history":[{"count":3,"href":"https:\/\/www.manaus.am.gov.br\/semcom\/wp-json\/wp\/v2\/posts\/251362\/revisions"}],"predecessor-version":[{"id":251400,"href":"https:\/\/www.manaus.am.gov.br\/semcom\/wp-json\/wp\/v2\/posts\/251362\/revisions\/251400"}],"wp:featuredmedia":[{"embeddable":true,"href":"https:\/\/www.manaus.am.gov.br\/semcom\/wp-json\/wp\/v2\/media\/251365"}],"wp:attachment":[{"href":"https:\/\/www.manaus.am.gov.br\/semcom\/wp-json\/wp\/v2\/media?parent=251362"}],"wp:term":[{"taxonomy":"category","embeddable":true,"href":"https:\/\/www.manaus.am.gov.br\/semcom\/wp-json\/wp\/v2\/categories?post=251362"},{"taxonomy":"post_tag","embeddable":true,"href":"https:\/\/www.manaus.am.gov.br\/semcom\/wp-json\/wp\/v2\/tags?post=251362"}],"curies":[{"name":"wp","href":"https:\/\/api.w.org\/{rel}","templated":true}]}}