{"id":251334,"date":"2026-01-20T17:13:34","date_gmt":"2026-01-20T21:13:34","guid":{"rendered":"https:\/\/www.manaus.am.gov.br\/semcom\/feira-do-mundo-novo-fase-final-obras\/"},"modified":"2026-01-21T13:52:05","modified_gmt":"2026-01-21T16:52:05","slug":"feira-municipal-do-mundo-novo-fase-final-obras","status":"publish","type":"post","link":"https:\/\/www.manaus.am.gov.br\/semcom\/feira-municipal-do-mundo-novo-fase-final-obras\/","title":{"rendered":"Feira do Mundo Novo entra na fase final de obras e ser\u00e1 entregue pela prefeitura no primeiro trimestre de 2026"},"content":{"rendered":"\n<p>A <a href=\"https:\/\/www.manaus.gov.br\">Prefeitura de Manaus<\/a>, por meio da\u00a0Secretaria Municipal de Agricultura, Abastecimento, Centro e Com\u00e9rcio Informal\u00a0(Semacc), entra na etapa final das obras da feira municipal do Mundo Novo, localizada no bairro Nova Cidade, zona Norte da capital, com previs\u00e3o de entrega para o primeiro trimestre deste ano. Nesta ter\u00e7a-feira, 20\/1, os servi\u00e7os est\u00e3o concentrados nos ajustes finais da parte el\u00e9trica, instala\u00e7\u00e3o de forro em PVC e  pintura.<\/p>\n\n\n\n<p>O espa\u00e7o passou por uma reforma completa, com toda infraestrutura modernizada, com nova estrutura dos boxes, agora todos em alvenaria e padronizados, pisos, telhado, entre outras melhorias.<\/p>\n\n\n\n<p>De acordo com o secret\u00e1rio da Semacc, Wanderson Costa, as interven\u00e7\u00f5es eram necess\u00e1rias, uma vez que a estrutura antiga apresentava condi\u00e7\u00f5es insalubres. Segundo ele, a obra vai al\u00e9m de uma simples reforma, promovendo a moderniza\u00e7\u00e3o completa do espa\u00e7o.<\/p>\n\n\n\n<p>\u201cAqui n\u00e3o foi apenas uma reforma. Estamos mudando toda a infraestrutura. Permission\u00e1rios e clientes v\u00e3o desfrutar de uma feira acolhedora, com boxes amplos, espa\u00e7o padronizado, identidade visual definida e estrutura moderna, assim como outras feiras j\u00e1 entregues pela gest\u00e3o do prefeito David Almeida\u201d, destacou o secret\u00e1rio.<\/p>\n\n\n\n<p>Para a permission\u00e1ria Maria das Gra\u00e7as Silva, que atua no local h\u00e1 mais de 10 anos, a moderniza\u00e7\u00e3o representa o in\u00edcio de uma nova fase. Ela afirma que a reforma deixou o espa\u00e7o mais moderno e funcional, trazendo novas expectativas. \u201cA feira est\u00e1 linda e moderna, est\u00e1 em fase de conclus\u00e3o e j\u00e1 podemos ver a grande diferen\u00e7a.&nbsp;&nbsp;Com certeza vai melhorar o atendimento ao p\u00fablico e fortalecer o trabalho dos feirantes\u201d, afirmou.<\/p>\n\n\n\n<p>Com mais essa obra, a Prefeitura de Manaus refor\u00e7a o compromisso de revitalizar os espa\u00e7os p\u00fablicos, promovendo mais qualidade, acessibilidade e seguran\u00e7a para os permission\u00e1rios e para a popula\u00e7\u00e3o que utiliza as feiras municipais.<\/p>\n\n\n\n<figure class=\"wp-block-image size-large\"><img loading=\"lazy\" decoding=\"async\" width=\"1024\" height=\"768\" src=\"https:\/\/www.manaus.am.gov.br\/semcom\/wp-content\/uploads\/sites\/5\/2026\/01\/WhatsApp-Image-2026-01-20-at-17.07.51-13-1024x768.jpeg\" alt=\"\" class=\"wp-image-251335\" srcset=\"https:\/\/www.manaus.am.gov.br\/semcom\/wp-content\/uploads\/sites\/5\/2026\/01\/WhatsApp-Image-2026-01-20-at-17.07.51-13-1024x768.jpeg 1024w, https:\/\/www.manaus.am.gov.br\/semcom\/wp-content\/uploads\/sites\/5\/2026\/01\/WhatsApp-Image-2026-01-20-at-17.07.51-13-300x225.jpeg 300w, https:\/\/www.manaus.am.gov.br\/semcom\/wp-content\/uploads\/sites\/5\/2026\/01\/WhatsApp-Image-2026-01-20-at-17.07.51-13-768x576.jpeg 768w, https:\/\/www.manaus.am.gov.br\/semcom\/wp-content\/uploads\/sites\/5\/2026\/01\/WhatsApp-Image-2026-01-20-at-17.07.51-13-1536x1152.jpeg 1536w, https:\/\/www.manaus.am.gov.br\/semcom\/wp-content\/uploads\/sites\/5\/2026\/01\/WhatsApp-Image-2026-01-20-at-17.07.51-13.jpeg 1600w\" sizes=\"(max-width: 1024px) 100vw, 1024px\" \/><figcaption class=\"wp-element-caption\">#paratodosverem &#8211; Revitaliza\u00e7\u00e3o de feira<\/figcaption><\/figure>\n\n\n\n<p>&#8212; &#8212; &#8212;<\/p>\n\n\n\n<p><strong>Texto &#8211;&nbsp;<\/strong>Polyana Brelaz\/Semacc<\/p>\n\n\n\n<p><strong>Fotos &#8211; <\/strong>Gildo Smith\/Semacc<\/p>\n","protected":false},"excerpt":{"rendered":"","protected":false},"author":39,"featured_media":251336,"comment_status":"closed","ping_status":"closed","sticky":false,"template":"","format":"standard","meta":{"footnotes":""},"categories":[182],"tags":[18995,14018,77,18996,55],"acf":[],"yoast_head":"<!-- This site is optimized with the Yoast SEO plugin v23.0 - https:\/\/yoast.com\/wordpress\/plugins\/seo\/ -->\n<title>Feira do Mundo Novo entra na fase final de obras e ser\u00e1 entregue pela prefeitura no primeiro trimestre de 2026<\/title>\n<meta name=\"description\" content=\"Feira do Mundo Novo entra na fase final de obras e ser\u00e1 entregue pela prefeitura no primeiro trimestre de 2026.\" \/>\n<meta name=\"robots\" content=\"index, follow, max-snippet:-1, max-image-preview:large, max-video-preview:-1\" \/>\n<link rel=\"canonical\" href=\"https:\/\/www.manaus.am.gov.br\/semcom\/feira-do-mundo-novo-fase-final-obras\/\" \/>\n<meta property=\"og:locale\" content=\"pt_BR\" \/>\n<meta property=\"og:type\" content=\"article\" \/>\n<meta property=\"og:title\" content=\"Feira do Mundo Novo entra na fase final de obras e ser\u00e1 entregue pela prefeitura no primeiro trimestre de 2026\" \/>\n<meta property=\"og:description\" content=\"Feira do Mundo Novo entra na fase final de obras e ser\u00e1 entregue pela prefeitura no primeiro trimestre de 2026.\" \/>\n<meta property=\"og:url\" content=\"https:\/\/www.manaus.am.gov.br\/semcom\/feira-do-mundo-novo-fase-final-obras\/\" \/>\n<meta property=\"og:site_name\" content=\"SEMCOM\" \/>\n<meta property=\"article:published_time\" content=\"2026-01-20T21:13:34+00:00\" \/>\n<meta property=\"article:modified_time\" content=\"2026-01-21T16:52:05+00:00\" \/>\n<meta property=\"og:image\" content=\"https:\/\/www.manaus.am.gov.br\/semcom\/wp-content\/uploads\/sites\/5\/2026\/01\/WhatsApp-Image-2026-01-20-at-17.07.51-10.jpeg\" \/>\n\t<meta property=\"og:image:width\" content=\"1600\" \/>\n\t<meta property=\"og:image:height\" content=\"1200\" \/>\n\t<meta property=\"og:image:type\" content=\"image\/jpeg\" \/>\n<meta name=\"author\" content=\"Bruna Greco\" \/>\n<meta name=\"twitter:card\" content=\"summary_large_image\" \/>\n<meta name=\"twitter:label1\" content=\"Written by\" \/>\n\t<meta name=\"twitter:data1\" content=\"Bruna Greco\" \/>\n\t<meta name=\"twitter:label2\" content=\"Est. reading time\" \/>\n\t<meta name=\"twitter:data2\" content=\"3 minutos\" \/>\n<script type=\"application\/ld+json\" class=\"yoast-schema-graph\">{\"@context\":\"https:\/\/schema.org\",\"@graph\":[{\"@type\":\"WebPage\",\"@id\":\"https:\/\/www.manaus.am.gov.br\/semcom\/feira-do-mundo-novo-fase-final-obras\/\",\"url\":\"https:\/\/www.manaus.am.gov.br\/semcom\/feira-do-mundo-novo-fase-final-obras\/\",\"name\":\"Feira do Mundo Novo entra na fase final de obras e ser\u00e1 entregue pela prefeitura no primeiro trimestre de 2026\",\"isPartOf\":{\"@id\":\"https:\/\/www.manaus.am.gov.br\/semcom\/#website\"},\"primaryImageOfPage\":{\"@id\":\"https:\/\/www.manaus.am.gov.br\/semcom\/feira-do-mundo-novo-fase-final-obras\/#primaryimage\"},\"image\":{\"@id\":\"https:\/\/www.manaus.am.gov.br\/semcom\/feira-do-mundo-novo-fase-final-obras\/#primaryimage\"},\"thumbnailUrl\":\"https:\/\/www.manaus.am.gov.br\/semcom\/wp-content\/uploads\/sites\/5\/2026\/01\/WhatsApp-Image-2026-01-20-at-17.07.51-10.jpeg\",\"datePublished\":\"2026-01-20T21:13:34+00:00\",\"dateModified\":\"2026-01-21T16:52:05+00:00\",\"author\":{\"@id\":\"https:\/\/www.manaus.am.gov.br\/semcom\/#\/schema\/person\/05d223aea2bf115f9883a6ff3683d81b\"},\"description\":\"Feira do Mundo Novo entra na fase final de obras e ser\u00e1 entregue pela prefeitura no primeiro trimestre de 2026.\",\"inLanguage\":\"pt-BR\",\"potentialAction\":[{\"@type\":\"ReadAction\",\"target\":[\"https:\/\/www.manaus.am.gov.br\/semcom\/feira-do-mundo-novo-fase-final-obras\/\"]}]},{\"@type\":\"ImageObject\",\"inLanguage\":\"pt-BR\",\"@id\":\"https:\/\/www.manaus.am.gov.br\/semcom\/feira-do-mundo-novo-fase-final-obras\/#primaryimage\",\"url\":\"https:\/\/www.manaus.am.gov.br\/semcom\/wp-content\/uploads\/sites\/5\/2026\/01\/WhatsApp-Image-2026-01-20-at-17.07.51-10.jpeg\",\"contentUrl\":\"https:\/\/www.manaus.am.gov.br\/semcom\/wp-content\/uploads\/sites\/5\/2026\/01\/WhatsApp-Image-2026-01-20-at-17.07.51-10.jpeg\",\"width\":1600,\"height\":1200,\"caption\":\"#paratodosverem - Boxe da feira municipal do Novo Mundo recebendo reforma da prefeitura\"},{\"@type\":\"WebSite\",\"@id\":\"https:\/\/www.manaus.am.gov.br\/semcom\/#website\",\"url\":\"https:\/\/www.manaus.am.gov.br\/semcom\/\",\"name\":\"SEMCOM\",\"description\":\"Secretaria Municipal de Comunica\u00e7\u00e3o\",\"potentialAction\":[{\"@type\":\"SearchAction\",\"target\":{\"@type\":\"EntryPoint\",\"urlTemplate\":\"https:\/\/www.manaus.am.gov.br\/semcom\/?s={search_term_string}\"},\"query-input\":\"required name=search_term_string\"}],\"inLanguage\":\"pt-BR\"},{\"@type\":\"Person\",\"@id\":\"https:\/\/www.manaus.am.gov.br\/semcom\/#\/schema\/person\/05d223aea2bf115f9883a6ff3683d81b\",\"name\":\"Bruna Greco\",\"image\":{\"@type\":\"ImageObject\",\"inLanguage\":\"pt-BR\",\"@id\":\"https:\/\/www.manaus.am.gov.br\/semcom\/#\/schema\/person\/image\/\",\"url\":\"https:\/\/secure.gravatar.com\/avatar\/9c877d1a6adc2a055330e5c09a8653ce?s=96&d=mm&r=g\",\"contentUrl\":\"https:\/\/secure.gravatar.com\/avatar\/9c877d1a6adc2a055330e5c09a8653ce?s=96&d=mm&r=g\",\"caption\":\"Bruna Greco\"}}]}<\/script>\n<!-- \/ Yoast SEO plugin. -->","yoast_head_json":{"title":"Feira do Mundo Novo entra na fase final de obras e ser\u00e1 entregue pela prefeitura no primeiro trimestre de 2026","description":"Feira do Mundo Novo entra na fase final de obras e ser\u00e1 entregue pela prefeitura no primeiro trimestre de 2026.","robots":{"index":"index","follow":"follow","max-snippet":"max-snippet:-1","max-image-preview":"max-image-preview:large","max-video-preview":"max-video-preview:-1"},"canonical":"https:\/\/www.manaus.am.gov.br\/semcom\/feira-do-mundo-novo-fase-final-obras\/","og_locale":"pt_BR","og_type":"article","og_title":"Feira do Mundo Novo entra na fase final de obras e ser\u00e1 entregue pela prefeitura no primeiro trimestre de 2026","og_description":"Feira do Mundo Novo entra na fase final de obras e ser\u00e1 entregue pela prefeitura no primeiro trimestre de 2026.","og_url":"https:\/\/www.manaus.am.gov.br\/semcom\/feira-do-mundo-novo-fase-final-obras\/","og_site_name":"SEMCOM","article_published_time":"2026-01-20T21:13:34+00:00","article_modified_time":"2026-01-21T16:52:05+00:00","og_image":[{"width":1600,"height":1200,"url":"https:\/\/www.manaus.am.gov.br\/semcom\/wp-content\/uploads\/sites\/5\/2026\/01\/WhatsApp-Image-2026-01-20-at-17.07.51-10.jpeg","type":"image\/jpeg"}],"author":"Bruna Greco","twitter_card":"summary_large_image","twitter_misc":{"Written by":"Bruna Greco","Est. reading time":"3 minutos"},"schema":{"@context":"https:\/\/schema.org","@graph":[{"@type":"WebPage","@id":"https:\/\/www.manaus.am.gov.br\/semcom\/feira-do-mundo-novo-fase-final-obras\/","url":"https:\/\/www.manaus.am.gov.br\/semcom\/feira-do-mundo-novo-fase-final-obras\/","name":"Feira do Mundo Novo entra na fase final de obras e ser\u00e1 entregue pela prefeitura no primeiro trimestre de 2026","isPartOf":{"@id":"https:\/\/www.manaus.am.gov.br\/semcom\/#website"},"primaryImageOfPage":{"@id":"https:\/\/www.manaus.am.gov.br\/semcom\/feira-do-mundo-novo-fase-final-obras\/#primaryimage"},"image":{"@id":"https:\/\/www.manaus.am.gov.br\/semcom\/feira-do-mundo-novo-fase-final-obras\/#primaryimage"},"thumbnailUrl":"https:\/\/www.manaus.am.gov.br\/semcom\/wp-content\/uploads\/sites\/5\/2026\/01\/WhatsApp-Image-2026-01-20-at-17.07.51-10.jpeg","datePublished":"2026-01-20T21:13:34+00:00","dateModified":"2026-01-21T16:52:05+00:00","author":{"@id":"https:\/\/www.manaus.am.gov.br\/semcom\/#\/schema\/person\/05d223aea2bf115f9883a6ff3683d81b"},"description":"Feira do Mundo Novo entra na fase final de obras e ser\u00e1 entregue pela prefeitura no primeiro trimestre de 2026.","inLanguage":"pt-BR","potentialAction":[{"@type":"ReadAction","target":["https:\/\/www.manaus.am.gov.br\/semcom\/feira-do-mundo-novo-fase-final-obras\/"]}]},{"@type":"ImageObject","inLanguage":"pt-BR","@id":"https:\/\/www.manaus.am.gov.br\/semcom\/feira-do-mundo-novo-fase-final-obras\/#primaryimage","url":"https:\/\/www.manaus.am.gov.br\/semcom\/wp-content\/uploads\/sites\/5\/2026\/01\/WhatsApp-Image-2026-01-20-at-17.07.51-10.jpeg","contentUrl":"https:\/\/www.manaus.am.gov.br\/semcom\/wp-content\/uploads\/sites\/5\/2026\/01\/WhatsApp-Image-2026-01-20-at-17.07.51-10.jpeg","width":1600,"height":1200,"caption":"#paratodosverem - Boxe da feira municipal do Novo Mundo recebendo reforma da prefeitura"},{"@type":"WebSite","@id":"https:\/\/www.manaus.am.gov.br\/semcom\/#website","url":"https:\/\/www.manaus.am.gov.br\/semcom\/","name":"SEMCOM","description":"Secretaria Municipal de Comunica\u00e7\u00e3o","potentialAction":[{"@type":"SearchAction","target":{"@type":"EntryPoint","urlTemplate":"https:\/\/www.manaus.am.gov.br\/semcom\/?s={search_term_string}"},"query-input":"required name=search_term_string"}],"inLanguage":"pt-BR"},{"@type":"Person","@id":"https:\/\/www.manaus.am.gov.br\/semcom\/#\/schema\/person\/05d223aea2bf115f9883a6ff3683d81b","name":"Bruna Greco","image":{"@type":"ImageObject","inLanguage":"pt-BR","@id":"https:\/\/www.manaus.am.gov.br\/semcom\/#\/schema\/person\/image\/","url":"https:\/\/secure.gravatar.com\/avatar\/9c877d1a6adc2a055330e5c09a8653ce?s=96&d=mm&r=g","contentUrl":"https:\/\/secure.gravatar.com\/avatar\/9c877d1a6adc2a055330e5c09a8653ce?s=96&d=mm&r=g","caption":"Bruna Greco"}}]}},"_links":{"self":[{"href":"https:\/\/www.manaus.am.gov.br\/semcom\/wp-json\/wp\/v2\/posts\/251334"}],"collection":[{"href":"https:\/\/www.manaus.am.gov.br\/semcom\/wp-json\/wp\/v2\/posts"}],"about":[{"href":"https:\/\/www.manaus.am.gov.br\/semcom\/wp-json\/wp\/v2\/types\/post"}],"author":[{"embeddable":true,"href":"https:\/\/www.manaus.am.gov.br\/semcom\/wp-json\/wp\/v2\/users\/39"}],"replies":[{"embeddable":true,"href":"https:\/\/www.manaus.am.gov.br\/semcom\/wp-json\/wp\/v2\/comments?post=251334"}],"version-history":[{"count":5,"href":"https:\/\/www.manaus.am.gov.br\/semcom\/wp-json\/wp\/v2\/posts\/251334\/revisions"}],"predecessor-version":[{"id":251385,"href":"https:\/\/www.manaus.am.gov.br\/semcom\/wp-json\/wp\/v2\/posts\/251334\/revisions\/251385"}],"wp:featuredmedia":[{"embeddable":true,"href":"https:\/\/www.manaus.am.gov.br\/semcom\/wp-json\/wp\/v2\/media\/251336"}],"wp:attachment":[{"href":"https:\/\/www.manaus.am.gov.br\/semcom\/wp-json\/wp\/v2\/media?parent=251334"}],"wp:term":[{"taxonomy":"category","embeddable":true,"href":"https:\/\/www.manaus.am.gov.br\/semcom\/wp-json\/wp\/v2\/categories?post=251334"},{"taxonomy":"post_tag","embeddable":true,"href":"https:\/\/www.manaus.am.gov.br\/semcom\/wp-json\/wp\/v2\/tags?post=251334"}],"curies":[{"name":"wp","href":"https:\/\/api.w.org\/{rel}","templated":true}]}}