{"id":251302,"date":"2026-01-20T14:52:14","date_gmt":"2026-01-20T18:52:14","guid":{"rendered":"https:\/\/www.manaus.am.gov.br\/semcom\/prefeitura-avanco-guardamunicipal\/"},"modified":"2026-01-20T16:25:54","modified_gmt":"2026-01-20T19:25:54","slug":"prefeitura-avanco-guarda-municipal","status":"publish","type":"post","link":"https:\/\/www.manaus.am.gov.br\/semcom\/prefeitura-avanco-guarda-municipal\/","title":{"rendered":"Guarda Municipal de Manaus refor\u00e7a efetivo, moderniza equipamentos e amplia capacidade operacional em 2025"},"content":{"rendered":"\n<p>A <a href=\"https:\/\/www.manaus.am.gov.br\">Prefeitura de Manaus<\/a> intensificou, ao longo de 2025, investimentos na reestrutura\u00e7\u00e3o e moderniza\u00e7\u00e3o da Guarda Municipal, com foco em fortalecer a atua\u00e7\u00e3o preventiva e ostensiva por toda a cidade. As a\u00e7\u00f5es abrangem a amplia\u00e7\u00e3o do efetivo, a qualifica\u00e7\u00e3o profissional, a incorpora\u00e7\u00e3o de novos armamentos, a entrega de bases operacionais e a expans\u00e3o da presen\u00e7a territorial da corpora\u00e7\u00e3o.<\/p>\n\n\n\n<p>Reflexo dessas medidas coordenadas pela Secretaria Municipal de Seguran\u00e7a P\u00fablica e Defesa Social (Semseg), foi a nomea\u00e7\u00e3o e habilita\u00e7\u00e3o de novos agentes por meio de concurso p\u00fablico. Em mar\u00e7o de 2025, mais de 200 guardas municipais aprovados em certame tomaram posse ap\u00f3s curso de forma\u00e7\u00e3o com mais de 450 horas.<\/p>\n\n\n\n<figure class=\"wp-block-image size-full\"><img loading=\"lazy\" decoding=\"async\" width=\"799\" height=\"533\" src=\"https:\/\/www.manaus.am.gov.br\/semcom\/wp-content\/uploads\/sites\/5\/2026\/01\/54890700998_1f3cbb828f_c.jpg\" alt=\"\" class=\"wp-image-251303\" srcset=\"https:\/\/www.manaus.am.gov.br\/semcom\/wp-content\/uploads\/sites\/5\/2026\/01\/54890700998_1f3cbb828f_c.jpg 799w, https:\/\/www.manaus.am.gov.br\/semcom\/wp-content\/uploads\/sites\/5\/2026\/01\/54890700998_1f3cbb828f_c-300x200.jpg 300w, https:\/\/www.manaus.am.gov.br\/semcom\/wp-content\/uploads\/sites\/5\/2026\/01\/54890700998_1f3cbb828f_c-768x512.jpg 768w\" sizes=\"(max-width: 799px) 100vw, 799px\" \/><\/figure>\n\n\n\n<p>J\u00e1 em dezembro do ano passado, outros 127 servidores foram homologados ao efetivo, o que amplia a presen\u00e7a da guarda nas vias e refor\u00e7a a capacidade de resposta da coopera\u00e7\u00e3o.<\/p>\n\n\n\n<p>Para o prefeito de Manaus, David Almeida, tais investimentos elevam a Guarda Municipal a uma postura mais ativa e estruturada, alinhada \u00e0s demandas de seguran\u00e7a de uma grande cidade como Manaus. &nbsp;\u201cA seguran\u00e7a p\u00fablica \u00e9, claramente, uma das principais prioridades da nossa gest\u00e3o. Em diferentes frentes, a Guarda Municipal de Manaus tem recebido refor\u00e7o cont\u00ednuo de pessoal e equipamentos\u201d, garantiu o chefe do Executivo municipal.<\/p>\n\n\n\n<p><strong>Estrutura\u00e7\u00e3o completa<\/strong><\/p>\n\n\n\n<p>Em 2025, a Guarda Municipal de Manaus ampliou sua presen\u00e7a territorial com a implanta\u00e7\u00e3o de tr\u00eas n\u00facleos operacionais em \u00e1reas estrat\u00e9gicas da cidade.<\/p>\n\n\n\n<p>As unidades foram instaladas no complexo tur\u00edstico Ponta Negra, na zona Oeste, no bairro Aparecida, na zona Sul, e na zona Leste da capital.<\/p>\n\n\n\n<p>O fortalecimento da corpora\u00e7\u00e3o tamb\u00e9m inclui novos armamentos e equipamentos operacionais. De acordo com a administra\u00e7\u00e3o municipal, Manaus passou a operar com armas de menor potencial ofensivo, alinhando a corpora\u00e7\u00e3o aos protocolos de uso progressivo da for\u00e7a.<\/p>\n\n\n\n<p>Em m\u00faltiplas linhas de atua\u00e7\u00e3o, a gest\u00e3o entregou 30 espingardas, de calibre 12, al\u00e9m de 350 coletes bal\u00edsticos de \u00faltima gera\u00e7\u00e3o e refor\u00e7a, com isso, a capacidade de atua\u00e7\u00e3o da Ronda Ostensiva Municipal (Romu) e expande a prote\u00e7\u00e3o dos agentes.<\/p>\n\n\n\n<p><strong>Capacita\u00e7\u00e3o<\/strong><\/p>\n\n\n\n<p>Em 2025, a Guarda Municipal realizou a\u00e7\u00f5es de capacita\u00e7\u00e3o cont\u00ednua e especializa\u00e7\u00e3o t\u00e1tica, com cursos espec\u00edficos efetuados ao longo do ano para garantir que os agentes atuem com preparo t\u00e9cnico e seguran\u00e7a.<\/p>\n\n\n\n<p>O conjunto de medidas tamb\u00e9m incluiu o refor\u00e7o da frota operacional, com a aquisi\u00e7\u00e3o de ve\u00edculos que possibilitam a mobilidade da corpora\u00e7\u00e3o na capital.<\/p>\n\n\n\n<p>O titular da Semseg, Alberto Siqueira, apontou que o aumento do efetivo e a moderniza\u00e7\u00e3o dos equipamentos contribuem para uma atua\u00e7\u00e3o mais eficiente em opera\u00e7\u00f5es preventivas e ostensivas. &nbsp;\u201cEstamos assegurando cada vez mais aos nossos agentes da Guarda Municipal as condi\u00e7\u00f5es operacionais adequadas para a execu\u00e7\u00e3o do servi\u00e7o p\u00fablico, com foco em seguran\u00e7a e preparo t\u00e9cnico\u201d, destacou.<\/p>\n\n\n\n<p><strong>Concurso<\/strong><\/p>\n\n\n\n<p>Dentro do avan\u00e7o na estrat\u00e9gia de ampliar a atua\u00e7\u00e3o preventiva e garantir mais seguran\u00e7a para a popula\u00e7\u00e3o em todas as zonas da cidade, a Prefeitura de Manaus prepara o lan\u00e7amento para mar\u00e7o de um concurso p\u00fablico com 590 vagas para a Guarda Municipal de Manaus.<\/p>\n\n\n\n<p>&#8212; &#8212; &#8212;<\/p>\n\n\n\n<p><strong>Texto<\/strong>&nbsp;&#8211; Tiago Auzier \/ Semcom<\/p>\n\n\n\n<p><strong>Fotos<\/strong>&nbsp;&#8211; Arquivo \/ Semcom<\/p>\n","protected":false},"excerpt":{"rendered":"","protected":false},"author":23,"featured_media":251317,"comment_status":"closed","ping_status":"closed","sticky":false,"template":"","format":"standard","meta":{"footnotes":""},"categories":[44,9850],"tags":[3366,3458,77,101,349],"acf":[],"yoast_head":"<!-- This site is optimized with the Yoast SEO plugin v23.0 - https:\/\/yoast.com\/wordpress\/plugins\/seo\/ -->\n<title>Guarda Municipal de Manaus refor\u00e7a efetivo, moderniza equipamentos e amplia capacidade operacional em 2025<\/title>\n<meta name=\"description\" content=\"A Prefeitura de Manaus intensificou, ao longo de 2025, investimentos na reestrutura\u00e7\u00e3o e moderniza\u00e7\u00e3o da Guarda Municipal, com foco em fortalecer a atua\u00e7\u00e3o preventiva e ostensiva por toda a cidade.\" \/>\n<meta name=\"robots\" content=\"index, follow, max-snippet:-1, max-image-preview:large, max-video-preview:-1\" \/>\n<link rel=\"canonical\" href=\"https:\/\/www.manaus.am.gov.br\/semcom\/prefeitura-avanco-guardamunicipal\/\" \/>\n<meta property=\"og:locale\" content=\"pt_BR\" \/>\n<meta property=\"og:type\" content=\"article\" \/>\n<meta property=\"og:title\" content=\"Guarda Municipal de Manaus refor\u00e7a efetivo, moderniza equipamentos e amplia capacidade operacional em 2025\" \/>\n<meta property=\"og:description\" content=\"A Prefeitura de Manaus intensificou, ao longo de 2025, investimentos na reestrutura\u00e7\u00e3o e moderniza\u00e7\u00e3o da Guarda Municipal, com foco em fortalecer a atua\u00e7\u00e3o preventiva e ostensiva por toda a cidade.\" \/>\n<meta property=\"og:url\" content=\"https:\/\/www.manaus.am.gov.br\/semcom\/prefeitura-avanco-guardamunicipal\/\" \/>\n<meta property=\"og:site_name\" content=\"SEMCOM\" \/>\n<meta property=\"article:published_time\" content=\"2026-01-20T18:52:14+00:00\" \/>\n<meta property=\"article:modified_time\" content=\"2026-01-20T19:25:54+00:00\" \/>\n<meta property=\"og:image\" content=\"https:\/\/www.manaus.am.gov.br\/semcom\/wp-content\/uploads\/sites\/5\/2026\/01\/54890700998_1f3cbb828f_c.jpg\" \/>\n<meta name=\"author\" content=\"Adriana Costa\" \/>\n<meta name=\"twitter:card\" content=\"summary_large_image\" \/>\n<meta name=\"twitter:label1\" content=\"Written by\" \/>\n\t<meta name=\"twitter:data1\" content=\"Adriana Costa\" \/>\n\t<meta name=\"twitter:label2\" content=\"Est. reading time\" \/>\n\t<meta name=\"twitter:data2\" content=\"3 minutos\" \/>\n<script type=\"application\/ld+json\" class=\"yoast-schema-graph\">{\"@context\":\"https:\/\/schema.org\",\"@graph\":[{\"@type\":\"WebPage\",\"@id\":\"https:\/\/www.manaus.am.gov.br\/semcom\/prefeitura-avanco-guardamunicipal\/\",\"url\":\"https:\/\/www.manaus.am.gov.br\/semcom\/prefeitura-avanco-guardamunicipal\/\",\"name\":\"Guarda Municipal de Manaus refor\u00e7a efetivo, moderniza equipamentos e amplia capacidade operacional em 2025\",\"isPartOf\":{\"@id\":\"https:\/\/www.manaus.am.gov.br\/semcom\/#website\"},\"primaryImageOfPage\":{\"@id\":\"https:\/\/www.manaus.am.gov.br\/semcom\/prefeitura-avanco-guardamunicipal\/#primaryimage\"},\"image\":{\"@id\":\"https:\/\/www.manaus.am.gov.br\/semcom\/prefeitura-avanco-guardamunicipal\/#primaryimage\"},\"thumbnailUrl\":\"https:\/\/www.manaus.am.gov.br\/semcom\/wp-content\/uploads\/sites\/5\/2026\/01\/Guarda-Municipal-de-Manaus-7.jpeg\",\"datePublished\":\"2026-01-20T18:52:14+00:00\",\"dateModified\":\"2026-01-20T19:25:54+00:00\",\"author\":{\"@id\":\"https:\/\/www.manaus.am.gov.br\/semcom\/#\/schema\/person\/4e49f4e267757a06ca072ec61b2b9968\"},\"description\":\"A Prefeitura de Manaus intensificou, ao longo de 2025, investimentos na reestrutura\u00e7\u00e3o e moderniza\u00e7\u00e3o da Guarda Municipal, com foco em fortalecer a atua\u00e7\u00e3o preventiva e ostensiva por toda a cidade.\",\"inLanguage\":\"pt-BR\",\"potentialAction\":[{\"@type\":\"ReadAction\",\"target\":[\"https:\/\/www.manaus.am.gov.br\/semcom\/prefeitura-avanco-guardamunicipal\/\"]}]},{\"@type\":\"ImageObject\",\"inLanguage\":\"pt-BR\",\"@id\":\"https:\/\/www.manaus.am.gov.br\/semcom\/prefeitura-avanco-guardamunicipal\/#primaryimage\",\"url\":\"https:\/\/www.manaus.am.gov.br\/semcom\/wp-content\/uploads\/sites\/5\/2026\/01\/Guarda-Municipal-de-Manaus-7.jpeg\",\"contentUrl\":\"https:\/\/www.manaus.am.gov.br\/semcom\/wp-content\/uploads\/sites\/5\/2026\/01\/Guarda-Municipal-de-Manaus-7.jpeg\",\"width\":1600,\"height\":1066,\"caption\":\"#paratodosverem - Prefeito David Almeida diante de armamento da Guarda Municipal de Manaus\"},{\"@type\":\"WebSite\",\"@id\":\"https:\/\/www.manaus.am.gov.br\/semcom\/#website\",\"url\":\"https:\/\/www.manaus.am.gov.br\/semcom\/\",\"name\":\"SEMCOM\",\"description\":\"Secretaria Municipal de Comunica\u00e7\u00e3o\",\"potentialAction\":[{\"@type\":\"SearchAction\",\"target\":{\"@type\":\"EntryPoint\",\"urlTemplate\":\"https:\/\/www.manaus.am.gov.br\/semcom\/?s={search_term_string}\"},\"query-input\":\"required name=search_term_string\"}],\"inLanguage\":\"pt-BR\"},{\"@type\":\"Person\",\"@id\":\"https:\/\/www.manaus.am.gov.br\/semcom\/#\/schema\/person\/4e49f4e267757a06ca072ec61b2b9968\",\"name\":\"Adriana Costa\",\"image\":{\"@type\":\"ImageObject\",\"inLanguage\":\"pt-BR\",\"@id\":\"https:\/\/www.manaus.am.gov.br\/semcom\/#\/schema\/person\/image\/\",\"url\":\"https:\/\/secure.gravatar.com\/avatar\/576258617ef7194f718179e766d57bd4?s=96&d=mm&r=g\",\"contentUrl\":\"https:\/\/secure.gravatar.com\/avatar\/576258617ef7194f718179e766d57bd4?s=96&d=mm&r=g\",\"caption\":\"Adriana Costa\"}}]}<\/script>\n<!-- \/ Yoast SEO plugin. -->","yoast_head_json":{"title":"Guarda Municipal de Manaus refor\u00e7a efetivo, moderniza equipamentos e amplia capacidade operacional em 2025","description":"A Prefeitura de Manaus intensificou, ao longo de 2025, investimentos na reestrutura\u00e7\u00e3o e moderniza\u00e7\u00e3o da Guarda Municipal, com foco em fortalecer a atua\u00e7\u00e3o preventiva e ostensiva por toda a cidade.","robots":{"index":"index","follow":"follow","max-snippet":"max-snippet:-1","max-image-preview":"max-image-preview:large","max-video-preview":"max-video-preview:-1"},"canonical":"https:\/\/www.manaus.am.gov.br\/semcom\/prefeitura-avanco-guardamunicipal\/","og_locale":"pt_BR","og_type":"article","og_title":"Guarda Municipal de Manaus refor\u00e7a efetivo, moderniza equipamentos e amplia capacidade operacional em 2025","og_description":"A Prefeitura de Manaus intensificou, ao longo de 2025, investimentos na reestrutura\u00e7\u00e3o e moderniza\u00e7\u00e3o da Guarda Municipal, com foco em fortalecer a atua\u00e7\u00e3o preventiva e ostensiva por toda a cidade.","og_url":"https:\/\/www.manaus.am.gov.br\/semcom\/prefeitura-avanco-guardamunicipal\/","og_site_name":"SEMCOM","article_published_time":"2026-01-20T18:52:14+00:00","article_modified_time":"2026-01-20T19:25:54+00:00","og_image":[{"url":"https:\/\/www.manaus.am.gov.br\/semcom\/wp-content\/uploads\/sites\/5\/2026\/01\/54890700998_1f3cbb828f_c.jpg"}],"author":"Adriana Costa","twitter_card":"summary_large_image","twitter_misc":{"Written by":"Adriana Costa","Est. reading time":"3 minutos"},"schema":{"@context":"https:\/\/schema.org","@graph":[{"@type":"WebPage","@id":"https:\/\/www.manaus.am.gov.br\/semcom\/prefeitura-avanco-guardamunicipal\/","url":"https:\/\/www.manaus.am.gov.br\/semcom\/prefeitura-avanco-guardamunicipal\/","name":"Guarda Municipal de Manaus refor\u00e7a efetivo, moderniza equipamentos e amplia capacidade operacional em 2025","isPartOf":{"@id":"https:\/\/www.manaus.am.gov.br\/semcom\/#website"},"primaryImageOfPage":{"@id":"https:\/\/www.manaus.am.gov.br\/semcom\/prefeitura-avanco-guardamunicipal\/#primaryimage"},"image":{"@id":"https:\/\/www.manaus.am.gov.br\/semcom\/prefeitura-avanco-guardamunicipal\/#primaryimage"},"thumbnailUrl":"https:\/\/www.manaus.am.gov.br\/semcom\/wp-content\/uploads\/sites\/5\/2026\/01\/Guarda-Municipal-de-Manaus-7.jpeg","datePublished":"2026-01-20T18:52:14+00:00","dateModified":"2026-01-20T19:25:54+00:00","author":{"@id":"https:\/\/www.manaus.am.gov.br\/semcom\/#\/schema\/person\/4e49f4e267757a06ca072ec61b2b9968"},"description":"A Prefeitura de Manaus intensificou, ao longo de 2025, investimentos na reestrutura\u00e7\u00e3o e moderniza\u00e7\u00e3o da Guarda Municipal, com foco em fortalecer a atua\u00e7\u00e3o preventiva e ostensiva por toda a cidade.","inLanguage":"pt-BR","potentialAction":[{"@type":"ReadAction","target":["https:\/\/www.manaus.am.gov.br\/semcom\/prefeitura-avanco-guardamunicipal\/"]}]},{"@type":"ImageObject","inLanguage":"pt-BR","@id":"https:\/\/www.manaus.am.gov.br\/semcom\/prefeitura-avanco-guardamunicipal\/#primaryimage","url":"https:\/\/www.manaus.am.gov.br\/semcom\/wp-content\/uploads\/sites\/5\/2026\/01\/Guarda-Municipal-de-Manaus-7.jpeg","contentUrl":"https:\/\/www.manaus.am.gov.br\/semcom\/wp-content\/uploads\/sites\/5\/2026\/01\/Guarda-Municipal-de-Manaus-7.jpeg","width":1600,"height":1066,"caption":"#paratodosverem - Prefeito David Almeida diante de armamento da Guarda Municipal de Manaus"},{"@type":"WebSite","@id":"https:\/\/www.manaus.am.gov.br\/semcom\/#website","url":"https:\/\/www.manaus.am.gov.br\/semcom\/","name":"SEMCOM","description":"Secretaria Municipal de Comunica\u00e7\u00e3o","potentialAction":[{"@type":"SearchAction","target":{"@type":"EntryPoint","urlTemplate":"https:\/\/www.manaus.am.gov.br\/semcom\/?s={search_term_string}"},"query-input":"required name=search_term_string"}],"inLanguage":"pt-BR"},{"@type":"Person","@id":"https:\/\/www.manaus.am.gov.br\/semcom\/#\/schema\/person\/4e49f4e267757a06ca072ec61b2b9968","name":"Adriana Costa","image":{"@type":"ImageObject","inLanguage":"pt-BR","@id":"https:\/\/www.manaus.am.gov.br\/semcom\/#\/schema\/person\/image\/","url":"https:\/\/secure.gravatar.com\/avatar\/576258617ef7194f718179e766d57bd4?s=96&d=mm&r=g","contentUrl":"https:\/\/secure.gravatar.com\/avatar\/576258617ef7194f718179e766d57bd4?s=96&d=mm&r=g","caption":"Adriana Costa"}}]}},"_links":{"self":[{"href":"https:\/\/www.manaus.am.gov.br\/semcom\/wp-json\/wp\/v2\/posts\/251302"}],"collection":[{"href":"https:\/\/www.manaus.am.gov.br\/semcom\/wp-json\/wp\/v2\/posts"}],"about":[{"href":"https:\/\/www.manaus.am.gov.br\/semcom\/wp-json\/wp\/v2\/types\/post"}],"author":[{"embeddable":true,"href":"https:\/\/www.manaus.am.gov.br\/semcom\/wp-json\/wp\/v2\/users\/23"}],"replies":[{"embeddable":true,"href":"https:\/\/www.manaus.am.gov.br\/semcom\/wp-json\/wp\/v2\/comments?post=251302"}],"version-history":[{"count":11,"href":"https:\/\/www.manaus.am.gov.br\/semcom\/wp-json\/wp\/v2\/posts\/251302\/revisions"}],"predecessor-version":[{"id":251324,"href":"https:\/\/www.manaus.am.gov.br\/semcom\/wp-json\/wp\/v2\/posts\/251302\/revisions\/251324"}],"wp:featuredmedia":[{"embeddable":true,"href":"https:\/\/www.manaus.am.gov.br\/semcom\/wp-json\/wp\/v2\/media\/251317"}],"wp:attachment":[{"href":"https:\/\/www.manaus.am.gov.br\/semcom\/wp-json\/wp\/v2\/media?parent=251302"}],"wp:term":[{"taxonomy":"category","embeddable":true,"href":"https:\/\/www.manaus.am.gov.br\/semcom\/wp-json\/wp\/v2\/categories?post=251302"},{"taxonomy":"post_tag","embeddable":true,"href":"https:\/\/www.manaus.am.gov.br\/semcom\/wp-json\/wp\/v2\/tags?post=251302"}],"curies":[{"name":"wp","href":"https:\/\/api.w.org\/{rel}","templated":true}]}}