{"id":251290,"date":"2026-01-20T14:32:10","date_gmt":"2026-01-20T18:32:10","guid":{"rendered":"https:\/\/www.manaus.am.gov.br\/semcom\/prefeito-entrega-registroimoveis-betania\/"},"modified":"2026-01-28T12:48:32","modified_gmt":"2026-01-28T15:48:32","slug":"prefeitura-entrega-registroimoveis-betania","status":"publish","type":"post","link":"https:\/\/www.manaus.am.gov.br\/semcom\/prefeitura-entrega-registroimoveis-betania\/","title":{"rendered":"Prefeito David Almeida p\u00f5e fim \u00e0 espera hist\u00f3rica e entrega 350 registros de im\u00f3veis a fam\u00edlias da Bet\u00e2nia"},"content":{"rendered":"\n<p>O<a href=\"https:\/\/www.manaus.am.gov.br\/\"> prefeito de Manaus, David Almeida<\/a>, realizou, nesta ter\u00e7a-feira, 20\/1, a entrega de 350 registros definitivos de im\u00f3veis a fam\u00edlias do bairro Bet\u00e2nia, na zona Sul da capital. A a\u00e7\u00e3o integra o programa \u201cManaus Legal\u201d e consolida uma das principais pol\u00edticas p\u00fablicas da atual gest\u00e3o no eixo Habita\u00e7\u00e3o, Regulariza\u00e7\u00e3o Fundi\u00e1ria e Ordenamento Urbano, garantindo seguran\u00e7a jur\u00eddica, dignidade e o direito pleno \u00e0 moradia para moradores que aguardavam h\u00e1 d\u00e9cadas pela regulariza\u00e7\u00e3o de seus im\u00f3veis.<\/p>\n\n\n\n<p>Durante a cerim\u00f4nia, o chefe do Executivo municipal destacou que a entrega vai al\u00e9m do t\u00edtulo e inclui o registro em cart\u00f3rio, etapa que historicamente impedia muitas fam\u00edlias de conclu\u00edrem o processo por conta dos altos custos. \u201cA prefeitura n\u00e3o entrega s\u00f3 um documento com o t\u00edtulo definitivo. Ela entrega o registro no cart\u00f3rio. Hoje, acaba uma espera de 60 anos para parte dos moradores da Bet\u00e2nia\u201d, afirmou <a href=\"https:\/\/www.instagram.com\/prefeiturademanaus\/\">David Almeida.<\/a><\/p>\n\n\n\n<p>O prefeito tamb\u00e9m ressaltou que a a\u00e7\u00e3o faz parte de um esfor\u00e7o cont\u00ednuo da Prefeitura de Manaus para corrigir distor\u00e7\u00f5es hist\u00f3ricas na zona Sul da cidade, onde bairros consolidados h\u00e1 d\u00e9cadas ainda n\u00e3o possu\u00edam o direito formal \u00e0 terra. \u201cHoje, voc\u00eas se tornam donos de fato e de direito da casa e do lote onde moram. Isso \u00e9 a certid\u00e3o de nascimento do im\u00f3vel de voc\u00eas\u201d, completou.<\/p>\n\n\n\n<p>\u00c0 frente da<a href=\"https:\/\/www.manaus.am.gov.br\/\"> Secretaria Municipal de Habita\u00e7\u00e3o e Assuntos Fundi\u00e1rios (Semhaf<\/a>), o secret\u00e1rio Jesus Alves refor\u00e7ou que a regulariza\u00e7\u00e3o na Bet\u00e2nia enfrentou pend\u00eancias que se arrastavam desde a d\u00e9cada de 1960 e destacou o car\u00e1ter gratuito da entrega. \u201cEsse documento, se fosse feito por conta pr\u00f3pria, custaria de\u00a0R$ 6 mil a R$ 9 mil. Aqui, voc\u00eas n\u00e3o pagam um real. \u00c9 a Prefeitura de Manaus restabelecendo um direito de 60 anos\u201d, declarou. Segundo ele, o resultado \u00e9 fruto de trabalho t\u00e9cnico, investimento p\u00fablico e decis\u00e3o pol\u00edtica da gest\u00e3o municipal.<\/p>\n\n\n\n<figure class=\"wp-block-image size-large\"><img loading=\"lazy\" decoding=\"async\" width=\"1024\" height=\"682\" src=\"https:\/\/www.manaus.am.gov.br\/semcom\/wp-content\/uploads\/sites\/5\/2026\/01\/WhatsApp-Image-2026-01-20-at-14.22.12-1-1024x682.jpeg\" alt=\"\" class=\"wp-image-251291\" srcset=\"https:\/\/www.manaus.am.gov.br\/semcom\/wp-content\/uploads\/sites\/5\/2026\/01\/WhatsApp-Image-2026-01-20-at-14.22.12-1-1024x682.jpeg 1024w, https:\/\/www.manaus.am.gov.br\/semcom\/wp-content\/uploads\/sites\/5\/2026\/01\/WhatsApp-Image-2026-01-20-at-14.22.12-1-300x200.jpeg 300w, https:\/\/www.manaus.am.gov.br\/semcom\/wp-content\/uploads\/sites\/5\/2026\/01\/WhatsApp-Image-2026-01-20-at-14.22.12-1-768x512.jpeg 768w, https:\/\/www.manaus.am.gov.br\/semcom\/wp-content\/uploads\/sites\/5\/2026\/01\/WhatsApp-Image-2026-01-20-at-14.22.12-1-1536x1024.jpeg 1536w, https:\/\/www.manaus.am.gov.br\/semcom\/wp-content\/uploads\/sites\/5\/2026\/01\/WhatsApp-Image-2026-01-20-at-14.22.12-1-2048x1365.jpeg 2048w\" sizes=\"(max-width: 1024px) 100vw, 1024px\" \/><\/figure>\n\n\n\n<p><strong>Impacto social<\/strong><\/p>\n\n\n\n<p>Representando a Corregedoria-Geral de Justi\u00e7a do Amazonas, o secret\u00e1rio-geral Luiz Felipe de Ara\u00fajo Flor destacou o impacto social da a\u00e7\u00e3o e a parceria institucional com o munic\u00edpio. \u201cEsses registros representam muito mais do que um papel. Representam a dignidade das pessoas na constru\u00e7\u00e3o das suas vidas\u201d, afirmou, colocando o Judici\u00e1rio \u00e0 disposi\u00e7\u00e3o para ampliar o alcance da regulariza\u00e7\u00e3o fundi\u00e1ria.<\/p>\n\n\n\n<p>O vereador&nbsp;Roberto Sabino ressaltou a import\u00e2ncia do documento para a vida das fam\u00edlias beneficiadas. \u201c\u00c9 um documento primordial, que garante seguran\u00e7a e permite investimento no im\u00f3vel de voc\u00eas. Essa \u00e9 uma gest\u00e3o que valoriza o ser humano\u201d, disse.<\/p>\n\n\n\n<p>J\u00e1 o deputado estadual Daniel Almeida destacou que a entrega fortalece a confian\u00e7a da popula\u00e7\u00e3o nas pol\u00edticas p\u00fablicas e na atua\u00e7\u00e3o do poder p\u00fablico. \u201cO t\u00edtulo de uma casa, o registro de um im\u00f3vel, traz dignidade \u00e0s pessoas e faz o povo acreditar mais na pol\u00edtica, quando ela gera resultado\u201d, afirmou.<\/p>\n\n\n\n<p><strong>\u2018Manaus Legal\u2019<\/strong><\/p>\n\n\n\n<p>Com a entrega dos registros, as fam\u00edlias passam a ter seguran\u00e7a jur\u00eddica plena sobre seus im\u00f3veis, o que permite acesso a cr\u00e9dito, investimentos no pr\u00f3prio lar, regulariza\u00e7\u00e3o da sucess\u00e3o familiar e valoriza\u00e7\u00e3o patrimonial. A iniciativa tamb\u00e9m contribui diretamente para o ordenamento territorial e o desenvolvimento urbano da capital.<\/p>\n\n\n\n<p>O programa \u201cManaus Legal\u201d j\u00e1 ultrapassou a marca de 13 mil registros definitivos entregues em todas as zonas da cidade, se consolidando como a maior pol\u00edtica de regulariza\u00e7\u00e3o fundi\u00e1ria da hist\u00f3ria recente de Manaus. A prefeitura informou, ainda, que novos mutir\u00f5es ser\u00e3o realizados para ampliar a ades\u00e3o de moradores, comerciantes e entidades religiosas da Bet\u00e2nia e de outros bairros da zona Sul.<\/p>\n\n\n\n<p>&#8212; &#8212; &#8212;<\/p>\n\n\n\n<p><strong>Texto<\/strong> &#8211; Emanuelle Baires \/ Semcom-Prefeito e Leonardo Fierro\/Semhaf<\/p>\n\n\n\n<p><strong>Fotos<\/strong> &#8211; Cl\u00f3vis Miranda \/ Semcom e Jo\u00e3o Viana\/Semcom<\/p>\n\n\n\n<p><strong>Dispon\u00edveis em<\/strong> &#8211;&nbsp;<a href=\"https:\/\/flic.kr\/s\/aHBqjCH6ux\" target=\"_blank\" rel=\"noreferrer noopener\">https:\/\/flic.kr\/s\/aHBqjCH6ux<\/a><\/p>\n","protected":false},"excerpt":{"rendered":"","protected":false},"author":23,"featured_media":251292,"comment_status":"closed","ping_status":"closed","sticky":false,"template":"","format":"standard","meta":{"footnotes":""},"categories":[456],"tags":[6716,4192,484,11391,18984,93],"acf":[],"yoast_head":"<!-- This site is optimized with the Yoast SEO plugin v23.0 - https:\/\/yoast.com\/wordpress\/plugins\/seo\/ -->\n<title>Prefeito David Almeida p\u00f5e fim \u00e0 espera hist\u00f3rica e entrega 350 registros de im\u00f3veis a fam\u00edlias da Bet\u00e2nia<\/title>\n<meta name=\"description\" content=\"O prefeito de Manaus, David Almeida, realizou, nesta ter\u00e7a-feira, 20\/1, a entrega de 350 registros definitivos de im\u00f3veis a fam\u00edlias do bairro Bet\u00e2nia, na zona Sul da capital. A a\u00e7\u00e3o integra o programa \u201cManaus Legal\u201d e consolida uma das principais pol\u00edticas p\u00fablicas da atual gest\u00e3o no eixo Habita\u00e7\u00e3o, Regulariza\u00e7\u00e3o Fundi\u00e1ria e Ordenamento Urbano, garantindo seguran\u00e7a jur\u00eddica, dignidade e o direito pleno \u00e0 moradia para moradores que aguardavam h\u00e1 d\u00e9cadas pela regulariza\u00e7\u00e3o de seus im\u00f3veis.\" \/>\n<meta name=\"robots\" content=\"index, follow, max-snippet:-1, max-image-preview:large, max-video-preview:-1\" \/>\n<link rel=\"canonical\" href=\"https:\/\/www.manaus.am.gov.br\/semcom\/prefeito-entrega-registroimoveis-betania\/\" \/>\n<meta property=\"og:locale\" content=\"pt_BR\" \/>\n<meta property=\"og:type\" content=\"article\" \/>\n<meta property=\"og:title\" content=\"Prefeito David Almeida p\u00f5e fim \u00e0 espera hist\u00f3rica e entrega 350 registros de im\u00f3veis a fam\u00edlias da Bet\u00e2nia\" \/>\n<meta property=\"og:description\" content=\"O prefeito de Manaus, David Almeida, realizou, nesta ter\u00e7a-feira, 20\/1, a entrega de 350 registros definitivos de im\u00f3veis a fam\u00edlias do bairro Bet\u00e2nia, na zona Sul da capital. A a\u00e7\u00e3o integra o programa \u201cManaus Legal\u201d e consolida uma das principais pol\u00edticas p\u00fablicas da atual gest\u00e3o no eixo Habita\u00e7\u00e3o, Regulariza\u00e7\u00e3o Fundi\u00e1ria e Ordenamento Urbano, garantindo seguran\u00e7a jur\u00eddica, dignidade e o direito pleno \u00e0 moradia para moradores que aguardavam h\u00e1 d\u00e9cadas pela regulariza\u00e7\u00e3o de seus im\u00f3veis.\" \/>\n<meta property=\"og:url\" content=\"https:\/\/www.manaus.am.gov.br\/semcom\/prefeito-entrega-registroimoveis-betania\/\" \/>\n<meta property=\"og:site_name\" content=\"SEMCOM\" \/>\n<meta property=\"article:published_time\" content=\"2026-01-20T18:32:10+00:00\" \/>\n<meta property=\"article:modified_time\" content=\"2026-01-28T15:48:32+00:00\" \/>\n<meta property=\"og:image\" content=\"https:\/\/www.manaus.am.gov.br\/semcom\/wp-content\/uploads\/sites\/5\/2026\/01\/55051879453_ab4a7d9711_c.jpg\" \/>\n\t<meta property=\"og:image:width\" content=\"799\" \/>\n\t<meta property=\"og:image:height\" content=\"533\" \/>\n\t<meta property=\"og:image:type\" content=\"image\/jpeg\" \/>\n<meta name=\"author\" content=\"Adriana Costa\" \/>\n<meta name=\"twitter:card\" content=\"summary_large_image\" \/>\n<meta name=\"twitter:label1\" content=\"Written by\" \/>\n\t<meta name=\"twitter:data1\" content=\"Adriana Costa\" \/>\n\t<meta name=\"twitter:label2\" content=\"Est. reading time\" \/>\n\t<meta name=\"twitter:data2\" content=\"4 minutos\" \/>\n<script type=\"application\/ld+json\" class=\"yoast-schema-graph\">{\"@context\":\"https:\/\/schema.org\",\"@graph\":[{\"@type\":\"WebPage\",\"@id\":\"https:\/\/www.manaus.am.gov.br\/semcom\/prefeito-entrega-registroimoveis-betania\/\",\"url\":\"https:\/\/www.manaus.am.gov.br\/semcom\/prefeito-entrega-registroimoveis-betania\/\",\"name\":\"Prefeito David Almeida p\u00f5e fim \u00e0 espera hist\u00f3rica e entrega 350 registros de im\u00f3veis a fam\u00edlias da Bet\u00e2nia\",\"isPartOf\":{\"@id\":\"https:\/\/www.manaus.am.gov.br\/semcom\/#website\"},\"primaryImageOfPage\":{\"@id\":\"https:\/\/www.manaus.am.gov.br\/semcom\/prefeito-entrega-registroimoveis-betania\/#primaryimage\"},\"image\":{\"@id\":\"https:\/\/www.manaus.am.gov.br\/semcom\/prefeito-entrega-registroimoveis-betania\/#primaryimage\"},\"thumbnailUrl\":\"https:\/\/www.manaus.am.gov.br\/semcom\/wp-content\/uploads\/sites\/5\/2026\/01\/55051879453_ab4a7d9711_c.jpg\",\"datePublished\":\"2026-01-20T18:32:10+00:00\",\"dateModified\":\"2026-01-28T15:48:32+00:00\",\"author\":{\"@id\":\"https:\/\/www.manaus.am.gov.br\/semcom\/#\/schema\/person\/4e49f4e267757a06ca072ec61b2b9968\"},\"description\":\"O prefeito de Manaus, David Almeida, realizou, nesta ter\u00e7a-feira, 20\/1, a entrega de 350 registros definitivos de im\u00f3veis a fam\u00edlias do bairro Bet\u00e2nia, na zona Sul da capital. A a\u00e7\u00e3o integra o programa \u201cManaus Legal\u201d e consolida uma das principais pol\u00edticas p\u00fablicas da atual gest\u00e3o no eixo Habita\u00e7\u00e3o, Regulariza\u00e7\u00e3o Fundi\u00e1ria e Ordenamento Urbano, garantindo seguran\u00e7a jur\u00eddica, dignidade e o direito pleno \u00e0 moradia para moradores que aguardavam h\u00e1 d\u00e9cadas pela regulariza\u00e7\u00e3o de seus im\u00f3veis.\",\"inLanguage\":\"pt-BR\",\"potentialAction\":[{\"@type\":\"ReadAction\",\"target\":[\"https:\/\/www.manaus.am.gov.br\/semcom\/prefeito-entrega-registroimoveis-betania\/\"]}]},{\"@type\":\"ImageObject\",\"inLanguage\":\"pt-BR\",\"@id\":\"https:\/\/www.manaus.am.gov.br\/semcom\/prefeito-entrega-registroimoveis-betania\/#primaryimage\",\"url\":\"https:\/\/www.manaus.am.gov.br\/semcom\/wp-content\/uploads\/sites\/5\/2026\/01\/55051879453_ab4a7d9711_c.jpg\",\"contentUrl\":\"https:\/\/www.manaus.am.gov.br\/semcom\/wp-content\/uploads\/sites\/5\/2026\/01\/55051879453_ab4a7d9711_c.jpg\",\"width\":799,\"height\":533,\"caption\":\"#paratodosverem - Prefeito David Almeida entrega registro de im\u00f3vel \u00e0 moradora do bairro Bet\u00e2nia\"},{\"@type\":\"WebSite\",\"@id\":\"https:\/\/www.manaus.am.gov.br\/semcom\/#website\",\"url\":\"https:\/\/www.manaus.am.gov.br\/semcom\/\",\"name\":\"SEMCOM\",\"description\":\"Secretaria Municipal de Comunica\u00e7\u00e3o\",\"potentialAction\":[{\"@type\":\"SearchAction\",\"target\":{\"@type\":\"EntryPoint\",\"urlTemplate\":\"https:\/\/www.manaus.am.gov.br\/semcom\/?s={search_term_string}\"},\"query-input\":\"required name=search_term_string\"}],\"inLanguage\":\"pt-BR\"},{\"@type\":\"Person\",\"@id\":\"https:\/\/www.manaus.am.gov.br\/semcom\/#\/schema\/person\/4e49f4e267757a06ca072ec61b2b9968\",\"name\":\"Adriana Costa\",\"image\":{\"@type\":\"ImageObject\",\"inLanguage\":\"pt-BR\",\"@id\":\"https:\/\/www.manaus.am.gov.br\/semcom\/#\/schema\/person\/image\/\",\"url\":\"https:\/\/secure.gravatar.com\/avatar\/576258617ef7194f718179e766d57bd4?s=96&d=mm&r=g\",\"contentUrl\":\"https:\/\/secure.gravatar.com\/avatar\/576258617ef7194f718179e766d57bd4?s=96&d=mm&r=g\",\"caption\":\"Adriana Costa\"}}]}<\/script>\n<!-- \/ Yoast SEO plugin. -->","yoast_head_json":{"title":"Prefeito David Almeida p\u00f5e fim \u00e0 espera hist\u00f3rica e entrega 350 registros de im\u00f3veis a fam\u00edlias da Bet\u00e2nia","description":"O prefeito de Manaus, David Almeida, realizou, nesta ter\u00e7a-feira, 20\/1, a entrega de 350 registros definitivos de im\u00f3veis a fam\u00edlias do bairro Bet\u00e2nia, na zona Sul da capital. A a\u00e7\u00e3o integra o programa \u201cManaus Legal\u201d e consolida uma das principais pol\u00edticas p\u00fablicas da atual gest\u00e3o no eixo Habita\u00e7\u00e3o, Regulariza\u00e7\u00e3o Fundi\u00e1ria e Ordenamento Urbano, garantindo seguran\u00e7a jur\u00eddica, dignidade e o direito pleno \u00e0 moradia para moradores que aguardavam h\u00e1 d\u00e9cadas pela regulariza\u00e7\u00e3o de seus im\u00f3veis.","robots":{"index":"index","follow":"follow","max-snippet":"max-snippet:-1","max-image-preview":"max-image-preview:large","max-video-preview":"max-video-preview:-1"},"canonical":"https:\/\/www.manaus.am.gov.br\/semcom\/prefeito-entrega-registroimoveis-betania\/","og_locale":"pt_BR","og_type":"article","og_title":"Prefeito David Almeida p\u00f5e fim \u00e0 espera hist\u00f3rica e entrega 350 registros de im\u00f3veis a fam\u00edlias da Bet\u00e2nia","og_description":"O prefeito de Manaus, David Almeida, realizou, nesta ter\u00e7a-feira, 20\/1, a entrega de 350 registros definitivos de im\u00f3veis a fam\u00edlias do bairro Bet\u00e2nia, na zona Sul da capital. A a\u00e7\u00e3o integra o programa \u201cManaus Legal\u201d e consolida uma das principais pol\u00edticas p\u00fablicas da atual gest\u00e3o no eixo Habita\u00e7\u00e3o, Regulariza\u00e7\u00e3o Fundi\u00e1ria e Ordenamento Urbano, garantindo seguran\u00e7a jur\u00eddica, dignidade e o direito pleno \u00e0 moradia para moradores que aguardavam h\u00e1 d\u00e9cadas pela regulariza\u00e7\u00e3o de seus im\u00f3veis.","og_url":"https:\/\/www.manaus.am.gov.br\/semcom\/prefeito-entrega-registroimoveis-betania\/","og_site_name":"SEMCOM","article_published_time":"2026-01-20T18:32:10+00:00","article_modified_time":"2026-01-28T15:48:32+00:00","og_image":[{"width":799,"height":533,"url":"https:\/\/www.manaus.am.gov.br\/semcom\/wp-content\/uploads\/sites\/5\/2026\/01\/55051879453_ab4a7d9711_c.jpg","type":"image\/jpeg"}],"author":"Adriana Costa","twitter_card":"summary_large_image","twitter_misc":{"Written by":"Adriana Costa","Est. reading time":"4 minutos"},"schema":{"@context":"https:\/\/schema.org","@graph":[{"@type":"WebPage","@id":"https:\/\/www.manaus.am.gov.br\/semcom\/prefeito-entrega-registroimoveis-betania\/","url":"https:\/\/www.manaus.am.gov.br\/semcom\/prefeito-entrega-registroimoveis-betania\/","name":"Prefeito David Almeida p\u00f5e fim \u00e0 espera hist\u00f3rica e entrega 350 registros de im\u00f3veis a fam\u00edlias da Bet\u00e2nia","isPartOf":{"@id":"https:\/\/www.manaus.am.gov.br\/semcom\/#website"},"primaryImageOfPage":{"@id":"https:\/\/www.manaus.am.gov.br\/semcom\/prefeito-entrega-registroimoveis-betania\/#primaryimage"},"image":{"@id":"https:\/\/www.manaus.am.gov.br\/semcom\/prefeito-entrega-registroimoveis-betania\/#primaryimage"},"thumbnailUrl":"https:\/\/www.manaus.am.gov.br\/semcom\/wp-content\/uploads\/sites\/5\/2026\/01\/55051879453_ab4a7d9711_c.jpg","datePublished":"2026-01-20T18:32:10+00:00","dateModified":"2026-01-28T15:48:32+00:00","author":{"@id":"https:\/\/www.manaus.am.gov.br\/semcom\/#\/schema\/person\/4e49f4e267757a06ca072ec61b2b9968"},"description":"O prefeito de Manaus, David Almeida, realizou, nesta ter\u00e7a-feira, 20\/1, a entrega de 350 registros definitivos de im\u00f3veis a fam\u00edlias do bairro Bet\u00e2nia, na zona Sul da capital. A a\u00e7\u00e3o integra o programa \u201cManaus Legal\u201d e consolida uma das principais pol\u00edticas p\u00fablicas da atual gest\u00e3o no eixo Habita\u00e7\u00e3o, Regulariza\u00e7\u00e3o Fundi\u00e1ria e Ordenamento Urbano, garantindo seguran\u00e7a jur\u00eddica, dignidade e o direito pleno \u00e0 moradia para moradores que aguardavam h\u00e1 d\u00e9cadas pela regulariza\u00e7\u00e3o de seus im\u00f3veis.","inLanguage":"pt-BR","potentialAction":[{"@type":"ReadAction","target":["https:\/\/www.manaus.am.gov.br\/semcom\/prefeito-entrega-registroimoveis-betania\/"]}]},{"@type":"ImageObject","inLanguage":"pt-BR","@id":"https:\/\/www.manaus.am.gov.br\/semcom\/prefeito-entrega-registroimoveis-betania\/#primaryimage","url":"https:\/\/www.manaus.am.gov.br\/semcom\/wp-content\/uploads\/sites\/5\/2026\/01\/55051879453_ab4a7d9711_c.jpg","contentUrl":"https:\/\/www.manaus.am.gov.br\/semcom\/wp-content\/uploads\/sites\/5\/2026\/01\/55051879453_ab4a7d9711_c.jpg","width":799,"height":533,"caption":"#paratodosverem - Prefeito David Almeida entrega registro de im\u00f3vel \u00e0 moradora do bairro Bet\u00e2nia"},{"@type":"WebSite","@id":"https:\/\/www.manaus.am.gov.br\/semcom\/#website","url":"https:\/\/www.manaus.am.gov.br\/semcom\/","name":"SEMCOM","description":"Secretaria Municipal de Comunica\u00e7\u00e3o","potentialAction":[{"@type":"SearchAction","target":{"@type":"EntryPoint","urlTemplate":"https:\/\/www.manaus.am.gov.br\/semcom\/?s={search_term_string}"},"query-input":"required name=search_term_string"}],"inLanguage":"pt-BR"},{"@type":"Person","@id":"https:\/\/www.manaus.am.gov.br\/semcom\/#\/schema\/person\/4e49f4e267757a06ca072ec61b2b9968","name":"Adriana Costa","image":{"@type":"ImageObject","inLanguage":"pt-BR","@id":"https:\/\/www.manaus.am.gov.br\/semcom\/#\/schema\/person\/image\/","url":"https:\/\/secure.gravatar.com\/avatar\/576258617ef7194f718179e766d57bd4?s=96&d=mm&r=g","contentUrl":"https:\/\/secure.gravatar.com\/avatar\/576258617ef7194f718179e766d57bd4?s=96&d=mm&r=g","caption":"Adriana Costa"}}]}},"_links":{"self":[{"href":"https:\/\/www.manaus.am.gov.br\/semcom\/wp-json\/wp\/v2\/posts\/251290"}],"collection":[{"href":"https:\/\/www.manaus.am.gov.br\/semcom\/wp-json\/wp\/v2\/posts"}],"about":[{"href":"https:\/\/www.manaus.am.gov.br\/semcom\/wp-json\/wp\/v2\/types\/post"}],"author":[{"embeddable":true,"href":"https:\/\/www.manaus.am.gov.br\/semcom\/wp-json\/wp\/v2\/users\/23"}],"replies":[{"embeddable":true,"href":"https:\/\/www.manaus.am.gov.br\/semcom\/wp-json\/wp\/v2\/comments?post=251290"}],"version-history":[{"count":5,"href":"https:\/\/www.manaus.am.gov.br\/semcom\/wp-json\/wp\/v2\/posts\/251290\/revisions"}],"predecessor-version":[{"id":251827,"href":"https:\/\/www.manaus.am.gov.br\/semcom\/wp-json\/wp\/v2\/posts\/251290\/revisions\/251827"}],"wp:featuredmedia":[{"embeddable":true,"href":"https:\/\/www.manaus.am.gov.br\/semcom\/wp-json\/wp\/v2\/media\/251292"}],"wp:attachment":[{"href":"https:\/\/www.manaus.am.gov.br\/semcom\/wp-json\/wp\/v2\/media?parent=251290"}],"wp:term":[{"taxonomy":"category","embeddable":true,"href":"https:\/\/www.manaus.am.gov.br\/semcom\/wp-json\/wp\/v2\/categories?post=251290"},{"taxonomy":"post_tag","embeddable":true,"href":"https:\/\/www.manaus.am.gov.br\/semcom\/wp-json\/wp\/v2\/tags?post=251290"}],"curies":[{"name":"wp","href":"https:\/\/api.w.org\/{rel}","templated":true}]}}