{"id":251282,"date":"2026-01-20T14:22:58","date_gmt":"2026-01-20T18:22:58","guid":{"rendered":"https:\/\/www.manaus.am.gov.br\/semcom\/prefeito-david-almeida-consolida-ensino-em-tempo-integral-como-politica-estruturante-da-educacao-municipal\/"},"modified":"2026-01-28T12:45:37","modified_gmt":"2026-01-28T15:45:37","slug":"ensino-tempo-integral-politica-estruturante-educacao-municipal","status":"publish","type":"post","link":"https:\/\/www.manaus.am.gov.br\/semcom\/ensino-tempo-integral-politica-estruturante-educacao-municipal\/","title":{"rendered":"Prefeito David Almeida consolida ensino em tempo integral como pol\u00edtica estruturante da educa\u00e7\u00e3o municipal"},"content":{"rendered":"\n<p>A amplia\u00e7\u00e3o do ensino em tempo integral se consolida como uma das principais pol\u00edticas educacionais da <a href=\"https:\/\/www.instagram.com\/prefeiturademanaus\/\">Prefeitura de Manaus<\/a> para fortalecer a aprendizagem, reduzir desigualdades e garantir maior prote\u00e7\u00e3o social a crian\u00e7as e adolescentes da rede municipal. A iniciativa integra um conjunto de a\u00e7\u00f5es estruturantes adotadas na gest\u00e3o do<a href=\"https:\/\/www.manaus.am.gov.br\/\"> prefeito David Almeida<\/a>, com foco na perman\u00eancia do aluno na escola e na melhoria dos resultados pedag\u00f3gicos.<\/p>\n\n\n\n<p>Nos \u00faltimos dois anos, a rede municipal de ensino criou mais de 16 mil novas vagas em tempo integral, ampliando significativamente o atendimento nessa modalidade e fortalecendo a jornada escolar como estrat\u00e9gia pedag\u00f3gica e social. A pol\u00edtica assegura ao estudante mais tempo de aprendizagem, refor\u00e7o escolar cont\u00ednuo, atividades complementares e acesso ampliado \u00e0 alimenta\u00e7\u00e3o escolar.<\/p>\n\n\n\n<p>\u201cO ensino em tempo integral n\u00e3o \u00e9 apenas aumentar o tempo do aluno na escola. \u00c9 garantir mais aprendizagem, mais cuidado e mais prote\u00e7\u00e3o social, especialmente para as fam\u00edlias que mais precisam\u201d, destacou o prefeito David Almeida.<\/p>\n\n\n\n<p>Com a jornada ampliada, os estudantes passam a permanecer na escola durante todo o dia, com acesso a atividades pedag\u00f3gicas orientadas, pr\u00e1ticas esportivas, culturais e acompanhamento sistem\u00e1tico do desempenho escolar, o que contribui diretamente para a redu\u00e7\u00e3o da evas\u00e3o e da repet\u00eancia.<\/p>\n\n\n\n<p>\u201cQuando a crian\u00e7a permanece mais tempo na escola, ela aprende mais e se desenvolve melhor. O tempo integral fortalece a base da aprendizagem e cria um ambiente mais seguro para o aluno\u201d, refor\u00e7ou o prefeito.<\/p>\n\n\n\n<p>O secret\u00e1rio municipal de Educa\u00e7\u00e3o, J\u00fanior Mar, explicou que a pol\u00edtica de tempo integral atua de forma integrada \u00e0s a\u00e7\u00f5es de alfabetiza\u00e7\u00e3o na idade certa e de recomposi\u00e7\u00e3o da aprendizagem. \u201cO tempo integral permite acompanhar o aluno mais de perto, refor\u00e7ar conte\u00fados e intervir mais rapidamente quando surgem dificuldades. \u00c9 uma pol\u00edtica pedag\u00f3gica que impacta diretamente a aprendizagem\u201d, afirmou.<\/p>\n\n\n\n<p><strong>Base t\u00e9cnica e contexto nacional<\/strong><\/p>\n\n\n\n<p>De acordo com estudos do Instituto Nacional de Estudos e Pesquisas Educacionais An\u00edsio Teixeira (Inep), redes p\u00fablicas que ampliam a oferta de ensino em tempo integral apresentam melhores indicadores de perman\u00eancia escolar, redu\u00e7\u00e3o da evas\u00e3o e avan\u00e7os consistentes no desempenho acad\u00eamico ao longo dos ciclos avaliativos. Esses resultados s\u00e3o aferidos a partir de avalia\u00e7\u00f5es externas nacionais, como o Sistema de Avalia\u00e7\u00e3o da Educa\u00e7\u00e3o B\u00e1sica (Saeb), cujos dados consolidados mais recentes se referem ao \u00faltimo ciclo oficial divulgado.<\/p>\n\n\n\n<p>Em Manaus, a expans\u00e3o do tempo integral ocorre em uma das maiores redes municipais de ensino do pa\u00eds, com mais de 500 unidades educacionais e aproximadamente 250 mil estudantes atendidos, o que amplia o impacto social e pedag\u00f3gico da pol\u00edtica.<\/p>\n\n\n\n<p>Al\u00e9m do efeito educacional, o ensino em tempo integral cumpre papel relevante de prote\u00e7\u00e3o social, ao apoiar fam\u00edlias que trabalham em tempo integral e garantir que crian\u00e7as e adolescentes permane\u00e7am em ambiente seguro, com acompanhamento pedag\u00f3gico e nutricional adequados.<\/p>\n\n\n\n<p>\u201cEstamos estruturando uma educa\u00e7\u00e3o que cuida das pessoas e entrega aprendizagem. Tempo integral \u00e9 pol\u00edtica p\u00fablica com responsabilidade social e foco em resultados duradouros\u201d, concluiu David Almeida.<\/p>\n\n\n\n<p>Com a consolida\u00e7\u00e3o do ensino em tempo integral, a gest\u00e3o David Almeida reafirma o compromisso com uma educa\u00e7\u00e3o p\u00fablica estruturada, inclusiva e orientada por evid\u00eancias, fortalecendo a escola municipal como espa\u00e7o de aprendizagem, prote\u00e7\u00e3o e desenvolvimento humano.<\/p>\n\n\n\n<figure class=\"wp-block-image size-full\"><img loading=\"lazy\" decoding=\"async\" width=\"799\" height=\"533\" src=\"https:\/\/www.manaus.am.gov.br\/semcom\/wp-content\/uploads\/sites\/5\/2026\/01\/54837756222_a8de95be1a_c.jpg\" alt=\"\" class=\"wp-image-251283\" srcset=\"https:\/\/www.manaus.am.gov.br\/semcom\/wp-content\/uploads\/sites\/5\/2026\/01\/54837756222_a8de95be1a_c.jpg 799w, https:\/\/www.manaus.am.gov.br\/semcom\/wp-content\/uploads\/sites\/5\/2026\/01\/54837756222_a8de95be1a_c-300x200.jpg 300w, https:\/\/www.manaus.am.gov.br\/semcom\/wp-content\/uploads\/sites\/5\/2026\/01\/54837756222_a8de95be1a_c-768x512.jpg 768w\" sizes=\"(max-width: 799px) 100vw, 799px\" \/><figcaption class=\"wp-element-caption\">#paratodosverem &#8211; Estudantes da Semed<\/figcaption><\/figure>\n\n\n\n<p>&#8212; &#8212; &#8212;<\/p>\n\n\n\n<p><strong>Texto<\/strong>&nbsp;&#8211; Emanuelle Baires\/Semcom-Prefeito<\/p>\n\n\n\n<p><strong>Fotos <\/strong>&#8211; Arquivo\/Semcom<\/p>\n","protected":false},"excerpt":{"rendered":"","protected":false},"author":39,"featured_media":251284,"comment_status":"closed","ping_status":"closed","sticky":false,"template":"","format":"standard","meta":{"footnotes":""},"categories":[49],"tags":[35,18348,18982,18983,77,62],"acf":[],"yoast_head":"<!-- This site is optimized with the Yoast SEO plugin v23.0 - https:\/\/yoast.com\/wordpress\/plugins\/seo\/ -->\n<title>Prefeito consolida ensino em tempo integral como pol\u00edtica estruturante da educa\u00e7\u00e3o municipal<\/title>\n<meta name=\"description\" content=\"Prefeito David Almeida consolida ensino em tempo integral como pol\u00edtica estruturante da educa\u00e7\u00e3o municipal.\" \/>\n<meta name=\"robots\" content=\"index, follow, max-snippet:-1, max-image-preview:large, max-video-preview:-1\" \/>\n<link rel=\"canonical\" href=\"https:\/\/www.manaus.am.gov.br\/semcom\/ensino-tempo-integral-politica-estruturante-educacao-municipal\/\" \/>\n<meta property=\"og:locale\" content=\"pt_BR\" \/>\n<meta property=\"og:type\" content=\"article\" \/>\n<meta property=\"og:title\" content=\"Prefeito consolida ensino em tempo integral como pol\u00edtica estruturante da educa\u00e7\u00e3o municipal\" \/>\n<meta property=\"og:description\" content=\"Prefeito David Almeida consolida ensino em tempo integral como pol\u00edtica estruturante da educa\u00e7\u00e3o municipal.\" \/>\n<meta property=\"og:url\" content=\"https:\/\/www.manaus.am.gov.br\/semcom\/ensino-tempo-integral-politica-estruturante-educacao-municipal\/\" \/>\n<meta property=\"og:site_name\" content=\"SEMCOM\" \/>\n<meta property=\"article:published_time\" content=\"2026-01-20T18:22:58+00:00\" \/>\n<meta property=\"article:modified_time\" content=\"2026-01-28T15:45:37+00:00\" \/>\n<meta property=\"og:image\" content=\"https:\/\/www.manaus.am.gov.br\/semcom\/wp-content\/uploads\/sites\/5\/2026\/01\/WhatsApp-Image-2026-01-20-at-12.46.11.jpeg\" \/>\n\t<meta property=\"og:image:width\" content=\"1600\" \/>\n\t<meta property=\"og:image:height\" content=\"1066\" \/>\n\t<meta property=\"og:image:type\" content=\"image\/jpeg\" \/>\n<meta name=\"author\" content=\"Bruna Greco\" \/>\n<meta name=\"twitter:card\" content=\"summary_large_image\" \/>\n<meta name=\"twitter:label1\" content=\"Written by\" \/>\n\t<meta name=\"twitter:data1\" content=\"Bruna Greco\" \/>\n\t<meta name=\"twitter:label2\" content=\"Est. reading time\" \/>\n\t<meta name=\"twitter:data2\" content=\"4 minutos\" \/>\n<script type=\"application\/ld+json\" class=\"yoast-schema-graph\">{\"@context\":\"https:\/\/schema.org\",\"@graph\":[{\"@type\":\"WebPage\",\"@id\":\"https:\/\/www.manaus.am.gov.br\/semcom\/ensino-tempo-integral-politica-estruturante-educacao-municipal\/\",\"url\":\"https:\/\/www.manaus.am.gov.br\/semcom\/ensino-tempo-integral-politica-estruturante-educacao-municipal\/\",\"name\":\"Prefeito consolida ensino em tempo integral como pol\u00edtica estruturante da educa\u00e7\u00e3o municipal\",\"isPartOf\":{\"@id\":\"https:\/\/www.manaus.am.gov.br\/semcom\/#website\"},\"primaryImageOfPage\":{\"@id\":\"https:\/\/www.manaus.am.gov.br\/semcom\/ensino-tempo-integral-politica-estruturante-educacao-municipal\/#primaryimage\"},\"image\":{\"@id\":\"https:\/\/www.manaus.am.gov.br\/semcom\/ensino-tempo-integral-politica-estruturante-educacao-municipal\/#primaryimage\"},\"thumbnailUrl\":\"https:\/\/www.manaus.am.gov.br\/semcom\/wp-content\/uploads\/sites\/5\/2026\/01\/WhatsApp-Image-2026-01-20-at-12.46.11.jpeg\",\"datePublished\":\"2026-01-20T18:22:58+00:00\",\"dateModified\":\"2026-01-28T15:45:37+00:00\",\"author\":{\"@id\":\"https:\/\/www.manaus.am.gov.br\/semcom\/#\/schema\/person\/05d223aea2bf115f9883a6ff3683d81b\"},\"description\":\"Prefeito David Almeida consolida ensino em tempo integral como pol\u00edtica estruturante da educa\u00e7\u00e3o municipal.\",\"inLanguage\":\"pt-BR\",\"potentialAction\":[{\"@type\":\"ReadAction\",\"target\":[\"https:\/\/www.manaus.am.gov.br\/semcom\/ensino-tempo-integral-politica-estruturante-educacao-municipal\/\"]}]},{\"@type\":\"ImageObject\",\"inLanguage\":\"pt-BR\",\"@id\":\"https:\/\/www.manaus.am.gov.br\/semcom\/ensino-tempo-integral-politica-estruturante-educacao-municipal\/#primaryimage\",\"url\":\"https:\/\/www.manaus.am.gov.br\/semcom\/wp-content\/uploads\/sites\/5\/2026\/01\/WhatsApp-Image-2026-01-20-at-12.46.11.jpeg\",\"contentUrl\":\"https:\/\/www.manaus.am.gov.br\/semcom\/wp-content\/uploads\/sites\/5\/2026\/01\/WhatsApp-Image-2026-01-20-at-12.46.11.jpeg\",\"width\":1600,\"height\":1066,\"caption\":\"#paratodosverem - Prefeito de Manaus, David Almeida, tirando selfie com alunos da rede municipal de ensino\"},{\"@type\":\"WebSite\",\"@id\":\"https:\/\/www.manaus.am.gov.br\/semcom\/#website\",\"url\":\"https:\/\/www.manaus.am.gov.br\/semcom\/\",\"name\":\"SEMCOM\",\"description\":\"Secretaria Municipal de Comunica\u00e7\u00e3o\",\"potentialAction\":[{\"@type\":\"SearchAction\",\"target\":{\"@type\":\"EntryPoint\",\"urlTemplate\":\"https:\/\/www.manaus.am.gov.br\/semcom\/?s={search_term_string}\"},\"query-input\":\"required name=search_term_string\"}],\"inLanguage\":\"pt-BR\"},{\"@type\":\"Person\",\"@id\":\"https:\/\/www.manaus.am.gov.br\/semcom\/#\/schema\/person\/05d223aea2bf115f9883a6ff3683d81b\",\"name\":\"Bruna Greco\",\"image\":{\"@type\":\"ImageObject\",\"inLanguage\":\"pt-BR\",\"@id\":\"https:\/\/www.manaus.am.gov.br\/semcom\/#\/schema\/person\/image\/\",\"url\":\"https:\/\/secure.gravatar.com\/avatar\/9c877d1a6adc2a055330e5c09a8653ce?s=96&d=mm&r=g\",\"contentUrl\":\"https:\/\/secure.gravatar.com\/avatar\/9c877d1a6adc2a055330e5c09a8653ce?s=96&d=mm&r=g\",\"caption\":\"Bruna Greco\"}}]}<\/script>\n<!-- \/ Yoast SEO plugin. -->","yoast_head_json":{"title":"Prefeito consolida ensino em tempo integral como pol\u00edtica estruturante da educa\u00e7\u00e3o municipal","description":"Prefeito David Almeida consolida ensino em tempo integral como pol\u00edtica estruturante da educa\u00e7\u00e3o municipal.","robots":{"index":"index","follow":"follow","max-snippet":"max-snippet:-1","max-image-preview":"max-image-preview:large","max-video-preview":"max-video-preview:-1"},"canonical":"https:\/\/www.manaus.am.gov.br\/semcom\/ensino-tempo-integral-politica-estruturante-educacao-municipal\/","og_locale":"pt_BR","og_type":"article","og_title":"Prefeito consolida ensino em tempo integral como pol\u00edtica estruturante da educa\u00e7\u00e3o municipal","og_description":"Prefeito David Almeida consolida ensino em tempo integral como pol\u00edtica estruturante da educa\u00e7\u00e3o municipal.","og_url":"https:\/\/www.manaus.am.gov.br\/semcom\/ensino-tempo-integral-politica-estruturante-educacao-municipal\/","og_site_name":"SEMCOM","article_published_time":"2026-01-20T18:22:58+00:00","article_modified_time":"2026-01-28T15:45:37+00:00","og_image":[{"width":1600,"height":1066,"url":"https:\/\/www.manaus.am.gov.br\/semcom\/wp-content\/uploads\/sites\/5\/2026\/01\/WhatsApp-Image-2026-01-20-at-12.46.11.jpeg","type":"image\/jpeg"}],"author":"Bruna Greco","twitter_card":"summary_large_image","twitter_misc":{"Written by":"Bruna Greco","Est. reading time":"4 minutos"},"schema":{"@context":"https:\/\/schema.org","@graph":[{"@type":"WebPage","@id":"https:\/\/www.manaus.am.gov.br\/semcom\/ensino-tempo-integral-politica-estruturante-educacao-municipal\/","url":"https:\/\/www.manaus.am.gov.br\/semcom\/ensino-tempo-integral-politica-estruturante-educacao-municipal\/","name":"Prefeito consolida ensino em tempo integral como pol\u00edtica estruturante da educa\u00e7\u00e3o municipal","isPartOf":{"@id":"https:\/\/www.manaus.am.gov.br\/semcom\/#website"},"primaryImageOfPage":{"@id":"https:\/\/www.manaus.am.gov.br\/semcom\/ensino-tempo-integral-politica-estruturante-educacao-municipal\/#primaryimage"},"image":{"@id":"https:\/\/www.manaus.am.gov.br\/semcom\/ensino-tempo-integral-politica-estruturante-educacao-municipal\/#primaryimage"},"thumbnailUrl":"https:\/\/www.manaus.am.gov.br\/semcom\/wp-content\/uploads\/sites\/5\/2026\/01\/WhatsApp-Image-2026-01-20-at-12.46.11.jpeg","datePublished":"2026-01-20T18:22:58+00:00","dateModified":"2026-01-28T15:45:37+00:00","author":{"@id":"https:\/\/www.manaus.am.gov.br\/semcom\/#\/schema\/person\/05d223aea2bf115f9883a6ff3683d81b"},"description":"Prefeito David Almeida consolida ensino em tempo integral como pol\u00edtica estruturante da educa\u00e7\u00e3o municipal.","inLanguage":"pt-BR","potentialAction":[{"@type":"ReadAction","target":["https:\/\/www.manaus.am.gov.br\/semcom\/ensino-tempo-integral-politica-estruturante-educacao-municipal\/"]}]},{"@type":"ImageObject","inLanguage":"pt-BR","@id":"https:\/\/www.manaus.am.gov.br\/semcom\/ensino-tempo-integral-politica-estruturante-educacao-municipal\/#primaryimage","url":"https:\/\/www.manaus.am.gov.br\/semcom\/wp-content\/uploads\/sites\/5\/2026\/01\/WhatsApp-Image-2026-01-20-at-12.46.11.jpeg","contentUrl":"https:\/\/www.manaus.am.gov.br\/semcom\/wp-content\/uploads\/sites\/5\/2026\/01\/WhatsApp-Image-2026-01-20-at-12.46.11.jpeg","width":1600,"height":1066,"caption":"#paratodosverem - Prefeito de Manaus, David Almeida, tirando selfie com alunos da rede municipal de ensino"},{"@type":"WebSite","@id":"https:\/\/www.manaus.am.gov.br\/semcom\/#website","url":"https:\/\/www.manaus.am.gov.br\/semcom\/","name":"SEMCOM","description":"Secretaria Municipal de Comunica\u00e7\u00e3o","potentialAction":[{"@type":"SearchAction","target":{"@type":"EntryPoint","urlTemplate":"https:\/\/www.manaus.am.gov.br\/semcom\/?s={search_term_string}"},"query-input":"required name=search_term_string"}],"inLanguage":"pt-BR"},{"@type":"Person","@id":"https:\/\/www.manaus.am.gov.br\/semcom\/#\/schema\/person\/05d223aea2bf115f9883a6ff3683d81b","name":"Bruna Greco","image":{"@type":"ImageObject","inLanguage":"pt-BR","@id":"https:\/\/www.manaus.am.gov.br\/semcom\/#\/schema\/person\/image\/","url":"https:\/\/secure.gravatar.com\/avatar\/9c877d1a6adc2a055330e5c09a8653ce?s=96&d=mm&r=g","contentUrl":"https:\/\/secure.gravatar.com\/avatar\/9c877d1a6adc2a055330e5c09a8653ce?s=96&d=mm&r=g","caption":"Bruna Greco"}}]}},"_links":{"self":[{"href":"https:\/\/www.manaus.am.gov.br\/semcom\/wp-json\/wp\/v2\/posts\/251282"}],"collection":[{"href":"https:\/\/www.manaus.am.gov.br\/semcom\/wp-json\/wp\/v2\/posts"}],"about":[{"href":"https:\/\/www.manaus.am.gov.br\/semcom\/wp-json\/wp\/v2\/types\/post"}],"author":[{"embeddable":true,"href":"https:\/\/www.manaus.am.gov.br\/semcom\/wp-json\/wp\/v2\/users\/39"}],"replies":[{"embeddable":true,"href":"https:\/\/www.manaus.am.gov.br\/semcom\/wp-json\/wp\/v2\/comments?post=251282"}],"version-history":[{"count":7,"href":"https:\/\/www.manaus.am.gov.br\/semcom\/wp-json\/wp\/v2\/posts\/251282\/revisions"}],"predecessor-version":[{"id":251825,"href":"https:\/\/www.manaus.am.gov.br\/semcom\/wp-json\/wp\/v2\/posts\/251282\/revisions\/251825"}],"wp:featuredmedia":[{"embeddable":true,"href":"https:\/\/www.manaus.am.gov.br\/semcom\/wp-json\/wp\/v2\/media\/251284"}],"wp:attachment":[{"href":"https:\/\/www.manaus.am.gov.br\/semcom\/wp-json\/wp\/v2\/media?parent=251282"}],"wp:term":[{"taxonomy":"category","embeddable":true,"href":"https:\/\/www.manaus.am.gov.br\/semcom\/wp-json\/wp\/v2\/categories?post=251282"},{"taxonomy":"post_tag","embeddable":true,"href":"https:\/\/www.manaus.am.gov.br\/semcom\/wp-json\/wp\/v2\/tags?post=251282"}],"curies":[{"name":"wp","href":"https:\/\/api.w.org\/{rel}","templated":true}]}}