{"id":251269,"date":"2026-01-20T13:15:45","date_gmt":"2026-01-20T17:15:45","guid":{"rendered":"https:\/\/www.manaus.am.gov.br\/semcom\/curso-preparatorio-pessoas-situacao-vulnerabilidade-social\/"},"modified":"2026-01-20T14:36:42","modified_gmt":"2026-01-20T17:36:42","slug":"curso-preparatorio-pessoas-situacao-vulnerabilidade-social","status":"publish","type":"post","link":"https:\/\/www.manaus.am.gov.br\/semcom\/curso-preparatorio-pessoas-situacao-vulnerabilidade-social\/","title":{"rendered":"Prefeitura de Manaus oferta curso preparat\u00f3rio para concurso p\u00fablico a pessoas em situa\u00e7\u00e3o de vulnerabilidade social"},"content":{"rendered":"\n<p>A <a href=\"https:\/\/www.manaus.am.gov.br\">Prefeitura de Manaus<\/a>, por meio da Secretaria Municipal da Mulher, Assist\u00eancia Social e Cidadania (Semasc), iniciou, nesta segunda-feira, 19\/1, o curso preparat\u00f3rio social para concursos p\u00fablicos voltado a pessoas em situa\u00e7\u00e3o de rua e bolsistas dos programas &#8220;Passaporte Social&#8221; e &#8220;Acesso \u00e0 Cidadania&#8221;.<\/p>\n\n\n\n<p>A iniciativa integra o programa \u201cProsperar Manaus\u201d e tem como objetivo ampliar o acesso \u00e0 educa\u00e7\u00e3o e promover a inclus\u00e3o social, oferecendo oportunidades concretas de qualifica\u00e7\u00e3o e prepara\u00e7\u00e3o para o ingresso no servi\u00e7o p\u00fablico. Nesta primeira turma, 30 alunos foram contemplados.<\/p>\n\n\n\n<p>As aulas seguem at\u00e9 o dia 7\/3 e est\u00e3o sendo realizadas no Centro de Atendimento e Desenvolvimento Social (Cads), equipamento da rede de prote\u00e7\u00e3o social do munic\u00edpio que atua no fortalecimento de v\u00ednculos, na promo\u00e7\u00e3o da autonomia e no exerc\u00edcio da cidadania de pessoas em situa\u00e7\u00e3o de vulnerabilidade.<\/p>\n\n\n\n<p>De acordo com a coordenadora do Cads, N\u00edvia Abrah\u00e3o, a iniciativa refor\u00e7a o papel transformador da educa\u00e7\u00e3o. \u201cAcreditamos que o conhecimento liberta e transforma. Inicialmente, seriam ofertadas 20 vagas para pessoas em vulnerabilidade social, mas, diante da alta demanda, ampliamos para 30. Nosso objetivo \u00e9 dar oportunidade a quem mais precisa, seja para um concurso p\u00fablico ou para o ingresso em uma universidade\u201d, destacou.<\/p>\n\n\n\n<p>Para o professor de matem\u00e1tica, Paulo Silva, o curso representa uma chance de igualdade de condi\u00e7\u00f5es na disputa por vagas.<\/p>\n\n\n\n<p>\u201cVou colocar em pr\u00e1tica tudo o que aprendi ao longo dos anos, para preparar esses alunos da melhor forma poss\u00edvel. A proposta \u00e9 oferecer conte\u00fado de qualidade, com uma metodologia acess\u00edvel, para que eles possam concorrer de igual para igual em concursos p\u00fablicos e outras sele\u00e7\u00f5es, acreditando no pr\u00f3prio potencial e nas oportunidades que a educa\u00e7\u00e3o pode proporcionar\u201d, afirmou.<\/p>\n\n\n\n<figure class=\"wp-block-image size-large\"><img loading=\"lazy\" decoding=\"async\" width=\"1024\" height=\"682\" src=\"https:\/\/www.manaus.am.gov.br\/semcom\/wp-content\/uploads\/sites\/5\/2026\/01\/WhatsApp-Image-2026-01-20-at-13.10.35-1024x682.jpeg\" alt=\"\" class=\"wp-image-251270\" srcset=\"https:\/\/www.manaus.am.gov.br\/semcom\/wp-content\/uploads\/sites\/5\/2026\/01\/WhatsApp-Image-2026-01-20-at-13.10.35-1024x682.jpeg 1024w, https:\/\/www.manaus.am.gov.br\/semcom\/wp-content\/uploads\/sites\/5\/2026\/01\/WhatsApp-Image-2026-01-20-at-13.10.35-300x200.jpeg 300w, https:\/\/www.manaus.am.gov.br\/semcom\/wp-content\/uploads\/sites\/5\/2026\/01\/WhatsApp-Image-2026-01-20-at-13.10.35-768x512.jpeg 768w, https:\/\/www.manaus.am.gov.br\/semcom\/wp-content\/uploads\/sites\/5\/2026\/01\/WhatsApp-Image-2026-01-20-at-13.10.35-1536x1023.jpeg 1536w, https:\/\/www.manaus.am.gov.br\/semcom\/wp-content\/uploads\/sites\/5\/2026\/01\/WhatsApp-Image-2026-01-20-at-13.10.35.jpeg 1600w\" sizes=\"(max-width: 1024px) 100vw, 1024px\" \/><figcaption class=\"wp-element-caption\">#paratodosverem &#8211; Pessoa em situa\u00e7\u00e3o de rua recebendo atendimento do programa &#8220;Prosperar Manaus&#8221;<\/figcaption><\/figure>\n\n\n\n<p><strong>&#8212; &#8212; &#8212;<\/strong><\/p>\n\n\n\n<p><strong>Texto &#8211;<\/strong>&nbsp;Fernanda Rodrigues\/Semasc<\/p>\n\n\n\n<p><strong>Fotos<\/strong>&nbsp;&#8211; Diego Lima\/Semasc<\/p>\n","protected":false},"excerpt":{"rendered":"","protected":false},"author":39,"featured_media":251271,"comment_status":"closed","ping_status":"closed","sticky":false,"template":"","format":"standard","meta":{"footnotes":""},"categories":[1669],"tags":[1445,18979,1672,18980,77,153],"acf":[],"yoast_head":"<!-- This site is optimized with the Yoast SEO plugin v23.0 - https:\/\/yoast.com\/wordpress\/plugins\/seo\/ -->\n<title>Prefeitura de Manaus oferta curso preparat\u00f3rio para concurso p\u00fablico a pessoas em situa\u00e7\u00e3o de vulnerabilidade social<\/title>\n<meta name=\"description\" content=\"Prefeitura de Manaus oferta curso preparat\u00f3rio para concurso p\u00fablico a pessoas em situa\u00e7\u00e3o de vulnerabilidade social.\" \/>\n<meta name=\"robots\" content=\"index, follow, max-snippet:-1, max-image-preview:large, max-video-preview:-1\" \/>\n<link rel=\"canonical\" href=\"https:\/\/www.manaus.am.gov.br\/semcom\/curso-preparatorio-pessoas-situacao-vulnerabilidade-social\/\" \/>\n<meta property=\"og:locale\" content=\"pt_BR\" \/>\n<meta property=\"og:type\" content=\"article\" \/>\n<meta property=\"og:title\" content=\"Prefeitura de Manaus oferta curso preparat\u00f3rio para concurso p\u00fablico a pessoas em situa\u00e7\u00e3o de vulnerabilidade social\" \/>\n<meta property=\"og:description\" content=\"Prefeitura de Manaus oferta curso preparat\u00f3rio para concurso p\u00fablico a pessoas em situa\u00e7\u00e3o de vulnerabilidade social.\" \/>\n<meta property=\"og:url\" content=\"https:\/\/www.manaus.am.gov.br\/semcom\/curso-preparatorio-pessoas-situacao-vulnerabilidade-social\/\" \/>\n<meta property=\"og:site_name\" content=\"SEMCOM\" \/>\n<meta property=\"article:published_time\" content=\"2026-01-20T17:15:45+00:00\" \/>\n<meta property=\"article:modified_time\" content=\"2026-01-20T17:36:42+00:00\" \/>\n<meta property=\"og:image\" content=\"https:\/\/www.manaus.am.gov.br\/semcom\/wp-content\/uploads\/sites\/5\/2026\/01\/WhatsApp-Image-2026-01-20-at-13.10.35-1.jpeg\" \/>\n\t<meta property=\"og:image:width\" content=\"1600\" \/>\n\t<meta property=\"og:image:height\" content=\"1066\" \/>\n\t<meta property=\"og:image:type\" content=\"image\/jpeg\" \/>\n<meta name=\"author\" content=\"Bruna Greco\" \/>\n<meta name=\"twitter:card\" content=\"summary_large_image\" \/>\n<meta name=\"twitter:label1\" content=\"Written by\" \/>\n\t<meta name=\"twitter:data1\" content=\"Bruna Greco\" \/>\n\t<meta name=\"twitter:label2\" content=\"Est. reading time\" \/>\n\t<meta name=\"twitter:data2\" content=\"3 minutos\" \/>\n<script type=\"application\/ld+json\" class=\"yoast-schema-graph\">{\"@context\":\"https:\/\/schema.org\",\"@graph\":[{\"@type\":\"WebPage\",\"@id\":\"https:\/\/www.manaus.am.gov.br\/semcom\/curso-preparatorio-pessoas-situacao-vulnerabilidade-social\/\",\"url\":\"https:\/\/www.manaus.am.gov.br\/semcom\/curso-preparatorio-pessoas-situacao-vulnerabilidade-social\/\",\"name\":\"Prefeitura de Manaus oferta curso preparat\u00f3rio para concurso p\u00fablico a pessoas em situa\u00e7\u00e3o de vulnerabilidade social\",\"isPartOf\":{\"@id\":\"https:\/\/www.manaus.am.gov.br\/semcom\/#website\"},\"primaryImageOfPage\":{\"@id\":\"https:\/\/www.manaus.am.gov.br\/semcom\/curso-preparatorio-pessoas-situacao-vulnerabilidade-social\/#primaryimage\"},\"image\":{\"@id\":\"https:\/\/www.manaus.am.gov.br\/semcom\/curso-preparatorio-pessoas-situacao-vulnerabilidade-social\/#primaryimage\"},\"thumbnailUrl\":\"https:\/\/www.manaus.am.gov.br\/semcom\/wp-content\/uploads\/sites\/5\/2026\/01\/WhatsApp-Image-2026-01-20-at-13.10.35-1.jpeg\",\"datePublished\":\"2026-01-20T17:15:45+00:00\",\"dateModified\":\"2026-01-20T17:36:42+00:00\",\"author\":{\"@id\":\"https:\/\/www.manaus.am.gov.br\/semcom\/#\/schema\/person\/05d223aea2bf115f9883a6ff3683d81b\"},\"description\":\"Prefeitura de Manaus oferta curso preparat\u00f3rio para concurso p\u00fablico a pessoas em situa\u00e7\u00e3o de vulnerabilidade social.\",\"inLanguage\":\"pt-BR\",\"potentialAction\":[{\"@type\":\"ReadAction\",\"target\":[\"https:\/\/www.manaus.am.gov.br\/semcom\/curso-preparatorio-pessoas-situacao-vulnerabilidade-social\/\"]}]},{\"@type\":\"ImageObject\",\"inLanguage\":\"pt-BR\",\"@id\":\"https:\/\/www.manaus.am.gov.br\/semcom\/curso-preparatorio-pessoas-situacao-vulnerabilidade-social\/#primaryimage\",\"url\":\"https:\/\/www.manaus.am.gov.br\/semcom\/wp-content\/uploads\/sites\/5\/2026\/01\/WhatsApp-Image-2026-01-20-at-13.10.35-1.jpeg\",\"contentUrl\":\"https:\/\/www.manaus.am.gov.br\/semcom\/wp-content\/uploads\/sites\/5\/2026\/01\/WhatsApp-Image-2026-01-20-at-13.10.35-1.jpeg\",\"width\":1600,\"height\":1066,\"caption\":\"#paratodosverem - Pessoas em situa\u00e7\u00e3o de rua participando de curso preparat\u00f3rio para concurso p\u00fablico ofertado pela Prefeitura de Manaus\"},{\"@type\":\"WebSite\",\"@id\":\"https:\/\/www.manaus.am.gov.br\/semcom\/#website\",\"url\":\"https:\/\/www.manaus.am.gov.br\/semcom\/\",\"name\":\"SEMCOM\",\"description\":\"Secretaria Municipal de Comunica\u00e7\u00e3o\",\"potentialAction\":[{\"@type\":\"SearchAction\",\"target\":{\"@type\":\"EntryPoint\",\"urlTemplate\":\"https:\/\/www.manaus.am.gov.br\/semcom\/?s={search_term_string}\"},\"query-input\":\"required name=search_term_string\"}],\"inLanguage\":\"pt-BR\"},{\"@type\":\"Person\",\"@id\":\"https:\/\/www.manaus.am.gov.br\/semcom\/#\/schema\/person\/05d223aea2bf115f9883a6ff3683d81b\",\"name\":\"Bruna Greco\",\"image\":{\"@type\":\"ImageObject\",\"inLanguage\":\"pt-BR\",\"@id\":\"https:\/\/www.manaus.am.gov.br\/semcom\/#\/schema\/person\/image\/\",\"url\":\"https:\/\/secure.gravatar.com\/avatar\/9c877d1a6adc2a055330e5c09a8653ce?s=96&d=mm&r=g\",\"contentUrl\":\"https:\/\/secure.gravatar.com\/avatar\/9c877d1a6adc2a055330e5c09a8653ce?s=96&d=mm&r=g\",\"caption\":\"Bruna Greco\"}}]}<\/script>\n<!-- \/ Yoast SEO plugin. -->","yoast_head_json":{"title":"Prefeitura de Manaus oferta curso preparat\u00f3rio para concurso p\u00fablico a pessoas em situa\u00e7\u00e3o de vulnerabilidade social","description":"Prefeitura de Manaus oferta curso preparat\u00f3rio para concurso p\u00fablico a pessoas em situa\u00e7\u00e3o de vulnerabilidade social.","robots":{"index":"index","follow":"follow","max-snippet":"max-snippet:-1","max-image-preview":"max-image-preview:large","max-video-preview":"max-video-preview:-1"},"canonical":"https:\/\/www.manaus.am.gov.br\/semcom\/curso-preparatorio-pessoas-situacao-vulnerabilidade-social\/","og_locale":"pt_BR","og_type":"article","og_title":"Prefeitura de Manaus oferta curso preparat\u00f3rio para concurso p\u00fablico a pessoas em situa\u00e7\u00e3o de vulnerabilidade social","og_description":"Prefeitura de Manaus oferta curso preparat\u00f3rio para concurso p\u00fablico a pessoas em situa\u00e7\u00e3o de vulnerabilidade social.","og_url":"https:\/\/www.manaus.am.gov.br\/semcom\/curso-preparatorio-pessoas-situacao-vulnerabilidade-social\/","og_site_name":"SEMCOM","article_published_time":"2026-01-20T17:15:45+00:00","article_modified_time":"2026-01-20T17:36:42+00:00","og_image":[{"width":1600,"height":1066,"url":"https:\/\/www.manaus.am.gov.br\/semcom\/wp-content\/uploads\/sites\/5\/2026\/01\/WhatsApp-Image-2026-01-20-at-13.10.35-1.jpeg","type":"image\/jpeg"}],"author":"Bruna Greco","twitter_card":"summary_large_image","twitter_misc":{"Written by":"Bruna Greco","Est. reading time":"3 minutos"},"schema":{"@context":"https:\/\/schema.org","@graph":[{"@type":"WebPage","@id":"https:\/\/www.manaus.am.gov.br\/semcom\/curso-preparatorio-pessoas-situacao-vulnerabilidade-social\/","url":"https:\/\/www.manaus.am.gov.br\/semcom\/curso-preparatorio-pessoas-situacao-vulnerabilidade-social\/","name":"Prefeitura de Manaus oferta curso preparat\u00f3rio para concurso p\u00fablico a pessoas em situa\u00e7\u00e3o de vulnerabilidade social","isPartOf":{"@id":"https:\/\/www.manaus.am.gov.br\/semcom\/#website"},"primaryImageOfPage":{"@id":"https:\/\/www.manaus.am.gov.br\/semcom\/curso-preparatorio-pessoas-situacao-vulnerabilidade-social\/#primaryimage"},"image":{"@id":"https:\/\/www.manaus.am.gov.br\/semcom\/curso-preparatorio-pessoas-situacao-vulnerabilidade-social\/#primaryimage"},"thumbnailUrl":"https:\/\/www.manaus.am.gov.br\/semcom\/wp-content\/uploads\/sites\/5\/2026\/01\/WhatsApp-Image-2026-01-20-at-13.10.35-1.jpeg","datePublished":"2026-01-20T17:15:45+00:00","dateModified":"2026-01-20T17:36:42+00:00","author":{"@id":"https:\/\/www.manaus.am.gov.br\/semcom\/#\/schema\/person\/05d223aea2bf115f9883a6ff3683d81b"},"description":"Prefeitura de Manaus oferta curso preparat\u00f3rio para concurso p\u00fablico a pessoas em situa\u00e7\u00e3o de vulnerabilidade social.","inLanguage":"pt-BR","potentialAction":[{"@type":"ReadAction","target":["https:\/\/www.manaus.am.gov.br\/semcom\/curso-preparatorio-pessoas-situacao-vulnerabilidade-social\/"]}]},{"@type":"ImageObject","inLanguage":"pt-BR","@id":"https:\/\/www.manaus.am.gov.br\/semcom\/curso-preparatorio-pessoas-situacao-vulnerabilidade-social\/#primaryimage","url":"https:\/\/www.manaus.am.gov.br\/semcom\/wp-content\/uploads\/sites\/5\/2026\/01\/WhatsApp-Image-2026-01-20-at-13.10.35-1.jpeg","contentUrl":"https:\/\/www.manaus.am.gov.br\/semcom\/wp-content\/uploads\/sites\/5\/2026\/01\/WhatsApp-Image-2026-01-20-at-13.10.35-1.jpeg","width":1600,"height":1066,"caption":"#paratodosverem - Pessoas em situa\u00e7\u00e3o de rua participando de curso preparat\u00f3rio para concurso p\u00fablico ofertado pela Prefeitura de Manaus"},{"@type":"WebSite","@id":"https:\/\/www.manaus.am.gov.br\/semcom\/#website","url":"https:\/\/www.manaus.am.gov.br\/semcom\/","name":"SEMCOM","description":"Secretaria Municipal de Comunica\u00e7\u00e3o","potentialAction":[{"@type":"SearchAction","target":{"@type":"EntryPoint","urlTemplate":"https:\/\/www.manaus.am.gov.br\/semcom\/?s={search_term_string}"},"query-input":"required name=search_term_string"}],"inLanguage":"pt-BR"},{"@type":"Person","@id":"https:\/\/www.manaus.am.gov.br\/semcom\/#\/schema\/person\/05d223aea2bf115f9883a6ff3683d81b","name":"Bruna Greco","image":{"@type":"ImageObject","inLanguage":"pt-BR","@id":"https:\/\/www.manaus.am.gov.br\/semcom\/#\/schema\/person\/image\/","url":"https:\/\/secure.gravatar.com\/avatar\/9c877d1a6adc2a055330e5c09a8653ce?s=96&d=mm&r=g","contentUrl":"https:\/\/secure.gravatar.com\/avatar\/9c877d1a6adc2a055330e5c09a8653ce?s=96&d=mm&r=g","caption":"Bruna Greco"}}]}},"_links":{"self":[{"href":"https:\/\/www.manaus.am.gov.br\/semcom\/wp-json\/wp\/v2\/posts\/251269"}],"collection":[{"href":"https:\/\/www.manaus.am.gov.br\/semcom\/wp-json\/wp\/v2\/posts"}],"about":[{"href":"https:\/\/www.manaus.am.gov.br\/semcom\/wp-json\/wp\/v2\/types\/post"}],"author":[{"embeddable":true,"href":"https:\/\/www.manaus.am.gov.br\/semcom\/wp-json\/wp\/v2\/users\/39"}],"replies":[{"embeddable":true,"href":"https:\/\/www.manaus.am.gov.br\/semcom\/wp-json\/wp\/v2\/comments?post=251269"}],"version-history":[{"count":3,"href":"https:\/\/www.manaus.am.gov.br\/semcom\/wp-json\/wp\/v2\/posts\/251269\/revisions"}],"predecessor-version":[{"id":251279,"href":"https:\/\/www.manaus.am.gov.br\/semcom\/wp-json\/wp\/v2\/posts\/251269\/revisions\/251279"}],"wp:featuredmedia":[{"embeddable":true,"href":"https:\/\/www.manaus.am.gov.br\/semcom\/wp-json\/wp\/v2\/media\/251271"}],"wp:attachment":[{"href":"https:\/\/www.manaus.am.gov.br\/semcom\/wp-json\/wp\/v2\/media?parent=251269"}],"wp:term":[{"taxonomy":"category","embeddable":true,"href":"https:\/\/www.manaus.am.gov.br\/semcom\/wp-json\/wp\/v2\/categories?post=251269"},{"taxonomy":"post_tag","embeddable":true,"href":"https:\/\/www.manaus.am.gov.br\/semcom\/wp-json\/wp\/v2\/tags?post=251269"}],"curies":[{"name":"wp","href":"https:\/\/api.w.org\/{rel}","templated":true}]}}