{"id":251180,"date":"2026-01-19T15:51:14","date_gmt":"2026-01-19T19:51:14","guid":{"rendered":"https:\/\/www.manaus.am.gov.br\/semcom\/analises-engenhos-publicitarios-2025\/"},"modified":"2026-01-19T15:51:14","modified_gmt":"2026-01-19T19:51:14","slug":"analises-engenhos-publicitarios-2025","status":"publish","type":"post","link":"https:\/\/www.manaus.am.gov.br\/semcom\/analises-engenhos-publicitarios-2025\/","title":{"rendered":"Prefeitura de Manaus soma alta de 65% de an\u00e1lises de engenhos publicit\u00e1rios em 2025"},"content":{"rendered":"\n<p>Com 2.523 processos analisados em 2025, a Prefeitura de Manaus, por meio do Instituto Municipal de Planejamento Urbano (Implurb), aumentou em 65,3% o volume de licenciamento de engenhos publicit\u00e1rios na capital, contra 1.526 do ano anterior. No mesmo per\u00edodo, a Ger\u00eancia de Engenhos Publicit\u00e1rios (GEP) teve incremento de 354% no n\u00famero de a\u00e7\u00f5es fiscais, com 386 formaliza\u00e7\u00f5es em 2025, contra 85 do ano anterior.<\/p>\n\n\n\n<p>O setor ainda teve aumento no n\u00famero de empresas de m\u00eddia cadastradas, com oito novas, alta de 8%. Em 2025 foram emitidos 643 alvar\u00e1s para publicidade.<\/p>\n\n\n\n<p>Segundo a gerente do (GEP), arquiteta e urbanista Naiara Freitas, qualquer instala\u00e7\u00e3o de publicidade deve seguir o tr\u00e2mite legal de licenciamento e obter, obrigatoriamente, alvar\u00e1 expedido pelo Implurb. As orienta\u00e7\u00f5es e a lista de&nbsp;<a href=\"https:\/\/www.manaus.am.gov.br\/implurb\/servicos-e-certidoes\/lista-de-documentos\/\" target=\"_blank\" rel=\"noreferrer noopener\">documentos<\/a>&nbsp;necess\u00e1rios est\u00e3o dispon\u00edveis no site oficial do Implurb.<\/p>\n\n\n\n<p>\u201c\u00c9 preciso procurar o Implurb para formalizar o processo de viabilidade de publicidade. A instala\u00e7\u00e3o deve acontecer somente ap\u00f3s a emiss\u00e3o do alvar\u00e1. No site, temos a lista de documentos necess\u00e1rios para a formaliza\u00e7\u00e3o de processo, e em um dos itens explica o que as empresas que exploram publicidade devem fazer para estarem regulares\u201d, refor\u00e7ou&nbsp;Naiara.<\/p>\n\n\n\n<p><strong>Identifica\u00e7\u00e3o<\/strong><\/p>\n\n\n\n<p>Os pain\u00e9is, por exemplo, precisam ter identifica\u00e7\u00e3o da empresa de m\u00eddia ou respons\u00e1vel, e o n\u00famero do processo de cadastro junto ao \u00f3rg\u00e3o municipal competente. Mesmo quando instalados em propriedade privada, os mobili\u00e1rios precisam passar por licenciamento obrigat\u00f3rio, como determina a lei municipal.<\/p>\n\n\n\n<p>Naiara refor\u00e7a a import\u00e2ncia da formaliza\u00e7\u00e3o e da consulta pr\u00e9via ao Implurb. \u201cTrabalhamos para garantir que os servi\u00e7os p\u00fablicos sejam de qualidade e que a ocupa\u00e7\u00e3o do solo seja planejada e ordenada\u201d, afirmou.<\/p>\n\n\n\n<p><strong>Engenho publicit\u00e1rio<\/strong><\/p>\n\n\n\n<p>Engenho publicit\u00e1rio \u00e9 todo dispositivo, fixo ou m\u00f3vel, com estrutura pr\u00f3pria, destinado \u00e0 exibi\u00e7\u00e3o de an\u00fancios. Est\u00e3o entre os engenhos regulamentados pelo Implurb estruturas como placas, letreiros, tabuletas, rel\u00f3gios digitais, totens, adesivos, pinturas, outdoors, mupis, faixas, fl\u00e2mulas, cavaletes, pain\u00e9is&nbsp;<em>frontlight<\/em>&nbsp;e&nbsp;<em>backlight<\/em>, pain\u00e9is de LED, pain\u00e9is m\u00f3veis, bal\u00f5es infl\u00e1veis, cartazes e empenas.<\/p>\n\n\n\n<p>De acordo com a Lei Complementar 005\/2014, engenhos publicit\u00e1rios s\u00e3o considerados mobili\u00e1rios urbanos, implantados em logradouros p\u00fablicos ou privados, e adicionados \u00e0 urbaniza\u00e7\u00e3o ou edifica\u00e7\u00e3o. Portanto, a responsabilidade pela instala\u00e7\u00e3o e manuten\u00e7\u00e3o adequada desses dispositivos \u00e9 compartilhada entre o poder p\u00fablico e os agentes privados que os utilizam para fins comerciais.<\/p>\n\n\n\n<p><strong>Instala\u00e7\u00e3o<\/strong><\/p>\n\n\n\n<p>Todos os engenhos publicit\u00e1rios instalados ou que venham a ser instalados e que sejam vis\u00edveis a partir de \u00e1reas p\u00fablicas, como ruas e cal\u00e7adas, devem ser licenciados junto ao Implurb. O licenciamento \u00e9 anual e pode ser requerido por at\u00e9 cinco anos, a contar da data da expedi\u00e7\u00e3o, mediante o pagamento da taxa proporcional ao per\u00edodo solicitado.<\/p>\n\n\n\n<p>A legisla\u00e7\u00e3o tamb\u00e9m estabelece que qualquer altera\u00e7\u00e3o na dimens\u00e3o ou na estrutura de sustenta\u00e7\u00e3o do engenho implica a exig\u00eancia de atualiza\u00e7\u00e3o imediata da licen\u00e7a.<\/p>\n\n\n\n<p>A popula\u00e7\u00e3o pode colaborar com as a\u00e7\u00f5es de ordenamento urbano, usando o Disque\u00a0Den\u00fancia\u00a0no telefone 3673-9305 e pelo 161, de segunda a sexta-feira, das 8h \u00e0s 14h, exceto feriados e pontos facultativos, e no\u00a0<a href=\"mailto:disquedenuncia.implurb@manaus.am.gov.br\" target=\"_blank\" rel=\"noreferrer noopener\">disquedenuncia.implurb@manaus.am.gov.br<\/a>.<\/p>\n\n\n\n<figure class=\"wp-block-image size-large\"><img loading=\"lazy\" decoding=\"async\" width=\"1024\" height=\"768\" src=\"https:\/\/www.manaus.am.gov.br\/semcom\/wp-content\/uploads\/sites\/5\/2026\/01\/GEP-2-1024x768.jpg\" alt=\"\" class=\"wp-image-251182\" srcset=\"https:\/\/www.manaus.am.gov.br\/semcom\/wp-content\/uploads\/sites\/5\/2026\/01\/GEP-2-1024x768.jpg 1024w, https:\/\/www.manaus.am.gov.br\/semcom\/wp-content\/uploads\/sites\/5\/2026\/01\/GEP-2-300x225.jpg 300w, https:\/\/www.manaus.am.gov.br\/semcom\/wp-content\/uploads\/sites\/5\/2026\/01\/GEP-2-768x576.jpg 768w, https:\/\/www.manaus.am.gov.br\/semcom\/wp-content\/uploads\/sites\/5\/2026\/01\/GEP-2-1536x1152.jpg 1536w, https:\/\/www.manaus.am.gov.br\/semcom\/wp-content\/uploads\/sites\/5\/2026\/01\/GEP-2-2048x1536.jpg 2048w\" sizes=\"(max-width: 1024px) 100vw, 1024px\" \/><figcaption class=\"wp-element-caption\">#paratodosverem &#8211; Ger\u00eancia de Engenhos Publicit\u00e1rios (GEP)<\/figcaption><\/figure>\n\n\n\n<p><strong>&#8212; &#8212; &#8212;<\/strong><\/p>\n\n\n\n<p><strong>Texto \u2013&nbsp;<\/strong>Claudia do Valle\/Implurb<\/p>\n\n\n\n<p><strong>Fotos \u2013<\/strong>&nbsp;Divulga\u00e7\u00e3o\/Implurb<\/p>\n","protected":false},"excerpt":{"rendered":"","protected":false},"author":39,"featured_media":251181,"comment_status":"closed","ping_status":"closed","sticky":false,"template":"","format":"standard","meta":{"footnotes":""},"categories":[890],"tags":[65,77],"acf":[],"yoast_head":"<!-- This site is optimized with the Yoast SEO plugin v23.0 - https:\/\/yoast.com\/wordpress\/plugins\/seo\/ -->\n<title>Prefeitura soma alta de 65% de an\u00e1lises de engenhos publicit\u00e1rios em 2025<\/title>\n<meta name=\"description\" content=\"Prefeitura de Manaus, por meio do Implurb, soma alta de 65% de an\u00e1lises de engenhos publicit\u00e1rios em 2025.\" \/>\n<meta name=\"robots\" content=\"index, follow, max-snippet:-1, max-image-preview:large, max-video-preview:-1\" \/>\n<link rel=\"canonical\" href=\"https:\/\/www.manaus.am.gov.br\/semcom\/analises-engenhos-publicitarios-2025\/\" \/>\n<meta property=\"og:locale\" content=\"pt_BR\" \/>\n<meta property=\"og:type\" content=\"article\" \/>\n<meta property=\"og:title\" content=\"Prefeitura soma alta de 65% de an\u00e1lises de engenhos publicit\u00e1rios em 2025\" \/>\n<meta property=\"og:description\" content=\"Prefeitura de Manaus, por meio do Implurb, soma alta de 65% de an\u00e1lises de engenhos publicit\u00e1rios em 2025.\" \/>\n<meta property=\"og:url\" content=\"https:\/\/www.manaus.am.gov.br\/semcom\/analises-engenhos-publicitarios-2025\/\" \/>\n<meta property=\"og:site_name\" content=\"SEMCOM\" \/>\n<meta property=\"article:published_time\" content=\"2026-01-19T19:51:14+00:00\" \/>\n<meta property=\"og:image\" content=\"https:\/\/www.manaus.am.gov.br\/semcom\/wp-content\/uploads\/sites\/5\/2026\/01\/GEP-1.jpg\" \/>\n\t<meta property=\"og:image:width\" content=\"4032\" \/>\n\t<meta property=\"og:image:height\" content=\"3024\" \/>\n\t<meta property=\"og:image:type\" content=\"image\/jpeg\" \/>\n<meta name=\"author\" content=\"Bruna Greco\" \/>\n<meta name=\"twitter:card\" content=\"summary_large_image\" \/>\n<meta name=\"twitter:label1\" content=\"Written by\" \/>\n\t<meta name=\"twitter:data1\" content=\"Bruna Greco\" \/>\n\t<meta name=\"twitter:label2\" content=\"Est. reading time\" \/>\n\t<meta name=\"twitter:data2\" content=\"4 minutos\" \/>\n<script type=\"application\/ld+json\" class=\"yoast-schema-graph\">{\"@context\":\"https:\/\/schema.org\",\"@graph\":[{\"@type\":\"WebPage\",\"@id\":\"https:\/\/www.manaus.am.gov.br\/semcom\/analises-engenhos-publicitarios-2025\/\",\"url\":\"https:\/\/www.manaus.am.gov.br\/semcom\/analises-engenhos-publicitarios-2025\/\",\"name\":\"Prefeitura soma alta de 65% de an\u00e1lises de engenhos publicit\u00e1rios em 2025\",\"isPartOf\":{\"@id\":\"https:\/\/www.manaus.am.gov.br\/semcom\/#website\"},\"primaryImageOfPage\":{\"@id\":\"https:\/\/www.manaus.am.gov.br\/semcom\/analises-engenhos-publicitarios-2025\/#primaryimage\"},\"image\":{\"@id\":\"https:\/\/www.manaus.am.gov.br\/semcom\/analises-engenhos-publicitarios-2025\/#primaryimage\"},\"thumbnailUrl\":\"https:\/\/www.manaus.am.gov.br\/semcom\/wp-content\/uploads\/sites\/5\/2026\/01\/GEP-1.jpg\",\"datePublished\":\"2026-01-19T19:51:14+00:00\",\"dateModified\":\"2026-01-19T19:51:14+00:00\",\"author\":{\"@id\":\"https:\/\/www.manaus.am.gov.br\/semcom\/#\/schema\/person\/05d223aea2bf115f9883a6ff3683d81b\"},\"description\":\"Prefeitura de Manaus, por meio do Implurb, soma alta de 65% de an\u00e1lises de engenhos publicit\u00e1rios em 2025.\",\"inLanguage\":\"pt-BR\",\"potentialAction\":[{\"@type\":\"ReadAction\",\"target\":[\"https:\/\/www.manaus.am.gov.br\/semcom\/analises-engenhos-publicitarios-2025\/\"]}]},{\"@type\":\"ImageObject\",\"inLanguage\":\"pt-BR\",\"@id\":\"https:\/\/www.manaus.am.gov.br\/semcom\/analises-engenhos-publicitarios-2025\/#primaryimage\",\"url\":\"https:\/\/www.manaus.am.gov.br\/semcom\/wp-content\/uploads\/sites\/5\/2026\/01\/GEP-1.jpg\",\"contentUrl\":\"https:\/\/www.manaus.am.gov.br\/semcom\/wp-content\/uploads\/sites\/5\/2026\/01\/GEP-1.jpg\",\"width\":4032,\"height\":3024,\"caption\":\"#paratodosverem - Servidora do Ger\u00eancia de Engenhos Publicit\u00e1rios (GEP) durante expediente\"},{\"@type\":\"WebSite\",\"@id\":\"https:\/\/www.manaus.am.gov.br\/semcom\/#website\",\"url\":\"https:\/\/www.manaus.am.gov.br\/semcom\/\",\"name\":\"SEMCOM\",\"description\":\"Secretaria Municipal de Comunica\u00e7\u00e3o\",\"potentialAction\":[{\"@type\":\"SearchAction\",\"target\":{\"@type\":\"EntryPoint\",\"urlTemplate\":\"https:\/\/www.manaus.am.gov.br\/semcom\/?s={search_term_string}\"},\"query-input\":\"required name=search_term_string\"}],\"inLanguage\":\"pt-BR\"},{\"@type\":\"Person\",\"@id\":\"https:\/\/www.manaus.am.gov.br\/semcom\/#\/schema\/person\/05d223aea2bf115f9883a6ff3683d81b\",\"name\":\"Bruna Greco\",\"image\":{\"@type\":\"ImageObject\",\"inLanguage\":\"pt-BR\",\"@id\":\"https:\/\/www.manaus.am.gov.br\/semcom\/#\/schema\/person\/image\/\",\"url\":\"https:\/\/secure.gravatar.com\/avatar\/9c877d1a6adc2a055330e5c09a8653ce?s=96&d=mm&r=g\",\"contentUrl\":\"https:\/\/secure.gravatar.com\/avatar\/9c877d1a6adc2a055330e5c09a8653ce?s=96&d=mm&r=g\",\"caption\":\"Bruna Greco\"}}]}<\/script>\n<!-- \/ Yoast SEO plugin. -->","yoast_head_json":{"title":"Prefeitura soma alta de 65% de an\u00e1lises de engenhos publicit\u00e1rios em 2025","description":"Prefeitura de Manaus, por meio do Implurb, soma alta de 65% de an\u00e1lises de engenhos publicit\u00e1rios em 2025.","robots":{"index":"index","follow":"follow","max-snippet":"max-snippet:-1","max-image-preview":"max-image-preview:large","max-video-preview":"max-video-preview:-1"},"canonical":"https:\/\/www.manaus.am.gov.br\/semcom\/analises-engenhos-publicitarios-2025\/","og_locale":"pt_BR","og_type":"article","og_title":"Prefeitura soma alta de 65% de an\u00e1lises de engenhos publicit\u00e1rios em 2025","og_description":"Prefeitura de Manaus, por meio do Implurb, soma alta de 65% de an\u00e1lises de engenhos publicit\u00e1rios em 2025.","og_url":"https:\/\/www.manaus.am.gov.br\/semcom\/analises-engenhos-publicitarios-2025\/","og_site_name":"SEMCOM","article_published_time":"2026-01-19T19:51:14+00:00","og_image":[{"width":4032,"height":3024,"url":"https:\/\/www.manaus.am.gov.br\/semcom\/wp-content\/uploads\/sites\/5\/2026\/01\/GEP-1.jpg","type":"image\/jpeg"}],"author":"Bruna Greco","twitter_card":"summary_large_image","twitter_misc":{"Written by":"Bruna Greco","Est. reading time":"4 minutos"},"schema":{"@context":"https:\/\/schema.org","@graph":[{"@type":"WebPage","@id":"https:\/\/www.manaus.am.gov.br\/semcom\/analises-engenhos-publicitarios-2025\/","url":"https:\/\/www.manaus.am.gov.br\/semcom\/analises-engenhos-publicitarios-2025\/","name":"Prefeitura soma alta de 65% de an\u00e1lises de engenhos publicit\u00e1rios em 2025","isPartOf":{"@id":"https:\/\/www.manaus.am.gov.br\/semcom\/#website"},"primaryImageOfPage":{"@id":"https:\/\/www.manaus.am.gov.br\/semcom\/analises-engenhos-publicitarios-2025\/#primaryimage"},"image":{"@id":"https:\/\/www.manaus.am.gov.br\/semcom\/analises-engenhos-publicitarios-2025\/#primaryimage"},"thumbnailUrl":"https:\/\/www.manaus.am.gov.br\/semcom\/wp-content\/uploads\/sites\/5\/2026\/01\/GEP-1.jpg","datePublished":"2026-01-19T19:51:14+00:00","dateModified":"2026-01-19T19:51:14+00:00","author":{"@id":"https:\/\/www.manaus.am.gov.br\/semcom\/#\/schema\/person\/05d223aea2bf115f9883a6ff3683d81b"},"description":"Prefeitura de Manaus, por meio do Implurb, soma alta de 65% de an\u00e1lises de engenhos publicit\u00e1rios em 2025.","inLanguage":"pt-BR","potentialAction":[{"@type":"ReadAction","target":["https:\/\/www.manaus.am.gov.br\/semcom\/analises-engenhos-publicitarios-2025\/"]}]},{"@type":"ImageObject","inLanguage":"pt-BR","@id":"https:\/\/www.manaus.am.gov.br\/semcom\/analises-engenhos-publicitarios-2025\/#primaryimage","url":"https:\/\/www.manaus.am.gov.br\/semcom\/wp-content\/uploads\/sites\/5\/2026\/01\/GEP-1.jpg","contentUrl":"https:\/\/www.manaus.am.gov.br\/semcom\/wp-content\/uploads\/sites\/5\/2026\/01\/GEP-1.jpg","width":4032,"height":3024,"caption":"#paratodosverem - Servidora do Ger\u00eancia de Engenhos Publicit\u00e1rios (GEP) durante expediente"},{"@type":"WebSite","@id":"https:\/\/www.manaus.am.gov.br\/semcom\/#website","url":"https:\/\/www.manaus.am.gov.br\/semcom\/","name":"SEMCOM","description":"Secretaria Municipal de Comunica\u00e7\u00e3o","potentialAction":[{"@type":"SearchAction","target":{"@type":"EntryPoint","urlTemplate":"https:\/\/www.manaus.am.gov.br\/semcom\/?s={search_term_string}"},"query-input":"required name=search_term_string"}],"inLanguage":"pt-BR"},{"@type":"Person","@id":"https:\/\/www.manaus.am.gov.br\/semcom\/#\/schema\/person\/05d223aea2bf115f9883a6ff3683d81b","name":"Bruna Greco","image":{"@type":"ImageObject","inLanguage":"pt-BR","@id":"https:\/\/www.manaus.am.gov.br\/semcom\/#\/schema\/person\/image\/","url":"https:\/\/secure.gravatar.com\/avatar\/9c877d1a6adc2a055330e5c09a8653ce?s=96&d=mm&r=g","contentUrl":"https:\/\/secure.gravatar.com\/avatar\/9c877d1a6adc2a055330e5c09a8653ce?s=96&d=mm&r=g","caption":"Bruna Greco"}}]}},"_links":{"self":[{"href":"https:\/\/www.manaus.am.gov.br\/semcom\/wp-json\/wp\/v2\/posts\/251180"}],"collection":[{"href":"https:\/\/www.manaus.am.gov.br\/semcom\/wp-json\/wp\/v2\/posts"}],"about":[{"href":"https:\/\/www.manaus.am.gov.br\/semcom\/wp-json\/wp\/v2\/types\/post"}],"author":[{"embeddable":true,"href":"https:\/\/www.manaus.am.gov.br\/semcom\/wp-json\/wp\/v2\/users\/39"}],"replies":[{"embeddable":true,"href":"https:\/\/www.manaus.am.gov.br\/semcom\/wp-json\/wp\/v2\/comments?post=251180"}],"version-history":[{"count":1,"href":"https:\/\/www.manaus.am.gov.br\/semcom\/wp-json\/wp\/v2\/posts\/251180\/revisions"}],"predecessor-version":[{"id":251183,"href":"https:\/\/www.manaus.am.gov.br\/semcom\/wp-json\/wp\/v2\/posts\/251180\/revisions\/251183"}],"wp:featuredmedia":[{"embeddable":true,"href":"https:\/\/www.manaus.am.gov.br\/semcom\/wp-json\/wp\/v2\/media\/251181"}],"wp:attachment":[{"href":"https:\/\/www.manaus.am.gov.br\/semcom\/wp-json\/wp\/v2\/media?parent=251180"}],"wp:term":[{"taxonomy":"category","embeddable":true,"href":"https:\/\/www.manaus.am.gov.br\/semcom\/wp-json\/wp\/v2\/categories?post=251180"},{"taxonomy":"post_tag","embeddable":true,"href":"https:\/\/www.manaus.am.gov.br\/semcom\/wp-json\/wp\/v2\/tags?post=251180"}],"curies":[{"name":"wp","href":"https:\/\/api.w.org\/{rel}","templated":true}]}}