{"id":251154,"date":"2026-01-19T15:08:42","date_gmt":"2026-01-19T19:08:42","guid":{"rendered":"https:\/\/www.manaus.am.gov.br\/semcom\/prefeitura-espacosesportivos\/"},"modified":"2026-01-19T16:22:14","modified_gmt":"2026-01-19T19:22:14","slug":"politica-de-lazer-prefeitura-espacosesportivos","status":"publish","type":"post","link":"https:\/\/www.manaus.am.gov.br\/semcom\/politica-de-lazer-prefeitura-espacosesportivos\/","title":{"rendered":"Prefeitura de Manaus amplia rede de espa\u00e7os esportivos e refor\u00e7a pol\u00edtica de lazer em todas as zonas da cidade"},"content":{"rendered":"\n<p>Os investimentos p\u00fablicos em Manaus avan\u00e7am para al\u00e9m da infraestrutura urbana tradicional e impactam diretamente o bem-estar da popula\u00e7\u00e3o. Ao longo de 2025, a <a href=\"https:\/\/www.manaus.am.gov.br\">Prefeitura de Manaus<\/a>, por meio da Secretaria Municipal de Infraestrutura (Seminf), intensificou a entrega e revitaliza\u00e7\u00e3o de espa\u00e7os de esporte, pol\u00edtica lazer e conviv\u00eancia comunit\u00e1ria em todas as zonas da capital.<\/p>\n\n\n\n<p>Somente neste per\u00edodo, foram entregues 14 novos complexos esportivos e \u00e1reas de conviv\u00eancia, totalizando 35 espa\u00e7os p\u00fablicos reformados, ampliados ou constru\u00eddos ao longo da atual gest\u00e3o. Antes subutilizados ou degradados, os locais passaram a funcionar como pontos ativos de encontro, pr\u00e1tica esportiva e integra\u00e7\u00e3o comunit\u00e1ria.<\/p>\n\n\n\n<p>A entrega do gin\u00e1sio poliesportivo Menino Theylor, na primeira semana de janeiro de 2026, marcou a 35\u00aa inaugura\u00e7\u00e3o de espa\u00e7o esportivo da atual gest\u00e3o. Durante a solenidade, o prefeito David Almeida anunciou que outros nove complexos esportivos est\u00e3o em obras.<\/p>\n\n\n\n<p>\u201cEssa entrega \u00e9 a realiza\u00e7\u00e3o de um sonho. Existia aqui uma demanda hist\u00f3rica e uma cobran\u00e7a leg\u00edtima da comunidade, e n\u00f3s atendemos. Estamos entregando uma quadra coberta integrada a um centro comunit\u00e1rio, com banheiros masculino e feminino, banheiro para pessoas com defici\u00eancia, vesti\u00e1rios e toda a infraestrutura necess\u00e1ria para o uso coletivo\u201d, afirmou o prefeito.<\/p>\n\n\n\n<p>O espa\u00e7o foi planejado para atender crian\u00e7as, jovens, adultos e idosos, com atividades esportivas, recreativas, culturais e sociais. \u201cEsse local vai abrigar ensaios da escola de samba da comunidade, da quadrilha, dos grupos culturais, al\u00e9m de projetos sociais voltados \u00e0 terceira idade, escolinhas de futebol e atividades para atletas veteranos. Quando entregamos um complexo como esse, melhoramos a ambi\u00eancia social e transformamos o espa\u00e7o em um verdadeiro ponto de refer\u00eancia comunit\u00e1ria\u201d, ressaltou David Almeida.<\/p>\n\n\n\n<p>Na zona Norte, um dos destaques foi a entrega do complexo esportivo N\u00facleo 16, no bairro Cidade Nova, zona Norte, que recebeu revitaliza\u00e7\u00e3o do campo de futebol, quadra de areia para v\u00f4lei, \u00e1rea de conviv\u00eancia, al\u00e9m de academia ao ar livre, banheiros, vesti\u00e1rios e quiosques. A regi\u00e3o tamb\u00e9m foi contemplada com o campo Arena do Beb\u00e9, no Alfredo Nascimento, a rotat\u00f3ria do Musa, no bairro Cidade de Deus, e a quadra Braga Mendes.<\/p>\n\n\n\n<p>A transforma\u00e7\u00e3o foi rapidamente percebida pela comunidade. \u201cEra um campo abandonado, sem ilumina\u00e7\u00e3o e com estruturas quebradas. Hoje, est\u00e1 lindo. A prefeitura superou nossas expectativas e entregou um espa\u00e7o digno para a comunidade. Era tudo o que a gente precisava\u201d, afirmou o estudante de educa\u00e7\u00e3o f\u00edsica, Jeferson Franco, de 23 anos.<\/p>\n\n\n\n<p>Outro equipamento que simboliza essa mudan\u00e7a \u00e9 o complexo esportivo Rei Pel\u00e9, implantado na antiga rotat\u00f3ria do Produtor. O espa\u00e7o foi totalmente transformado e, agora, conta com quadras de basquete, pista de skate, palco para atividades coletivas, \u00e1rea para artes marciais,&nbsp;<em>playground<\/em>&nbsp;e academia ao ar livre.<\/p>\n\n\n\n<p>Na zona Leste, foram entregues os complexos esportivos Armando Mendes e Ouro Verde. A zona Centro-Oeste recebeu a reforma do Centro Social Urbano (CSU) do Alvorada, enquanto o bairro Planalto foi beneficiado com a revitaliza\u00e7\u00e3o do Centro de Esporte e Lazer Vista Bela.<\/p>\n\n\n\n<p>Os investimentos tamb\u00e9m chegaram \u00e0 zona Oeste, com a minivila ol\u00edmpica Jair Sampaio, no bairro Santo Ant\u00f4nio, e a revitaliza\u00e7\u00e3o da lagoa da Compensa. Na zona Centro-Sul, o parque Cidade da Crian\u00e7a, no Aleixo, passou por reestrutura\u00e7\u00e3o. J\u00e1 na zona Sul, foram entregues a reforma da quadra Marcolino Lopes e a revitaliza\u00e7\u00e3o da pra\u00e7a dos Rem\u00e9dios, no Centro.<\/p>\n\n\n\n<p><strong>Qualidade de vida<\/strong><\/p>\n\n\n\n<p>Dentro da pol\u00edtica de valoriza\u00e7\u00e3o dos espa\u00e7os urbanos, a faixa liberada da avenida Get\u00falio Vargas se tornou um novo s\u00edmbolo de conviv\u00eancia, esporte e lazer. A iniciativa tamb\u00e9m foi ampliada no Parque Mosaico, na zona Centro-Oeste, por meio da Secretaria Municipal de Juventude, Esporte e Lazer (Semjel).<\/p>\n\n\n\n<figure class=\"wp-block-image size-large\"><img loading=\"lazy\" decoding=\"async\" width=\"1024\" height=\"682\" src=\"https:\/\/www.manaus.am.gov.br\/semcom\/wp-content\/uploads\/sites\/5\/2026\/01\/WhatsApp-Image-2026-01-19-at-14.37.07-1024x682.jpeg\" alt=\"\" class=\"wp-image-251155\" srcset=\"https:\/\/www.manaus.am.gov.br\/semcom\/wp-content\/uploads\/sites\/5\/2026\/01\/WhatsApp-Image-2026-01-19-at-14.37.07-1024x682.jpeg 1024w, https:\/\/www.manaus.am.gov.br\/semcom\/wp-content\/uploads\/sites\/5\/2026\/01\/WhatsApp-Image-2026-01-19-at-14.37.07-300x200.jpeg 300w, https:\/\/www.manaus.am.gov.br\/semcom\/wp-content\/uploads\/sites\/5\/2026\/01\/WhatsApp-Image-2026-01-19-at-14.37.07-768x512.jpeg 768w, https:\/\/www.manaus.am.gov.br\/semcom\/wp-content\/uploads\/sites\/5\/2026\/01\/WhatsApp-Image-2026-01-19-at-14.37.07-1536x1023.jpeg 1536w, https:\/\/www.manaus.am.gov.br\/semcom\/wp-content\/uploads\/sites\/5\/2026\/01\/WhatsApp-Image-2026-01-19-at-14.37.07.jpeg 1600w\" sizes=\"(max-width: 1024px) 100vw, 1024px\" \/><figcaption class=\"wp-element-caption\">#paratodosverem &#8211; Pessoas caminham em Faixa Liberada da Get\u00falio Vargas<\/figcaption><\/figure>\n\n\n\n<p>\u201cIsso \u00e9 qualidade de vida para a gente. \u00c9 bom para trazer as crian\u00e7as, muito bom para sair do sedentarismo. A fam\u00edlia toda veio\u201d, destacou a aut\u00f4noma Pamela Alonso.<\/p>\n\n\n\n<p>Com a nova faixa, o Parque Mosaico se consolida como ponto de encontro esportivo da cidade. A a\u00e7\u00e3o integra o projeto \u201cSextando na Faixa\u201d, com aul\u00f5es de ritmo e atividades abertas ao p\u00fablico todas as sextas-feiras, fortalecendo a ocupa\u00e7\u00e3o saud\u00e1vel dos espa\u00e7os p\u00fablicos.<\/p>\n\n\n\n<p>Para 2026, a Prefeitura de Manaus estabelece um conjunto de metas estrat\u00e9gicas voltadas \u00e0 democratiza\u00e7\u00e3o do esporte, \u00e0 valoriza\u00e7\u00e3o dos atletas manauaras e \u00e0 amplia\u00e7\u00e3o das pol\u00edticas p\u00fablicas que integram o programa \u201cManaus Ol\u00edmpica\u201d em todas as zonas da cidade. Entre as prioridades est\u00e3o a amplia\u00e7\u00e3o do projeto \u201cJogo Limpo\u201d, a integra\u00e7\u00e3o das obras executadas em parceria com a Seminf e o fortalecimento dos Centros de Esporte e Lazer (CELs) e das tr\u00eas minivilas ol\u00edmpicas, reafirmando o compromisso com uma Manaus mais humana, inclusiva e preparada para o futuro.<\/p>\n\n\n\n<p>&#8212; &#8212; &#8212;<\/p>\n\n\n\n<p><strong>Texto<\/strong> &#8211; Marcilene Frutuoso \/ Semcom<\/p>\n\n\n\n<p><strong>Fotos <\/strong>&#8211; Arquivo<\/p>\n","protected":false},"excerpt":{"rendered":"","protected":false},"author":23,"featured_media":251156,"comment_status":"closed","ping_status":"closed","sticky":false,"template":"","format":"standard","meta":{"footnotes":""},"categories":[63],"tags":[12163,18965,18966,2049,5192,77],"acf":[],"yoast_head":"<!-- This site is optimized with the Yoast SEO plugin v23.0 - https:\/\/yoast.com\/wordpress\/plugins\/seo\/ -->\n<title>PMM refor\u00e7a pol\u00edtica de lazer em todas as zonas da cidade<\/title>\n<meta name=\"description\" content=\"Prefeitura de Manaus amplia rede de espa\u00e7os esportivos e refor\u00e7a pol\u00edtica de lazer em todas as zonas da cidade\" \/>\n<meta name=\"robots\" content=\"index, follow, max-snippet:-1, max-image-preview:large, max-video-preview:-1\" \/>\n<link rel=\"canonical\" href=\"https:\/\/www.manaus.am.gov.br\/semcom\/politica-de-lazer-prefeitura-espacosesportivos\/\" \/>\n<meta property=\"og:locale\" content=\"pt_BR\" \/>\n<meta property=\"og:type\" content=\"article\" \/>\n<meta property=\"og:title\" content=\"PMM refor\u00e7a pol\u00edtica de lazer em todas as zonas da cidade\" \/>\n<meta property=\"og:description\" content=\"Prefeitura de Manaus amplia rede de espa\u00e7os esportivos e refor\u00e7a pol\u00edtica de lazer em todas as zonas da cidade\" \/>\n<meta property=\"og:url\" content=\"https:\/\/www.manaus.am.gov.br\/semcom\/politica-de-lazer-prefeitura-espacosesportivos\/\" \/>\n<meta property=\"og:site_name\" content=\"SEMCOM\" \/>\n<meta property=\"article:published_time\" content=\"2026-01-19T19:08:42+00:00\" \/>\n<meta property=\"article:modified_time\" content=\"2026-01-19T19:22:14+00:00\" \/>\n<meta property=\"og:image\" content=\"https:\/\/www.manaus.am.gov.br\/semcom\/wp-content\/uploads\/sites\/5\/2026\/01\/WhatsApp-Image-2026-01-19-at-14.37.07-3.jpeg\" \/>\n\t<meta property=\"og:image:width\" content=\"2560\" \/>\n\t<meta property=\"og:image:height\" content=\"1706\" \/>\n\t<meta property=\"og:image:type\" content=\"image\/jpeg\" \/>\n<meta name=\"author\" content=\"Adriana Costa\" \/>\n<meta name=\"twitter:card\" content=\"summary_large_image\" \/>\n<meta name=\"twitter:label1\" content=\"Written by\" \/>\n\t<meta name=\"twitter:data1\" content=\"Adriana Costa\" \/>\n\t<meta name=\"twitter:label2\" content=\"Est. reading time\" \/>\n\t<meta name=\"twitter:data2\" content=\"5 minutos\" \/>\n<script type=\"application\/ld+json\" class=\"yoast-schema-graph\">{\"@context\":\"https:\/\/schema.org\",\"@graph\":[{\"@type\":\"WebPage\",\"@id\":\"https:\/\/www.manaus.am.gov.br\/semcom\/politica-de-lazer-prefeitura-espacosesportivos\/\",\"url\":\"https:\/\/www.manaus.am.gov.br\/semcom\/politica-de-lazer-prefeitura-espacosesportivos\/\",\"name\":\"PMM refor\u00e7a pol\u00edtica de lazer em todas as zonas da cidade\",\"isPartOf\":{\"@id\":\"https:\/\/www.manaus.am.gov.br\/semcom\/#website\"},\"primaryImageOfPage\":{\"@id\":\"https:\/\/www.manaus.am.gov.br\/semcom\/politica-de-lazer-prefeitura-espacosesportivos\/#primaryimage\"},\"image\":{\"@id\":\"https:\/\/www.manaus.am.gov.br\/semcom\/politica-de-lazer-prefeitura-espacosesportivos\/#primaryimage\"},\"thumbnailUrl\":\"https:\/\/www.manaus.am.gov.br\/semcom\/wp-content\/uploads\/sites\/5\/2026\/01\/WhatsApp-Image-2026-01-19-at-14.37.07-3.jpeg\",\"datePublished\":\"2026-01-19T19:08:42+00:00\",\"dateModified\":\"2026-01-19T19:22:14+00:00\",\"author\":{\"@id\":\"https:\/\/www.manaus.am.gov.br\/semcom\/#\/schema\/person\/4e49f4e267757a06ca072ec61b2b9968\"},\"description\":\"Prefeitura de Manaus amplia rede de espa\u00e7os esportivos e refor\u00e7a pol\u00edtica de lazer em todas as zonas da cidade\",\"inLanguage\":\"pt-BR\",\"potentialAction\":[{\"@type\":\"ReadAction\",\"target\":[\"https:\/\/www.manaus.am.gov.br\/semcom\/politica-de-lazer-prefeitura-espacosesportivos\/\"]}]},{\"@type\":\"ImageObject\",\"inLanguage\":\"pt-BR\",\"@id\":\"https:\/\/www.manaus.am.gov.br\/semcom\/politica-de-lazer-prefeitura-espacosesportivos\/#primaryimage\",\"url\":\"https:\/\/www.manaus.am.gov.br\/semcom\/wp-content\/uploads\/sites\/5\/2026\/01\/WhatsApp-Image-2026-01-19-at-14.37.07-3.jpeg\",\"contentUrl\":\"https:\/\/www.manaus.am.gov.br\/semcom\/wp-content\/uploads\/sites\/5\/2026\/01\/WhatsApp-Image-2026-01-19-at-14.37.07-3.jpeg\",\"width\":2560,\"height\":1706,\"caption\":\"#paratodosverem - Prefeito David Almeida e demais autoridades inauguram mais um complexo esportivo\"},{\"@type\":\"WebSite\",\"@id\":\"https:\/\/www.manaus.am.gov.br\/semcom\/#website\",\"url\":\"https:\/\/www.manaus.am.gov.br\/semcom\/\",\"name\":\"SEMCOM\",\"description\":\"Secretaria Municipal de Comunica\u00e7\u00e3o\",\"potentialAction\":[{\"@type\":\"SearchAction\",\"target\":{\"@type\":\"EntryPoint\",\"urlTemplate\":\"https:\/\/www.manaus.am.gov.br\/semcom\/?s={search_term_string}\"},\"query-input\":\"required name=search_term_string\"}],\"inLanguage\":\"pt-BR\"},{\"@type\":\"Person\",\"@id\":\"https:\/\/www.manaus.am.gov.br\/semcom\/#\/schema\/person\/4e49f4e267757a06ca072ec61b2b9968\",\"name\":\"Adriana Costa\",\"image\":{\"@type\":\"ImageObject\",\"inLanguage\":\"pt-BR\",\"@id\":\"https:\/\/www.manaus.am.gov.br\/semcom\/#\/schema\/person\/image\/\",\"url\":\"https:\/\/secure.gravatar.com\/avatar\/576258617ef7194f718179e766d57bd4?s=96&d=mm&r=g\",\"contentUrl\":\"https:\/\/secure.gravatar.com\/avatar\/576258617ef7194f718179e766d57bd4?s=96&d=mm&r=g\",\"caption\":\"Adriana Costa\"}}]}<\/script>\n<!-- \/ Yoast SEO plugin. -->","yoast_head_json":{"title":"PMM refor\u00e7a pol\u00edtica de lazer em todas as zonas da cidade","description":"Prefeitura de Manaus amplia rede de espa\u00e7os esportivos e refor\u00e7a pol\u00edtica de lazer em todas as zonas da cidade","robots":{"index":"index","follow":"follow","max-snippet":"max-snippet:-1","max-image-preview":"max-image-preview:large","max-video-preview":"max-video-preview:-1"},"canonical":"https:\/\/www.manaus.am.gov.br\/semcom\/politica-de-lazer-prefeitura-espacosesportivos\/","og_locale":"pt_BR","og_type":"article","og_title":"PMM refor\u00e7a pol\u00edtica de lazer em todas as zonas da cidade","og_description":"Prefeitura de Manaus amplia rede de espa\u00e7os esportivos e refor\u00e7a pol\u00edtica de lazer em todas as zonas da cidade","og_url":"https:\/\/www.manaus.am.gov.br\/semcom\/politica-de-lazer-prefeitura-espacosesportivos\/","og_site_name":"SEMCOM","article_published_time":"2026-01-19T19:08:42+00:00","article_modified_time":"2026-01-19T19:22:14+00:00","og_image":[{"width":2560,"height":1706,"url":"https:\/\/www.manaus.am.gov.br\/semcom\/wp-content\/uploads\/sites\/5\/2026\/01\/WhatsApp-Image-2026-01-19-at-14.37.07-3.jpeg","type":"image\/jpeg"}],"author":"Adriana Costa","twitter_card":"summary_large_image","twitter_misc":{"Written by":"Adriana Costa","Est. reading time":"5 minutos"},"schema":{"@context":"https:\/\/schema.org","@graph":[{"@type":"WebPage","@id":"https:\/\/www.manaus.am.gov.br\/semcom\/politica-de-lazer-prefeitura-espacosesportivos\/","url":"https:\/\/www.manaus.am.gov.br\/semcom\/politica-de-lazer-prefeitura-espacosesportivos\/","name":"PMM refor\u00e7a pol\u00edtica de lazer em todas as zonas da cidade","isPartOf":{"@id":"https:\/\/www.manaus.am.gov.br\/semcom\/#website"},"primaryImageOfPage":{"@id":"https:\/\/www.manaus.am.gov.br\/semcom\/politica-de-lazer-prefeitura-espacosesportivos\/#primaryimage"},"image":{"@id":"https:\/\/www.manaus.am.gov.br\/semcom\/politica-de-lazer-prefeitura-espacosesportivos\/#primaryimage"},"thumbnailUrl":"https:\/\/www.manaus.am.gov.br\/semcom\/wp-content\/uploads\/sites\/5\/2026\/01\/WhatsApp-Image-2026-01-19-at-14.37.07-3.jpeg","datePublished":"2026-01-19T19:08:42+00:00","dateModified":"2026-01-19T19:22:14+00:00","author":{"@id":"https:\/\/www.manaus.am.gov.br\/semcom\/#\/schema\/person\/4e49f4e267757a06ca072ec61b2b9968"},"description":"Prefeitura de Manaus amplia rede de espa\u00e7os esportivos e refor\u00e7a pol\u00edtica de lazer em todas as zonas da cidade","inLanguage":"pt-BR","potentialAction":[{"@type":"ReadAction","target":["https:\/\/www.manaus.am.gov.br\/semcom\/politica-de-lazer-prefeitura-espacosesportivos\/"]}]},{"@type":"ImageObject","inLanguage":"pt-BR","@id":"https:\/\/www.manaus.am.gov.br\/semcom\/politica-de-lazer-prefeitura-espacosesportivos\/#primaryimage","url":"https:\/\/www.manaus.am.gov.br\/semcom\/wp-content\/uploads\/sites\/5\/2026\/01\/WhatsApp-Image-2026-01-19-at-14.37.07-3.jpeg","contentUrl":"https:\/\/www.manaus.am.gov.br\/semcom\/wp-content\/uploads\/sites\/5\/2026\/01\/WhatsApp-Image-2026-01-19-at-14.37.07-3.jpeg","width":2560,"height":1706,"caption":"#paratodosverem - Prefeito David Almeida e demais autoridades inauguram mais um complexo esportivo"},{"@type":"WebSite","@id":"https:\/\/www.manaus.am.gov.br\/semcom\/#website","url":"https:\/\/www.manaus.am.gov.br\/semcom\/","name":"SEMCOM","description":"Secretaria Municipal de Comunica\u00e7\u00e3o","potentialAction":[{"@type":"SearchAction","target":{"@type":"EntryPoint","urlTemplate":"https:\/\/www.manaus.am.gov.br\/semcom\/?s={search_term_string}"},"query-input":"required name=search_term_string"}],"inLanguage":"pt-BR"},{"@type":"Person","@id":"https:\/\/www.manaus.am.gov.br\/semcom\/#\/schema\/person\/4e49f4e267757a06ca072ec61b2b9968","name":"Adriana Costa","image":{"@type":"ImageObject","inLanguage":"pt-BR","@id":"https:\/\/www.manaus.am.gov.br\/semcom\/#\/schema\/person\/image\/","url":"https:\/\/secure.gravatar.com\/avatar\/576258617ef7194f718179e766d57bd4?s=96&d=mm&r=g","contentUrl":"https:\/\/secure.gravatar.com\/avatar\/576258617ef7194f718179e766d57bd4?s=96&d=mm&r=g","caption":"Adriana Costa"}}]}},"_links":{"self":[{"href":"https:\/\/www.manaus.am.gov.br\/semcom\/wp-json\/wp\/v2\/posts\/251154"}],"collection":[{"href":"https:\/\/www.manaus.am.gov.br\/semcom\/wp-json\/wp\/v2\/posts"}],"about":[{"href":"https:\/\/www.manaus.am.gov.br\/semcom\/wp-json\/wp\/v2\/types\/post"}],"author":[{"embeddable":true,"href":"https:\/\/www.manaus.am.gov.br\/semcom\/wp-json\/wp\/v2\/users\/23"}],"replies":[{"embeddable":true,"href":"https:\/\/www.manaus.am.gov.br\/semcom\/wp-json\/wp\/v2\/comments?post=251154"}],"version-history":[{"count":3,"href":"https:\/\/www.manaus.am.gov.br\/semcom\/wp-json\/wp\/v2\/posts\/251154\/revisions"}],"predecessor-version":[{"id":251165,"href":"https:\/\/www.manaus.am.gov.br\/semcom\/wp-json\/wp\/v2\/posts\/251154\/revisions\/251165"}],"wp:featuredmedia":[{"embeddable":true,"href":"https:\/\/www.manaus.am.gov.br\/semcom\/wp-json\/wp\/v2\/media\/251156"}],"wp:attachment":[{"href":"https:\/\/www.manaus.am.gov.br\/semcom\/wp-json\/wp\/v2\/media?parent=251154"}],"wp:term":[{"taxonomy":"category","embeddable":true,"href":"https:\/\/www.manaus.am.gov.br\/semcom\/wp-json\/wp\/v2\/categories?post=251154"},{"taxonomy":"post_tag","embeddable":true,"href":"https:\/\/www.manaus.am.gov.br\/semcom\/wp-json\/wp\/v2\/tags?post=251154"}],"curies":[{"name":"wp","href":"https:\/\/api.w.org\/{rel}","templated":true}]}}