{"id":251112,"date":"2026-01-19T13:48:12","date_gmt":"2026-01-19T17:48:12","guid":{"rendered":"https:\/\/www.manaus.am.gov.br\/semcom\/prefeitura-semed-resultado-creches\/"},"modified":"2026-01-19T15:38:51","modified_gmt":"2026-01-19T18:38:51","slug":"prefeitura-semed-resultado-creches","status":"publish","type":"post","link":"https:\/\/www.manaus.am.gov.br\/semcom\/prefeitura-semed-resultado-creches\/","title":{"rendered":"Prefeitura de Manaus divulga\u00a0resultado\u00a0de vagas nas creches municipais nesta ter\u00e7a-feira"},"content":{"rendered":"\n<p>O resultado do per\u00edodo de inscri\u00e7\u00f5es de vagas para as\u00a0creches, da P<a href=\"https:\/\/www.manaus.am.gov.br\/\">refeit<\/a>ura de Manaus,\u00a0coordenadas pela\u00a0Secretaria Municipal de Educa\u00e7\u00e3o (Semed), ser\u00e1 divulgado, nesta ter\u00e7a-feira, 20\/1, por meio do link oficial:\u00a0<a href=\"http:\/\/inscricaocreche.semed.manaus.am.gov.br\/\" target=\"_blank\" rel=\"noreferrer noopener\">inscricaocreche.semed.manaus.am.gov.br<\/a>.\u00a0\u00a0<\/p>\n\n\n\n<p>No total, foram realizadas 9.791 inscri\u00e7\u00f5es, de acordo com dados do sistema de monitoramento da Empresa de Processamento de Dados Amazonas S\/A (Prodam).&nbsp;<\/p>\n\n\n\n<p>O secret\u00e1rio municipal de Educa\u00e7\u00e3o, J\u00fanior Mar, refor\u00e7ou o compromisso da gest\u00e3o com a amplia\u00e7\u00e3o do acesso \u00e0 educa\u00e7\u00e3o infantil e fez um alerta aos respons\u00e1veis para que fiquem atentos \u00e0s divulga\u00e7\u00f5es oficiais. \u201c\u00c9 fundamental que os respons\u00e1veis acompanhem os canais oficiais para n\u00e3o perderem o prazo de confirma\u00e7\u00e3o da vaga. Nosso objetivo \u00e9 que todas sejam ocupadas, pois a&nbsp;Semed&nbsp;est\u00e1 preparada para receber as crian\u00e7as com seguran\u00e7a, estrutura adequada e profissionais qualificados\u201d, afirmou o secret\u00e1rio.&nbsp;<\/p>\n\n\n\n<p>Da soma total de inscri\u00e7\u00f5es, foram realizadas para o maternal&nbsp;1,&nbsp;1.971, e 3.520, para o maternal&nbsp;2,&nbsp;e computados para o maternal&nbsp;3, 4.300 inscritos. O per\u00edodo do calend\u00e1rio de matr\u00edculas foi realizado de 6 a 13 deste m\u00eas, via on-line.&nbsp;<\/p>\n\n\n\n<figure class=\"wp-block-image size-large\"><img loading=\"lazy\" decoding=\"async\" width=\"1024\" height=\"683\" src=\"https:\/\/www.manaus.am.gov.br\/semcom\/wp-content\/uploads\/sites\/5\/2026\/01\/Inscricoes-para-creches-da-Prefeitura-de-Manaus-encerram-com-quase-10-mil-criancas-cadastradas-3-1024x683.jpg\" alt=\"\" class=\"wp-image-251116\" srcset=\"https:\/\/www.manaus.am.gov.br\/semcom\/wp-content\/uploads\/sites\/5\/2026\/01\/Inscricoes-para-creches-da-Prefeitura-de-Manaus-encerram-com-quase-10-mil-criancas-cadastradas-3-1024x683.jpg 1024w, https:\/\/www.manaus.am.gov.br\/semcom\/wp-content\/uploads\/sites\/5\/2026\/01\/Inscricoes-para-creches-da-Prefeitura-de-Manaus-encerram-com-quase-10-mil-criancas-cadastradas-3-300x200.jpg 300w, https:\/\/www.manaus.am.gov.br\/semcom\/wp-content\/uploads\/sites\/5\/2026\/01\/Inscricoes-para-creches-da-Prefeitura-de-Manaus-encerram-com-quase-10-mil-criancas-cadastradas-3-768x512.jpg 768w, https:\/\/www.manaus.am.gov.br\/semcom\/wp-content\/uploads\/sites\/5\/2026\/01\/Inscricoes-para-creches-da-Prefeitura-de-Manaus-encerram-com-quase-10-mil-criancas-cadastradas-3-1536x1024.jpg 1536w, https:\/\/www.manaus.am.gov.br\/semcom\/wp-content\/uploads\/sites\/5\/2026\/01\/Inscricoes-para-creches-da-Prefeitura-de-Manaus-encerram-com-quase-10-mil-criancas-cadastradas-3.jpg 1600w\" sizes=\"(max-width: 1024px) 100vw, 1024px\" \/><figcaption class=\"wp-element-caption\">#paratodosverem &#8211; Professora e aluna da educa\u00e7\u00e3o infantil <\/figcaption><\/figure>\n\n\n\n<p>A Prodam comunicou, ainda, que 56% das inscri\u00e7\u00f5es foram direcionadas para as creches de ensino integral. Ao passo que, 24% foram em unidades do turno vespertino e 20% em unidades de ensino do turno matutino.&nbsp;<\/p>\n\n\n\n<p>De acordo com dados da Prodam, as creches municipais que tiveram maior procura no per\u00edodo de inscri\u00e7\u00f5es foram: Maria Luiza da Concei\u00e7\u00e3o Silva (zona Leste), Professora Virg\u00ednia Mar\u00edlia Mello de Ara\u00fajo (zona Leste), Lib\u00e2nia Theodora Rodrigues Ferreira (zona Oeste), Ana Lopes Ferreira (zona Oeste) e Gabriel Corr\u00eaa Pedrosa (zona Oeste).&nbsp;<\/p>\n\n\n\n<p><br>&#8212; &#8212; &#8212;<\/p>\n\n\n\n<p>Texto&nbsp;&#8211; Paulo Rog\u00e9rio Veiga\/&nbsp;Semed&nbsp;<\/p>\n\n\n\n<p>Foto&nbsp;&#8211;&nbsp;Divulga\u00e7\u00e3o\/&nbsp;Semed&nbsp;<\/p>\n\n\n\n<p><\/p>\n","protected":false},"excerpt":{"rendered":"","protected":false},"author":23,"featured_media":251113,"comment_status":"closed","ping_status":"closed","sticky":false,"template":"","format":"standard","meta":{"footnotes":""},"categories":[49],"tags":[120,757,77,18962,62],"acf":[],"yoast_head":"<!-- This site is optimized with the Yoast SEO plugin v23.0 - https:\/\/yoast.com\/wordpress\/plugins\/seo\/ -->\n<title>Prefeitura de Manaus divulga resultado de vagas nas creches municipais nesta ter\u00e7a-feira<\/title>\n<meta name=\"description\" content=\"O resultado do per\u00edodo de inscri\u00e7\u00f5es de vagas para as creches, da Prefeitura de Manaus, coordenadas pela Secretaria Municipal de Educa\u00e7\u00e3o (Semed), ser\u00e1 divulgado, nesta ter\u00e7a-feira, 20\/1, por meio do link oficial: inscricaocreche.semed.manaus.am.gov.br.\" \/>\n<meta name=\"robots\" content=\"index, follow, max-snippet:-1, max-image-preview:large, max-video-preview:-1\" \/>\n<link rel=\"canonical\" href=\"https:\/\/www.manaus.am.gov.br\/semcom\/prefeitura-semed-resultado-creches\/\" \/>\n<meta property=\"og:locale\" content=\"pt_BR\" \/>\n<meta property=\"og:type\" content=\"article\" \/>\n<meta property=\"og:title\" content=\"Prefeitura de Manaus divulga resultado de vagas nas creches municipais nesta ter\u00e7a-feira\" \/>\n<meta property=\"og:description\" content=\"O resultado do per\u00edodo de inscri\u00e7\u00f5es de vagas para as creches, da Prefeitura de Manaus, coordenadas pela Secretaria Municipal de Educa\u00e7\u00e3o (Semed), ser\u00e1 divulgado, nesta ter\u00e7a-feira, 20\/1, por meio do link oficial: inscricaocreche.semed.manaus.am.gov.br.\" \/>\n<meta property=\"og:url\" content=\"https:\/\/www.manaus.am.gov.br\/semcom\/prefeitura-semed-resultado-creches\/\" \/>\n<meta property=\"og:site_name\" content=\"SEMCOM\" \/>\n<meta property=\"article:published_time\" content=\"2026-01-19T17:48:12+00:00\" \/>\n<meta property=\"article:modified_time\" content=\"2026-01-19T18:38:51+00:00\" \/>\n<meta property=\"og:image\" content=\"https:\/\/www.manaus.am.gov.br\/semcom\/wp-content\/uploads\/sites\/5\/2026\/01\/Educacao-Infantil-2-1.jpeg\" \/>\n\t<meta property=\"og:image:width\" content=\"1600\" \/>\n\t<meta property=\"og:image:height\" content=\"1066\" \/>\n\t<meta property=\"og:image:type\" content=\"image\/jpeg\" \/>\n<meta name=\"author\" content=\"Adriana Costa\" \/>\n<meta name=\"twitter:card\" content=\"summary_large_image\" \/>\n<meta name=\"twitter:label1\" content=\"Written by\" \/>\n\t<meta name=\"twitter:data1\" content=\"Adriana Costa\" \/>\n\t<meta name=\"twitter:label2\" content=\"Est. reading time\" \/>\n\t<meta name=\"twitter:data2\" content=\"2 minutos\" \/>\n<script type=\"application\/ld+json\" class=\"yoast-schema-graph\">{\"@context\":\"https:\/\/schema.org\",\"@graph\":[{\"@type\":\"WebPage\",\"@id\":\"https:\/\/www.manaus.am.gov.br\/semcom\/prefeitura-semed-resultado-creches\/\",\"url\":\"https:\/\/www.manaus.am.gov.br\/semcom\/prefeitura-semed-resultado-creches\/\",\"name\":\"Prefeitura de Manaus divulga resultado de vagas nas creches municipais nesta ter\u00e7a-feira\",\"isPartOf\":{\"@id\":\"https:\/\/www.manaus.am.gov.br\/semcom\/#website\"},\"primaryImageOfPage\":{\"@id\":\"https:\/\/www.manaus.am.gov.br\/semcom\/prefeitura-semed-resultado-creches\/#primaryimage\"},\"image\":{\"@id\":\"https:\/\/www.manaus.am.gov.br\/semcom\/prefeitura-semed-resultado-creches\/#primaryimage\"},\"thumbnailUrl\":\"https:\/\/www.manaus.am.gov.br\/semcom\/wp-content\/uploads\/sites\/5\/2026\/01\/Educacao-Infantil-2-1.jpeg\",\"datePublished\":\"2026-01-19T17:48:12+00:00\",\"dateModified\":\"2026-01-19T18:38:51+00:00\",\"author\":{\"@id\":\"https:\/\/www.manaus.am.gov.br\/semcom\/#\/schema\/person\/4e49f4e267757a06ca072ec61b2b9968\"},\"description\":\"O resultado do per\u00edodo de inscri\u00e7\u00f5es de vagas para as creches, da Prefeitura de Manaus, coordenadas pela Secretaria Municipal de Educa\u00e7\u00e3o (Semed), ser\u00e1 divulgado, nesta ter\u00e7a-feira, 20\/1, por meio do link oficial: inscricaocreche.semed.manaus.am.gov.br.\",\"inLanguage\":\"pt-BR\",\"potentialAction\":[{\"@type\":\"ReadAction\",\"target\":[\"https:\/\/www.manaus.am.gov.br\/semcom\/prefeitura-semed-resultado-creches\/\"]}]},{\"@type\":\"ImageObject\",\"inLanguage\":\"pt-BR\",\"@id\":\"https:\/\/www.manaus.am.gov.br\/semcom\/prefeitura-semed-resultado-creches\/#primaryimage\",\"url\":\"https:\/\/www.manaus.am.gov.br\/semcom\/wp-content\/uploads\/sites\/5\/2026\/01\/Educacao-Infantil-2-1.jpeg\",\"contentUrl\":\"https:\/\/www.manaus.am.gov.br\/semcom\/wp-content\/uploads\/sites\/5\/2026\/01\/Educacao-Infantil-2-1.jpeg\",\"width\":1600,\"height\":1066,\"caption\":\"#paratodosverem - Crian\u00e7as da educa\u00e7\u00e3o infantil brincam com blocos de montar\"},{\"@type\":\"WebSite\",\"@id\":\"https:\/\/www.manaus.am.gov.br\/semcom\/#website\",\"url\":\"https:\/\/www.manaus.am.gov.br\/semcom\/\",\"name\":\"SEMCOM\",\"description\":\"Secretaria Municipal de Comunica\u00e7\u00e3o\",\"potentialAction\":[{\"@type\":\"SearchAction\",\"target\":{\"@type\":\"EntryPoint\",\"urlTemplate\":\"https:\/\/www.manaus.am.gov.br\/semcom\/?s={search_term_string}\"},\"query-input\":\"required name=search_term_string\"}],\"inLanguage\":\"pt-BR\"},{\"@type\":\"Person\",\"@id\":\"https:\/\/www.manaus.am.gov.br\/semcom\/#\/schema\/person\/4e49f4e267757a06ca072ec61b2b9968\",\"name\":\"Adriana Costa\",\"image\":{\"@type\":\"ImageObject\",\"inLanguage\":\"pt-BR\",\"@id\":\"https:\/\/www.manaus.am.gov.br\/semcom\/#\/schema\/person\/image\/\",\"url\":\"https:\/\/secure.gravatar.com\/avatar\/576258617ef7194f718179e766d57bd4?s=96&d=mm&r=g\",\"contentUrl\":\"https:\/\/secure.gravatar.com\/avatar\/576258617ef7194f718179e766d57bd4?s=96&d=mm&r=g\",\"caption\":\"Adriana Costa\"}}]}<\/script>\n<!-- \/ Yoast SEO plugin. -->","yoast_head_json":{"title":"Prefeitura de Manaus divulga resultado de vagas nas creches municipais nesta ter\u00e7a-feira","description":"O resultado do per\u00edodo de inscri\u00e7\u00f5es de vagas para as creches, da Prefeitura de Manaus, coordenadas pela Secretaria Municipal de Educa\u00e7\u00e3o (Semed), ser\u00e1 divulgado, nesta ter\u00e7a-feira, 20\/1, por meio do link oficial: inscricaocreche.semed.manaus.am.gov.br.","robots":{"index":"index","follow":"follow","max-snippet":"max-snippet:-1","max-image-preview":"max-image-preview:large","max-video-preview":"max-video-preview:-1"},"canonical":"https:\/\/www.manaus.am.gov.br\/semcom\/prefeitura-semed-resultado-creches\/","og_locale":"pt_BR","og_type":"article","og_title":"Prefeitura de Manaus divulga resultado de vagas nas creches municipais nesta ter\u00e7a-feira","og_description":"O resultado do per\u00edodo de inscri\u00e7\u00f5es de vagas para as creches, da Prefeitura de Manaus, coordenadas pela Secretaria Municipal de Educa\u00e7\u00e3o (Semed), ser\u00e1 divulgado, nesta ter\u00e7a-feira, 20\/1, por meio do link oficial: inscricaocreche.semed.manaus.am.gov.br.","og_url":"https:\/\/www.manaus.am.gov.br\/semcom\/prefeitura-semed-resultado-creches\/","og_site_name":"SEMCOM","article_published_time":"2026-01-19T17:48:12+00:00","article_modified_time":"2026-01-19T18:38:51+00:00","og_image":[{"width":1600,"height":1066,"url":"https:\/\/www.manaus.am.gov.br\/semcom\/wp-content\/uploads\/sites\/5\/2026\/01\/Educacao-Infantil-2-1.jpeg","type":"image\/jpeg"}],"author":"Adriana Costa","twitter_card":"summary_large_image","twitter_misc":{"Written by":"Adriana Costa","Est. reading time":"2 minutos"},"schema":{"@context":"https:\/\/schema.org","@graph":[{"@type":"WebPage","@id":"https:\/\/www.manaus.am.gov.br\/semcom\/prefeitura-semed-resultado-creches\/","url":"https:\/\/www.manaus.am.gov.br\/semcom\/prefeitura-semed-resultado-creches\/","name":"Prefeitura de Manaus divulga resultado de vagas nas creches municipais nesta ter\u00e7a-feira","isPartOf":{"@id":"https:\/\/www.manaus.am.gov.br\/semcom\/#website"},"primaryImageOfPage":{"@id":"https:\/\/www.manaus.am.gov.br\/semcom\/prefeitura-semed-resultado-creches\/#primaryimage"},"image":{"@id":"https:\/\/www.manaus.am.gov.br\/semcom\/prefeitura-semed-resultado-creches\/#primaryimage"},"thumbnailUrl":"https:\/\/www.manaus.am.gov.br\/semcom\/wp-content\/uploads\/sites\/5\/2026\/01\/Educacao-Infantil-2-1.jpeg","datePublished":"2026-01-19T17:48:12+00:00","dateModified":"2026-01-19T18:38:51+00:00","author":{"@id":"https:\/\/www.manaus.am.gov.br\/semcom\/#\/schema\/person\/4e49f4e267757a06ca072ec61b2b9968"},"description":"O resultado do per\u00edodo de inscri\u00e7\u00f5es de vagas para as creches, da Prefeitura de Manaus, coordenadas pela Secretaria Municipal de Educa\u00e7\u00e3o (Semed), ser\u00e1 divulgado, nesta ter\u00e7a-feira, 20\/1, por meio do link oficial: inscricaocreche.semed.manaus.am.gov.br.","inLanguage":"pt-BR","potentialAction":[{"@type":"ReadAction","target":["https:\/\/www.manaus.am.gov.br\/semcom\/prefeitura-semed-resultado-creches\/"]}]},{"@type":"ImageObject","inLanguage":"pt-BR","@id":"https:\/\/www.manaus.am.gov.br\/semcom\/prefeitura-semed-resultado-creches\/#primaryimage","url":"https:\/\/www.manaus.am.gov.br\/semcom\/wp-content\/uploads\/sites\/5\/2026\/01\/Educacao-Infantil-2-1.jpeg","contentUrl":"https:\/\/www.manaus.am.gov.br\/semcom\/wp-content\/uploads\/sites\/5\/2026\/01\/Educacao-Infantil-2-1.jpeg","width":1600,"height":1066,"caption":"#paratodosverem - Crian\u00e7as da educa\u00e7\u00e3o infantil brincam com blocos de montar"},{"@type":"WebSite","@id":"https:\/\/www.manaus.am.gov.br\/semcom\/#website","url":"https:\/\/www.manaus.am.gov.br\/semcom\/","name":"SEMCOM","description":"Secretaria Municipal de Comunica\u00e7\u00e3o","potentialAction":[{"@type":"SearchAction","target":{"@type":"EntryPoint","urlTemplate":"https:\/\/www.manaus.am.gov.br\/semcom\/?s={search_term_string}"},"query-input":"required name=search_term_string"}],"inLanguage":"pt-BR"},{"@type":"Person","@id":"https:\/\/www.manaus.am.gov.br\/semcom\/#\/schema\/person\/4e49f4e267757a06ca072ec61b2b9968","name":"Adriana Costa","image":{"@type":"ImageObject","inLanguage":"pt-BR","@id":"https:\/\/www.manaus.am.gov.br\/semcom\/#\/schema\/person\/image\/","url":"https:\/\/secure.gravatar.com\/avatar\/576258617ef7194f718179e766d57bd4?s=96&d=mm&r=g","contentUrl":"https:\/\/secure.gravatar.com\/avatar\/576258617ef7194f718179e766d57bd4?s=96&d=mm&r=g","caption":"Adriana Costa"}}]}},"_links":{"self":[{"href":"https:\/\/www.manaus.am.gov.br\/semcom\/wp-json\/wp\/v2\/posts\/251112"}],"collection":[{"href":"https:\/\/www.manaus.am.gov.br\/semcom\/wp-json\/wp\/v2\/posts"}],"about":[{"href":"https:\/\/www.manaus.am.gov.br\/semcom\/wp-json\/wp\/v2\/types\/post"}],"author":[{"embeddable":true,"href":"https:\/\/www.manaus.am.gov.br\/semcom\/wp-json\/wp\/v2\/users\/23"}],"replies":[{"embeddable":true,"href":"https:\/\/www.manaus.am.gov.br\/semcom\/wp-json\/wp\/v2\/comments?post=251112"}],"version-history":[{"count":8,"href":"https:\/\/www.manaus.am.gov.br\/semcom\/wp-json\/wp\/v2\/posts\/251112\/revisions"}],"predecessor-version":[{"id":251135,"href":"https:\/\/www.manaus.am.gov.br\/semcom\/wp-json\/wp\/v2\/posts\/251112\/revisions\/251135"}],"wp:featuredmedia":[{"embeddable":true,"href":"https:\/\/www.manaus.am.gov.br\/semcom\/wp-json\/wp\/v2\/media\/251113"}],"wp:attachment":[{"href":"https:\/\/www.manaus.am.gov.br\/semcom\/wp-json\/wp\/v2\/media?parent=251112"}],"wp:term":[{"taxonomy":"category","embeddable":true,"href":"https:\/\/www.manaus.am.gov.br\/semcom\/wp-json\/wp\/v2\/categories?post=251112"},{"taxonomy":"post_tag","embeddable":true,"href":"https:\/\/www.manaus.am.gov.br\/semcom\/wp-json\/wp\/v2\/tags?post=251112"}],"curies":[{"name":"wp","href":"https:\/\/api.w.org\/{rel}","templated":true}]}}