{"id":251086,"date":"2026-01-19T11:13:25","date_gmt":"2026-01-19T15:13:25","guid":{"rendered":"https:\/\/www.manaus.am.gov.br\/semcom\/prefeito-avancos-alfabetizacao-educacao\/"},"modified":"2026-01-19T12:53:34","modified_gmt":"2026-01-19T15:53:34","slug":"prefeitura-avancos-alfabetizacao-educacao","status":"publish","type":"post","link":"https:\/\/www.manaus.am.gov.br\/semcom\/prefeitura-avancos-alfabetizacao-educacao\/","title":{"rendered":"Prefeito David Almeida destaca avan\u00e7os na alfabetiza\u00e7\u00e3o e recomposi\u00e7\u00e3o da aprendizagem na rede municipal de ensino"},"content":{"rendered":"\n<p>O prefeito de Manaus, David Almeida, destacou o fortalecimento das pol\u00edticas de alfabetiza\u00e7\u00e3o na idade certa e de recomposi\u00e7\u00e3o da aprendizagem como estrat\u00e9gia central para consolidar os avan\u00e7os pedag\u00f3gicos da rede municipal de ensino. Na gest\u00e3o atual, a educa\u00e7\u00e3o b\u00e1sica passou a adotar a\u00e7\u00f5es cont\u00ednuas de acompanhamento, refor\u00e7o escolar e amplia\u00e7\u00e3o do tempo pedag\u00f3gico, garantindo que os estudantes avancem com base s\u00f3lida de aprendizagem.<\/p>\n\n\n\n<p>Segundo o chefe do Executivo municipal, a melhoria da infraestrutura escolar caminha junto com decis\u00f5es pedag\u00f3gicas que colocam a aprendizagem no centro da pol\u00edtica educacional do munic\u00edpio. \u201cN\u00e3o basta entregar escolas estruturadas se a aprendizagem n\u00e3o avan\u00e7a. Nosso compromisso \u00e9 garantir que a crian\u00e7a aprenda no tempo certo, com acompanhamento pedag\u00f3gico e condi\u00e7\u00f5es adequadas dentro da sala de aula\u201d, afirmou David Almeida.<\/p>\n\n\n\n<p>Os avan\u00e7os se refletem nos indicadores educacionais. No \u00cdndice de Desenvolvimento da Educa\u00e7\u00e3o B\u00e1sica (Ideb), divulgado pelo Instituto Nacional de Estudos e Pesquisas Educacionais An\u00edsio Teixeira (Inep), Manaus alcan\u00e7ou, em 2023, 6,2 nos anos iniciais do ensino fundamental e 5,2 nos anos finais, as maiores notas da hist\u00f3ria da rede municipal. Em compara\u00e7\u00e3o com 2021, o crescimento foi de 0,7 ponto nos anos iniciais e 0,4 ponto nos anos finais, desempenho acima da m\u00e9dia nacional da rede p\u00fablica.<\/p>\n\n\n\n<p>Um dos pilares dessa evolu\u00e7\u00e3o \u00e9 a implanta\u00e7\u00e3o do sexto tempo de refor\u00e7o escolar, pol\u00edtica in\u00e9dita na rede municipal, que permite aulas adicionais com pagamento de hora extra aos professores, assegurando atendimento pedag\u00f3gico direcionado aos estudantes com dificuldades de aprendizagem.<\/p>\n\n\n\n<p>\u201cEduca\u00e7\u00e3o de qualidade exige m\u00e9todo, const\u00e2ncia e planejamento. A alfabetiza\u00e7\u00e3o n\u00e3o \u00e9 uma etapa isolada, ela \u00e9 a base de todo o processo educacional\u201d, destacou o prefeito.<\/p>\n\n\n\n<p>O alcance das a\u00e7\u00f5es pedag\u00f3gicas tamb\u00e9m \u00e9 mensur\u00e1vel. O programa \u201cEduca+Manaus\u201d j\u00e1 beneficiou mais de 30 mil estudantes, do 5\u00ba e do 9\u00ba ano, em aproximadamente 330 escolas municipais, com simulados, refor\u00e7o pedag\u00f3gico e acompanhamento focado nas compet\u00eancias avaliadas pelo Sistema de Avalia\u00e7\u00e3o da Educa\u00e7\u00e3o B\u00e1sica (Saeb).<\/p>\n\n\n\n<p>Al\u00e9m disso, a Secretaria Municipal de Educa\u00e7\u00e3o (Semed) realizou a Avalia\u00e7\u00e3o Municipal de Alfabetiza\u00e7\u00e3o, envolvendo mais de 23 mil alunos, do 1\u00ba e do 2\u00ba ano, em 348 unidades escolares, permitindo diagn\u00f3stico precoce das dificuldades de aprendizagem e interven\u00e7\u00f5es pedag\u00f3gicas mais eficazes.<\/p>\n\n\n\n<p>O secret\u00e1rio municipal de Educa\u00e7\u00e3o, J\u00fanior Mar, ressaltou que a recomposi\u00e7\u00e3o da aprendizagem \u00e9 fundamental para a sustentabilidade dos resultados. \u201cQuando o aluno \u00e9 alfabetizado corretamente, a evas\u00e3o diminui, a repet\u00eancia cai e o desempenho melhora nos anos seguintes. A recomposi\u00e7\u00e3o da aprendizagem fortalece a base e sustenta os avan\u00e7os pedag\u00f3gicos da rede\u201d, afirmou o secret\u00e1rio.<\/p>\n\n\n\n<p>Avalia\u00e7\u00f5es e transpar\u00eancia dos dados<\/p>\n\n\n\n<p>Os dados do Ideb citados se referem ao \u00faltimo ciclo oficialmente divulgado pelo Inep\/MEC, correspondente ao ano de 2023. As avalia\u00e7\u00f5es do Saeb 2025 foram aplicadas e ter\u00e3o seus resultados divulgados pelo governo federal nos pr\u00f3ximos meses, conforme o calend\u00e1rio nacional da educa\u00e7\u00e3o b\u00e1sica.<\/p>\n\n\n\n<p>Como parte&nbsp;dessa pol\u00edtica de transpar\u00eancia e monitoramento, a Prefeitura de Manaus mobilizou 34.631 estudantes para a aplica\u00e7\u00e3o do Saeb 2025, sendo 21.845 alunos do 5\u00ba ano e 12.794 do 9\u00ba ano, em 317 escolas municipais.<\/p>\n\n\n\n<p>Al\u00e9m das a\u00e7\u00f5es pedag\u00f3gicas, a gest\u00e3o municipal mant\u00e9m pol\u00edticas de apoio \u00e0 perman\u00eancia escolar, como amplia\u00e7\u00e3o do ensino em tempo integral, melhoria da alimenta\u00e7\u00e3o escolar e garantia do passe livre estudantil, criando condi\u00e7\u00f5es para que o aluno permane\u00e7a na escola e avance no processo de aprendizagem.<\/p>\n\n\n\n<p>\u201cGarantir que cada crian\u00e7a aprenda no tempo certo \u00e9 investir no futuro da cidade. Estamos fortalecendo a base da educa\u00e7\u00e3o para entregar resultados duradouros\u201d, refor\u00e7ou David Almeida.<\/p>\n\n\n\n<p>Com foco na alfabetiza\u00e7\u00e3o e na recomposi\u00e7\u00e3o da aprendizagem, a gest\u00e3o David Almeida consolida uma pol\u00edtica educacional sustent\u00e1vel, mensur\u00e1vel e orientada por evid\u00eancias, assegurando que os avan\u00e7os pedag\u00f3gicos da rede municipal sejam permanentes e consistentes.<\/p>\n\n\n\n<p>&#8212; &#8212; &#8212;<\/p>\n\n\n\n<p><strong>Texto <\/strong>&#8211; Emanuelle Baires\/Semcom-Prefeito<\/p>\n\n\n\n<p><strong>Fotos <\/strong>&#8211; Arquivo\/Semcom<\/p>\n\n\n\n<figure class=\"wp-block-image size-full\"><img loading=\"lazy\" decoding=\"async\" width=\"799\" height=\"533\" src=\"https:\/\/www.manaus.am.gov.br\/semcom\/wp-content\/uploads\/sites\/5\/2026\/01\/Educacao-2.jpg\" alt=\"\" class=\"wp-image-251089\" srcset=\"https:\/\/www.manaus.am.gov.br\/semcom\/wp-content\/uploads\/sites\/5\/2026\/01\/Educacao-2.jpg 799w, https:\/\/www.manaus.am.gov.br\/semcom\/wp-content\/uploads\/sites\/5\/2026\/01\/Educacao-2-300x200.jpg 300w, https:\/\/www.manaus.am.gov.br\/semcom\/wp-content\/uploads\/sites\/5\/2026\/01\/Educacao-2-768x512.jpg 768w\" sizes=\"(max-width: 799px) 100vw, 799px\" \/><\/figure>\n","protected":false},"excerpt":{"rendered":"","protected":false},"author":23,"featured_media":251087,"comment_status":"closed","ping_status":"closed","sticky":false,"template":"","format":"standard","meta":{"footnotes":""},"categories":[49],"tags":[1379,18959,463,484,18960,62],"acf":[],"yoast_head":"<!-- This site is optimized with the Yoast SEO plugin v23.0 - https:\/\/yoast.com\/wordpress\/plugins\/seo\/ -->\n<title>Prefeito David Almeida destaca avan\u00e7os na alfabetiza\u00e7\u00e3o e recomposi\u00e7\u00e3o da aprendizagem na rede municipal de ensino<\/title>\n<meta name=\"description\" content=\"O prefeito de Manaus, David Almeida, destacou o fortalecimento das pol\u00edticas de alfabetiza\u00e7\u00e3o na idade certa e de recomposi\u00e7\u00e3o da aprendizagem como estrat\u00e9gia central para consolidar os avan\u00e7os pedag\u00f3gicos da rede municipal de ensino.\" \/>\n<meta name=\"robots\" content=\"index, follow, max-snippet:-1, max-image-preview:large, max-video-preview:-1\" \/>\n<link rel=\"canonical\" href=\"https:\/\/www.manaus.am.gov.br\/semcom\/prefeito-avancos-alfabetizacao-educacao\/\" \/>\n<meta property=\"og:locale\" content=\"pt_BR\" \/>\n<meta property=\"og:type\" content=\"article\" \/>\n<meta property=\"og:title\" content=\"Prefeito David Almeida destaca avan\u00e7os na alfabetiza\u00e7\u00e3o e recomposi\u00e7\u00e3o da aprendizagem na rede municipal de ensino\" \/>\n<meta property=\"og:description\" content=\"O prefeito de Manaus, David Almeida, destacou o fortalecimento das pol\u00edticas de alfabetiza\u00e7\u00e3o na idade certa e de recomposi\u00e7\u00e3o da aprendizagem como estrat\u00e9gia central para consolidar os avan\u00e7os pedag\u00f3gicos da rede municipal de ensino.\" \/>\n<meta property=\"og:url\" content=\"https:\/\/www.manaus.am.gov.br\/semcom\/prefeito-avancos-alfabetizacao-educacao\/\" \/>\n<meta property=\"og:site_name\" content=\"SEMCOM\" \/>\n<meta property=\"article:published_time\" content=\"2026-01-19T15:13:25+00:00\" \/>\n<meta property=\"article:modified_time\" content=\"2026-01-19T15:53:34+00:00\" \/>\n<meta property=\"og:image\" content=\"https:\/\/www.manaus.am.gov.br\/semcom\/wp-content\/uploads\/sites\/5\/2026\/01\/Revitalizacao-2-1.jpeg\" \/>\n\t<meta property=\"og:image:width\" content=\"4160\" \/>\n\t<meta property=\"og:image:height\" content=\"2681\" \/>\n\t<meta property=\"og:image:type\" content=\"image\/jpeg\" \/>\n<meta name=\"author\" content=\"Adriana Costa\" \/>\n<meta name=\"twitter:card\" content=\"summary_large_image\" \/>\n<meta name=\"twitter:label1\" content=\"Written by\" \/>\n\t<meta name=\"twitter:data1\" content=\"Adriana Costa\" \/>\n\t<meta name=\"twitter:label2\" content=\"Est. reading time\" \/>\n\t<meta name=\"twitter:data2\" content=\"4 minutos\" \/>\n<script type=\"application\/ld+json\" class=\"yoast-schema-graph\">{\"@context\":\"https:\/\/schema.org\",\"@graph\":[{\"@type\":\"WebPage\",\"@id\":\"https:\/\/www.manaus.am.gov.br\/semcom\/prefeito-avancos-alfabetizacao-educacao\/\",\"url\":\"https:\/\/www.manaus.am.gov.br\/semcom\/prefeito-avancos-alfabetizacao-educacao\/\",\"name\":\"Prefeito David Almeida destaca avan\u00e7os na alfabetiza\u00e7\u00e3o e recomposi\u00e7\u00e3o da aprendizagem na rede municipal de ensino\",\"isPartOf\":{\"@id\":\"https:\/\/www.manaus.am.gov.br\/semcom\/#website\"},\"primaryImageOfPage\":{\"@id\":\"https:\/\/www.manaus.am.gov.br\/semcom\/prefeito-avancos-alfabetizacao-educacao\/#primaryimage\"},\"image\":{\"@id\":\"https:\/\/www.manaus.am.gov.br\/semcom\/prefeito-avancos-alfabetizacao-educacao\/#primaryimage\"},\"thumbnailUrl\":\"https:\/\/www.manaus.am.gov.br\/semcom\/wp-content\/uploads\/sites\/5\/2026\/01\/Revitalizacao-2-1.jpeg\",\"datePublished\":\"2026-01-19T15:13:25+00:00\",\"dateModified\":\"2026-01-19T15:53:34+00:00\",\"author\":{\"@id\":\"https:\/\/www.manaus.am.gov.br\/semcom\/#\/schema\/person\/4e49f4e267757a06ca072ec61b2b9968\"},\"description\":\"O prefeito de Manaus, David Almeida, destacou o fortalecimento das pol\u00edticas de alfabetiza\u00e7\u00e3o na idade certa e de recomposi\u00e7\u00e3o da aprendizagem como estrat\u00e9gia central para consolidar os avan\u00e7os pedag\u00f3gicos da rede municipal de ensino.\",\"inLanguage\":\"pt-BR\",\"potentialAction\":[{\"@type\":\"ReadAction\",\"target\":[\"https:\/\/www.manaus.am.gov.br\/semcom\/prefeito-avancos-alfabetizacao-educacao\/\"]}]},{\"@type\":\"ImageObject\",\"inLanguage\":\"pt-BR\",\"@id\":\"https:\/\/www.manaus.am.gov.br\/semcom\/prefeito-avancos-alfabetizacao-educacao\/#primaryimage\",\"url\":\"https:\/\/www.manaus.am.gov.br\/semcom\/wp-content\/uploads\/sites\/5\/2026\/01\/Revitalizacao-2-1.jpeg\",\"contentUrl\":\"https:\/\/www.manaus.am.gov.br\/semcom\/wp-content\/uploads\/sites\/5\/2026\/01\/Revitalizacao-2-1.jpeg\",\"width\":4160,\"height\":2681,\"caption\":\"Prefeito David Almeida tira selfie com alunos da rede municipal de ensino\"},{\"@type\":\"WebSite\",\"@id\":\"https:\/\/www.manaus.am.gov.br\/semcom\/#website\",\"url\":\"https:\/\/www.manaus.am.gov.br\/semcom\/\",\"name\":\"SEMCOM\",\"description\":\"Secretaria Municipal de Comunica\u00e7\u00e3o\",\"potentialAction\":[{\"@type\":\"SearchAction\",\"target\":{\"@type\":\"EntryPoint\",\"urlTemplate\":\"https:\/\/www.manaus.am.gov.br\/semcom\/?s={search_term_string}\"},\"query-input\":\"required name=search_term_string\"}],\"inLanguage\":\"pt-BR\"},{\"@type\":\"Person\",\"@id\":\"https:\/\/www.manaus.am.gov.br\/semcom\/#\/schema\/person\/4e49f4e267757a06ca072ec61b2b9968\",\"name\":\"Adriana Costa\",\"image\":{\"@type\":\"ImageObject\",\"inLanguage\":\"pt-BR\",\"@id\":\"https:\/\/www.manaus.am.gov.br\/semcom\/#\/schema\/person\/image\/\",\"url\":\"https:\/\/secure.gravatar.com\/avatar\/576258617ef7194f718179e766d57bd4?s=96&d=mm&r=g\",\"contentUrl\":\"https:\/\/secure.gravatar.com\/avatar\/576258617ef7194f718179e766d57bd4?s=96&d=mm&r=g\",\"caption\":\"Adriana Costa\"}}]}<\/script>\n<!-- \/ Yoast SEO plugin. -->","yoast_head_json":{"title":"Prefeito David Almeida destaca avan\u00e7os na alfabetiza\u00e7\u00e3o e recomposi\u00e7\u00e3o da aprendizagem na rede municipal de ensino","description":"O prefeito de Manaus, David Almeida, destacou o fortalecimento das pol\u00edticas de alfabetiza\u00e7\u00e3o na idade certa e de recomposi\u00e7\u00e3o da aprendizagem como estrat\u00e9gia central para consolidar os avan\u00e7os pedag\u00f3gicos da rede municipal de ensino.","robots":{"index":"index","follow":"follow","max-snippet":"max-snippet:-1","max-image-preview":"max-image-preview:large","max-video-preview":"max-video-preview:-1"},"canonical":"https:\/\/www.manaus.am.gov.br\/semcom\/prefeito-avancos-alfabetizacao-educacao\/","og_locale":"pt_BR","og_type":"article","og_title":"Prefeito David Almeida destaca avan\u00e7os na alfabetiza\u00e7\u00e3o e recomposi\u00e7\u00e3o da aprendizagem na rede municipal de ensino","og_description":"O prefeito de Manaus, David Almeida, destacou o fortalecimento das pol\u00edticas de alfabetiza\u00e7\u00e3o na idade certa e de recomposi\u00e7\u00e3o da aprendizagem como estrat\u00e9gia central para consolidar os avan\u00e7os pedag\u00f3gicos da rede municipal de ensino.","og_url":"https:\/\/www.manaus.am.gov.br\/semcom\/prefeito-avancos-alfabetizacao-educacao\/","og_site_name":"SEMCOM","article_published_time":"2026-01-19T15:13:25+00:00","article_modified_time":"2026-01-19T15:53:34+00:00","og_image":[{"width":4160,"height":2681,"url":"https:\/\/www.manaus.am.gov.br\/semcom\/wp-content\/uploads\/sites\/5\/2026\/01\/Revitalizacao-2-1.jpeg","type":"image\/jpeg"}],"author":"Adriana Costa","twitter_card":"summary_large_image","twitter_misc":{"Written by":"Adriana Costa","Est. reading time":"4 minutos"},"schema":{"@context":"https:\/\/schema.org","@graph":[{"@type":"WebPage","@id":"https:\/\/www.manaus.am.gov.br\/semcom\/prefeito-avancos-alfabetizacao-educacao\/","url":"https:\/\/www.manaus.am.gov.br\/semcom\/prefeito-avancos-alfabetizacao-educacao\/","name":"Prefeito David Almeida destaca avan\u00e7os na alfabetiza\u00e7\u00e3o e recomposi\u00e7\u00e3o da aprendizagem na rede municipal de ensino","isPartOf":{"@id":"https:\/\/www.manaus.am.gov.br\/semcom\/#website"},"primaryImageOfPage":{"@id":"https:\/\/www.manaus.am.gov.br\/semcom\/prefeito-avancos-alfabetizacao-educacao\/#primaryimage"},"image":{"@id":"https:\/\/www.manaus.am.gov.br\/semcom\/prefeito-avancos-alfabetizacao-educacao\/#primaryimage"},"thumbnailUrl":"https:\/\/www.manaus.am.gov.br\/semcom\/wp-content\/uploads\/sites\/5\/2026\/01\/Revitalizacao-2-1.jpeg","datePublished":"2026-01-19T15:13:25+00:00","dateModified":"2026-01-19T15:53:34+00:00","author":{"@id":"https:\/\/www.manaus.am.gov.br\/semcom\/#\/schema\/person\/4e49f4e267757a06ca072ec61b2b9968"},"description":"O prefeito de Manaus, David Almeida, destacou o fortalecimento das pol\u00edticas de alfabetiza\u00e7\u00e3o na idade certa e de recomposi\u00e7\u00e3o da aprendizagem como estrat\u00e9gia central para consolidar os avan\u00e7os pedag\u00f3gicos da rede municipal de ensino.","inLanguage":"pt-BR","potentialAction":[{"@type":"ReadAction","target":["https:\/\/www.manaus.am.gov.br\/semcom\/prefeito-avancos-alfabetizacao-educacao\/"]}]},{"@type":"ImageObject","inLanguage":"pt-BR","@id":"https:\/\/www.manaus.am.gov.br\/semcom\/prefeito-avancos-alfabetizacao-educacao\/#primaryimage","url":"https:\/\/www.manaus.am.gov.br\/semcom\/wp-content\/uploads\/sites\/5\/2026\/01\/Revitalizacao-2-1.jpeg","contentUrl":"https:\/\/www.manaus.am.gov.br\/semcom\/wp-content\/uploads\/sites\/5\/2026\/01\/Revitalizacao-2-1.jpeg","width":4160,"height":2681,"caption":"Prefeito David Almeida tira selfie com alunos da rede municipal de ensino"},{"@type":"WebSite","@id":"https:\/\/www.manaus.am.gov.br\/semcom\/#website","url":"https:\/\/www.manaus.am.gov.br\/semcom\/","name":"SEMCOM","description":"Secretaria Municipal de Comunica\u00e7\u00e3o","potentialAction":[{"@type":"SearchAction","target":{"@type":"EntryPoint","urlTemplate":"https:\/\/www.manaus.am.gov.br\/semcom\/?s={search_term_string}"},"query-input":"required name=search_term_string"}],"inLanguage":"pt-BR"},{"@type":"Person","@id":"https:\/\/www.manaus.am.gov.br\/semcom\/#\/schema\/person\/4e49f4e267757a06ca072ec61b2b9968","name":"Adriana Costa","image":{"@type":"ImageObject","inLanguage":"pt-BR","@id":"https:\/\/www.manaus.am.gov.br\/semcom\/#\/schema\/person\/image\/","url":"https:\/\/secure.gravatar.com\/avatar\/576258617ef7194f718179e766d57bd4?s=96&d=mm&r=g","contentUrl":"https:\/\/secure.gravatar.com\/avatar\/576258617ef7194f718179e766d57bd4?s=96&d=mm&r=g","caption":"Adriana Costa"}}]}},"_links":{"self":[{"href":"https:\/\/www.manaus.am.gov.br\/semcom\/wp-json\/wp\/v2\/posts\/251086"}],"collection":[{"href":"https:\/\/www.manaus.am.gov.br\/semcom\/wp-json\/wp\/v2\/posts"}],"about":[{"href":"https:\/\/www.manaus.am.gov.br\/semcom\/wp-json\/wp\/v2\/types\/post"}],"author":[{"embeddable":true,"href":"https:\/\/www.manaus.am.gov.br\/semcom\/wp-json\/wp\/v2\/users\/23"}],"replies":[{"embeddable":true,"href":"https:\/\/www.manaus.am.gov.br\/semcom\/wp-json\/wp\/v2\/comments?post=251086"}],"version-history":[{"count":6,"href":"https:\/\/www.manaus.am.gov.br\/semcom\/wp-json\/wp\/v2\/posts\/251086\/revisions"}],"predecessor-version":[{"id":251094,"href":"https:\/\/www.manaus.am.gov.br\/semcom\/wp-json\/wp\/v2\/posts\/251086\/revisions\/251094"}],"wp:featuredmedia":[{"embeddable":true,"href":"https:\/\/www.manaus.am.gov.br\/semcom\/wp-json\/wp\/v2\/media\/251087"}],"wp:attachment":[{"href":"https:\/\/www.manaus.am.gov.br\/semcom\/wp-json\/wp\/v2\/media?parent=251086"}],"wp:term":[{"taxonomy":"category","embeddable":true,"href":"https:\/\/www.manaus.am.gov.br\/semcom\/wp-json\/wp\/v2\/categories?post=251086"},{"taxonomy":"post_tag","embeddable":true,"href":"https:\/\/www.manaus.am.gov.br\/semcom\/wp-json\/wp\/v2\/tags?post=251086"}],"curies":[{"name":"wp","href":"https:\/\/api.w.org\/{rel}","templated":true}]}}