{"id":251084,"date":"2026-01-19T11:45:45","date_gmt":"2026-01-19T14:45:45","guid":{"rendered":"https:\/\/www.manaus.am.gov.br\/semcom\/prefeitura-implurb-licenciamento-5\/"},"modified":"2026-01-19T15:46:44","modified_gmt":"2026-01-19T18:46:44","slug":"comissao-prefeitura-implurb-licenciamento-5-ctpcu","status":"publish","type":"post","link":"https:\/\/www.manaus.am.gov.br\/semcom\/comissao-prefeitura-implurb-licenciamento-5-ctpcu\/","title":{"rendered":"Comiss\u00e3o do sistema de licenciamento da Prefeitura de Manaus tem alta de 11% nas an\u00e1lises de 2025"},"content":{"rendered":"\n<p>A\u00a0<a href=\"https:\/\/www.manaus.am.gov.br\" target=\"_blank\" rel=\"noreferrer noopener\">Prefeitura de Manaus<\/a>, via <a href=\"https:\/\/implurbatende.manaus.am.gov.br\/\">Instituto Municipal de Planejamento Urbano<\/a> (Implurb), teve um incremento de 11,6% no n\u00famero de processos analisados pela Comiss\u00e3o T\u00e9cnica de Planejamento e Controle Urbano (CTPCU), de janeiro a dezembro de 2025, comparando com igual per\u00edodo de 2024. No acumulado, s\u00e3o 683 an\u00e1lises, contra 612 do ano anterior.<\/p>\n\n\n\n<p>Outro incremento do colegiado \u00e9 de 15,7% nos processos de Certid\u00e3o de Uso do Solo que passaram por aprecia\u00e7\u00e3o. Em 2025, foram 528 processos, contra 456 do ano anterior. Os Estudos de Impacto de Vizinhan\u00e7a (EIV) tamb\u00e9m tiveram alta de 5,5%: 114 no acumulado contra 108.<\/p>\n\n\n\n<p>A CTPCU faz reuni\u00f5es semanais, \u00e0s segundas e quintas-feiras, \u00e0s 14h, no formato virtual.<\/p>\n\n\n\n<p><strong>Avan\u00e7o<\/strong><\/p>\n\n\n\n<p>\u201cOs dados refor\u00e7am que Manaus avan\u00e7a com uma pol\u00edtica de planejamento urbano cada vez mais t\u00e9cnica, transparente e eficiente. A an\u00e1lise respons\u00e1vel das demandas, especialmente das mudan\u00e7as de uso, \u00e9 fundamental para garantir um crescimento ordenado, sustent\u00e1vel e alinhado ao interesse coletivo. Nosso compromisso \u00e9 seguir aprimorando os instrumentos legais e t\u00e9cnicos que orientam o desenvolvimento da cidade, promovendo equil\u00edbrio urbano e mais qualidade de vida para a popula\u00e7\u00e3o\u201d, destacou o diretor de Planejamento do Implurb, Pedro Paulo Cordeiro.<\/p>\n\n\n\n<p>A comiss\u00e3o t\u00e9cnica comp\u00f5e, em car\u00e1ter permanente e consultivo, juntamente com os \u00f3rg\u00e3os da administra\u00e7\u00e3o direta e indireta e com o Conselho Municipal de Desenvolvimento Urbano (CMDU), o Sistema Municipal de Planejamento Urbano.<\/p>\n\n\n\n<p><strong>Colegiado<\/strong><\/p>\n\n\n\n<p>O colegiado atua de forma permanente na an\u00e1lise t\u00e9cnica de instrumentos de interven\u00e7\u00e3o urbana e de mat\u00e9rias relacionadas ao desenvolvimento da cidade, examinando e emitindo pareceres sobre temas como outorga onerosa do direito de construir e de altera\u00e7\u00e3o de uso, al\u00e9m de opinar sobre assuntos previstos na legisla\u00e7\u00e3o urban\u00edstica complementar.<\/p>\n\n\n\n<p>Com composi\u00e7\u00e3o intersetorial, a comiss\u00e3o re\u00fane representantes de \u00e1reas estrat\u00e9gicas da administra\u00e7\u00e3o municipal, assegurando avalia\u00e7\u00f5es t\u00e9cnicas integradas, alinhadas \u00e0s diretrizes do Plano Diretor e ao ordenamento do territ\u00f3rio de Manaus.<\/p>\n\n\n\n<p>Ao todo, s\u00e3o oito membros, com suplentes, das principais secretarias e \u00f3rg\u00e3os municipais com representatividade junto ao sistema: al\u00e9m do Implurb, a Procuradoria-Geral do Munic\u00edpio (PGM); Instituto Municipal de Mobilidade Urbana (IMMU), com tr\u00e2nsito e transporte; Funda\u00e7\u00e3o Municipal de Cultura, Turismo e Eventos (ManausCult); e as secretarias municipais de Meio Ambiente (Semmas); Finan\u00e7as (Semef); e Infraestrutura (Seminf).<\/p>\n\n\n\n<p>&#8212; &#8212; &#8212;<\/p>\n\n\n\n<p><strong>Texto<\/strong>&nbsp;\u2013 Claudia do Valle \/&nbsp;Implurb<\/p>\n\n\n\n<p><strong>Fotos<\/strong>&nbsp;\u2013 Divulga\u00e7\u00e3o<\/p>\n","protected":false},"excerpt":{"rendered":"","protected":false},"author":23,"featured_media":251085,"comment_status":"closed","ping_status":"closed","sticky":false,"template":"","format":"standard","meta":{"footnotes":""},"categories":[407],"tags":[18575,65,1359,653,77],"acf":[],"yoast_head":"<!-- This site is optimized with the Yoast SEO plugin v23.0 - https:\/\/yoast.com\/wordpress\/plugins\/seo\/ -->\n<title>Comiss\u00e3o do sistema de licenciamento da Prefeitura de Manaus tem alta de 11% nas an\u00e1lises de 2025<\/title>\n<meta name=\"description\" content=\"A Prefeitura de Manaus, via Instituto Municipal de Planejamento Urbano (Implurb), teve um incremento de 11,6% no n\u00famero de processos analisados pela Comiss\u00e3o T\u00e9cnica de Planejamento e Controle Urbano (CTPCU), de janeiro a dezembro de 2025, comparando com igual per\u00edodo de 2024.\" \/>\n<meta name=\"robots\" content=\"index, follow, max-snippet:-1, max-image-preview:large, max-video-preview:-1\" \/>\n<link rel=\"canonical\" href=\"https:\/\/www.manaus.am.gov.br\/semcom\/prefeitura-implurb-licenciamento-5\/\" \/>\n<meta property=\"og:locale\" content=\"pt_BR\" \/>\n<meta property=\"og:type\" content=\"article\" \/>\n<meta property=\"og:title\" content=\"Comiss\u00e3o do sistema de licenciamento da Prefeitura de Manaus tem alta de 11% nas an\u00e1lises de 2025\" \/>\n<meta property=\"og:description\" content=\"A Prefeitura de Manaus, via Instituto Municipal de Planejamento Urbano (Implurb), teve um incremento de 11,6% no n\u00famero de processos analisados pela Comiss\u00e3o T\u00e9cnica de Planejamento e Controle Urbano (CTPCU), de janeiro a dezembro de 2025, comparando com igual per\u00edodo de 2024.\" \/>\n<meta property=\"og:url\" content=\"https:\/\/www.manaus.am.gov.br\/semcom\/prefeitura-implurb-licenciamento-5\/\" \/>\n<meta property=\"og:site_name\" content=\"SEMCOM\" \/>\n<meta property=\"article:published_time\" content=\"2026-01-19T14:45:45+00:00\" \/>\n<meta property=\"article:modified_time\" content=\"2026-01-19T18:46:44+00:00\" \/>\n<meta property=\"og:image\" content=\"https:\/\/www.manaus.am.gov.br\/semcom\/wp-content\/uploads\/sites\/5\/2026\/01\/WhatsApp-Image-2026-01-19-at-10.42.43-1.jpeg\" \/>\n\t<meta property=\"og:image:width\" content=\"1280\" \/>\n\t<meta property=\"og:image:height\" content=\"960\" \/>\n\t<meta property=\"og:image:type\" content=\"image\/jpeg\" \/>\n<meta name=\"author\" content=\"Adriana Costa\" \/>\n<meta name=\"twitter:card\" content=\"summary_large_image\" \/>\n<meta name=\"twitter:label1\" content=\"Written by\" \/>\n\t<meta name=\"twitter:data1\" content=\"Adriana Costa\" \/>\n\t<meta name=\"twitter:label2\" content=\"Est. reading time\" \/>\n\t<meta name=\"twitter:data2\" content=\"3 minutos\" \/>\n<script type=\"application\/ld+json\" class=\"yoast-schema-graph\">{\"@context\":\"https:\/\/schema.org\",\"@graph\":[{\"@type\":\"WebPage\",\"@id\":\"https:\/\/www.manaus.am.gov.br\/semcom\/prefeitura-implurb-licenciamento-5\/\",\"url\":\"https:\/\/www.manaus.am.gov.br\/semcom\/prefeitura-implurb-licenciamento-5\/\",\"name\":\"Comiss\u00e3o do sistema de licenciamento da Prefeitura de Manaus tem alta de 11% nas an\u00e1lises de 2025\",\"isPartOf\":{\"@id\":\"https:\/\/www.manaus.am.gov.br\/semcom\/#website\"},\"primaryImageOfPage\":{\"@id\":\"https:\/\/www.manaus.am.gov.br\/semcom\/prefeitura-implurb-licenciamento-5\/#primaryimage\"},\"image\":{\"@id\":\"https:\/\/www.manaus.am.gov.br\/semcom\/prefeitura-implurb-licenciamento-5\/#primaryimage\"},\"thumbnailUrl\":\"https:\/\/www.manaus.am.gov.br\/semcom\/wp-content\/uploads\/sites\/5\/2026\/01\/WhatsApp-Image-2026-01-19-at-10.42.43-1.jpeg\",\"datePublished\":\"2026-01-19T14:45:45+00:00\",\"dateModified\":\"2026-01-19T18:46:44+00:00\",\"author\":{\"@id\":\"https:\/\/www.manaus.am.gov.br\/semcom\/#\/schema\/person\/4e49f4e267757a06ca072ec61b2b9968\"},\"description\":\"A Prefeitura de Manaus, via Instituto Municipal de Planejamento Urbano (Implurb), teve um incremento de 11,6% no n\u00famero de processos analisados pela Comiss\u00e3o T\u00e9cnica de Planejamento e Controle Urbano (CTPCU), de janeiro a dezembro de 2025, comparando com igual per\u00edodo de 2024.\",\"inLanguage\":\"pt-BR\",\"potentialAction\":[{\"@type\":\"ReadAction\",\"target\":[\"https:\/\/www.manaus.am.gov.br\/semcom\/prefeitura-implurb-licenciamento-5\/\"]}]},{\"@type\":\"ImageObject\",\"inLanguage\":\"pt-BR\",\"@id\":\"https:\/\/www.manaus.am.gov.br\/semcom\/prefeitura-implurb-licenciamento-5\/#primaryimage\",\"url\":\"https:\/\/www.manaus.am.gov.br\/semcom\/wp-content\/uploads\/sites\/5\/2026\/01\/WhatsApp-Image-2026-01-19-at-10.42.43-1.jpeg\",\"contentUrl\":\"https:\/\/www.manaus.am.gov.br\/semcom\/wp-content\/uploads\/sites\/5\/2026\/01\/WhatsApp-Image-2026-01-19-at-10.42.43-1.jpeg\",\"width\":1280,\"height\":960,\"caption\":\"Diretor de Planejamento do Implurb, Pedro Paulo Cordeiro, em reuni\u00e3o on-line da CTPCU\"},{\"@type\":\"WebSite\",\"@id\":\"https:\/\/www.manaus.am.gov.br\/semcom\/#website\",\"url\":\"https:\/\/www.manaus.am.gov.br\/semcom\/\",\"name\":\"SEMCOM\",\"description\":\"Secretaria Municipal de Comunica\u00e7\u00e3o\",\"potentialAction\":[{\"@type\":\"SearchAction\",\"target\":{\"@type\":\"EntryPoint\",\"urlTemplate\":\"https:\/\/www.manaus.am.gov.br\/semcom\/?s={search_term_string}\"},\"query-input\":\"required name=search_term_string\"}],\"inLanguage\":\"pt-BR\"},{\"@type\":\"Person\",\"@id\":\"https:\/\/www.manaus.am.gov.br\/semcom\/#\/schema\/person\/4e49f4e267757a06ca072ec61b2b9968\",\"name\":\"Adriana Costa\",\"image\":{\"@type\":\"ImageObject\",\"inLanguage\":\"pt-BR\",\"@id\":\"https:\/\/www.manaus.am.gov.br\/semcom\/#\/schema\/person\/image\/\",\"url\":\"https:\/\/secure.gravatar.com\/avatar\/576258617ef7194f718179e766d57bd4?s=96&d=mm&r=g\",\"contentUrl\":\"https:\/\/secure.gravatar.com\/avatar\/576258617ef7194f718179e766d57bd4?s=96&d=mm&r=g\",\"caption\":\"Adriana Costa\"}}]}<\/script>\n<!-- \/ Yoast SEO plugin. -->","yoast_head_json":{"title":"Comiss\u00e3o do sistema de licenciamento da Prefeitura de Manaus tem alta de 11% nas an\u00e1lises de 2025","description":"A Prefeitura de Manaus, via Instituto Municipal de Planejamento Urbano (Implurb), teve um incremento de 11,6% no n\u00famero de processos analisados pela Comiss\u00e3o T\u00e9cnica de Planejamento e Controle Urbano (CTPCU), de janeiro a dezembro de 2025, comparando com igual per\u00edodo de 2024.","robots":{"index":"index","follow":"follow","max-snippet":"max-snippet:-1","max-image-preview":"max-image-preview:large","max-video-preview":"max-video-preview:-1"},"canonical":"https:\/\/www.manaus.am.gov.br\/semcom\/prefeitura-implurb-licenciamento-5\/","og_locale":"pt_BR","og_type":"article","og_title":"Comiss\u00e3o do sistema de licenciamento da Prefeitura de Manaus tem alta de 11% nas an\u00e1lises de 2025","og_description":"A Prefeitura de Manaus, via Instituto Municipal de Planejamento Urbano (Implurb), teve um incremento de 11,6% no n\u00famero de processos analisados pela Comiss\u00e3o T\u00e9cnica de Planejamento e Controle Urbano (CTPCU), de janeiro a dezembro de 2025, comparando com igual per\u00edodo de 2024.","og_url":"https:\/\/www.manaus.am.gov.br\/semcom\/prefeitura-implurb-licenciamento-5\/","og_site_name":"SEMCOM","article_published_time":"2026-01-19T14:45:45+00:00","article_modified_time":"2026-01-19T18:46:44+00:00","og_image":[{"width":1280,"height":960,"url":"https:\/\/www.manaus.am.gov.br\/semcom\/wp-content\/uploads\/sites\/5\/2026\/01\/WhatsApp-Image-2026-01-19-at-10.42.43-1.jpeg","type":"image\/jpeg"}],"author":"Adriana Costa","twitter_card":"summary_large_image","twitter_misc":{"Written by":"Adriana Costa","Est. reading time":"3 minutos"},"schema":{"@context":"https:\/\/schema.org","@graph":[{"@type":"WebPage","@id":"https:\/\/www.manaus.am.gov.br\/semcom\/prefeitura-implurb-licenciamento-5\/","url":"https:\/\/www.manaus.am.gov.br\/semcom\/prefeitura-implurb-licenciamento-5\/","name":"Comiss\u00e3o do sistema de licenciamento da Prefeitura de Manaus tem alta de 11% nas an\u00e1lises de 2025","isPartOf":{"@id":"https:\/\/www.manaus.am.gov.br\/semcom\/#website"},"primaryImageOfPage":{"@id":"https:\/\/www.manaus.am.gov.br\/semcom\/prefeitura-implurb-licenciamento-5\/#primaryimage"},"image":{"@id":"https:\/\/www.manaus.am.gov.br\/semcom\/prefeitura-implurb-licenciamento-5\/#primaryimage"},"thumbnailUrl":"https:\/\/www.manaus.am.gov.br\/semcom\/wp-content\/uploads\/sites\/5\/2026\/01\/WhatsApp-Image-2026-01-19-at-10.42.43-1.jpeg","datePublished":"2026-01-19T14:45:45+00:00","dateModified":"2026-01-19T18:46:44+00:00","author":{"@id":"https:\/\/www.manaus.am.gov.br\/semcom\/#\/schema\/person\/4e49f4e267757a06ca072ec61b2b9968"},"description":"A Prefeitura de Manaus, via Instituto Municipal de Planejamento Urbano (Implurb), teve um incremento de 11,6% no n\u00famero de processos analisados pela Comiss\u00e3o T\u00e9cnica de Planejamento e Controle Urbano (CTPCU), de janeiro a dezembro de 2025, comparando com igual per\u00edodo de 2024.","inLanguage":"pt-BR","potentialAction":[{"@type":"ReadAction","target":["https:\/\/www.manaus.am.gov.br\/semcom\/prefeitura-implurb-licenciamento-5\/"]}]},{"@type":"ImageObject","inLanguage":"pt-BR","@id":"https:\/\/www.manaus.am.gov.br\/semcom\/prefeitura-implurb-licenciamento-5\/#primaryimage","url":"https:\/\/www.manaus.am.gov.br\/semcom\/wp-content\/uploads\/sites\/5\/2026\/01\/WhatsApp-Image-2026-01-19-at-10.42.43-1.jpeg","contentUrl":"https:\/\/www.manaus.am.gov.br\/semcom\/wp-content\/uploads\/sites\/5\/2026\/01\/WhatsApp-Image-2026-01-19-at-10.42.43-1.jpeg","width":1280,"height":960,"caption":"Diretor de Planejamento do Implurb, Pedro Paulo Cordeiro, em reuni\u00e3o on-line da CTPCU"},{"@type":"WebSite","@id":"https:\/\/www.manaus.am.gov.br\/semcom\/#website","url":"https:\/\/www.manaus.am.gov.br\/semcom\/","name":"SEMCOM","description":"Secretaria Municipal de Comunica\u00e7\u00e3o","potentialAction":[{"@type":"SearchAction","target":{"@type":"EntryPoint","urlTemplate":"https:\/\/www.manaus.am.gov.br\/semcom\/?s={search_term_string}"},"query-input":"required name=search_term_string"}],"inLanguage":"pt-BR"},{"@type":"Person","@id":"https:\/\/www.manaus.am.gov.br\/semcom\/#\/schema\/person\/4e49f4e267757a06ca072ec61b2b9968","name":"Adriana Costa","image":{"@type":"ImageObject","inLanguage":"pt-BR","@id":"https:\/\/www.manaus.am.gov.br\/semcom\/#\/schema\/person\/image\/","url":"https:\/\/secure.gravatar.com\/avatar\/576258617ef7194f718179e766d57bd4?s=96&d=mm&r=g","contentUrl":"https:\/\/secure.gravatar.com\/avatar\/576258617ef7194f718179e766d57bd4?s=96&d=mm&r=g","caption":"Adriana Costa"}}]}},"_links":{"self":[{"href":"https:\/\/www.manaus.am.gov.br\/semcom\/wp-json\/wp\/v2\/posts\/251084"}],"collection":[{"href":"https:\/\/www.manaus.am.gov.br\/semcom\/wp-json\/wp\/v2\/posts"}],"about":[{"href":"https:\/\/www.manaus.am.gov.br\/semcom\/wp-json\/wp\/v2\/types\/post"}],"author":[{"embeddable":true,"href":"https:\/\/www.manaus.am.gov.br\/semcom\/wp-json\/wp\/v2\/users\/23"}],"replies":[{"embeddable":true,"href":"https:\/\/www.manaus.am.gov.br\/semcom\/wp-json\/wp\/v2\/comments?post=251084"}],"version-history":[{"count":1,"href":"https:\/\/www.manaus.am.gov.br\/semcom\/wp-json\/wp\/v2\/posts\/251084\/revisions"}],"predecessor-version":[{"id":251146,"href":"https:\/\/www.manaus.am.gov.br\/semcom\/wp-json\/wp\/v2\/posts\/251084\/revisions\/251146"}],"wp:featuredmedia":[{"embeddable":true,"href":"https:\/\/www.manaus.am.gov.br\/semcom\/wp-json\/wp\/v2\/media\/251085"}],"wp:attachment":[{"href":"https:\/\/www.manaus.am.gov.br\/semcom\/wp-json\/wp\/v2\/media?parent=251084"}],"wp:term":[{"taxonomy":"category","embeddable":true,"href":"https:\/\/www.manaus.am.gov.br\/semcom\/wp-json\/wp\/v2\/categories?post=251084"},{"taxonomy":"post_tag","embeddable":true,"href":"https:\/\/www.manaus.am.gov.br\/semcom\/wp-json\/wp\/v2\/tags?post=251084"}],"curies":[{"name":"wp","href":"https:\/\/api.w.org\/{rel}","templated":true}]}}