{"id":251064,"date":"2026-01-17T18:31:35","date_gmt":"2026-01-17T22:31:35","guid":{"rendered":"https:\/\/www.manaus.am.gov.br\/semcom\/mutirao-limpeza-zona-sul\/"},"modified":"2026-01-17T19:35:26","modified_gmt":"2026-01-17T22:35:26","slug":"mutirao-limpeza-zona-sul","status":"publish","type":"post","link":"https:\/\/www.manaus.am.gov.br\/semcom\/mutirao-limpeza-zona-sul\/","title":{"rendered":"Prefeitura de Manaus realiza grande mutir\u00e3o de limpeza na zona Sul e consolida a\u00e7\u00f5es realizadas durante a semana"},"content":{"rendered":"\n<p>A Prefeitura de Manaus, por meio da Secretaria Municipal de Limpeza Urbana (Semulsp), encerrou, neste s\u00e1bado, 17\/1, a primeira semana de mobiliza\u00e7\u00e3o na zona Sul com grande mutir\u00e3o de limpeza. Cerca de 600 servidores atuaram simultaneamente em diversas frentes de trabalho, promovendo revitaliza\u00e7\u00e3o urbana, educa\u00e7\u00e3o e ambiental em importantes vias da regi\u00e3o, como a avenida Louren\u00e7o da Silva Braga, alameda S\u00e3o Benedito e a avenida Leopoldo Peres.<\/p>\n\n\n\n<p>As equipes realizaram a limpeza completa das margens do igarap\u00e9 do Educandos, ao longo da avenida Louren\u00e7o da Silva Braga, no trecho que vai da Manaus Moderna at\u00e9 o bairro Cachoeirinha. Tamb\u00e9m houve servi\u00e7os de capina\u00e7\u00e3o, poda e remo\u00e7\u00e3o no parque Mestre Chico, al\u00e9m da revitaliza\u00e7\u00e3o do monumento do parque. Outro destaque foi a implanta\u00e7\u00e3o de um jardim ecol\u00f3gico no v\u00e3o da ponte do Educandos, onde antes funcionava um dep\u00f3sito irregular de pneus, com a elimina\u00e7\u00e3o de lixeiras clandestinas espalhadas pela \u00e1rea.<\/p>\n\n\n\n<p>Paralelamente \u00e0s a\u00e7\u00f5es operacionais, as equipes de Educa\u00e7\u00e3o Ambiental da Semulsp percorreram resid\u00eancias e estabelecimentos comerciais nos bairros Educandos, Morro da Liberdade e Bet\u00e2nia, levando orienta\u00e7\u00f5es \u00e0 popula\u00e7\u00e3o sobre descarte correto do lixo, hor\u00e1rios da coleta domiciliar, separa\u00e7\u00e3o de res\u00edduos, coleta seletiva e reciclagem. A iniciativa buscou conscientizar moradores e comerciantes, prevenindo o descarte irregular e a forma\u00e7\u00e3o de novas lixeiras viciadas.<\/p>\n\n\n\n<p>As a\u00e7\u00f5es acontecem em paralelo \u00e0 implanta\u00e7\u00e3o do primeiro ecoponto da Semulsp, instalado em um pr\u00e9dio p\u00fablico abandonado no bairro Educandos. O espa\u00e7o funcionar\u00e1 tamb\u00e9m como unidade descentralizada da secretaria, reunindo todos os servi\u00e7os da Semulsp para atendimento da zona Sul de Manaus.<\/p>\n\n\n\n<figure class=\"wp-block-image size-large\"><img loading=\"lazy\" decoding=\"async\" width=\"1024\" height=\"683\" src=\"https:\/\/www.manaus.am.gov.br\/semcom\/wp-content\/uploads\/sites\/5\/2026\/01\/Mutirao-5-1024x683.jpg\" alt=\"\" class=\"wp-image-251069\" srcset=\"https:\/\/www.manaus.am.gov.br\/semcom\/wp-content\/uploads\/sites\/5\/2026\/01\/Mutirao-5-1024x683.jpg 1024w, https:\/\/www.manaus.am.gov.br\/semcom\/wp-content\/uploads\/sites\/5\/2026\/01\/Mutirao-5-300x200.jpg 300w, https:\/\/www.manaus.am.gov.br\/semcom\/wp-content\/uploads\/sites\/5\/2026\/01\/Mutirao-5-768x512.jpg 768w, https:\/\/www.manaus.am.gov.br\/semcom\/wp-content\/uploads\/sites\/5\/2026\/01\/Mutirao-5-1536x1024.jpg 1536w, https:\/\/www.manaus.am.gov.br\/semcom\/wp-content\/uploads\/sites\/5\/2026\/01\/Mutirao-5.jpg 2048w\" sizes=\"(max-width: 1024px) 100vw, 1024px\" \/><figcaption class=\"wp-element-caption\">#paratodosverem &#8211; Jardim ecol\u00f3gico<\/figcaption><\/figure>\n\n\n\n<p><strong>Gest\u00e3o<\/strong><\/p>\n\n\n\n<p>O secret\u00e1rio municipal de Limpeza Urbana, Sab\u00e1 Reis, destacou que a iniciativa integra a pol\u00edtica de transforma\u00e7\u00e3o urbana liderada pelo prefeito David Almeida.<\/p>\n\n\n\n<p>\u201cEsse trabalho faz parte do compromisso do prefeito David Almeida com uma Manaus mais limpa, organizada e humana. Estamos mudando a paisagem, mas principalmente a consci\u00eancia da popula\u00e7\u00e3o. O Ecoponto do Educandos vai permitir que as pessoas descartem corretamente seus res\u00edduos, evitando o entupimento de bueiros, a polui\u00e7\u00e3o dos igarap\u00e9s e a forma\u00e7\u00e3o de lixeiras viciadas. O trabalho de educa\u00e7\u00e3o ambiental \u00e9 essencial para que essa mudan\u00e7a seja permanente\u201d, afirmou.<\/p>\n\n\n\n<p>Segundo Sab\u00e1, a orienta\u00e7\u00e3o \u00e0 popula\u00e7\u00e3o \u00e9 uma diretriz da gest\u00e3o municipal. \u201cPor determina\u00e7\u00e3o do prefeito David Almeida, a Semulsp est\u00e1 cada vez mais presente nos bairros, dialogando com a comunidade, mostrando como fazer o descarte correto, como separar o lixo e valorizar a reciclagem. N\u00e3o adianta s\u00f3 limpar. \u00c9 preciso educar para transformar\u201d, completou.<\/p>\n\n\n\n<figure class=\"wp-block-image size-large\"><img loading=\"lazy\" decoding=\"async\" width=\"1024\" height=\"683\" src=\"https:\/\/www.manaus.am.gov.br\/semcom\/wp-content\/uploads\/sites\/5\/2026\/01\/Mutirao-2-1024x683.jpg\" alt=\"\" class=\"wp-image-251068\" srcset=\"https:\/\/www.manaus.am.gov.br\/semcom\/wp-content\/uploads\/sites\/5\/2026\/01\/Mutirao-2-1024x683.jpg 1024w, https:\/\/www.manaus.am.gov.br\/semcom\/wp-content\/uploads\/sites\/5\/2026\/01\/Mutirao-2-300x200.jpg 300w, https:\/\/www.manaus.am.gov.br\/semcom\/wp-content\/uploads\/sites\/5\/2026\/01\/Mutirao-2-768x512.jpg 768w, https:\/\/www.manaus.am.gov.br\/semcom\/wp-content\/uploads\/sites\/5\/2026\/01\/Mutirao-2-1536x1024.jpg 1536w, https:\/\/www.manaus.am.gov.br\/semcom\/wp-content\/uploads\/sites\/5\/2026\/01\/Mutirao-2.jpg 2048w\" sizes=\"(max-width: 1024px) 100vw, 1024px\" \/><figcaption class=\"wp-element-caption\">#paratodosverem &#8211; Mutir\u00e3o de limpeza<\/figcaption><\/figure>\n\n\n\n<p><strong>Aprova\u00e7\u00e3o da comunidade<\/strong><\/p>\n\n\n\n<p>Moradora do bairro Educandos, Maria do Socorro Ferreira da Silva aprovou a iniciativa da prefeitura. \u201cEu acho muito bom, porque a imund\u00edcie que ficava aqui era horr\u00edvel. Agora, com essa limpeza, fica muito melhor. \u00c9 importante que as pessoas usem essa coleta, porque isso aqui \u00e9 bonito e n\u00e3o merece ficar sujo\u201d, disse.<\/p>\n\n\n\n<p>Ela acredita que a mudan\u00e7a ser\u00e1 duradoura. \u201cEspero que agora n\u00e3o acumule mais sujeira. A gente precisa cuidar, porque \u00e9 nosso\u201d, completou.<\/p>\n\n\n\n<p>A pedagoga Francisca Sousa Pereira tamb\u00e9m elogiou a a\u00e7\u00e3o da prefeitura e relatou a mudan\u00e7a na sensa\u00e7\u00e3o de seguran\u00e7a, principalmente na \u00e1rea da alameda S\u00e3o Benedito.<\/p>\n\n\n\n<p>\u201cAjudou muito, porque isso aqui estava abandonado. \u00c9 uma \u00e1rea bonita, mas estava desvalorizada, com moradores em situa\u00e7\u00e3o de rua e usu\u00e1rios de drogas. Agora melhorou bastante, d\u00e1 mais seguran\u00e7a para quem passa por aqui. Eu aprovo, sim, essa iniciativa da prefeitura. Est\u00e1 fazendo a diferen\u00e7a para a comunidade\u201d, comemorou.<\/p>\n\n\n\n<figure class=\"wp-block-image size-large\"><img loading=\"lazy\" decoding=\"async\" width=\"1024\" height=\"683\" src=\"https:\/\/www.manaus.am.gov.br\/semcom\/wp-content\/uploads\/sites\/5\/2026\/01\/Mutirao-4-1024x683.jpg\" alt=\"\" class=\"wp-image-251067\" srcset=\"https:\/\/www.manaus.am.gov.br\/semcom\/wp-content\/uploads\/sites\/5\/2026\/01\/Mutirao-4-1024x683.jpg 1024w, https:\/\/www.manaus.am.gov.br\/semcom\/wp-content\/uploads\/sites\/5\/2026\/01\/Mutirao-4-300x200.jpg 300w, https:\/\/www.manaus.am.gov.br\/semcom\/wp-content\/uploads\/sites\/5\/2026\/01\/Mutirao-4-768x512.jpg 768w, https:\/\/www.manaus.am.gov.br\/semcom\/wp-content\/uploads\/sites\/5\/2026\/01\/Mutirao-4-1536x1024.jpg 1536w, https:\/\/www.manaus.am.gov.br\/semcom\/wp-content\/uploads\/sites\/5\/2026\/01\/Mutirao-4.jpg 2048w\" sizes=\"(max-width: 1024px) 100vw, 1024px\" \/><figcaption class=\"wp-element-caption\">#paratodosverem &#8211; Agente de educa\u00e7\u00e3o ambiental conversando com moradora<\/figcaption><\/figure>\n\n\n\n<p><strong>Coletores comunit\u00e1rios<\/strong><\/p>\n\n\n\n<p>Al\u00e9m da elimina\u00e7\u00e3o de pontos de descarte irregular, a prefeitura instalou coletores comunit\u00e1rios em locais estrat\u00e9gicos dos bairros Morro da Liberdade, Bet\u00e2nia e Educandos, facilitando o descarte correto do lixo pela popula\u00e7\u00e3o e reduzindo a reincid\u00eancia de lixeiras clandestinas.<\/p>\n\n\n\n<p><strong>A\u00e7\u00e3o integrada e abordagem social<\/strong><\/p>\n\n\n\n<p>Durante a semana, a mobiliza\u00e7\u00e3o contou com a participa\u00e7\u00e3o da Secretaria Municipal de Infraestrutura (Seminf), Secretaria Municipal de Agricultura, Abastecimento, Centro e Com\u00e9rcio Informal (Semacc), Secretaria Municipal da Mulher, Assist\u00eancia Social e Cidadania (Semasc), Fundo Manaus Solid\u00e1ria (FMS), Instituto Municipal Mobilidade Urbana (IMMU), Guarda Municipal, al\u00e9m da Defensoria P\u00fablica, refor\u00e7ando o car\u00e1ter social e preventivo da opera\u00e7\u00e3o.<\/p>\n\n\n\n<p>No Morro da Liberdade, especialmente na alameda S\u00e3o Benedito, foram realizadas 33 abordagens sociais a pessoas em situa\u00e7\u00e3o de rua.<\/p>\n\n\n\n<p>Dessas abordagens, houve 14 encaminhamentos para unidades de acolhimento.<\/p>\n\n\n\n<p>Durante a opera\u00e7\u00e3o tamb\u00e9m foram registradas 24 ocorr\u00eancias de constru\u00e7\u00f5es irregulares, que passar\u00e3o por acompanhamento dos \u00f3rg\u00e3os competentes.<\/p>\n\n\n\n<p><strong>Transforma\u00e7\u00e3o urbana permanente<\/strong><\/p>\n\n\n\n<p>A Prefeitura de Manaus refor\u00e7a que a a\u00e7\u00e3o no Educandos integra um conjunto de interven\u00e7\u00f5es permanentes na cidade, que unem limpeza urbana, revitaliza\u00e7\u00e3o de espa\u00e7os p\u00fablicos, inclus\u00e3o social e educa\u00e7\u00e3o ambiental.<\/p>\n\n\n\n<p>\u201cN\u00e3o \u00e9 s\u00f3 limpeza, \u00e9 dignidade, cuidado com as pessoas e respeito com o meio ambiente. Estamos devolvendo esses espa\u00e7os para quem realmente precisa deles, a popula\u00e7\u00e3o\u201d, concluiu Sab\u00e1 Reis.<\/p>\n\n\n\n<figure class=\"wp-block-image size-large\"><img loading=\"lazy\" decoding=\"async\" width=\"1024\" height=\"768\" src=\"https:\/\/www.manaus.am.gov.br\/semcom\/wp-content\/uploads\/sites\/5\/2026\/01\/Mutirao-1-1024x768.jpeg\" alt=\"\" class=\"wp-image-251066\" srcset=\"https:\/\/www.manaus.am.gov.br\/semcom\/wp-content\/uploads\/sites\/5\/2026\/01\/Mutirao-1-1024x768.jpeg 1024w, https:\/\/www.manaus.am.gov.br\/semcom\/wp-content\/uploads\/sites\/5\/2026\/01\/Mutirao-1-300x225.jpeg 300w, https:\/\/www.manaus.am.gov.br\/semcom\/wp-content\/uploads\/sites\/5\/2026\/01\/Mutirao-1-768x576.jpeg 768w, https:\/\/www.manaus.am.gov.br\/semcom\/wp-content\/uploads\/sites\/5\/2026\/01\/Mutirao-1-1536x1152.jpeg 1536w, https:\/\/www.manaus.am.gov.br\/semcom\/wp-content\/uploads\/sites\/5\/2026\/01\/Mutirao-1.jpeg 1600w\" sizes=\"(max-width: 1024px) 100vw, 1024px\" \/><figcaption class=\"wp-element-caption\">#paratodosverem &#8211; Servi\u00e7o de limpeza<\/figcaption><\/figure>\n\n\n\n<p>&#8212; &#8212; &#8212;<\/p>\n\n\n\n<p><strong>Texto<\/strong> &#8211; Dora Tupinamb\u00e1\/Semulsp<\/p>\n\n\n\n<p><strong>Fotos <\/strong>&#8211; Valdo Le\u00e3o\/Semcom<\/p>\n\n\n\n<p><strong>Dispon\u00edveis em &#8211; <\/strong><a href=\"https:\/\/flic.kr\/s\/aHBqjCGME9\">https:\/\/flic.kr\/s\/aHBqjCGME9<\/a> e <a href=\"https:\/\/flic.kr\/s\/aHBqjCGTGr\">https:\/\/flic.kr\/s\/aHBqjCGTGr<\/a><\/p>\n","protected":false},"excerpt":{"rendered":"","protected":false},"author":39,"featured_media":251065,"comment_status":"closed","ping_status":"closed","sticky":false,"template":"","format":"standard","meta":{"footnotes":""},"categories":[1453],"tags":[18950,18951,18952,18953,77,301,93],"acf":[],"yoast_head":"<!-- This site is optimized with the Yoast SEO plugin v23.0 - https:\/\/yoast.com\/wordpress\/plugins\/seo\/ -->\n<title>Prefeitura realiza grande mutir\u00e3o de limpeza na zona Sul<\/title>\n<meta name=\"description\" content=\"Prefeitura de Manaus realiza grande mutir\u00e3o de limpeza na zona Sul e consolida a\u00e7\u00f5es realizadas durante a semana.\" \/>\n<meta name=\"robots\" content=\"index, follow, max-snippet:-1, max-image-preview:large, max-video-preview:-1\" \/>\n<link rel=\"canonical\" href=\"https:\/\/www.manaus.am.gov.br\/semcom\/mutirao-limpeza-zona-sul\/\" \/>\n<meta property=\"og:locale\" content=\"pt_BR\" \/>\n<meta property=\"og:type\" content=\"article\" \/>\n<meta property=\"og:title\" content=\"Prefeitura realiza grande mutir\u00e3o de limpeza na zona Sul\" \/>\n<meta property=\"og:description\" content=\"Prefeitura de Manaus realiza grande mutir\u00e3o de limpeza na zona Sul e consolida a\u00e7\u00f5es realizadas durante a semana.\" \/>\n<meta property=\"og:url\" content=\"https:\/\/www.manaus.am.gov.br\/semcom\/mutirao-limpeza-zona-sul\/\" \/>\n<meta property=\"og:site_name\" content=\"SEMCOM\" \/>\n<meta property=\"article:published_time\" content=\"2026-01-17T22:31:35+00:00\" \/>\n<meta property=\"article:modified_time\" content=\"2026-01-17T22:35:26+00:00\" \/>\n<meta property=\"og:image\" content=\"https:\/\/www.manaus.am.gov.br\/semcom\/wp-content\/uploads\/sites\/5\/2026\/01\/Mutirao-2.jpeg\" \/>\n\t<meta property=\"og:image:width\" content=\"1600\" \/>\n\t<meta property=\"og:image:height\" content=\"900\" \/>\n\t<meta property=\"og:image:type\" content=\"image\/jpeg\" \/>\n<meta name=\"author\" content=\"Bruna Greco\" \/>\n<meta name=\"twitter:card\" content=\"summary_large_image\" \/>\n<meta name=\"twitter:label1\" content=\"Written by\" \/>\n\t<meta name=\"twitter:data1\" content=\"Bruna Greco\" \/>\n\t<meta name=\"twitter:label2\" content=\"Est. reading time\" \/>\n\t<meta name=\"twitter:data2\" content=\"6 minutos\" \/>\n<script type=\"application\/ld+json\" class=\"yoast-schema-graph\">{\"@context\":\"https:\/\/schema.org\",\"@graph\":[{\"@type\":\"WebPage\",\"@id\":\"https:\/\/www.manaus.am.gov.br\/semcom\/mutirao-limpeza-zona-sul\/\",\"url\":\"https:\/\/www.manaus.am.gov.br\/semcom\/mutirao-limpeza-zona-sul\/\",\"name\":\"Prefeitura realiza grande mutir\u00e3o de limpeza na zona Sul\",\"isPartOf\":{\"@id\":\"https:\/\/www.manaus.am.gov.br\/semcom\/#website\"},\"primaryImageOfPage\":{\"@id\":\"https:\/\/www.manaus.am.gov.br\/semcom\/mutirao-limpeza-zona-sul\/#primaryimage\"},\"image\":{\"@id\":\"https:\/\/www.manaus.am.gov.br\/semcom\/mutirao-limpeza-zona-sul\/#primaryimage\"},\"thumbnailUrl\":\"https:\/\/www.manaus.am.gov.br\/semcom\/wp-content\/uploads\/sites\/5\/2026\/01\/Mutirao-2.jpeg\",\"datePublished\":\"2026-01-17T22:31:35+00:00\",\"dateModified\":\"2026-01-17T22:35:26+00:00\",\"author\":{\"@id\":\"https:\/\/www.manaus.am.gov.br\/semcom\/#\/schema\/person\/05d223aea2bf115f9883a6ff3683d81b\"},\"description\":\"Prefeitura de Manaus realiza grande mutir\u00e3o de limpeza na zona Sul e consolida a\u00e7\u00f5es realizadas durante a semana.\",\"inLanguage\":\"pt-BR\",\"potentialAction\":[{\"@type\":\"ReadAction\",\"target\":[\"https:\/\/www.manaus.am.gov.br\/semcom\/mutirao-limpeza-zona-sul\/\"]}]},{\"@type\":\"ImageObject\",\"inLanguage\":\"pt-BR\",\"@id\":\"https:\/\/www.manaus.am.gov.br\/semcom\/mutirao-limpeza-zona-sul\/#primaryimage\",\"url\":\"https:\/\/www.manaus.am.gov.br\/semcom\/wp-content\/uploads\/sites\/5\/2026\/01\/Mutirao-2.jpeg\",\"contentUrl\":\"https:\/\/www.manaus.am.gov.br\/semcom\/wp-content\/uploads\/sites\/5\/2026\/01\/Mutirao-2.jpeg\",\"width\":1600,\"height\":900,\"caption\":\"#paratodosverem - Equipe da Semulsp realizando servi\u00e7os de limpeza na zona Sul de Manaus\"},{\"@type\":\"WebSite\",\"@id\":\"https:\/\/www.manaus.am.gov.br\/semcom\/#website\",\"url\":\"https:\/\/www.manaus.am.gov.br\/semcom\/\",\"name\":\"SEMCOM\",\"description\":\"Secretaria Municipal de Comunica\u00e7\u00e3o\",\"potentialAction\":[{\"@type\":\"SearchAction\",\"target\":{\"@type\":\"EntryPoint\",\"urlTemplate\":\"https:\/\/www.manaus.am.gov.br\/semcom\/?s={search_term_string}\"},\"query-input\":\"required name=search_term_string\"}],\"inLanguage\":\"pt-BR\"},{\"@type\":\"Person\",\"@id\":\"https:\/\/www.manaus.am.gov.br\/semcom\/#\/schema\/person\/05d223aea2bf115f9883a6ff3683d81b\",\"name\":\"Bruna Greco\",\"image\":{\"@type\":\"ImageObject\",\"inLanguage\":\"pt-BR\",\"@id\":\"https:\/\/www.manaus.am.gov.br\/semcom\/#\/schema\/person\/image\/\",\"url\":\"https:\/\/secure.gravatar.com\/avatar\/9c877d1a6adc2a055330e5c09a8653ce?s=96&d=mm&r=g\",\"contentUrl\":\"https:\/\/secure.gravatar.com\/avatar\/9c877d1a6adc2a055330e5c09a8653ce?s=96&d=mm&r=g\",\"caption\":\"Bruna Greco\"}}]}<\/script>\n<!-- \/ Yoast SEO plugin. -->","yoast_head_json":{"title":"Prefeitura realiza grande mutir\u00e3o de limpeza na zona Sul","description":"Prefeitura de Manaus realiza grande mutir\u00e3o de limpeza na zona Sul e consolida a\u00e7\u00f5es realizadas durante a semana.","robots":{"index":"index","follow":"follow","max-snippet":"max-snippet:-1","max-image-preview":"max-image-preview:large","max-video-preview":"max-video-preview:-1"},"canonical":"https:\/\/www.manaus.am.gov.br\/semcom\/mutirao-limpeza-zona-sul\/","og_locale":"pt_BR","og_type":"article","og_title":"Prefeitura realiza grande mutir\u00e3o de limpeza na zona Sul","og_description":"Prefeitura de Manaus realiza grande mutir\u00e3o de limpeza na zona Sul e consolida a\u00e7\u00f5es realizadas durante a semana.","og_url":"https:\/\/www.manaus.am.gov.br\/semcom\/mutirao-limpeza-zona-sul\/","og_site_name":"SEMCOM","article_published_time":"2026-01-17T22:31:35+00:00","article_modified_time":"2026-01-17T22:35:26+00:00","og_image":[{"width":1600,"height":900,"url":"https:\/\/www.manaus.am.gov.br\/semcom\/wp-content\/uploads\/sites\/5\/2026\/01\/Mutirao-2.jpeg","type":"image\/jpeg"}],"author":"Bruna Greco","twitter_card":"summary_large_image","twitter_misc":{"Written by":"Bruna Greco","Est. reading time":"6 minutos"},"schema":{"@context":"https:\/\/schema.org","@graph":[{"@type":"WebPage","@id":"https:\/\/www.manaus.am.gov.br\/semcom\/mutirao-limpeza-zona-sul\/","url":"https:\/\/www.manaus.am.gov.br\/semcom\/mutirao-limpeza-zona-sul\/","name":"Prefeitura realiza grande mutir\u00e3o de limpeza na zona Sul","isPartOf":{"@id":"https:\/\/www.manaus.am.gov.br\/semcom\/#website"},"primaryImageOfPage":{"@id":"https:\/\/www.manaus.am.gov.br\/semcom\/mutirao-limpeza-zona-sul\/#primaryimage"},"image":{"@id":"https:\/\/www.manaus.am.gov.br\/semcom\/mutirao-limpeza-zona-sul\/#primaryimage"},"thumbnailUrl":"https:\/\/www.manaus.am.gov.br\/semcom\/wp-content\/uploads\/sites\/5\/2026\/01\/Mutirao-2.jpeg","datePublished":"2026-01-17T22:31:35+00:00","dateModified":"2026-01-17T22:35:26+00:00","author":{"@id":"https:\/\/www.manaus.am.gov.br\/semcom\/#\/schema\/person\/05d223aea2bf115f9883a6ff3683d81b"},"description":"Prefeitura de Manaus realiza grande mutir\u00e3o de limpeza na zona Sul e consolida a\u00e7\u00f5es realizadas durante a semana.","inLanguage":"pt-BR","potentialAction":[{"@type":"ReadAction","target":["https:\/\/www.manaus.am.gov.br\/semcom\/mutirao-limpeza-zona-sul\/"]}]},{"@type":"ImageObject","inLanguage":"pt-BR","@id":"https:\/\/www.manaus.am.gov.br\/semcom\/mutirao-limpeza-zona-sul\/#primaryimage","url":"https:\/\/www.manaus.am.gov.br\/semcom\/wp-content\/uploads\/sites\/5\/2026\/01\/Mutirao-2.jpeg","contentUrl":"https:\/\/www.manaus.am.gov.br\/semcom\/wp-content\/uploads\/sites\/5\/2026\/01\/Mutirao-2.jpeg","width":1600,"height":900,"caption":"#paratodosverem - Equipe da Semulsp realizando servi\u00e7os de limpeza na zona Sul de Manaus"},{"@type":"WebSite","@id":"https:\/\/www.manaus.am.gov.br\/semcom\/#website","url":"https:\/\/www.manaus.am.gov.br\/semcom\/","name":"SEMCOM","description":"Secretaria Municipal de Comunica\u00e7\u00e3o","potentialAction":[{"@type":"SearchAction","target":{"@type":"EntryPoint","urlTemplate":"https:\/\/www.manaus.am.gov.br\/semcom\/?s={search_term_string}"},"query-input":"required name=search_term_string"}],"inLanguage":"pt-BR"},{"@type":"Person","@id":"https:\/\/www.manaus.am.gov.br\/semcom\/#\/schema\/person\/05d223aea2bf115f9883a6ff3683d81b","name":"Bruna Greco","image":{"@type":"ImageObject","inLanguage":"pt-BR","@id":"https:\/\/www.manaus.am.gov.br\/semcom\/#\/schema\/person\/image\/","url":"https:\/\/secure.gravatar.com\/avatar\/9c877d1a6adc2a055330e5c09a8653ce?s=96&d=mm&r=g","contentUrl":"https:\/\/secure.gravatar.com\/avatar\/9c877d1a6adc2a055330e5c09a8653ce?s=96&d=mm&r=g","caption":"Bruna Greco"}}]}},"_links":{"self":[{"href":"https:\/\/www.manaus.am.gov.br\/semcom\/wp-json\/wp\/v2\/posts\/251064"}],"collection":[{"href":"https:\/\/www.manaus.am.gov.br\/semcom\/wp-json\/wp\/v2\/posts"}],"about":[{"href":"https:\/\/www.manaus.am.gov.br\/semcom\/wp-json\/wp\/v2\/types\/post"}],"author":[{"embeddable":true,"href":"https:\/\/www.manaus.am.gov.br\/semcom\/wp-json\/wp\/v2\/users\/39"}],"replies":[{"embeddable":true,"href":"https:\/\/www.manaus.am.gov.br\/semcom\/wp-json\/wp\/v2\/comments?post=251064"}],"version-history":[{"count":7,"href":"https:\/\/www.manaus.am.gov.br\/semcom\/wp-json\/wp\/v2\/posts\/251064\/revisions"}],"predecessor-version":[{"id":251076,"href":"https:\/\/www.manaus.am.gov.br\/semcom\/wp-json\/wp\/v2\/posts\/251064\/revisions\/251076"}],"wp:featuredmedia":[{"embeddable":true,"href":"https:\/\/www.manaus.am.gov.br\/semcom\/wp-json\/wp\/v2\/media\/251065"}],"wp:attachment":[{"href":"https:\/\/www.manaus.am.gov.br\/semcom\/wp-json\/wp\/v2\/media?parent=251064"}],"wp:term":[{"taxonomy":"category","embeddable":true,"href":"https:\/\/www.manaus.am.gov.br\/semcom\/wp-json\/wp\/v2\/categories?post=251064"},{"taxonomy":"post_tag","embeddable":true,"href":"https:\/\/www.manaus.am.gov.br\/semcom\/wp-json\/wp\/v2\/tags?post=251064"}],"curies":[{"name":"wp","href":"https:\/\/api.w.org\/{rel}","templated":true}]}}