{"id":251062,"date":"2026-01-17T16:33:45","date_gmt":"2026-01-17T19:33:45","guid":{"rendered":"https:\/\/www.manaus.am.gov.br\/semcom\/nota-de-pesar-milton-ferreira-dos-santos\/"},"modified":"2026-01-17T16:55:21","modified_gmt":"2026-01-17T19:55:21","slug":"nota-de-pesar-milton-ferreira-dos-santos","status":"publish","type":"post","link":"https:\/\/www.manaus.am.gov.br\/semcom\/nota-de-pesar-milton-ferreira-dos-santos\/","title":{"rendered":"NOTA DE PESAR &#8211; Milton Ferreira dos Santos"},"content":{"rendered":"\n<p>O prefeito de Manaus, David Almeida, manifesta profundo pesar pela morte do jornalista e radialista Milton Ferreira dos Santos, aos 70 anos, neste s\u00e1bado, 17\/1.<\/p>\n\n\n\n<p>\u201cConheci o jornalista e radialista Milton Ferreira, o Milt\u00e3o, na \u00e9poca em que fui deputado estadual, e \u00e9 com profunda tristeza que recebo a not\u00edcia do seu falecimento. Milt\u00e3o foi um nome que marcou o jornalismo local com seu talento, irrever\u00eancia e compromisso com a informa\u00e7\u00e3o, e deixa um legado que permanecer\u00e1 vivo em nossa mem\u00f3ria\u201d, afirmou o prefeito David Almeida.<\/p>\n\n\n\n<p>Ao longo de sua trajet\u00f3ria, o aposentado Milton Ferreira se destacou profissionalmente no \u00e2mbito da Comunica\u00e7\u00e3o Social passando pela r\u00e1dio Bar\u00e9, jornal do Comm\u00e9rcio e pelas assessorias de imprensa de \u00f3rg\u00e3os como Prefeitura de Manaus, Assembleia Legislativa do Estado do Amazonas (Aleam) e Instituto Nacional do Seguro Social (INSS), al\u00e9m do Sindicato Social da escola de samba Reino Unido da Liberdade.<\/p>\n\n\n\n<p>Milton deixa um legado de credibilidade para o jornalismo local, amizade e servi\u00e7o \u00e0 sociedade manauara, al\u00e9m de saudade entre familiares, seus quatro filhos e esposa.<\/p>\n\n\n\n<p>O enterro aconteceu na tarde deste s\u00e1bado, no cemit\u00e9rio municipal Nossa Senhora Aparecida, no bairro Tarum\u00e3, zona Oeste de Manaus.<\/p>\n\n\n\n<p>&#8212; &#8212; &#8212;<\/p>\n\n\n\n<p><strong>Texto \u2013 <\/strong>Divulga\u00e7\u00e3o\/Semcom<\/p>\n","protected":false},"excerpt":{"rendered":"","protected":false},"author":39,"featured_media":231053,"comment_status":"closed","ping_status":"closed","sticky":false,"template":"","format":"standard","meta":{"footnotes":""},"categories":[80],"tags":[18948,18949,81,77],"acf":[],"yoast_head":"<!-- This site is optimized with the Yoast SEO plugin v23.0 - https:\/\/yoast.com\/wordpress\/plugins\/seo\/ -->\n<title>NOTA DE PESAR - Milton Ferreira Dos Santos<\/title>\n<meta name=\"description\" content=\"O prefeito de Manaus, David Almeida, manifesta profundo pesar pela morte do jornalista e radialista Milton Ferreira dos Santos.\" \/>\n<meta name=\"robots\" content=\"index, follow, max-snippet:-1, max-image-preview:large, max-video-preview:-1\" \/>\n<link rel=\"canonical\" href=\"https:\/\/www.manaus.am.gov.br\/semcom\/nota-de-pesar-milton-ferreira-dos-santos\/\" \/>\n<meta property=\"og:locale\" content=\"pt_BR\" \/>\n<meta property=\"og:type\" content=\"article\" \/>\n<meta property=\"og:title\" content=\"NOTA DE PESAR - Milton Ferreira Dos Santos\" \/>\n<meta property=\"og:description\" content=\"O prefeito de Manaus, David Almeida, manifesta profundo pesar pela morte do jornalista e radialista Milton Ferreira dos Santos.\" \/>\n<meta property=\"og:url\" content=\"https:\/\/www.manaus.am.gov.br\/semcom\/nota-de-pesar-milton-ferreira-dos-santos\/\" \/>\n<meta property=\"og:site_name\" content=\"SEMCOM\" \/>\n<meta property=\"article:published_time\" content=\"2026-01-17T19:33:45+00:00\" \/>\n<meta property=\"article:modified_time\" content=\"2026-01-17T19:55:21+00:00\" \/>\n<meta property=\"og:image\" content=\"https:\/\/www.manaus.am.gov.br\/semcom\/wp-content\/uploads\/sites\/5\/2024\/07\/BANNER-NOTA-PESAR.png\" \/>\n\t<meta property=\"og:image:width\" content=\"900\" \/>\n\t<meta property=\"og:image:height\" content=\"509\" \/>\n\t<meta property=\"og:image:type\" content=\"image\/png\" \/>\n<meta name=\"author\" content=\"Bruna Greco\" \/>\n<meta name=\"twitter:card\" content=\"summary_large_image\" \/>\n<meta name=\"twitter:label1\" content=\"Written by\" \/>\n\t<meta name=\"twitter:data1\" content=\"Bruna Greco\" \/>\n\t<meta name=\"twitter:label2\" content=\"Est. reading time\" \/>\n\t<meta name=\"twitter:data2\" content=\"2 minutos\" \/>\n<script type=\"application\/ld+json\" class=\"yoast-schema-graph\">{\"@context\":\"https:\/\/schema.org\",\"@graph\":[{\"@type\":\"WebPage\",\"@id\":\"https:\/\/www.manaus.am.gov.br\/semcom\/nota-de-pesar-milton-ferreira-dos-santos\/\",\"url\":\"https:\/\/www.manaus.am.gov.br\/semcom\/nota-de-pesar-milton-ferreira-dos-santos\/\",\"name\":\"NOTA DE PESAR - Milton Ferreira Dos Santos\",\"isPartOf\":{\"@id\":\"https:\/\/www.manaus.am.gov.br\/semcom\/#website\"},\"primaryImageOfPage\":{\"@id\":\"https:\/\/www.manaus.am.gov.br\/semcom\/nota-de-pesar-milton-ferreira-dos-santos\/#primaryimage\"},\"image\":{\"@id\":\"https:\/\/www.manaus.am.gov.br\/semcom\/nota-de-pesar-milton-ferreira-dos-santos\/#primaryimage\"},\"thumbnailUrl\":\"https:\/\/www.manaus.am.gov.br\/semcom\/wp-content\/uploads\/sites\/5\/2024\/07\/BANNER-NOTA-PESAR.png\",\"datePublished\":\"2026-01-17T19:33:45+00:00\",\"dateModified\":\"2026-01-17T19:55:21+00:00\",\"author\":{\"@id\":\"https:\/\/www.manaus.am.gov.br\/semcom\/#\/schema\/person\/05d223aea2bf115f9883a6ff3683d81b\"},\"description\":\"O prefeito de Manaus, David Almeida, manifesta profundo pesar pela morte do jornalista e radialista Milton Ferreira dos Santos.\",\"inLanguage\":\"pt-BR\",\"potentialAction\":[{\"@type\":\"ReadAction\",\"target\":[\"https:\/\/www.manaus.am.gov.br\/semcom\/nota-de-pesar-milton-ferreira-dos-santos\/\"]}]},{\"@type\":\"ImageObject\",\"inLanguage\":\"pt-BR\",\"@id\":\"https:\/\/www.manaus.am.gov.br\/semcom\/nota-de-pesar-milton-ferreira-dos-santos\/#primaryimage\",\"url\":\"https:\/\/www.manaus.am.gov.br\/semcom\/wp-content\/uploads\/sites\/5\/2024\/07\/BANNER-NOTA-PESAR.png\",\"contentUrl\":\"https:\/\/www.manaus.am.gov.br\/semcom\/wp-content\/uploads\/sites\/5\/2024\/07\/BANNER-NOTA-PESAR.png\",\"width\":900,\"height\":509},{\"@type\":\"WebSite\",\"@id\":\"https:\/\/www.manaus.am.gov.br\/semcom\/#website\",\"url\":\"https:\/\/www.manaus.am.gov.br\/semcom\/\",\"name\":\"SEMCOM\",\"description\":\"Secretaria Municipal de Comunica\u00e7\u00e3o\",\"potentialAction\":[{\"@type\":\"SearchAction\",\"target\":{\"@type\":\"EntryPoint\",\"urlTemplate\":\"https:\/\/www.manaus.am.gov.br\/semcom\/?s={search_term_string}\"},\"query-input\":\"required name=search_term_string\"}],\"inLanguage\":\"pt-BR\"},{\"@type\":\"Person\",\"@id\":\"https:\/\/www.manaus.am.gov.br\/semcom\/#\/schema\/person\/05d223aea2bf115f9883a6ff3683d81b\",\"name\":\"Bruna Greco\",\"image\":{\"@type\":\"ImageObject\",\"inLanguage\":\"pt-BR\",\"@id\":\"https:\/\/www.manaus.am.gov.br\/semcom\/#\/schema\/person\/image\/\",\"url\":\"https:\/\/secure.gravatar.com\/avatar\/9c877d1a6adc2a055330e5c09a8653ce?s=96&d=mm&r=g\",\"contentUrl\":\"https:\/\/secure.gravatar.com\/avatar\/9c877d1a6adc2a055330e5c09a8653ce?s=96&d=mm&r=g\",\"caption\":\"Bruna Greco\"}}]}<\/script>\n<!-- \/ Yoast SEO plugin. -->","yoast_head_json":{"title":"NOTA DE PESAR - Milton Ferreira Dos Santos","description":"O prefeito de Manaus, David Almeida, manifesta profundo pesar pela morte do jornalista e radialista Milton Ferreira dos Santos.","robots":{"index":"index","follow":"follow","max-snippet":"max-snippet:-1","max-image-preview":"max-image-preview:large","max-video-preview":"max-video-preview:-1"},"canonical":"https:\/\/www.manaus.am.gov.br\/semcom\/nota-de-pesar-milton-ferreira-dos-santos\/","og_locale":"pt_BR","og_type":"article","og_title":"NOTA DE PESAR - Milton Ferreira Dos Santos","og_description":"O prefeito de Manaus, David Almeida, manifesta profundo pesar pela morte do jornalista e radialista Milton Ferreira dos Santos.","og_url":"https:\/\/www.manaus.am.gov.br\/semcom\/nota-de-pesar-milton-ferreira-dos-santos\/","og_site_name":"SEMCOM","article_published_time":"2026-01-17T19:33:45+00:00","article_modified_time":"2026-01-17T19:55:21+00:00","og_image":[{"width":900,"height":509,"url":"https:\/\/www.manaus.am.gov.br\/semcom\/wp-content\/uploads\/sites\/5\/2024\/07\/BANNER-NOTA-PESAR.png","type":"image\/png"}],"author":"Bruna Greco","twitter_card":"summary_large_image","twitter_misc":{"Written by":"Bruna Greco","Est. reading time":"2 minutos"},"schema":{"@context":"https:\/\/schema.org","@graph":[{"@type":"WebPage","@id":"https:\/\/www.manaus.am.gov.br\/semcom\/nota-de-pesar-milton-ferreira-dos-santos\/","url":"https:\/\/www.manaus.am.gov.br\/semcom\/nota-de-pesar-milton-ferreira-dos-santos\/","name":"NOTA DE PESAR - Milton Ferreira Dos Santos","isPartOf":{"@id":"https:\/\/www.manaus.am.gov.br\/semcom\/#website"},"primaryImageOfPage":{"@id":"https:\/\/www.manaus.am.gov.br\/semcom\/nota-de-pesar-milton-ferreira-dos-santos\/#primaryimage"},"image":{"@id":"https:\/\/www.manaus.am.gov.br\/semcom\/nota-de-pesar-milton-ferreira-dos-santos\/#primaryimage"},"thumbnailUrl":"https:\/\/www.manaus.am.gov.br\/semcom\/wp-content\/uploads\/sites\/5\/2024\/07\/BANNER-NOTA-PESAR.png","datePublished":"2026-01-17T19:33:45+00:00","dateModified":"2026-01-17T19:55:21+00:00","author":{"@id":"https:\/\/www.manaus.am.gov.br\/semcom\/#\/schema\/person\/05d223aea2bf115f9883a6ff3683d81b"},"description":"O prefeito de Manaus, David Almeida, manifesta profundo pesar pela morte do jornalista e radialista Milton Ferreira dos Santos.","inLanguage":"pt-BR","potentialAction":[{"@type":"ReadAction","target":["https:\/\/www.manaus.am.gov.br\/semcom\/nota-de-pesar-milton-ferreira-dos-santos\/"]}]},{"@type":"ImageObject","inLanguage":"pt-BR","@id":"https:\/\/www.manaus.am.gov.br\/semcom\/nota-de-pesar-milton-ferreira-dos-santos\/#primaryimage","url":"https:\/\/www.manaus.am.gov.br\/semcom\/wp-content\/uploads\/sites\/5\/2024\/07\/BANNER-NOTA-PESAR.png","contentUrl":"https:\/\/www.manaus.am.gov.br\/semcom\/wp-content\/uploads\/sites\/5\/2024\/07\/BANNER-NOTA-PESAR.png","width":900,"height":509},{"@type":"WebSite","@id":"https:\/\/www.manaus.am.gov.br\/semcom\/#website","url":"https:\/\/www.manaus.am.gov.br\/semcom\/","name":"SEMCOM","description":"Secretaria Municipal de Comunica\u00e7\u00e3o","potentialAction":[{"@type":"SearchAction","target":{"@type":"EntryPoint","urlTemplate":"https:\/\/www.manaus.am.gov.br\/semcom\/?s={search_term_string}"},"query-input":"required name=search_term_string"}],"inLanguage":"pt-BR"},{"@type":"Person","@id":"https:\/\/www.manaus.am.gov.br\/semcom\/#\/schema\/person\/05d223aea2bf115f9883a6ff3683d81b","name":"Bruna Greco","image":{"@type":"ImageObject","inLanguage":"pt-BR","@id":"https:\/\/www.manaus.am.gov.br\/semcom\/#\/schema\/person\/image\/","url":"https:\/\/secure.gravatar.com\/avatar\/9c877d1a6adc2a055330e5c09a8653ce?s=96&d=mm&r=g","contentUrl":"https:\/\/secure.gravatar.com\/avatar\/9c877d1a6adc2a055330e5c09a8653ce?s=96&d=mm&r=g","caption":"Bruna Greco"}}]}},"_links":{"self":[{"href":"https:\/\/www.manaus.am.gov.br\/semcom\/wp-json\/wp\/v2\/posts\/251062"}],"collection":[{"href":"https:\/\/www.manaus.am.gov.br\/semcom\/wp-json\/wp\/v2\/posts"}],"about":[{"href":"https:\/\/www.manaus.am.gov.br\/semcom\/wp-json\/wp\/v2\/types\/post"}],"author":[{"embeddable":true,"href":"https:\/\/www.manaus.am.gov.br\/semcom\/wp-json\/wp\/v2\/users\/39"}],"replies":[{"embeddable":true,"href":"https:\/\/www.manaus.am.gov.br\/semcom\/wp-json\/wp\/v2\/comments?post=251062"}],"version-history":[{"count":1,"href":"https:\/\/www.manaus.am.gov.br\/semcom\/wp-json\/wp\/v2\/posts\/251062\/revisions"}],"predecessor-version":[{"id":251063,"href":"https:\/\/www.manaus.am.gov.br\/semcom\/wp-json\/wp\/v2\/posts\/251062\/revisions\/251063"}],"wp:featuredmedia":[{"embeddable":true,"href":"https:\/\/www.manaus.am.gov.br\/semcom\/wp-json\/wp\/v2\/media\/231053"}],"wp:attachment":[{"href":"https:\/\/www.manaus.am.gov.br\/semcom\/wp-json\/wp\/v2\/media?parent=251062"}],"wp:term":[{"taxonomy":"category","embeddable":true,"href":"https:\/\/www.manaus.am.gov.br\/semcom\/wp-json\/wp\/v2\/categories?post=251062"},{"taxonomy":"post_tag","embeddable":true,"href":"https:\/\/www.manaus.am.gov.br\/semcom\/wp-json\/wp\/v2\/tags?post=251062"}],"curies":[{"name":"wp","href":"https:\/\/api.w.org\/{rel}","templated":true}]}}