{"id":251031,"date":"2026-01-16T20:15:02","date_gmt":"2026-01-16T23:15:02","guid":{"rendered":"https:\/\/www.manaus.am.gov.br\/semcom\/campanha-nota-premiada-2\/"},"modified":"2026-01-16T20:15:03","modified_gmt":"2026-01-16T23:15:03","slug":"campanha-nota-premiada-2","status":"publish","type":"post","link":"https:\/\/www.manaus.am.gov.br\/semcom\/campanha-nota-premiada-2\/","title":{"rendered":"Campanha Nota Premiada da prefeitura entrega R$ 200 mil em pr\u00eamios a ganhadores do 11\u00ba sorteio de 2025"},"content":{"rendered":"\n<p>A entrega dos pr\u00eamios do 11\u00ba sorteio da campanha Nota Premiada, ainda referente ao exerc\u00edcio de 2025, marcou mais um momento de valoriza\u00e7\u00e3o do cidad\u00e3o que exige a Nota Fiscal de Servi\u00e7o Eletr\u00f4nica (NFS-e) na capital. A Prefeitura de Manaus, por meio da Secretaria Municipal de Finan\u00e7as, Planejamento e Tecnologia da Informa\u00e7\u00e3o (Semef), distribuiu R$ 200 mil em premia\u00e7\u00f5es durante cerim\u00f4nia realizada no audit\u00f3rio da Subsecretaria da Receita da Semef, na avenida Japur\u00e1, no Centro.<\/p>\n\n\n\n<p>A premia\u00e7\u00e3o foi conduzida pelo coordenador do Grupo de Educa\u00e7\u00e3o Fiscal do Munic\u00edpio, Edson Fernandes, com a participa\u00e7\u00e3o de servidores e membros da equipe da Semef. Na ocasi\u00e3o, ele refor\u00e7ou que a campanha segue em ritmo intenso e anunciou que, no fim deste m\u00eas, ainda ocorrer\u00e1 o sorteio especial anual de 2025, que reunir\u00e1 todas as Notas Fiscais de Servi\u00e7os Eletr\u00f4nicas emitidas entre janeiro e dezembro de 2025, com pr\u00eamios que variam de R$ 1 mil a R$ 100 mil, a serem entregues no in\u00edcio de fevereiro.<\/p>\n\n\n\n<p>Entre os contemplados do 11\u00ba sorteio esteve a economista Yasmin Fernandes de Vasco, que recebeu simbolicamente o cheque de R$ 20 mil e destinou igual valor ao Lar das Marias, por meio do pr\u00eamio social da campanha. A ganhadora destacou que a participa\u00e7\u00e3o no programa faz parte da sua rotina ao contratar servi\u00e7os.<\/p>\n\n\n\n<p>\u201cEu sempre pe\u00e7o CPF na nota em todos os servi\u00e7os que eu fa\u00e7o: em consultas m\u00e9dicas, fisioterapia, aos prestadores de servi\u00e7os que v\u00e3o na minha casa. Eu escolhi o Lar das Marias, ent\u00e3o estou muito feliz de poder contribuir com o trabalho social da Casa e, eu tenho certeza, que vai ajudar muito nesse in\u00edcio de ano\u201d, relatou.<\/p>\n\n\n\n<p>A campanha Nota Premiada \u00e9 uma das principais a\u00e7\u00f5es de educa\u00e7\u00e3o fiscal do munic\u00edpio, estimulando a formaliza\u00e7\u00e3o dos servi\u00e7os, o aumento da arrecada\u00e7\u00e3o e a participa\u00e7\u00e3o cidad\u00e3 no controle social. Ao solicitar a inclus\u00e3o do CPF na nota fiscal, o contribuinte concorre aos sorteios e ainda contribui para que recursos retornem \u00e0 cidade em forma de pol\u00edticas p\u00fablicas.<\/p>\n\n\n\n<p>Para participar, o cidad\u00e3o deve realizar o cadastro na p\u00e1gina da campanha (<a href=\"http:\/\/notapremiada.manaus.am.gov.br\">notapremiada.manaus.am.gov.br<\/a>) e escolher uma entidade social para concorrer ao pr\u00eamio solid\u00e1rio. Sempre que pagar por servi\u00e7os, informar o CPF na NFS-e. A iniciativa alia benef\u00edcio individual e impacto social, refor\u00e7ando que pedir a nota fiscal pode transformar n\u00e3o apenas a vida do ganhador, mas tamb\u00e9m de quem mais precisa.<\/p>\n\n\n\n<p>&#8212; &#8212; &#8212;<br><strong>Texto e fotos &#8211; <\/strong>Divulga\u00e7\u00e3o \/ Semef<\/p>\n","protected":false},"excerpt":{"rendered":"","protected":false},"author":68,"featured_media":251032,"comment_status":"closed","ping_status":"closed","sticky":false,"template":"","format":"standard","meta":{"footnotes":""},"categories":[272],"tags":[2319,77,157,18940],"acf":[],"yoast_head":"<!-- This site is optimized with the Yoast SEO plugin v23.0 - https:\/\/yoast.com\/wordpress\/plugins\/seo\/ -->\n<title>Campanha Nota Premiada da prefeitura entrega R$ 200 mil<\/title>\n<meta name=\"description\" content=\"A entrega dos pr\u00eamios do 11\u00ba sorteio da campanha Nota Premiada, ainda referente ao exerc\u00edcio de 2025, marcou mais um momento de valoriza\u00e7\u00e3o do cidad\u00e3o que exige a Nota Fiscal de Servi\u00e7o Eletr\u00f4nica (NFS-e) na capital.\" \/>\n<meta name=\"robots\" content=\"index, follow, max-snippet:-1, max-image-preview:large, max-video-preview:-1\" \/>\n<link rel=\"canonical\" href=\"https:\/\/www.manaus.am.gov.br\/semcom\/campanha-nota-premiada-2\/\" \/>\n<meta property=\"og:locale\" content=\"pt_BR\" \/>\n<meta property=\"og:type\" content=\"article\" \/>\n<meta property=\"og:title\" content=\"Campanha Nota Premiada da prefeitura entrega R$ 200 mil\" \/>\n<meta property=\"og:description\" content=\"A entrega dos pr\u00eamios do 11\u00ba sorteio da campanha Nota Premiada, ainda referente ao exerc\u00edcio de 2025, marcou mais um momento de valoriza\u00e7\u00e3o do cidad\u00e3o que exige a Nota Fiscal de Servi\u00e7o Eletr\u00f4nica (NFS-e) na capital.\" \/>\n<meta property=\"og:url\" content=\"https:\/\/www.manaus.am.gov.br\/semcom\/campanha-nota-premiada-2\/\" \/>\n<meta property=\"og:site_name\" content=\"SEMCOM\" \/>\n<meta property=\"article:published_time\" content=\"2026-01-16T23:15:02+00:00\" \/>\n<meta property=\"article:modified_time\" content=\"2026-01-16T23:15:03+00:00\" \/>\n<meta property=\"og:image\" content=\"https:\/\/www.manaus.am.gov.br\/semcom\/wp-content\/uploads\/sites\/5\/2026\/01\/Campanha-Nota-Premiada-da-prefeitura-entrega-R-200-mil-em-premios-a-ganhadores-do-11o-sorteio-de-2025-3.jpg\" \/>\n\t<meta property=\"og:image:width\" content=\"1600\" \/>\n\t<meta property=\"og:image:height\" content=\"1067\" \/>\n\t<meta property=\"og:image:type\" content=\"image\/jpeg\" \/>\n<meta name=\"author\" content=\"bvalente\" \/>\n<meta name=\"twitter:card\" content=\"summary_large_image\" \/>\n<meta name=\"twitter:label1\" content=\"Written by\" \/>\n\t<meta name=\"twitter:data1\" content=\"bvalente\" \/>\n\t<meta name=\"twitter:label2\" content=\"Est. reading time\" \/>\n\t<meta name=\"twitter:data2\" content=\"3 minutos\" \/>\n<script type=\"application\/ld+json\" class=\"yoast-schema-graph\">{\"@context\":\"https:\/\/schema.org\",\"@graph\":[{\"@type\":\"WebPage\",\"@id\":\"https:\/\/www.manaus.am.gov.br\/semcom\/campanha-nota-premiada-2\/\",\"url\":\"https:\/\/www.manaus.am.gov.br\/semcom\/campanha-nota-premiada-2\/\",\"name\":\"Campanha Nota Premiada da prefeitura entrega R$ 200 mil\",\"isPartOf\":{\"@id\":\"https:\/\/www.manaus.am.gov.br\/semcom\/#website\"},\"primaryImageOfPage\":{\"@id\":\"https:\/\/www.manaus.am.gov.br\/semcom\/campanha-nota-premiada-2\/#primaryimage\"},\"image\":{\"@id\":\"https:\/\/www.manaus.am.gov.br\/semcom\/campanha-nota-premiada-2\/#primaryimage\"},\"thumbnailUrl\":\"https:\/\/www.manaus.am.gov.br\/semcom\/wp-content\/uploads\/sites\/5\/2026\/01\/Campanha-Nota-Premiada-da-prefeitura-entrega-R-200-mil-em-premios-a-ganhadores-do-11o-sorteio-de-2025-3.jpg\",\"datePublished\":\"2026-01-16T23:15:02+00:00\",\"dateModified\":\"2026-01-16T23:15:03+00:00\",\"author\":{\"@id\":\"https:\/\/www.manaus.am.gov.br\/semcom\/#\/schema\/person\/466a0e03ae4b6062809046bd560ac955\"},\"description\":\"A entrega dos pr\u00eamios do 11\u00ba sorteio da campanha Nota Premiada, ainda referente ao exerc\u00edcio de 2025, marcou mais um momento de valoriza\u00e7\u00e3o do cidad\u00e3o que exige a Nota Fiscal de Servi\u00e7o Eletr\u00f4nica (NFS-e) na capital.\",\"inLanguage\":\"pt-BR\",\"potentialAction\":[{\"@type\":\"ReadAction\",\"target\":[\"https:\/\/www.manaus.am.gov.br\/semcom\/campanha-nota-premiada-2\/\"]}]},{\"@type\":\"ImageObject\",\"inLanguage\":\"pt-BR\",\"@id\":\"https:\/\/www.manaus.am.gov.br\/semcom\/campanha-nota-premiada-2\/#primaryimage\",\"url\":\"https:\/\/www.manaus.am.gov.br\/semcom\/wp-content\/uploads\/sites\/5\/2026\/01\/Campanha-Nota-Premiada-da-prefeitura-entrega-R-200-mil-em-premios-a-ganhadores-do-11o-sorteio-de-2025-3.jpg\",\"contentUrl\":\"https:\/\/www.manaus.am.gov.br\/semcom\/wp-content\/uploads\/sites\/5\/2026\/01\/Campanha-Nota-Premiada-da-prefeitura-entrega-R-200-mil-em-premios-a-ganhadores-do-11o-sorteio-de-2025-3.jpg\",\"width\":1600,\"height\":1067,\"caption\":\"#paratodosverem \u2013 Premiados seguram cheques simb\u00f3licos das campanhas\"},{\"@type\":\"WebSite\",\"@id\":\"https:\/\/www.manaus.am.gov.br\/semcom\/#website\",\"url\":\"https:\/\/www.manaus.am.gov.br\/semcom\/\",\"name\":\"SEMCOM\",\"description\":\"Secretaria Municipal de Comunica\u00e7\u00e3o\",\"potentialAction\":[{\"@type\":\"SearchAction\",\"target\":{\"@type\":\"EntryPoint\",\"urlTemplate\":\"https:\/\/www.manaus.am.gov.br\/semcom\/?s={search_term_string}\"},\"query-input\":\"required name=search_term_string\"}],\"inLanguage\":\"pt-BR\"},{\"@type\":\"Person\",\"@id\":\"https:\/\/www.manaus.am.gov.br\/semcom\/#\/schema\/person\/466a0e03ae4b6062809046bd560ac955\",\"name\":\"bvalente\",\"image\":{\"@type\":\"ImageObject\",\"inLanguage\":\"pt-BR\",\"@id\":\"https:\/\/www.manaus.am.gov.br\/semcom\/#\/schema\/person\/image\/\",\"url\":\"https:\/\/secure.gravatar.com\/avatar\/3e69bc2b014bdad41adfec3a39de07d2?s=96&d=mm&r=g\",\"contentUrl\":\"https:\/\/secure.gravatar.com\/avatar\/3e69bc2b014bdad41adfec3a39de07d2?s=96&d=mm&r=g\",\"caption\":\"bvalente\"}}]}<\/script>\n<!-- \/ Yoast SEO plugin. -->","yoast_head_json":{"title":"Campanha Nota Premiada da prefeitura entrega R$ 200 mil","description":"A entrega dos pr\u00eamios do 11\u00ba sorteio da campanha Nota Premiada, ainda referente ao exerc\u00edcio de 2025, marcou mais um momento de valoriza\u00e7\u00e3o do cidad\u00e3o que exige a Nota Fiscal de Servi\u00e7o Eletr\u00f4nica (NFS-e) na capital.","robots":{"index":"index","follow":"follow","max-snippet":"max-snippet:-1","max-image-preview":"max-image-preview:large","max-video-preview":"max-video-preview:-1"},"canonical":"https:\/\/www.manaus.am.gov.br\/semcom\/campanha-nota-premiada-2\/","og_locale":"pt_BR","og_type":"article","og_title":"Campanha Nota Premiada da prefeitura entrega R$ 200 mil","og_description":"A entrega dos pr\u00eamios do 11\u00ba sorteio da campanha Nota Premiada, ainda referente ao exerc\u00edcio de 2025, marcou mais um momento de valoriza\u00e7\u00e3o do cidad\u00e3o que exige a Nota Fiscal de Servi\u00e7o Eletr\u00f4nica (NFS-e) na capital.","og_url":"https:\/\/www.manaus.am.gov.br\/semcom\/campanha-nota-premiada-2\/","og_site_name":"SEMCOM","article_published_time":"2026-01-16T23:15:02+00:00","article_modified_time":"2026-01-16T23:15:03+00:00","og_image":[{"width":1600,"height":1067,"url":"https:\/\/www.manaus.am.gov.br\/semcom\/wp-content\/uploads\/sites\/5\/2026\/01\/Campanha-Nota-Premiada-da-prefeitura-entrega-R-200-mil-em-premios-a-ganhadores-do-11o-sorteio-de-2025-3.jpg","type":"image\/jpeg"}],"author":"bvalente","twitter_card":"summary_large_image","twitter_misc":{"Written by":"bvalente","Est. reading time":"3 minutos"},"schema":{"@context":"https:\/\/schema.org","@graph":[{"@type":"WebPage","@id":"https:\/\/www.manaus.am.gov.br\/semcom\/campanha-nota-premiada-2\/","url":"https:\/\/www.manaus.am.gov.br\/semcom\/campanha-nota-premiada-2\/","name":"Campanha Nota Premiada da prefeitura entrega R$ 200 mil","isPartOf":{"@id":"https:\/\/www.manaus.am.gov.br\/semcom\/#website"},"primaryImageOfPage":{"@id":"https:\/\/www.manaus.am.gov.br\/semcom\/campanha-nota-premiada-2\/#primaryimage"},"image":{"@id":"https:\/\/www.manaus.am.gov.br\/semcom\/campanha-nota-premiada-2\/#primaryimage"},"thumbnailUrl":"https:\/\/www.manaus.am.gov.br\/semcom\/wp-content\/uploads\/sites\/5\/2026\/01\/Campanha-Nota-Premiada-da-prefeitura-entrega-R-200-mil-em-premios-a-ganhadores-do-11o-sorteio-de-2025-3.jpg","datePublished":"2026-01-16T23:15:02+00:00","dateModified":"2026-01-16T23:15:03+00:00","author":{"@id":"https:\/\/www.manaus.am.gov.br\/semcom\/#\/schema\/person\/466a0e03ae4b6062809046bd560ac955"},"description":"A entrega dos pr\u00eamios do 11\u00ba sorteio da campanha Nota Premiada, ainda referente ao exerc\u00edcio de 2025, marcou mais um momento de valoriza\u00e7\u00e3o do cidad\u00e3o que exige a Nota Fiscal de Servi\u00e7o Eletr\u00f4nica (NFS-e) na capital.","inLanguage":"pt-BR","potentialAction":[{"@type":"ReadAction","target":["https:\/\/www.manaus.am.gov.br\/semcom\/campanha-nota-premiada-2\/"]}]},{"@type":"ImageObject","inLanguage":"pt-BR","@id":"https:\/\/www.manaus.am.gov.br\/semcom\/campanha-nota-premiada-2\/#primaryimage","url":"https:\/\/www.manaus.am.gov.br\/semcom\/wp-content\/uploads\/sites\/5\/2026\/01\/Campanha-Nota-Premiada-da-prefeitura-entrega-R-200-mil-em-premios-a-ganhadores-do-11o-sorteio-de-2025-3.jpg","contentUrl":"https:\/\/www.manaus.am.gov.br\/semcom\/wp-content\/uploads\/sites\/5\/2026\/01\/Campanha-Nota-Premiada-da-prefeitura-entrega-R-200-mil-em-premios-a-ganhadores-do-11o-sorteio-de-2025-3.jpg","width":1600,"height":1067,"caption":"#paratodosverem \u2013 Premiados seguram cheques simb\u00f3licos das campanhas"},{"@type":"WebSite","@id":"https:\/\/www.manaus.am.gov.br\/semcom\/#website","url":"https:\/\/www.manaus.am.gov.br\/semcom\/","name":"SEMCOM","description":"Secretaria Municipal de Comunica\u00e7\u00e3o","potentialAction":[{"@type":"SearchAction","target":{"@type":"EntryPoint","urlTemplate":"https:\/\/www.manaus.am.gov.br\/semcom\/?s={search_term_string}"},"query-input":"required name=search_term_string"}],"inLanguage":"pt-BR"},{"@type":"Person","@id":"https:\/\/www.manaus.am.gov.br\/semcom\/#\/schema\/person\/466a0e03ae4b6062809046bd560ac955","name":"bvalente","image":{"@type":"ImageObject","inLanguage":"pt-BR","@id":"https:\/\/www.manaus.am.gov.br\/semcom\/#\/schema\/person\/image\/","url":"https:\/\/secure.gravatar.com\/avatar\/3e69bc2b014bdad41adfec3a39de07d2?s=96&d=mm&r=g","contentUrl":"https:\/\/secure.gravatar.com\/avatar\/3e69bc2b014bdad41adfec3a39de07d2?s=96&d=mm&r=g","caption":"bvalente"}}]}},"_links":{"self":[{"href":"https:\/\/www.manaus.am.gov.br\/semcom\/wp-json\/wp\/v2\/posts\/251031"}],"collection":[{"href":"https:\/\/www.manaus.am.gov.br\/semcom\/wp-json\/wp\/v2\/posts"}],"about":[{"href":"https:\/\/www.manaus.am.gov.br\/semcom\/wp-json\/wp\/v2\/types\/post"}],"author":[{"embeddable":true,"href":"https:\/\/www.manaus.am.gov.br\/semcom\/wp-json\/wp\/v2\/users\/68"}],"replies":[{"embeddable":true,"href":"https:\/\/www.manaus.am.gov.br\/semcom\/wp-json\/wp\/v2\/comments?post=251031"}],"version-history":[{"count":0,"href":"https:\/\/www.manaus.am.gov.br\/semcom\/wp-json\/wp\/v2\/posts\/251031\/revisions"}],"wp:featuredmedia":[{"embeddable":true,"href":"https:\/\/www.manaus.am.gov.br\/semcom\/wp-json\/wp\/v2\/media\/251032"}],"wp:attachment":[{"href":"https:\/\/www.manaus.am.gov.br\/semcom\/wp-json\/wp\/v2\/media?parent=251031"}],"wp:term":[{"taxonomy":"category","embeddable":true,"href":"https:\/\/www.manaus.am.gov.br\/semcom\/wp-json\/wp\/v2\/categories?post=251031"},{"taxonomy":"post_tag","embeddable":true,"href":"https:\/\/www.manaus.am.gov.br\/semcom\/wp-json\/wp\/v2\/tags?post=251031"}],"curies":[{"name":"wp","href":"https:\/\/api.w.org\/{rel}","templated":true}]}}