{"id":251029,"date":"2026-01-16T20:04:53","date_gmt":"2026-01-16T23:04:53","guid":{"rendered":"https:\/\/www.manaus.am.gov.br\/semcom\/avancos-na-educacao\/"},"modified":"2026-02-06T12:46:36","modified_gmt":"2026-02-06T15:46:36","slug":"avancos-na-educacao","status":"publish","type":"post","link":"https:\/\/www.manaus.am.gov.br\/semcom\/avancos-na-educacao\/","title":{"rendered":"Prefeito David Almeida consolida avan\u00e7os na educa\u00e7\u00e3o e eleva desempenho pedag\u00f3gico da rede municipal"},"content":{"rendered":"\n<p>A gest\u00e3o do prefeito David Almeida consolidou avan\u00e7os mensur\u00e1veis no desempenho pedag\u00f3gico da rede municipal de ensino, refletidos na evolu\u00e7\u00e3o dos principais indicadores educacionais e no reconhecimento da educa\u00e7\u00e3o de Manaus em avalia\u00e7\u00f5es nacionais.&nbsp;<\/p>\n\n\n\n<p>De acordo com dados do Sistema de Avalia\u00e7\u00e3o da Educa\u00e7\u00e3o B\u00e1sica (Saeb) e do \u00cdndice de Desenvolvimento da Educa\u00e7\u00e3o B\u00e1sica (Ideb), a rede municipal apresentou crescimento consistente nos anos iniciais e finais do Ensino Fundamental, posicionando Manaus acima da m\u00e9dia nacional da rede p\u00fablica e entre as capitais com melhor desempenho educacional do pa\u00eds (Inep\/MEC).<\/p>\n\n\n\n<p>No Ideb 2023,<a href=\"https:\/\/www.instagram.com\/prefeiturademanaus\/\"> Manaus <\/a>alcan\u00e7ou: 6,2 nos anos iniciais (5\u00ba ano); e 5,2 nos anos finais (9\u00ba ano). Resultados superiores \u00e0 m\u00e9dia nacional da rede p\u00fablica, que foi de 5,7 nos anos iniciais e 4,7 nos anos finais, segundo o Instituto Nacional de Estudos e Pesquisas Educacionais An\u00edsio Teixeira (Inep).<\/p>\n\n\n\n<p>\u201cEsses n\u00fameros mostram que a educa\u00e7\u00e3o de Manaus evoluiu de forma consistente. N\u00e3o \u00e9 um avan\u00e7o pontual. \u00c9 resultado de planejamento, acompanhamento pedag\u00f3gico e investimento cont\u00ednuo na aprendizagem\u201d, afirmou o prefeito David Almeida.<\/p>\n\n\n\n<p>Al\u00e9m do desempenho geral da rede, escolas municipais de Manaus tamb\u00e9m se destacaram individualmente. Segundo a Secretaria Municipal de Educa\u00e7\u00e3o (Semed), as duas melhores escolas da regi\u00e3o Norte no Ideb pertencem \u00e0 rede municipal, sendo a escola municipal Jos\u00e9 Carlos Mestrinho, nos anos iniciais; e escola municipal Francisca Pereira, nos anos finais.<\/p>\n\n\n\n<p>O prefeito destacou que os avan\u00e7os pedag\u00f3gicos s\u00e3o consequ\u00eancia de decis\u00f5es estrat\u00e9gicas que colocaram a aprendizagem como prioridade da gest\u00e3o.<\/p>\n\n\n\n<p>\u201cN\u00e3o adianta apenas reformar escolas se a aprendizagem n\u00e3o melhora. O nosso foco sempre foi garantir estrutura, valorizar o professor e investir em programas pedag\u00f3gicos consistentes, e os indicadores mostram que Manaus est\u00e1 no caminho certo\u201d, ressaltou David Almeida.<\/p>\n\n\n\n<p>Entre as a\u00e7\u00f5es estruturantes que sustentam os resultados est\u00e3o a amplia\u00e7\u00e3o do ensino em tempo integral, a expans\u00e3o das vagas em creches, a recomposi\u00e7\u00e3o da aprendizagem, o fortalecimento do programa \u201cEduca+ Manaus\u201d e o acompanhamento sistem\u00e1tico do desempenho dos estudantes ao longo do ano letivo.<\/p>\n\n\n\n<p>Segundo o Inep, redes que combinam infraestrutura adequada, valoriza\u00e7\u00e3o docente e monitoramento pedag\u00f3gico cont\u00ednuo apresentam maior evolu\u00e7\u00e3o nos indicadores de aprendizagem, estrat\u00e9gia adotada pela <a href=\"https:\/\/www.manaus.am.gov.br\/\">Prefeitura de Manaus.<\/a><\/p>\n\n\n\n<p>\u201cOs resultados pedag\u00f3gicos s\u00e3o consequ\u00eancia de continuidade e m\u00e9todo. Educa\u00e7\u00e3o n\u00e3o se transforma com a\u00e7\u00f5es isoladas, mas com pol\u00edticas permanentes\u201d, refor\u00e7ou o prefeito.<\/p>\n\n\n\n<p>Com a consolida\u00e7\u00e3o desses avan\u00e7os, a gest\u00e3o David Almeida reafirma o compromisso de elevar continuamente a qualidade da educa\u00e7\u00e3o b\u00e1sica, fortalecendo a escola municipal como instrumento de desenvolvimento social e de prepara\u00e7\u00e3o dos estudantes para o futuro.<\/p>\n\n\n\n<p>\u2014- \u2014&#8211; \u2014-<br><strong>Texto &#8211;<\/strong> Emanuelle Baires \/ Semcom-Prefeito<br><strong>Fotos &#8211; <\/strong>Arquivo \/ Semcom<\/p>\n","protected":false},"excerpt":{"rendered":"","protected":false},"author":68,"featured_media":251030,"comment_status":"closed","ping_status":"closed","sticky":false,"template":"","format":"standard","meta":{"footnotes":""},"categories":[49],"tags":[18938,18939,35,77,62],"acf":[],"yoast_head":"<!-- This site is optimized with the Yoast SEO plugin v23.0 - https:\/\/yoast.com\/wordpress\/plugins\/seo\/ -->\n<title>Prefeito David Almeida consolida avan\u00e7os na educa\u00e7\u00e3o<\/title>\n<meta name=\"description\" content=\"A gest\u00e3o do prefeito David Almeida consolidou avan\u00e7os mensur\u00e1veis no desempenho pedag\u00f3gico da rede municipal de ensino.\" \/>\n<meta name=\"robots\" content=\"index, follow, max-snippet:-1, max-image-preview:large, max-video-preview:-1\" \/>\n<link rel=\"canonical\" href=\"https:\/\/www.manaus.am.gov.br\/semcom\/avancos-na-educacao\/\" \/>\n<meta property=\"og:locale\" content=\"pt_BR\" \/>\n<meta property=\"og:type\" content=\"article\" \/>\n<meta property=\"og:title\" content=\"Prefeito David Almeida consolida avan\u00e7os na educa\u00e7\u00e3o\" \/>\n<meta property=\"og:description\" content=\"A gest\u00e3o do prefeito David Almeida consolidou avan\u00e7os mensur\u00e1veis no desempenho pedag\u00f3gico da rede municipal de ensino.\" \/>\n<meta property=\"og:url\" content=\"https:\/\/www.manaus.am.gov.br\/semcom\/avancos-na-educacao\/\" \/>\n<meta property=\"og:site_name\" content=\"SEMCOM\" \/>\n<meta property=\"article:published_time\" content=\"2026-01-16T23:04:53+00:00\" \/>\n<meta property=\"article:modified_time\" content=\"2026-02-06T15:46:36+00:00\" \/>\n<meta property=\"og:image\" content=\"https:\/\/www.manaus.am.gov.br\/semcom\/wp-content\/uploads\/sites\/5\/2026\/01\/Prefeito-David-Almeida-consolida-avancos-na-educacao-e-eleva-desempenho-pedagogico-da-rede-municipal.jpg\" \/>\n\t<meta property=\"og:image:width\" content=\"799\" \/>\n\t<meta property=\"og:image:height\" content=\"533\" \/>\n\t<meta property=\"og:image:type\" content=\"image\/jpeg\" \/>\n<meta name=\"author\" content=\"bvalente\" \/>\n<meta name=\"twitter:card\" content=\"summary_large_image\" \/>\n<meta name=\"twitter:label1\" content=\"Written by\" \/>\n\t<meta name=\"twitter:data1\" content=\"bvalente\" \/>\n\t<meta name=\"twitter:label2\" content=\"Est. reading time\" \/>\n\t<meta name=\"twitter:data2\" content=\"3 minutos\" \/>\n<script type=\"application\/ld+json\" class=\"yoast-schema-graph\">{\"@context\":\"https:\/\/schema.org\",\"@graph\":[{\"@type\":\"WebPage\",\"@id\":\"https:\/\/www.manaus.am.gov.br\/semcom\/avancos-na-educacao\/\",\"url\":\"https:\/\/www.manaus.am.gov.br\/semcom\/avancos-na-educacao\/\",\"name\":\"Prefeito David Almeida consolida avan\u00e7os na educa\u00e7\u00e3o\",\"isPartOf\":{\"@id\":\"https:\/\/www.manaus.am.gov.br\/semcom\/#website\"},\"primaryImageOfPage\":{\"@id\":\"https:\/\/www.manaus.am.gov.br\/semcom\/avancos-na-educacao\/#primaryimage\"},\"image\":{\"@id\":\"https:\/\/www.manaus.am.gov.br\/semcom\/avancos-na-educacao\/#primaryimage\"},\"thumbnailUrl\":\"https:\/\/www.manaus.am.gov.br\/semcom\/wp-content\/uploads\/sites\/5\/2026\/01\/Prefeito-David-Almeida-consolida-avancos-na-educacao-e-eleva-desempenho-pedagogico-da-rede-municipal.jpg\",\"datePublished\":\"2026-01-16T23:04:53+00:00\",\"dateModified\":\"2026-02-06T15:46:36+00:00\",\"author\":{\"@id\":\"https:\/\/www.manaus.am.gov.br\/semcom\/#\/schema\/person\/466a0e03ae4b6062809046bd560ac955\"},\"description\":\"A gest\u00e3o do prefeito David Almeida consolidou avan\u00e7os mensur\u00e1veis no desempenho pedag\u00f3gico da rede municipal de ensino.\",\"inLanguage\":\"pt-BR\",\"potentialAction\":[{\"@type\":\"ReadAction\",\"target\":[\"https:\/\/www.manaus.am.gov.br\/semcom\/avancos-na-educacao\/\"]}]},{\"@type\":\"ImageObject\",\"inLanguage\":\"pt-BR\",\"@id\":\"https:\/\/www.manaus.am.gov.br\/semcom\/avancos-na-educacao\/#primaryimage\",\"url\":\"https:\/\/www.manaus.am.gov.br\/semcom\/wp-content\/uploads\/sites\/5\/2026\/01\/Prefeito-David-Almeida-consolida-avancos-na-educacao-e-eleva-desempenho-pedagogico-da-rede-municipal.jpg\",\"contentUrl\":\"https:\/\/www.manaus.am.gov.br\/semcom\/wp-content\/uploads\/sites\/5\/2026\/01\/Prefeito-David-Almeida-consolida-avancos-na-educacao-e-eleva-desempenho-pedagogico-da-rede-municipal.jpg\",\"width\":799,\"height\":533,\"caption\":\"#paratodosverem - Prefeito David Almeida durante inaugura\u00e7\u00e3o de escola\"},{\"@type\":\"WebSite\",\"@id\":\"https:\/\/www.manaus.am.gov.br\/semcom\/#website\",\"url\":\"https:\/\/www.manaus.am.gov.br\/semcom\/\",\"name\":\"SEMCOM\",\"description\":\"Secretaria Municipal de Comunica\u00e7\u00e3o\",\"potentialAction\":[{\"@type\":\"SearchAction\",\"target\":{\"@type\":\"EntryPoint\",\"urlTemplate\":\"https:\/\/www.manaus.am.gov.br\/semcom\/?s={search_term_string}\"},\"query-input\":\"required name=search_term_string\"}],\"inLanguage\":\"pt-BR\"},{\"@type\":\"Person\",\"@id\":\"https:\/\/www.manaus.am.gov.br\/semcom\/#\/schema\/person\/466a0e03ae4b6062809046bd560ac955\",\"name\":\"bvalente\",\"image\":{\"@type\":\"ImageObject\",\"inLanguage\":\"pt-BR\",\"@id\":\"https:\/\/www.manaus.am.gov.br\/semcom\/#\/schema\/person\/image\/\",\"url\":\"https:\/\/secure.gravatar.com\/avatar\/3e69bc2b014bdad41adfec3a39de07d2?s=96&d=mm&r=g\",\"contentUrl\":\"https:\/\/secure.gravatar.com\/avatar\/3e69bc2b014bdad41adfec3a39de07d2?s=96&d=mm&r=g\",\"caption\":\"bvalente\"}}]}<\/script>\n<!-- \/ Yoast SEO plugin. -->","yoast_head_json":{"title":"Prefeito David Almeida consolida avan\u00e7os na educa\u00e7\u00e3o","description":"A gest\u00e3o do prefeito David Almeida consolidou avan\u00e7os mensur\u00e1veis no desempenho pedag\u00f3gico da rede municipal de ensino.","robots":{"index":"index","follow":"follow","max-snippet":"max-snippet:-1","max-image-preview":"max-image-preview:large","max-video-preview":"max-video-preview:-1"},"canonical":"https:\/\/www.manaus.am.gov.br\/semcom\/avancos-na-educacao\/","og_locale":"pt_BR","og_type":"article","og_title":"Prefeito David Almeida consolida avan\u00e7os na educa\u00e7\u00e3o","og_description":"A gest\u00e3o do prefeito David Almeida consolidou avan\u00e7os mensur\u00e1veis no desempenho pedag\u00f3gico da rede municipal de ensino.","og_url":"https:\/\/www.manaus.am.gov.br\/semcom\/avancos-na-educacao\/","og_site_name":"SEMCOM","article_published_time":"2026-01-16T23:04:53+00:00","article_modified_time":"2026-02-06T15:46:36+00:00","og_image":[{"width":799,"height":533,"url":"https:\/\/www.manaus.am.gov.br\/semcom\/wp-content\/uploads\/sites\/5\/2026\/01\/Prefeito-David-Almeida-consolida-avancos-na-educacao-e-eleva-desempenho-pedagogico-da-rede-municipal.jpg","type":"image\/jpeg"}],"author":"bvalente","twitter_card":"summary_large_image","twitter_misc":{"Written by":"bvalente","Est. reading time":"3 minutos"},"schema":{"@context":"https:\/\/schema.org","@graph":[{"@type":"WebPage","@id":"https:\/\/www.manaus.am.gov.br\/semcom\/avancos-na-educacao\/","url":"https:\/\/www.manaus.am.gov.br\/semcom\/avancos-na-educacao\/","name":"Prefeito David Almeida consolida avan\u00e7os na educa\u00e7\u00e3o","isPartOf":{"@id":"https:\/\/www.manaus.am.gov.br\/semcom\/#website"},"primaryImageOfPage":{"@id":"https:\/\/www.manaus.am.gov.br\/semcom\/avancos-na-educacao\/#primaryimage"},"image":{"@id":"https:\/\/www.manaus.am.gov.br\/semcom\/avancos-na-educacao\/#primaryimage"},"thumbnailUrl":"https:\/\/www.manaus.am.gov.br\/semcom\/wp-content\/uploads\/sites\/5\/2026\/01\/Prefeito-David-Almeida-consolida-avancos-na-educacao-e-eleva-desempenho-pedagogico-da-rede-municipal.jpg","datePublished":"2026-01-16T23:04:53+00:00","dateModified":"2026-02-06T15:46:36+00:00","author":{"@id":"https:\/\/www.manaus.am.gov.br\/semcom\/#\/schema\/person\/466a0e03ae4b6062809046bd560ac955"},"description":"A gest\u00e3o do prefeito David Almeida consolidou avan\u00e7os mensur\u00e1veis no desempenho pedag\u00f3gico da rede municipal de ensino.","inLanguage":"pt-BR","potentialAction":[{"@type":"ReadAction","target":["https:\/\/www.manaus.am.gov.br\/semcom\/avancos-na-educacao\/"]}]},{"@type":"ImageObject","inLanguage":"pt-BR","@id":"https:\/\/www.manaus.am.gov.br\/semcom\/avancos-na-educacao\/#primaryimage","url":"https:\/\/www.manaus.am.gov.br\/semcom\/wp-content\/uploads\/sites\/5\/2026\/01\/Prefeito-David-Almeida-consolida-avancos-na-educacao-e-eleva-desempenho-pedagogico-da-rede-municipal.jpg","contentUrl":"https:\/\/www.manaus.am.gov.br\/semcom\/wp-content\/uploads\/sites\/5\/2026\/01\/Prefeito-David-Almeida-consolida-avancos-na-educacao-e-eleva-desempenho-pedagogico-da-rede-municipal.jpg","width":799,"height":533,"caption":"#paratodosverem - Prefeito David Almeida durante inaugura\u00e7\u00e3o de escola"},{"@type":"WebSite","@id":"https:\/\/www.manaus.am.gov.br\/semcom\/#website","url":"https:\/\/www.manaus.am.gov.br\/semcom\/","name":"SEMCOM","description":"Secretaria Municipal de Comunica\u00e7\u00e3o","potentialAction":[{"@type":"SearchAction","target":{"@type":"EntryPoint","urlTemplate":"https:\/\/www.manaus.am.gov.br\/semcom\/?s={search_term_string}"},"query-input":"required name=search_term_string"}],"inLanguage":"pt-BR"},{"@type":"Person","@id":"https:\/\/www.manaus.am.gov.br\/semcom\/#\/schema\/person\/466a0e03ae4b6062809046bd560ac955","name":"bvalente","image":{"@type":"ImageObject","inLanguage":"pt-BR","@id":"https:\/\/www.manaus.am.gov.br\/semcom\/#\/schema\/person\/image\/","url":"https:\/\/secure.gravatar.com\/avatar\/3e69bc2b014bdad41adfec3a39de07d2?s=96&d=mm&r=g","contentUrl":"https:\/\/secure.gravatar.com\/avatar\/3e69bc2b014bdad41adfec3a39de07d2?s=96&d=mm&r=g","caption":"bvalente"}}]}},"_links":{"self":[{"href":"https:\/\/www.manaus.am.gov.br\/semcom\/wp-json\/wp\/v2\/posts\/251029"}],"collection":[{"href":"https:\/\/www.manaus.am.gov.br\/semcom\/wp-json\/wp\/v2\/posts"}],"about":[{"href":"https:\/\/www.manaus.am.gov.br\/semcom\/wp-json\/wp\/v2\/types\/post"}],"author":[{"embeddable":true,"href":"https:\/\/www.manaus.am.gov.br\/semcom\/wp-json\/wp\/v2\/users\/68"}],"replies":[{"embeddable":true,"href":"https:\/\/www.manaus.am.gov.br\/semcom\/wp-json\/wp\/v2\/comments?post=251029"}],"version-history":[{"count":1,"href":"https:\/\/www.manaus.am.gov.br\/semcom\/wp-json\/wp\/v2\/posts\/251029\/revisions"}],"predecessor-version":[{"id":252453,"href":"https:\/\/www.manaus.am.gov.br\/semcom\/wp-json\/wp\/v2\/posts\/251029\/revisions\/252453"}],"wp:featuredmedia":[{"embeddable":true,"href":"https:\/\/www.manaus.am.gov.br\/semcom\/wp-json\/wp\/v2\/media\/251030"}],"wp:attachment":[{"href":"https:\/\/www.manaus.am.gov.br\/semcom\/wp-json\/wp\/v2\/media?parent=251029"}],"wp:term":[{"taxonomy":"category","embeddable":true,"href":"https:\/\/www.manaus.am.gov.br\/semcom\/wp-json\/wp\/v2\/categories?post=251029"},{"taxonomy":"post_tag","embeddable":true,"href":"https:\/\/www.manaus.am.gov.br\/semcom\/wp-json\/wp\/v2\/tags?post=251029"}],"curies":[{"name":"wp","href":"https:\/\/api.w.org\/{rel}","templated":true}]}}