{"id":251021,"date":"2026-01-16T19:08:30","date_gmt":"2026-01-16T22:08:30","guid":{"rendered":"https:\/\/www.manaus.am.gov.br\/semcom\/novo-sistema-de-auditoria-2\/"},"modified":"2026-01-16T19:08:32","modified_gmt":"2026-01-16T22:08:32","slug":"novo-sistema-de-auditoria-2","status":"publish","type":"post","link":"https:\/\/www.manaus.am.gov.br\/semcom\/novo-sistema-de-auditoria-2\/","title":{"rendered":"Prefeitura de Manaus conclui capacita\u00e7\u00e3o de servidores para uso do novo Sistema de Auditoria e garante atua\u00e7\u00e3o mais transparente e eficiente"},"content":{"rendered":"\n<p>A Prefeitura de Manaus, por meio da Controladoria-Geral do Munic\u00edpio (CGM), e em parceria com a empresa Processamento de Dados Amazonas S.A. (Prodam), concluiu o treinamento especializado para uso do novo Sistema de Auditoria Interna, nesta sexta-feira, 16\/1, na Escola de Servi\u00e7o P\u00fablico Municipal e Inclus\u00e3o Socioeducacional (Espi).<\/p>\n\n\n\n<p>A capacita\u00e7\u00e3o representa um importante avan\u00e7o rumo a uma gest\u00e3o moderna para o controle interno municipal e que busca aprimorar seus mecanismos e tr\u00e2mites para o cumprimento de suas responsabilidades.<\/p>\n\n\n\n<p>\u201cEsse treinamento \u00e9 um marco hist\u00f3rico para a Prefeitura de Manaus, que na gest\u00e3o do prefeito David Almeida, modernizou o sistema de auditoria realizado pela CGM, sendo fundamental para que nossos servidores desempenhem suas atribui\u00e7\u00f5es com excel\u00eancia e assim possamos cumprir com a meta de promover uma administra\u00e7\u00e3o transparente para nossa cidade\u201d, exaltou a controladora-geral em exerc\u00edcio, Lucilene Viana.&nbsp;<\/p>\n\n\n\n<p>A capacita\u00e7\u00e3o teve dura\u00e7\u00e3o de 4 dias e contou com a participa\u00e7\u00e3o dos servidores da Controladoria-Geral da prefeitura, respons\u00e1veis pelas auditorias realizadas pelo \u00f3rg\u00e3o, juntamente com a equipe de especialistas da Prodam. Durante o per\u00edodo, os participantes tiveram o primeiro contato e treinamento intensivo para uso do novo Sistema de Auditoria Interna.&nbsp;<\/p>\n\n\n\n<p>Com a finaliza\u00e7\u00e3o da capacita\u00e7\u00e3o, o corpo t\u00e9cnico da CGM est\u00e1 preparado para realizar as auditorias internas munidos de uma ferramenta automatizada e inovadora, que torna os procedimentos de fiscaliza\u00e7\u00e3o mais \u00e1geis, seguros, aliados a um sistema que usa intelig\u00eancia de dados e garante aplica\u00e7\u00e3o transparente dos recursos p\u00fablicos.<\/p>\n\n\n\n<p>\u201c\u00c9 um sistema inovador que vai fazer com que as auditorias da gest\u00e3o sejam realizadas de forma mais c\u00e9lere e que continue atingindo a transpar\u00eancia com efici\u00eancia para as demandas da nossa sociedade\u201d, afirmou o diretor de Departamento de Controladoria, Joabe Riker.<\/p>\n\n\n\n<p>O novo sistema de auditoria substitui os processos manuais por um sistema moderno e automatizado, proporcionando auditorias seguras, com menor margem de erro, otimiza\u00e7\u00e3o de tempo de resposta do controle interno do munic\u00edpio, e garante uma gest\u00e3o com objetivos claros, com menos burocracia, e com uma atua\u00e7\u00e3o estrat\u00e9gica e eficiente na gest\u00e3o administrativa.<\/p>\n\n\n\n<p>\u2014&#8212; \u2014- \u2014&#8211;<br><strong>Texto e fotos &#8211;<\/strong> Oliveira Junior \/ CGM<\/p>\n","protected":false},"excerpt":{"rendered":"","protected":false},"author":68,"featured_media":251022,"comment_status":"closed","ping_status":"closed","sticky":false,"template":"","format":"standard","meta":{"footnotes":""},"categories":[94],"tags":[4137,18934,77,18840],"acf":[],"yoast_head":"<!-- This site is optimized with the Yoast SEO plugin v23.0 - https:\/\/yoast.com\/wordpress\/plugins\/seo\/ -->\n<title>PMM conclui capacita\u00e7\u00e3o de servidores para uso do novo Sistema de Auditoria<\/title>\n<meta name=\"description\" content=\"A Prefeitura concluiu o treinamento especializado para uso do novo Sistema de Auditoria Interna, nesta sexta-feira, 16\/1.\" \/>\n<meta name=\"robots\" content=\"index, follow, max-snippet:-1, max-image-preview:large, max-video-preview:-1\" \/>\n<link rel=\"canonical\" href=\"https:\/\/www.manaus.am.gov.br\/semcom\/novo-sistema-de-auditoria-2\/\" \/>\n<meta property=\"og:locale\" content=\"pt_BR\" \/>\n<meta property=\"og:type\" content=\"article\" \/>\n<meta property=\"og:title\" content=\"PMM conclui capacita\u00e7\u00e3o de servidores para uso do novo Sistema de Auditoria\" \/>\n<meta property=\"og:description\" content=\"A Prefeitura concluiu o treinamento especializado para uso do novo Sistema de Auditoria Interna, nesta sexta-feira, 16\/1.\" \/>\n<meta property=\"og:url\" content=\"https:\/\/www.manaus.am.gov.br\/semcom\/novo-sistema-de-auditoria-2\/\" \/>\n<meta property=\"og:site_name\" content=\"SEMCOM\" \/>\n<meta property=\"article:published_time\" content=\"2026-01-16T22:08:30+00:00\" \/>\n<meta property=\"article:modified_time\" content=\"2026-01-16T22:08:32+00:00\" \/>\n<meta property=\"og:image\" content=\"https:\/\/www.manaus.am.gov.br\/semcom\/wp-content\/uploads\/sites\/5\/2026\/01\/IMG_5897-1024x576.jpg\" \/>\n\t<meta property=\"og:image:width\" content=\"1024\" \/>\n\t<meta property=\"og:image:height\" content=\"576\" \/>\n\t<meta property=\"og:image:type\" content=\"image\/jpeg\" \/>\n<meta name=\"author\" content=\"bvalente\" \/>\n<meta name=\"twitter:card\" content=\"summary_large_image\" \/>\n<meta name=\"twitter:label1\" content=\"Written by\" \/>\n\t<meta name=\"twitter:data1\" content=\"bvalente\" \/>\n\t<meta name=\"twitter:label2\" content=\"Est. reading time\" \/>\n\t<meta name=\"twitter:data2\" content=\"3 minutos\" \/>\n<script type=\"application\/ld+json\" class=\"yoast-schema-graph\">{\"@context\":\"https:\/\/schema.org\",\"@graph\":[{\"@type\":\"WebPage\",\"@id\":\"https:\/\/www.manaus.am.gov.br\/semcom\/novo-sistema-de-auditoria-2\/\",\"url\":\"https:\/\/www.manaus.am.gov.br\/semcom\/novo-sistema-de-auditoria-2\/\",\"name\":\"PMM conclui capacita\u00e7\u00e3o de servidores para uso do novo Sistema de Auditoria\",\"isPartOf\":{\"@id\":\"https:\/\/www.manaus.am.gov.br\/semcom\/#website\"},\"primaryImageOfPage\":{\"@id\":\"https:\/\/www.manaus.am.gov.br\/semcom\/novo-sistema-de-auditoria-2\/#primaryimage\"},\"image\":{\"@id\":\"https:\/\/www.manaus.am.gov.br\/semcom\/novo-sistema-de-auditoria-2\/#primaryimage\"},\"thumbnailUrl\":\"https:\/\/www.manaus.am.gov.br\/semcom\/wp-content\/uploads\/sites\/5\/2026\/01\/IMG_5897.jpg\",\"datePublished\":\"2026-01-16T22:08:30+00:00\",\"dateModified\":\"2026-01-16T22:08:32+00:00\",\"author\":{\"@id\":\"https:\/\/www.manaus.am.gov.br\/semcom\/#\/schema\/person\/466a0e03ae4b6062809046bd560ac955\"},\"description\":\"A Prefeitura concluiu o treinamento especializado para uso do novo Sistema de Auditoria Interna, nesta sexta-feira, 16\/1.\",\"inLanguage\":\"pt-BR\",\"potentialAction\":[{\"@type\":\"ReadAction\",\"target\":[\"https:\/\/www.manaus.am.gov.br\/semcom\/novo-sistema-de-auditoria-2\/\"]}]},{\"@type\":\"ImageObject\",\"inLanguage\":\"pt-BR\",\"@id\":\"https:\/\/www.manaus.am.gov.br\/semcom\/novo-sistema-de-auditoria-2\/#primaryimage\",\"url\":\"https:\/\/www.manaus.am.gov.br\/semcom\/wp-content\/uploads\/sites\/5\/2026\/01\/IMG_5897.jpg\",\"contentUrl\":\"https:\/\/www.manaus.am.gov.br\/semcom\/wp-content\/uploads\/sites\/5\/2026\/01\/IMG_5897.jpg\",\"width\":4032,\"height\":2268,\"caption\":\"#paratodosverem \u2013 Controladora-geral em exerc\u00edcio, Lucilene Viana e equipes da Prodam durante treinamento\"},{\"@type\":\"WebSite\",\"@id\":\"https:\/\/www.manaus.am.gov.br\/semcom\/#website\",\"url\":\"https:\/\/www.manaus.am.gov.br\/semcom\/\",\"name\":\"SEMCOM\",\"description\":\"Secretaria Municipal de Comunica\u00e7\u00e3o\",\"potentialAction\":[{\"@type\":\"SearchAction\",\"target\":{\"@type\":\"EntryPoint\",\"urlTemplate\":\"https:\/\/www.manaus.am.gov.br\/semcom\/?s={search_term_string}\"},\"query-input\":\"required name=search_term_string\"}],\"inLanguage\":\"pt-BR\"},{\"@type\":\"Person\",\"@id\":\"https:\/\/www.manaus.am.gov.br\/semcom\/#\/schema\/person\/466a0e03ae4b6062809046bd560ac955\",\"name\":\"bvalente\",\"image\":{\"@type\":\"ImageObject\",\"inLanguage\":\"pt-BR\",\"@id\":\"https:\/\/www.manaus.am.gov.br\/semcom\/#\/schema\/person\/image\/\",\"url\":\"https:\/\/secure.gravatar.com\/avatar\/3e69bc2b014bdad41adfec3a39de07d2?s=96&d=mm&r=g\",\"contentUrl\":\"https:\/\/secure.gravatar.com\/avatar\/3e69bc2b014bdad41adfec3a39de07d2?s=96&d=mm&r=g\",\"caption\":\"bvalente\"}}]}<\/script>\n<!-- \/ Yoast SEO plugin. -->","yoast_head_json":{"title":"PMM conclui capacita\u00e7\u00e3o de servidores para uso do novo Sistema de Auditoria","description":"A Prefeitura concluiu o treinamento especializado para uso do novo Sistema de Auditoria Interna, nesta sexta-feira, 16\/1.","robots":{"index":"index","follow":"follow","max-snippet":"max-snippet:-1","max-image-preview":"max-image-preview:large","max-video-preview":"max-video-preview:-1"},"canonical":"https:\/\/www.manaus.am.gov.br\/semcom\/novo-sistema-de-auditoria-2\/","og_locale":"pt_BR","og_type":"article","og_title":"PMM conclui capacita\u00e7\u00e3o de servidores para uso do novo Sistema de Auditoria","og_description":"A Prefeitura concluiu o treinamento especializado para uso do novo Sistema de Auditoria Interna, nesta sexta-feira, 16\/1.","og_url":"https:\/\/www.manaus.am.gov.br\/semcom\/novo-sistema-de-auditoria-2\/","og_site_name":"SEMCOM","article_published_time":"2026-01-16T22:08:30+00:00","article_modified_time":"2026-01-16T22:08:32+00:00","og_image":[{"width":1024,"height":576,"url":"https:\/\/www.manaus.am.gov.br\/semcom\/wp-content\/uploads\/sites\/5\/2026\/01\/IMG_5897-1024x576.jpg","type":"image\/jpeg"}],"author":"bvalente","twitter_card":"summary_large_image","twitter_misc":{"Written by":"bvalente","Est. reading time":"3 minutos"},"schema":{"@context":"https:\/\/schema.org","@graph":[{"@type":"WebPage","@id":"https:\/\/www.manaus.am.gov.br\/semcom\/novo-sistema-de-auditoria-2\/","url":"https:\/\/www.manaus.am.gov.br\/semcom\/novo-sistema-de-auditoria-2\/","name":"PMM conclui capacita\u00e7\u00e3o de servidores para uso do novo Sistema de Auditoria","isPartOf":{"@id":"https:\/\/www.manaus.am.gov.br\/semcom\/#website"},"primaryImageOfPage":{"@id":"https:\/\/www.manaus.am.gov.br\/semcom\/novo-sistema-de-auditoria-2\/#primaryimage"},"image":{"@id":"https:\/\/www.manaus.am.gov.br\/semcom\/novo-sistema-de-auditoria-2\/#primaryimage"},"thumbnailUrl":"https:\/\/www.manaus.am.gov.br\/semcom\/wp-content\/uploads\/sites\/5\/2026\/01\/IMG_5897.jpg","datePublished":"2026-01-16T22:08:30+00:00","dateModified":"2026-01-16T22:08:32+00:00","author":{"@id":"https:\/\/www.manaus.am.gov.br\/semcom\/#\/schema\/person\/466a0e03ae4b6062809046bd560ac955"},"description":"A Prefeitura concluiu o treinamento especializado para uso do novo Sistema de Auditoria Interna, nesta sexta-feira, 16\/1.","inLanguage":"pt-BR","potentialAction":[{"@type":"ReadAction","target":["https:\/\/www.manaus.am.gov.br\/semcom\/novo-sistema-de-auditoria-2\/"]}]},{"@type":"ImageObject","inLanguage":"pt-BR","@id":"https:\/\/www.manaus.am.gov.br\/semcom\/novo-sistema-de-auditoria-2\/#primaryimage","url":"https:\/\/www.manaus.am.gov.br\/semcom\/wp-content\/uploads\/sites\/5\/2026\/01\/IMG_5897.jpg","contentUrl":"https:\/\/www.manaus.am.gov.br\/semcom\/wp-content\/uploads\/sites\/5\/2026\/01\/IMG_5897.jpg","width":4032,"height":2268,"caption":"#paratodosverem \u2013 Controladora-geral em exerc\u00edcio, Lucilene Viana e equipes da Prodam durante treinamento"},{"@type":"WebSite","@id":"https:\/\/www.manaus.am.gov.br\/semcom\/#website","url":"https:\/\/www.manaus.am.gov.br\/semcom\/","name":"SEMCOM","description":"Secretaria Municipal de Comunica\u00e7\u00e3o","potentialAction":[{"@type":"SearchAction","target":{"@type":"EntryPoint","urlTemplate":"https:\/\/www.manaus.am.gov.br\/semcom\/?s={search_term_string}"},"query-input":"required name=search_term_string"}],"inLanguage":"pt-BR"},{"@type":"Person","@id":"https:\/\/www.manaus.am.gov.br\/semcom\/#\/schema\/person\/466a0e03ae4b6062809046bd560ac955","name":"bvalente","image":{"@type":"ImageObject","inLanguage":"pt-BR","@id":"https:\/\/www.manaus.am.gov.br\/semcom\/#\/schema\/person\/image\/","url":"https:\/\/secure.gravatar.com\/avatar\/3e69bc2b014bdad41adfec3a39de07d2?s=96&d=mm&r=g","contentUrl":"https:\/\/secure.gravatar.com\/avatar\/3e69bc2b014bdad41adfec3a39de07d2?s=96&d=mm&r=g","caption":"bvalente"}}]}},"_links":{"self":[{"href":"https:\/\/www.manaus.am.gov.br\/semcom\/wp-json\/wp\/v2\/posts\/251021"}],"collection":[{"href":"https:\/\/www.manaus.am.gov.br\/semcom\/wp-json\/wp\/v2\/posts"}],"about":[{"href":"https:\/\/www.manaus.am.gov.br\/semcom\/wp-json\/wp\/v2\/types\/post"}],"author":[{"embeddable":true,"href":"https:\/\/www.manaus.am.gov.br\/semcom\/wp-json\/wp\/v2\/users\/68"}],"replies":[{"embeddable":true,"href":"https:\/\/www.manaus.am.gov.br\/semcom\/wp-json\/wp\/v2\/comments?post=251021"}],"version-history":[{"count":0,"href":"https:\/\/www.manaus.am.gov.br\/semcom\/wp-json\/wp\/v2\/posts\/251021\/revisions"}],"wp:featuredmedia":[{"embeddable":true,"href":"https:\/\/www.manaus.am.gov.br\/semcom\/wp-json\/wp\/v2\/media\/251022"}],"wp:attachment":[{"href":"https:\/\/www.manaus.am.gov.br\/semcom\/wp-json\/wp\/v2\/media?parent=251021"}],"wp:term":[{"taxonomy":"category","embeddable":true,"href":"https:\/\/www.manaus.am.gov.br\/semcom\/wp-json\/wp\/v2\/categories?post=251021"},{"taxonomy":"post_tag","embeddable":true,"href":"https:\/\/www.manaus.am.gov.br\/semcom\/wp-json\/wp\/v2\/tags?post=251021"}],"curies":[{"name":"wp","href":"https:\/\/api.w.org\/{rel}","templated":true}]}}