{"id":251017,"date":"2026-01-16T18:09:05","date_gmt":"2026-01-16T21:09:05","guid":{"rendered":"https:\/\/www.manaus.am.gov.br\/semcom\/alta-de-5-certidoes-alvara\/"},"modified":"2026-01-16T18:09:07","modified_gmt":"2026-01-16T21:09:07","slug":"alta-de-5-certidoes-alvara","status":"publish","type":"post","link":"https:\/\/www.manaus.am.gov.br\/semcom\/alta-de-5-certidoes-alvara\/","title":{"rendered":"Prefeitura tem alta de 5% nas certid\u00f5es de alvar\u00e1 de constru\u00e7\u00e3o expedidas durante 2025\u00a0"},"content":{"rendered":"\n<p>Totalizando 749 certid\u00f5es expedidas de janeiro a dezembro, a Prefeitura de Manaus, via Instituto Municipal de Planejamento Urbano (Implurb), teve um incremento de 5% no volume de novos alvar\u00e1s de constru\u00e7\u00e3o licenciados em 2025. Em 2024, o acumulado foi de 712.<\/p>\n\n\n\n<p>Em toda a gest\u00e3o do prefeito David Almeida, de janeiro de 2021 a dezembro de 2025, s\u00e3o 4.326 certid\u00f5es emitidas, representando mais de 5,7 milh\u00f5es de metros quadrados com novas obras. Em 2025, quase 1 milh\u00e3o de metros quadrados (945.760,70 m2).<\/p>\n\n\n\n<p>Os n\u00fameros t\u00eam reflexo direto na gera\u00e7\u00e3o de emprego e renda no setor da constru\u00e7\u00e3o civil. O desempenho da constru\u00e7\u00e3o no terceiro trimestre superou as expectativas e indica uma retomada mais consistente do setor, para acima da previs\u00e3o de 1,3% de crescimento ao ano, segundo a C\u00e2mara Brasileira da Ind\u00fastria da Constru\u00e7\u00e3o (CBIC).<\/p>\n\n\n\n<p>\u201cOs n\u00fameros confirmam que Manaus vive um momento consistente de crescimento urbano e econ\u00f4mico. Cada metro quadrado licenciado representa novos investimentos, gera\u00e7\u00e3o de empregos e fortalecimento da constru\u00e7\u00e3o civil, que \u00e9 um dos motores da nossa economia. Esse resultado \u00e9 fruto de planejamento, desburocratiza\u00e7\u00e3o e seguran\u00e7a jur\u00eddica, garantindo que a cidade continue se desenvolvendo de forma ordenada e sustent\u00e1vel\u201d, destacou o diretor-presidente do Implurb, Carlos Valente.<\/p>\n\n\n\n<p>&#8212; &#8212; &#8212;<br><strong>Texto \u2013<\/strong> Claudia do Valle\/ Implurb<br><strong>Fotos &#8211;<\/strong> Divulga\u00e7\u00e3o\u00a0 Implurb<\/p>\n","protected":false},"excerpt":{"rendered":"","protected":false},"author":68,"featured_media":251018,"comment_status":"closed","ping_status":"closed","sticky":false,"template":"","format":"standard","meta":{"footnotes":""},"categories":[890],"tags":[18930,65,18931,77],"acf":[],"yoast_head":"<!-- This site is optimized with the Yoast SEO plugin v23.0 - https:\/\/yoast.com\/wordpress\/plugins\/seo\/ -->\n<title>Prefeitura tem alta de 5% nas certid\u00f5es de alvar\u00e1 de constru\u00e7\u00e3o expedidas durante 2025<\/title>\n<meta name=\"description\" content=\"Totalizando 749 certid\u00f5es expedidas de janeiro a dezembro, a Prefeitura de Manaus, via Instituto Municipal de Planejamento Urbano (Implurb), tem incremento de 5% no volume de novos alvar\u00e1s de constru\u00e7\u00e3o licenciados em 2025. Em 2024, o acumulado foi de 712.\" \/>\n<meta name=\"robots\" content=\"index, follow, max-snippet:-1, max-image-preview:large, max-video-preview:-1\" \/>\n<link rel=\"canonical\" href=\"https:\/\/www.manaus.am.gov.br\/semcom\/alta-de-5-certidoes-alvara\/\" \/>\n<meta property=\"og:locale\" content=\"pt_BR\" \/>\n<meta property=\"og:type\" content=\"article\" \/>\n<meta property=\"og:title\" content=\"Prefeitura tem alta de 5% nas certid\u00f5es de alvar\u00e1 de constru\u00e7\u00e3o expedidas durante 2025\" \/>\n<meta property=\"og:description\" content=\"Totalizando 749 certid\u00f5es expedidas de janeiro a dezembro, a Prefeitura de Manaus, via Instituto Municipal de Planejamento Urbano (Implurb), tem incremento de 5% no volume de novos alvar\u00e1s de constru\u00e7\u00e3o licenciados em 2025. Em 2024, o acumulado foi de 712.\" \/>\n<meta property=\"og:url\" content=\"https:\/\/www.manaus.am.gov.br\/semcom\/alta-de-5-certidoes-alvara\/\" \/>\n<meta property=\"og:site_name\" content=\"SEMCOM\" \/>\n<meta property=\"article:published_time\" content=\"2026-01-16T21:09:05+00:00\" \/>\n<meta property=\"article:modified_time\" content=\"2026-01-16T21:09:07+00:00\" \/>\n<meta property=\"og:image\" content=\"https:\/\/www.manaus.am.gov.br\/semcom\/wp-content\/uploads\/sites\/5\/2026\/01\/muros2.jpg\" \/>\n\t<meta property=\"og:image:width\" content=\"4032\" \/>\n\t<meta property=\"og:image:height\" content=\"3024\" \/>\n\t<meta property=\"og:image:type\" content=\"image\/jpeg\" \/>\n<meta name=\"author\" content=\"bvalente\" \/>\n<meta name=\"twitter:card\" content=\"summary_large_image\" \/>\n<meta name=\"twitter:label1\" content=\"Written by\" \/>\n\t<meta name=\"twitter:data1\" content=\"bvalente\" \/>\n\t<meta name=\"twitter:label2\" content=\"Est. reading time\" \/>\n\t<meta name=\"twitter:data2\" content=\"2 minutos\" \/>\n<script type=\"application\/ld+json\" class=\"yoast-schema-graph\">{\"@context\":\"https:\/\/schema.org\",\"@graph\":[{\"@type\":\"WebPage\",\"@id\":\"https:\/\/www.manaus.am.gov.br\/semcom\/alta-de-5-certidoes-alvara\/\",\"url\":\"https:\/\/www.manaus.am.gov.br\/semcom\/alta-de-5-certidoes-alvara\/\",\"name\":\"Prefeitura tem alta de 5% nas certid\u00f5es de alvar\u00e1 de constru\u00e7\u00e3o expedidas durante 2025\",\"isPartOf\":{\"@id\":\"https:\/\/www.manaus.am.gov.br\/semcom\/#website\"},\"primaryImageOfPage\":{\"@id\":\"https:\/\/www.manaus.am.gov.br\/semcom\/alta-de-5-certidoes-alvara\/#primaryimage\"},\"image\":{\"@id\":\"https:\/\/www.manaus.am.gov.br\/semcom\/alta-de-5-certidoes-alvara\/#primaryimage\"},\"thumbnailUrl\":\"https:\/\/www.manaus.am.gov.br\/semcom\/wp-content\/uploads\/sites\/5\/2026\/01\/muros2.jpg\",\"datePublished\":\"2026-01-16T21:09:05+00:00\",\"dateModified\":\"2026-01-16T21:09:07+00:00\",\"author\":{\"@id\":\"https:\/\/www.manaus.am.gov.br\/semcom\/#\/schema\/person\/466a0e03ae4b6062809046bd560ac955\"},\"description\":\"Totalizando 749 certid\u00f5es expedidas de janeiro a dezembro, a Prefeitura de Manaus, via Instituto Municipal de Planejamento Urbano (Implurb), tem incremento de 5% no volume de novos alvar\u00e1s de constru\u00e7\u00e3o licenciados em 2025. Em 2024, o acumulado foi de 712.\",\"inLanguage\":\"pt-BR\",\"potentialAction\":[{\"@type\":\"ReadAction\",\"target\":[\"https:\/\/www.manaus.am.gov.br\/semcom\/alta-de-5-certidoes-alvara\/\"]}]},{\"@type\":\"ImageObject\",\"inLanguage\":\"pt-BR\",\"@id\":\"https:\/\/www.manaus.am.gov.br\/semcom\/alta-de-5-certidoes-alvara\/#primaryimage\",\"url\":\"https:\/\/www.manaus.am.gov.br\/semcom\/wp-content\/uploads\/sites\/5\/2026\/01\/muros2.jpg\",\"contentUrl\":\"https:\/\/www.manaus.am.gov.br\/semcom\/wp-content\/uploads\/sites\/5\/2026\/01\/muros2.jpg\",\"width\":4032,\"height\":3024,\"caption\":\"#paratodosverem - Servidora do Implurb verificando emiss\u00e3o de alvar\u00e1\"},{\"@type\":\"WebSite\",\"@id\":\"https:\/\/www.manaus.am.gov.br\/semcom\/#website\",\"url\":\"https:\/\/www.manaus.am.gov.br\/semcom\/\",\"name\":\"SEMCOM\",\"description\":\"Secretaria Municipal de Comunica\u00e7\u00e3o\",\"potentialAction\":[{\"@type\":\"SearchAction\",\"target\":{\"@type\":\"EntryPoint\",\"urlTemplate\":\"https:\/\/www.manaus.am.gov.br\/semcom\/?s={search_term_string}\"},\"query-input\":\"required name=search_term_string\"}],\"inLanguage\":\"pt-BR\"},{\"@type\":\"Person\",\"@id\":\"https:\/\/www.manaus.am.gov.br\/semcom\/#\/schema\/person\/466a0e03ae4b6062809046bd560ac955\",\"name\":\"bvalente\",\"image\":{\"@type\":\"ImageObject\",\"inLanguage\":\"pt-BR\",\"@id\":\"https:\/\/www.manaus.am.gov.br\/semcom\/#\/schema\/person\/image\/\",\"url\":\"https:\/\/secure.gravatar.com\/avatar\/3e69bc2b014bdad41adfec3a39de07d2?s=96&d=mm&r=g\",\"contentUrl\":\"https:\/\/secure.gravatar.com\/avatar\/3e69bc2b014bdad41adfec3a39de07d2?s=96&d=mm&r=g\",\"caption\":\"bvalente\"}}]}<\/script>\n<!-- \/ Yoast SEO plugin. -->","yoast_head_json":{"title":"Prefeitura tem alta de 5% nas certid\u00f5es de alvar\u00e1 de constru\u00e7\u00e3o expedidas durante 2025","description":"Totalizando 749 certid\u00f5es expedidas de janeiro a dezembro, a Prefeitura de Manaus, via Instituto Municipal de Planejamento Urbano (Implurb), tem incremento de 5% no volume de novos alvar\u00e1s de constru\u00e7\u00e3o licenciados em 2025. Em 2024, o acumulado foi de 712.","robots":{"index":"index","follow":"follow","max-snippet":"max-snippet:-1","max-image-preview":"max-image-preview:large","max-video-preview":"max-video-preview:-1"},"canonical":"https:\/\/www.manaus.am.gov.br\/semcom\/alta-de-5-certidoes-alvara\/","og_locale":"pt_BR","og_type":"article","og_title":"Prefeitura tem alta de 5% nas certid\u00f5es de alvar\u00e1 de constru\u00e7\u00e3o expedidas durante 2025","og_description":"Totalizando 749 certid\u00f5es expedidas de janeiro a dezembro, a Prefeitura de Manaus, via Instituto Municipal de Planejamento Urbano (Implurb), tem incremento de 5% no volume de novos alvar\u00e1s de constru\u00e7\u00e3o licenciados em 2025. Em 2024, o acumulado foi de 712.","og_url":"https:\/\/www.manaus.am.gov.br\/semcom\/alta-de-5-certidoes-alvara\/","og_site_name":"SEMCOM","article_published_time":"2026-01-16T21:09:05+00:00","article_modified_time":"2026-01-16T21:09:07+00:00","og_image":[{"width":4032,"height":3024,"url":"https:\/\/www.manaus.am.gov.br\/semcom\/wp-content\/uploads\/sites\/5\/2026\/01\/muros2.jpg","type":"image\/jpeg"}],"author":"bvalente","twitter_card":"summary_large_image","twitter_misc":{"Written by":"bvalente","Est. reading time":"2 minutos"},"schema":{"@context":"https:\/\/schema.org","@graph":[{"@type":"WebPage","@id":"https:\/\/www.manaus.am.gov.br\/semcom\/alta-de-5-certidoes-alvara\/","url":"https:\/\/www.manaus.am.gov.br\/semcom\/alta-de-5-certidoes-alvara\/","name":"Prefeitura tem alta de 5% nas certid\u00f5es de alvar\u00e1 de constru\u00e7\u00e3o expedidas durante 2025","isPartOf":{"@id":"https:\/\/www.manaus.am.gov.br\/semcom\/#website"},"primaryImageOfPage":{"@id":"https:\/\/www.manaus.am.gov.br\/semcom\/alta-de-5-certidoes-alvara\/#primaryimage"},"image":{"@id":"https:\/\/www.manaus.am.gov.br\/semcom\/alta-de-5-certidoes-alvara\/#primaryimage"},"thumbnailUrl":"https:\/\/www.manaus.am.gov.br\/semcom\/wp-content\/uploads\/sites\/5\/2026\/01\/muros2.jpg","datePublished":"2026-01-16T21:09:05+00:00","dateModified":"2026-01-16T21:09:07+00:00","author":{"@id":"https:\/\/www.manaus.am.gov.br\/semcom\/#\/schema\/person\/466a0e03ae4b6062809046bd560ac955"},"description":"Totalizando 749 certid\u00f5es expedidas de janeiro a dezembro, a Prefeitura de Manaus, via Instituto Municipal de Planejamento Urbano (Implurb), tem incremento de 5% no volume de novos alvar\u00e1s de constru\u00e7\u00e3o licenciados em 2025. Em 2024, o acumulado foi de 712.","inLanguage":"pt-BR","potentialAction":[{"@type":"ReadAction","target":["https:\/\/www.manaus.am.gov.br\/semcom\/alta-de-5-certidoes-alvara\/"]}]},{"@type":"ImageObject","inLanguage":"pt-BR","@id":"https:\/\/www.manaus.am.gov.br\/semcom\/alta-de-5-certidoes-alvara\/#primaryimage","url":"https:\/\/www.manaus.am.gov.br\/semcom\/wp-content\/uploads\/sites\/5\/2026\/01\/muros2.jpg","contentUrl":"https:\/\/www.manaus.am.gov.br\/semcom\/wp-content\/uploads\/sites\/5\/2026\/01\/muros2.jpg","width":4032,"height":3024,"caption":"#paratodosverem - Servidora do Implurb verificando emiss\u00e3o de alvar\u00e1"},{"@type":"WebSite","@id":"https:\/\/www.manaus.am.gov.br\/semcom\/#website","url":"https:\/\/www.manaus.am.gov.br\/semcom\/","name":"SEMCOM","description":"Secretaria Municipal de Comunica\u00e7\u00e3o","potentialAction":[{"@type":"SearchAction","target":{"@type":"EntryPoint","urlTemplate":"https:\/\/www.manaus.am.gov.br\/semcom\/?s={search_term_string}"},"query-input":"required name=search_term_string"}],"inLanguage":"pt-BR"},{"@type":"Person","@id":"https:\/\/www.manaus.am.gov.br\/semcom\/#\/schema\/person\/466a0e03ae4b6062809046bd560ac955","name":"bvalente","image":{"@type":"ImageObject","inLanguage":"pt-BR","@id":"https:\/\/www.manaus.am.gov.br\/semcom\/#\/schema\/person\/image\/","url":"https:\/\/secure.gravatar.com\/avatar\/3e69bc2b014bdad41adfec3a39de07d2?s=96&d=mm&r=g","contentUrl":"https:\/\/secure.gravatar.com\/avatar\/3e69bc2b014bdad41adfec3a39de07d2?s=96&d=mm&r=g","caption":"bvalente"}}]}},"_links":{"self":[{"href":"https:\/\/www.manaus.am.gov.br\/semcom\/wp-json\/wp\/v2\/posts\/251017"}],"collection":[{"href":"https:\/\/www.manaus.am.gov.br\/semcom\/wp-json\/wp\/v2\/posts"}],"about":[{"href":"https:\/\/www.manaus.am.gov.br\/semcom\/wp-json\/wp\/v2\/types\/post"}],"author":[{"embeddable":true,"href":"https:\/\/www.manaus.am.gov.br\/semcom\/wp-json\/wp\/v2\/users\/68"}],"replies":[{"embeddable":true,"href":"https:\/\/www.manaus.am.gov.br\/semcom\/wp-json\/wp\/v2\/comments?post=251017"}],"version-history":[{"count":0,"href":"https:\/\/www.manaus.am.gov.br\/semcom\/wp-json\/wp\/v2\/posts\/251017\/revisions"}],"wp:featuredmedia":[{"embeddable":true,"href":"https:\/\/www.manaus.am.gov.br\/semcom\/wp-json\/wp\/v2\/media\/251018"}],"wp:attachment":[{"href":"https:\/\/www.manaus.am.gov.br\/semcom\/wp-json\/wp\/v2\/media?parent=251017"}],"wp:term":[{"taxonomy":"category","embeddable":true,"href":"https:\/\/www.manaus.am.gov.br\/semcom\/wp-json\/wp\/v2\/categories?post=251017"},{"taxonomy":"post_tag","embeddable":true,"href":"https:\/\/www.manaus.am.gov.br\/semcom\/wp-json\/wp\/v2\/tags?post=251017"}],"curies":[{"name":"wp","href":"https:\/\/api.w.org\/{rel}","templated":true}]}}