{"id":251013,"date":"2026-01-16T17:34:26","date_gmt":"2026-01-16T20:34:26","guid":{"rendered":"https:\/\/www.manaus.am.gov.br\/semcom\/autuacao-obras-implurb\/"},"modified":"2026-02-06T12:45:15","modified_gmt":"2026-02-06T15:45:15","slug":"autuacao-obras-implurb","status":"publish","type":"post","link":"https:\/\/www.manaus.am.gov.br\/semcom\/autuacao-obras-implurb\/","title":{"rendered":"Obra da Cig\u00e1s \u00e9 autuada e embargada pela prefeitura por descumprimento de projeto e degrada\u00e7\u00e3o de via na zona Norte"},"content":{"rendered":"\n<p>Reafirmando o compromisso com preserva\u00e7\u00e3o e desenvolvimento da capital, a<a href=\"https:\/\/www.instagram.com\/prefeiturademanaus\/\"> Prefeitura de Manaus <\/a>autuou e embargou, nesta sexta-feira, 16\/1, uma obra de grande impacto realizada pela Companhia de G\u00e1s do Amazonas (Cig\u00e1s) na avenida Jos\u00e9 Henrique Bentes Rodrigues, zona Norte, por desacordo do projeto aprovado. A medida foi adotada por meio da fiscaliza\u00e7\u00e3o do Instituto Municipal de Planejamento Urbano <a href=\"https:\/\/www.manaus.am.gov.br\/\">(Implurb)<\/a>, ap\u00f3s a constata\u00e7\u00e3o de que os servi\u00e7os executados estavam causando a degrada\u00e7\u00e3o da via.<\/p>\n\n\n\n<p>A prefeitura reitera que a a\u00e7\u00e3o foi preventiva e corretiva, buscando evitar danos maiores \u00e0 infraestrutura urbana, garantindo o cumprimento das normas t\u00e9cnicas estabelecidas e assegurando que as interven\u00e7\u00f5es ocorram de forma adequada e com o menor impacto poss\u00edvel \u00e0 popula\u00e7\u00e3o.<\/p>\n\n\n\n<p>\u201cRecebemos a den\u00fancia sobre a execu\u00e7\u00e3o da obra, em desacordo com o projeto aprovado. Diante disso, a empresa foi notificada, embargada e multada pelos transtornos causados \u00e0 cidade de Manaus. Essa situa\u00e7\u00e3o gera preju\u00edzos \u00e0 popula\u00e7\u00e3o e impacta na imagem da prefeitura. A a\u00e7\u00e3o tomada demonstra o cumprimento do dever de fiscaliza\u00e7\u00e3o e aplica\u00e7\u00e3o das medidas cab\u00edveis\u201d, afirmou o vice-presidente do Implurb, Antonio Peixoto.<\/p>\n\n\n\n<p>Autorizada para ser executada com o m\u00e9todo construtivo n\u00e3o destrutivo (CND), ap\u00f3s den\u00fancia foi constatada que a execu\u00e7\u00e3o estava em total desacordo, com abertura de valas ao longo da avenida. No m\u00e9todo n\u00e3o destrutivo havia previs\u00e3o de perfura\u00e7\u00e3o de valas e escava\u00e7\u00f5es subterr\u00e2neas para conex\u00e3o de pontos, com baixo impacto para a integridade do pavimento.<\/p>\n\n\n\n<p>Mas, na pr\u00e1tica, estava sendo realizada com a total destrui\u00e7\u00e3o do pavimento e canteiro central, causando impactos negativos n\u00e3o somente no tr\u00e2nsito e transporte urbano, mas tamb\u00e9m na infraestrutura da via e asfalto.<\/p>\n\n\n\n<p>&#8212; &#8212; &#8212;<br><strong>Texto e fotos \u2013<\/strong> Divulga\u00e7\u00e3o\/Implurb<\/p>\n","protected":false},"excerpt":{"rendered":"","protected":false},"author":68,"featured_media":251014,"comment_status":"closed","ping_status":"closed","sticky":false,"template":"","format":"standard","meta":{"footnotes":""},"categories":[5701],"tags":[18928,457,77],"acf":[],"yoast_head":"<!-- This site is optimized with the Yoast SEO plugin v23.0 - https:\/\/yoast.com\/wordpress\/plugins\/seo\/ -->\n<title>Obra da Cig\u00e1s \u00e9 autuada e embargada pela prefeitura<\/title>\n<meta name=\"robots\" content=\"index, follow, max-snippet:-1, max-image-preview:large, max-video-preview:-1\" \/>\n<link rel=\"canonical\" href=\"https:\/\/www.manaus.am.gov.br\/semcom\/autuacao-obras-implurb\/\" \/>\n<meta property=\"og:locale\" content=\"pt_BR\" \/>\n<meta property=\"og:type\" content=\"article\" \/>\n<meta property=\"og:title\" content=\"Obra da Cig\u00e1s \u00e9 autuada e embargada pela prefeitura\" \/>\n<meta property=\"og:url\" content=\"https:\/\/www.manaus.am.gov.br\/semcom\/autuacao-obras-implurb\/\" \/>\n<meta property=\"og:site_name\" content=\"SEMCOM\" \/>\n<meta property=\"article:published_time\" content=\"2026-01-16T20:34:26+00:00\" \/>\n<meta property=\"article:modified_time\" content=\"2026-02-06T15:45:15+00:00\" \/>\n<meta property=\"og:image\" content=\"https:\/\/www.manaus.am.gov.br\/semcom\/wp-content\/uploads\/sites\/5\/2026\/01\/WhatsApp-Image-2026-01-16-at-15.57.31.jpeg\" \/>\n\t<meta property=\"og:image:width\" content=\"1600\" \/>\n\t<meta property=\"og:image:height\" content=\"1200\" \/>\n\t<meta property=\"og:image:type\" content=\"image\/jpeg\" \/>\n<meta name=\"author\" content=\"bvalente\" \/>\n<meta name=\"twitter:card\" content=\"summary_large_image\" \/>\n<meta name=\"twitter:label1\" content=\"Written by\" \/>\n\t<meta name=\"twitter:data1\" content=\"bvalente\" \/>\n\t<meta name=\"twitter:label2\" content=\"Est. reading time\" \/>\n\t<meta name=\"twitter:data2\" content=\"2 minutos\" \/>\n<script type=\"application\/ld+json\" class=\"yoast-schema-graph\">{\"@context\":\"https:\/\/schema.org\",\"@graph\":[{\"@type\":\"WebPage\",\"@id\":\"https:\/\/www.manaus.am.gov.br\/semcom\/autuacao-obras-implurb\/\",\"url\":\"https:\/\/www.manaus.am.gov.br\/semcom\/autuacao-obras-implurb\/\",\"name\":\"Obra da Cig\u00e1s \u00e9 autuada e embargada pela prefeitura\",\"isPartOf\":{\"@id\":\"https:\/\/www.manaus.am.gov.br\/semcom\/#website\"},\"primaryImageOfPage\":{\"@id\":\"https:\/\/www.manaus.am.gov.br\/semcom\/autuacao-obras-implurb\/#primaryimage\"},\"image\":{\"@id\":\"https:\/\/www.manaus.am.gov.br\/semcom\/autuacao-obras-implurb\/#primaryimage\"},\"thumbnailUrl\":\"https:\/\/www.manaus.am.gov.br\/semcom\/wp-content\/uploads\/sites\/5\/2026\/01\/WhatsApp-Image-2026-01-16-at-15.57.31.jpeg\",\"datePublished\":\"2026-01-16T20:34:26+00:00\",\"dateModified\":\"2026-02-06T15:45:15+00:00\",\"author\":{\"@id\":\"https:\/\/www.manaus.am.gov.br\/semcom\/#\/schema\/person\/466a0e03ae4b6062809046bd560ac955\"},\"inLanguage\":\"pt-BR\",\"potentialAction\":[{\"@type\":\"ReadAction\",\"target\":[\"https:\/\/www.manaus.am.gov.br\/semcom\/autuacao-obras-implurb\/\"]}]},{\"@type\":\"ImageObject\",\"inLanguage\":\"pt-BR\",\"@id\":\"https:\/\/www.manaus.am.gov.br\/semcom\/autuacao-obras-implurb\/#primaryimage\",\"url\":\"https:\/\/www.manaus.am.gov.br\/semcom\/wp-content\/uploads\/sites\/5\/2026\/01\/WhatsApp-Image-2026-01-16-at-15.57.31.jpeg\",\"contentUrl\":\"https:\/\/www.manaus.am.gov.br\/semcom\/wp-content\/uploads\/sites\/5\/2026\/01\/WhatsApp-Image-2026-01-16-at-15.57.31.jpeg\",\"width\":1600,\"height\":1200,\"caption\":\"#paratodosverem - Equipes do Implurb durante autua\u00e7\u00e3o\"},{\"@type\":\"WebSite\",\"@id\":\"https:\/\/www.manaus.am.gov.br\/semcom\/#website\",\"url\":\"https:\/\/www.manaus.am.gov.br\/semcom\/\",\"name\":\"SEMCOM\",\"description\":\"Secretaria Municipal de Comunica\u00e7\u00e3o\",\"potentialAction\":[{\"@type\":\"SearchAction\",\"target\":{\"@type\":\"EntryPoint\",\"urlTemplate\":\"https:\/\/www.manaus.am.gov.br\/semcom\/?s={search_term_string}\"},\"query-input\":\"required name=search_term_string\"}],\"inLanguage\":\"pt-BR\"},{\"@type\":\"Person\",\"@id\":\"https:\/\/www.manaus.am.gov.br\/semcom\/#\/schema\/person\/466a0e03ae4b6062809046bd560ac955\",\"name\":\"bvalente\",\"image\":{\"@type\":\"ImageObject\",\"inLanguage\":\"pt-BR\",\"@id\":\"https:\/\/www.manaus.am.gov.br\/semcom\/#\/schema\/person\/image\/\",\"url\":\"https:\/\/secure.gravatar.com\/avatar\/3e69bc2b014bdad41adfec3a39de07d2?s=96&d=mm&r=g\",\"contentUrl\":\"https:\/\/secure.gravatar.com\/avatar\/3e69bc2b014bdad41adfec3a39de07d2?s=96&d=mm&r=g\",\"caption\":\"bvalente\"}}]}<\/script>\n<!-- \/ Yoast SEO plugin. -->","yoast_head_json":{"title":"Obra da Cig\u00e1s \u00e9 autuada e embargada pela prefeitura","robots":{"index":"index","follow":"follow","max-snippet":"max-snippet:-1","max-image-preview":"max-image-preview:large","max-video-preview":"max-video-preview:-1"},"canonical":"https:\/\/www.manaus.am.gov.br\/semcom\/autuacao-obras-implurb\/","og_locale":"pt_BR","og_type":"article","og_title":"Obra da Cig\u00e1s \u00e9 autuada e embargada pela prefeitura","og_url":"https:\/\/www.manaus.am.gov.br\/semcom\/autuacao-obras-implurb\/","og_site_name":"SEMCOM","article_published_time":"2026-01-16T20:34:26+00:00","article_modified_time":"2026-02-06T15:45:15+00:00","og_image":[{"width":1600,"height":1200,"url":"https:\/\/www.manaus.am.gov.br\/semcom\/wp-content\/uploads\/sites\/5\/2026\/01\/WhatsApp-Image-2026-01-16-at-15.57.31.jpeg","type":"image\/jpeg"}],"author":"bvalente","twitter_card":"summary_large_image","twitter_misc":{"Written by":"bvalente","Est. reading time":"2 minutos"},"schema":{"@context":"https:\/\/schema.org","@graph":[{"@type":"WebPage","@id":"https:\/\/www.manaus.am.gov.br\/semcom\/autuacao-obras-implurb\/","url":"https:\/\/www.manaus.am.gov.br\/semcom\/autuacao-obras-implurb\/","name":"Obra da Cig\u00e1s \u00e9 autuada e embargada pela prefeitura","isPartOf":{"@id":"https:\/\/www.manaus.am.gov.br\/semcom\/#website"},"primaryImageOfPage":{"@id":"https:\/\/www.manaus.am.gov.br\/semcom\/autuacao-obras-implurb\/#primaryimage"},"image":{"@id":"https:\/\/www.manaus.am.gov.br\/semcom\/autuacao-obras-implurb\/#primaryimage"},"thumbnailUrl":"https:\/\/www.manaus.am.gov.br\/semcom\/wp-content\/uploads\/sites\/5\/2026\/01\/WhatsApp-Image-2026-01-16-at-15.57.31.jpeg","datePublished":"2026-01-16T20:34:26+00:00","dateModified":"2026-02-06T15:45:15+00:00","author":{"@id":"https:\/\/www.manaus.am.gov.br\/semcom\/#\/schema\/person\/466a0e03ae4b6062809046bd560ac955"},"inLanguage":"pt-BR","potentialAction":[{"@type":"ReadAction","target":["https:\/\/www.manaus.am.gov.br\/semcom\/autuacao-obras-implurb\/"]}]},{"@type":"ImageObject","inLanguage":"pt-BR","@id":"https:\/\/www.manaus.am.gov.br\/semcom\/autuacao-obras-implurb\/#primaryimage","url":"https:\/\/www.manaus.am.gov.br\/semcom\/wp-content\/uploads\/sites\/5\/2026\/01\/WhatsApp-Image-2026-01-16-at-15.57.31.jpeg","contentUrl":"https:\/\/www.manaus.am.gov.br\/semcom\/wp-content\/uploads\/sites\/5\/2026\/01\/WhatsApp-Image-2026-01-16-at-15.57.31.jpeg","width":1600,"height":1200,"caption":"#paratodosverem - Equipes do Implurb durante autua\u00e7\u00e3o"},{"@type":"WebSite","@id":"https:\/\/www.manaus.am.gov.br\/semcom\/#website","url":"https:\/\/www.manaus.am.gov.br\/semcom\/","name":"SEMCOM","description":"Secretaria Municipal de Comunica\u00e7\u00e3o","potentialAction":[{"@type":"SearchAction","target":{"@type":"EntryPoint","urlTemplate":"https:\/\/www.manaus.am.gov.br\/semcom\/?s={search_term_string}"},"query-input":"required name=search_term_string"}],"inLanguage":"pt-BR"},{"@type":"Person","@id":"https:\/\/www.manaus.am.gov.br\/semcom\/#\/schema\/person\/466a0e03ae4b6062809046bd560ac955","name":"bvalente","image":{"@type":"ImageObject","inLanguage":"pt-BR","@id":"https:\/\/www.manaus.am.gov.br\/semcom\/#\/schema\/person\/image\/","url":"https:\/\/secure.gravatar.com\/avatar\/3e69bc2b014bdad41adfec3a39de07d2?s=96&d=mm&r=g","contentUrl":"https:\/\/secure.gravatar.com\/avatar\/3e69bc2b014bdad41adfec3a39de07d2?s=96&d=mm&r=g","caption":"bvalente"}}]}},"_links":{"self":[{"href":"https:\/\/www.manaus.am.gov.br\/semcom\/wp-json\/wp\/v2\/posts\/251013"}],"collection":[{"href":"https:\/\/www.manaus.am.gov.br\/semcom\/wp-json\/wp\/v2\/posts"}],"about":[{"href":"https:\/\/www.manaus.am.gov.br\/semcom\/wp-json\/wp\/v2\/types\/post"}],"author":[{"embeddable":true,"href":"https:\/\/www.manaus.am.gov.br\/semcom\/wp-json\/wp\/v2\/users\/68"}],"replies":[{"embeddable":true,"href":"https:\/\/www.manaus.am.gov.br\/semcom\/wp-json\/wp\/v2\/comments?post=251013"}],"version-history":[{"count":1,"href":"https:\/\/www.manaus.am.gov.br\/semcom\/wp-json\/wp\/v2\/posts\/251013\/revisions"}],"predecessor-version":[{"id":252451,"href":"https:\/\/www.manaus.am.gov.br\/semcom\/wp-json\/wp\/v2\/posts\/251013\/revisions\/252451"}],"wp:featuredmedia":[{"embeddable":true,"href":"https:\/\/www.manaus.am.gov.br\/semcom\/wp-json\/wp\/v2\/media\/251014"}],"wp:attachment":[{"href":"https:\/\/www.manaus.am.gov.br\/semcom\/wp-json\/wp\/v2\/media?parent=251013"}],"wp:term":[{"taxonomy":"category","embeddable":true,"href":"https:\/\/www.manaus.am.gov.br\/semcom\/wp-json\/wp\/v2\/categories?post=251013"},{"taxonomy":"post_tag","embeddable":true,"href":"https:\/\/www.manaus.am.gov.br\/semcom\/wp-json\/wp\/v2\/tags?post=251013"}],"curies":[{"name":"wp","href":"https:\/\/api.w.org\/{rel}","templated":true}]}}