{"id":251010,"date":"2026-01-16T17:08:13","date_gmt":"2026-01-16T20:08:13","guid":{"rendered":"https:\/\/www.manaus.am.gov.br\/semcom\/investimento-educacao-infantil\/"},"modified":"2026-02-06T12:43:42","modified_gmt":"2026-02-06T15:43:42","slug":"investimento-educacao-infantil","status":"publish","type":"post","link":"https:\/\/www.manaus.am.gov.br\/semcom\/investimento-educacao-infantil\/","title":{"rendered":"Prefeito David Almeida reinaugura creche em Manaus e consolida investimento que triplicou a quantidade de vagas para crian\u00e7as"},"content":{"rendered":"\n<p>O prefeito de <a href=\"https:\/\/www.manaus.am.gov.br\/\">Manaus,<\/a> David Almeida, reinaugurou, nesta sexta-feira, 16\/1, a creche municipal Tude Moutinho da Costa, no bairro Cidade de Deus, zona Norte da capital. A entrega integra o conjunto de investimentos da gest\u00e3o municipal na educa\u00e7\u00e3o infantil e refor\u00e7a Manaus como a capital que mais amplia vagas e estrutura para crian\u00e7as de 1 a 3 anos no Norte do pa\u00eds.<\/p>\n\n\n\n<p>\u201cInvestir em educa\u00e7\u00e3o infantil \u00e9 investir no futuro da cidade. Estamos cuidando das nossas crian\u00e7as desde os primeiros anos de vida, oferecendo espa\u00e7os adequados, seguran\u00e7a e educa\u00e7\u00e3o de qualidade para apoiar as fam\u00edlias\u201d, afirmou David Almeida.<\/p>\n\n\n\n<p>A unidade passou por servi\u00e7os de manuten\u00e7\u00e3o e ajustes estruturais para garantir mais seguran\u00e7a e conforto, incluindo corre\u00e7\u00f5es no piso, manuten\u00e7\u00e3o el\u00e9trica, ajustes em portas e pintura parcial do telhado. Atualmente, a creche atende 204 crian\u00e7as, distribu\u00eddas nos maternais 1, 2 e 3, nos turnos da manh\u00e3 e da tarde, com uma equipe de 30 profissionais.<\/p>\n\n\n\n<p>Durante a solenidade, o prefeito destacou os resultados alcan\u00e7ados pela pol\u00edtica de amplia\u00e7\u00e3o da educa\u00e7\u00e3o infantil no munic\u00edpio. \u201cEm 2021,<a href=\"https:\/\/www.instagram.com\/prefeiturademanaus\/\"> Manaus<\/a> tinha pouco mais de cinco mil vagas em creches. Hoje j\u00e1 s\u00e3o 14 mil vagas ofertadas e vamos chegar a 16 mil at\u00e9 o final do ano. Esse avan\u00e7o \u00e9 resultado de planejamento, investimento e decis\u00e3o pol\u00edtica\u201d, disse.<\/p>\n\n\n\n<p>O secret\u00e1rio municipal de Educa\u00e7\u00e3o, J\u00fanior Mar, ressaltou que a creche representa mais do que uma estrutura f\u00edsica. \u201cCreche n\u00e3o \u00e9 pr\u00e9dio. O que d\u00e1 vida \u00e0 creche s\u00e3o as crian\u00e7as e as professoras. \u00c9 para garantir o presente das nossas crian\u00e7as e assegurar o futuro delas que a Prefeitura de Manaus entrega estruturas com qualidade\u201d, afirmou.<\/p>\n\n\n\n<p>O vereador S\u00e9rgio Bar\u00e9, representando o Legislativo municipal, destacou o volume de entregas na \u00e1rea educacional. \u201cA gest\u00e3o do prefeito David Almeida mais do que dobrou o n\u00famero de vagas em creches e j\u00e1 entregou mais de 300 escolas revitalizadas, reformadas ou constru\u00eddas. \u00c9 uma gest\u00e3o que responde com trabalho\u201d, declarou.<\/p>\n\n\n\n<p>A gestora da unidade, Simone Silva Concei\u00e7\u00e3o, ressaltou o impacto direto das melhorias. \u201cA creche recebeu melhorias que fortalecem o atendimento \u00e0s crian\u00e7as e trazem mais conforto para todos. \u00c9 um ganho para a comunidade e para os profissionais\u201d, pontuou.<\/p>\n\n\n\n<p>Para as fam\u00edlias atendidas, a reinaugura\u00e7\u00e3o representa mais seguran\u00e7a no dia a dia. \u201cA gente sai para trabalhar mais tranquila sabendo que nossos filhos est\u00e3o bem cuidados\u201d, afirmou Franciane Silva, m\u00e3e de aluna da unidade.<\/p>\n\n\n\n<p>Com a entrega, a Prefeitura de Manaus refor\u00e7a a educa\u00e7\u00e3o infantil como eixo central da gest\u00e3o e mant\u00e9m o ritmo de investimentos que t\u00eam colocado a capital amazonense em destaque nacional pelos resultados alcan\u00e7ados.<\/p>\n\n\n\n<p>&#8212; &#8212; &#8212;<\/p>\n\n\n\n<p><strong>Texto &#8211; <\/strong>Emanuelle Baires\/Semcom-Prefeito e Jordana Rodrigues\/Semed<br><strong>Fotos \u2013<\/strong> Dhyeizo Lemos\/Semcom-Prefeito<\/p>\n","protected":false},"excerpt":{"rendered":"","protected":false},"author":68,"featured_media":251011,"comment_status":"closed","ping_status":"closed","sticky":false,"template":"","format":"standard","meta":{"footnotes":""},"categories":[94],"tags":[18926,18927,77,62],"acf":[],"yoast_head":"<!-- This site is optimized with the Yoast SEO plugin v23.0 - https:\/\/yoast.com\/wordpress\/plugins\/seo\/ -->\n<title>Prefeito David Almeida reinaugura creche em Manaus<\/title>\n<meta name=\"description\" content=\"O prefeito de Manaus, David Almeida, reinaugurou, nesta sexta-feira, 16\/1, a creche municipal Tude Moutinho da Costa.\" \/>\n<meta name=\"robots\" content=\"index, follow, max-snippet:-1, max-image-preview:large, max-video-preview:-1\" \/>\n<link rel=\"canonical\" href=\"https:\/\/www.manaus.am.gov.br\/semcom\/investimento-educacao-infantil\/\" \/>\n<meta property=\"og:locale\" content=\"pt_BR\" \/>\n<meta property=\"og:type\" content=\"article\" \/>\n<meta property=\"og:title\" content=\"Prefeito David Almeida reinaugura creche em Manaus\" \/>\n<meta property=\"og:description\" content=\"O prefeito de Manaus, David Almeida, reinaugurou, nesta sexta-feira, 16\/1, a creche municipal Tude Moutinho da Costa.\" \/>\n<meta property=\"og:url\" content=\"https:\/\/www.manaus.am.gov.br\/semcom\/investimento-educacao-infantil\/\" \/>\n<meta property=\"og:site_name\" content=\"SEMCOM\" \/>\n<meta property=\"article:published_time\" content=\"2026-01-16T20:08:13+00:00\" \/>\n<meta property=\"article:modified_time\" content=\"2026-02-06T15:43:42+00:00\" \/>\n<meta property=\"og:image\" content=\"https:\/\/www.manaus.am.gov.br\/semcom\/wp-content\/uploads\/sites\/5\/2026\/01\/WhatsApp-Image-2026-01-16-at-15.56.24.jpeg\" \/>\n\t<meta property=\"og:image:width\" content=\"1600\" \/>\n\t<meta property=\"og:image:height\" content=\"1066\" \/>\n\t<meta property=\"og:image:type\" content=\"image\/jpeg\" \/>\n<meta name=\"author\" content=\"bvalente\" \/>\n<meta name=\"twitter:card\" content=\"summary_large_image\" \/>\n<meta name=\"twitter:label1\" content=\"Written by\" \/>\n\t<meta name=\"twitter:data1\" content=\"bvalente\" \/>\n\t<meta name=\"twitter:label2\" content=\"Est. reading time\" \/>\n\t<meta name=\"twitter:data2\" content=\"3 minutos\" \/>\n<script type=\"application\/ld+json\" class=\"yoast-schema-graph\">{\"@context\":\"https:\/\/schema.org\",\"@graph\":[{\"@type\":\"WebPage\",\"@id\":\"https:\/\/www.manaus.am.gov.br\/semcom\/investimento-educacao-infantil\/\",\"url\":\"https:\/\/www.manaus.am.gov.br\/semcom\/investimento-educacao-infantil\/\",\"name\":\"Prefeito David Almeida reinaugura creche em Manaus\",\"isPartOf\":{\"@id\":\"https:\/\/www.manaus.am.gov.br\/semcom\/#website\"},\"primaryImageOfPage\":{\"@id\":\"https:\/\/www.manaus.am.gov.br\/semcom\/investimento-educacao-infantil\/#primaryimage\"},\"image\":{\"@id\":\"https:\/\/www.manaus.am.gov.br\/semcom\/investimento-educacao-infantil\/#primaryimage\"},\"thumbnailUrl\":\"https:\/\/www.manaus.am.gov.br\/semcom\/wp-content\/uploads\/sites\/5\/2026\/01\/WhatsApp-Image-2026-01-16-at-15.56.24.jpeg\",\"datePublished\":\"2026-01-16T20:08:13+00:00\",\"dateModified\":\"2026-02-06T15:43:42+00:00\",\"author\":{\"@id\":\"https:\/\/www.manaus.am.gov.br\/semcom\/#\/schema\/person\/466a0e03ae4b6062809046bd560ac955\"},\"description\":\"O prefeito de Manaus, David Almeida, reinaugurou, nesta sexta-feira, 16\/1, a creche municipal Tude Moutinho da Costa.\",\"inLanguage\":\"pt-BR\",\"potentialAction\":[{\"@type\":\"ReadAction\",\"target\":[\"https:\/\/www.manaus.am.gov.br\/semcom\/investimento-educacao-infantil\/\"]}]},{\"@type\":\"ImageObject\",\"inLanguage\":\"pt-BR\",\"@id\":\"https:\/\/www.manaus.am.gov.br\/semcom\/investimento-educacao-infantil\/#primaryimage\",\"url\":\"https:\/\/www.manaus.am.gov.br\/semcom\/wp-content\/uploads\/sites\/5\/2026\/01\/WhatsApp-Image-2026-01-16-at-15.56.24.jpeg\",\"contentUrl\":\"https:\/\/www.manaus.am.gov.br\/semcom\/wp-content\/uploads\/sites\/5\/2026\/01\/WhatsApp-Image-2026-01-16-at-15.56.24.jpeg\",\"width\":1600,\"height\":1066,\"caption\":\"#paratodosverem - Prefeito David Almeida e secret\u00e1rios durante inaugura\u00e7\u00e3o\"},{\"@type\":\"WebSite\",\"@id\":\"https:\/\/www.manaus.am.gov.br\/semcom\/#website\",\"url\":\"https:\/\/www.manaus.am.gov.br\/semcom\/\",\"name\":\"SEMCOM\",\"description\":\"Secretaria Municipal de Comunica\u00e7\u00e3o\",\"potentialAction\":[{\"@type\":\"SearchAction\",\"target\":{\"@type\":\"EntryPoint\",\"urlTemplate\":\"https:\/\/www.manaus.am.gov.br\/semcom\/?s={search_term_string}\"},\"query-input\":\"required name=search_term_string\"}],\"inLanguage\":\"pt-BR\"},{\"@type\":\"Person\",\"@id\":\"https:\/\/www.manaus.am.gov.br\/semcom\/#\/schema\/person\/466a0e03ae4b6062809046bd560ac955\",\"name\":\"bvalente\",\"image\":{\"@type\":\"ImageObject\",\"inLanguage\":\"pt-BR\",\"@id\":\"https:\/\/www.manaus.am.gov.br\/semcom\/#\/schema\/person\/image\/\",\"url\":\"https:\/\/secure.gravatar.com\/avatar\/3e69bc2b014bdad41adfec3a39de07d2?s=96&d=mm&r=g\",\"contentUrl\":\"https:\/\/secure.gravatar.com\/avatar\/3e69bc2b014bdad41adfec3a39de07d2?s=96&d=mm&r=g\",\"caption\":\"bvalente\"}}]}<\/script>\n<!-- \/ Yoast SEO plugin. -->","yoast_head_json":{"title":"Prefeito David Almeida reinaugura creche em Manaus","description":"O prefeito de Manaus, David Almeida, reinaugurou, nesta sexta-feira, 16\/1, a creche municipal Tude Moutinho da Costa.","robots":{"index":"index","follow":"follow","max-snippet":"max-snippet:-1","max-image-preview":"max-image-preview:large","max-video-preview":"max-video-preview:-1"},"canonical":"https:\/\/www.manaus.am.gov.br\/semcom\/investimento-educacao-infantil\/","og_locale":"pt_BR","og_type":"article","og_title":"Prefeito David Almeida reinaugura creche em Manaus","og_description":"O prefeito de Manaus, David Almeida, reinaugurou, nesta sexta-feira, 16\/1, a creche municipal Tude Moutinho da Costa.","og_url":"https:\/\/www.manaus.am.gov.br\/semcom\/investimento-educacao-infantil\/","og_site_name":"SEMCOM","article_published_time":"2026-01-16T20:08:13+00:00","article_modified_time":"2026-02-06T15:43:42+00:00","og_image":[{"width":1600,"height":1066,"url":"https:\/\/www.manaus.am.gov.br\/semcom\/wp-content\/uploads\/sites\/5\/2026\/01\/WhatsApp-Image-2026-01-16-at-15.56.24.jpeg","type":"image\/jpeg"}],"author":"bvalente","twitter_card":"summary_large_image","twitter_misc":{"Written by":"bvalente","Est. reading time":"3 minutos"},"schema":{"@context":"https:\/\/schema.org","@graph":[{"@type":"WebPage","@id":"https:\/\/www.manaus.am.gov.br\/semcom\/investimento-educacao-infantil\/","url":"https:\/\/www.manaus.am.gov.br\/semcom\/investimento-educacao-infantil\/","name":"Prefeito David Almeida reinaugura creche em Manaus","isPartOf":{"@id":"https:\/\/www.manaus.am.gov.br\/semcom\/#website"},"primaryImageOfPage":{"@id":"https:\/\/www.manaus.am.gov.br\/semcom\/investimento-educacao-infantil\/#primaryimage"},"image":{"@id":"https:\/\/www.manaus.am.gov.br\/semcom\/investimento-educacao-infantil\/#primaryimage"},"thumbnailUrl":"https:\/\/www.manaus.am.gov.br\/semcom\/wp-content\/uploads\/sites\/5\/2026\/01\/WhatsApp-Image-2026-01-16-at-15.56.24.jpeg","datePublished":"2026-01-16T20:08:13+00:00","dateModified":"2026-02-06T15:43:42+00:00","author":{"@id":"https:\/\/www.manaus.am.gov.br\/semcom\/#\/schema\/person\/466a0e03ae4b6062809046bd560ac955"},"description":"O prefeito de Manaus, David Almeida, reinaugurou, nesta sexta-feira, 16\/1, a creche municipal Tude Moutinho da Costa.","inLanguage":"pt-BR","potentialAction":[{"@type":"ReadAction","target":["https:\/\/www.manaus.am.gov.br\/semcom\/investimento-educacao-infantil\/"]}]},{"@type":"ImageObject","inLanguage":"pt-BR","@id":"https:\/\/www.manaus.am.gov.br\/semcom\/investimento-educacao-infantil\/#primaryimage","url":"https:\/\/www.manaus.am.gov.br\/semcom\/wp-content\/uploads\/sites\/5\/2026\/01\/WhatsApp-Image-2026-01-16-at-15.56.24.jpeg","contentUrl":"https:\/\/www.manaus.am.gov.br\/semcom\/wp-content\/uploads\/sites\/5\/2026\/01\/WhatsApp-Image-2026-01-16-at-15.56.24.jpeg","width":1600,"height":1066,"caption":"#paratodosverem - Prefeito David Almeida e secret\u00e1rios durante inaugura\u00e7\u00e3o"},{"@type":"WebSite","@id":"https:\/\/www.manaus.am.gov.br\/semcom\/#website","url":"https:\/\/www.manaus.am.gov.br\/semcom\/","name":"SEMCOM","description":"Secretaria Municipal de Comunica\u00e7\u00e3o","potentialAction":[{"@type":"SearchAction","target":{"@type":"EntryPoint","urlTemplate":"https:\/\/www.manaus.am.gov.br\/semcom\/?s={search_term_string}"},"query-input":"required name=search_term_string"}],"inLanguage":"pt-BR"},{"@type":"Person","@id":"https:\/\/www.manaus.am.gov.br\/semcom\/#\/schema\/person\/466a0e03ae4b6062809046bd560ac955","name":"bvalente","image":{"@type":"ImageObject","inLanguage":"pt-BR","@id":"https:\/\/www.manaus.am.gov.br\/semcom\/#\/schema\/person\/image\/","url":"https:\/\/secure.gravatar.com\/avatar\/3e69bc2b014bdad41adfec3a39de07d2?s=96&d=mm&r=g","contentUrl":"https:\/\/secure.gravatar.com\/avatar\/3e69bc2b014bdad41adfec3a39de07d2?s=96&d=mm&r=g","caption":"bvalente"}}]}},"_links":{"self":[{"href":"https:\/\/www.manaus.am.gov.br\/semcom\/wp-json\/wp\/v2\/posts\/251010"}],"collection":[{"href":"https:\/\/www.manaus.am.gov.br\/semcom\/wp-json\/wp\/v2\/posts"}],"about":[{"href":"https:\/\/www.manaus.am.gov.br\/semcom\/wp-json\/wp\/v2\/types\/post"}],"author":[{"embeddable":true,"href":"https:\/\/www.manaus.am.gov.br\/semcom\/wp-json\/wp\/v2\/users\/68"}],"replies":[{"embeddable":true,"href":"https:\/\/www.manaus.am.gov.br\/semcom\/wp-json\/wp\/v2\/comments?post=251010"}],"version-history":[{"count":2,"href":"https:\/\/www.manaus.am.gov.br\/semcom\/wp-json\/wp\/v2\/posts\/251010\/revisions"}],"predecessor-version":[{"id":252450,"href":"https:\/\/www.manaus.am.gov.br\/semcom\/wp-json\/wp\/v2\/posts\/251010\/revisions\/252450"}],"wp:featuredmedia":[{"embeddable":true,"href":"https:\/\/www.manaus.am.gov.br\/semcom\/wp-json\/wp\/v2\/media\/251011"}],"wp:attachment":[{"href":"https:\/\/www.manaus.am.gov.br\/semcom\/wp-json\/wp\/v2\/media?parent=251010"}],"wp:term":[{"taxonomy":"category","embeddable":true,"href":"https:\/\/www.manaus.am.gov.br\/semcom\/wp-json\/wp\/v2\/categories?post=251010"},{"taxonomy":"post_tag","embeddable":true,"href":"https:\/\/www.manaus.am.gov.br\/semcom\/wp-json\/wp\/v2\/tags?post=251010"}],"curies":[{"name":"wp","href":"https:\/\/api.w.org\/{rel}","templated":true}]}}