{"id":250988,"date":"2026-01-16T08:00:00","date_gmt":"2026-01-16T12:00:00","guid":{"rendered":"https:\/\/www.manaus.am.gov.br\/semcom\/?p=250988"},"modified":"2026-01-16T22:53:38","modified_gmt":"2026-01-17T01:53:38","slug":"politicas-humanizada","status":"publish","type":"post","link":"https:\/\/www.manaus.am.gov.br\/semcom\/politicas-humanizada\/","title":{"rendered":"Prefeitura refor\u00e7a pol\u00edticas humanizadas para popula\u00e7\u00e3o em situa\u00e7\u00e3o de rua no Centro e recupera cidad\u00e3os"},"content":{"rendered":"\n<p>A Prefeitura de Manaus, por meio da Secretaria Municipal da Mulher, Assist\u00eancia Social e Cidadania (Semasc), realiza a\u00e7\u00f5es integradas permanentes de abordagem social para atender pessoas em situa\u00e7\u00e3o de rua no centro hist\u00f3rico da capital. A iniciativa faz parte das a\u00e7\u00f5es do munic\u00edpio voltadas ao fortalecimento das pol\u00edticas p\u00fablicas de assist\u00eancia social, com foco no acolhimento humanizado, no respeito aos direitos humanos e na cria\u00e7\u00e3o de oportunidades para a reconstru\u00e7\u00e3o de vidas em situa\u00e7\u00e3o de vulnerabilidade.<\/p>\n\n\n\n<p>A pol\u00edtica de assist\u00eancia social do munic\u00edpio j\u00e1 apresenta resultados concretos. A Casa de Acolhimento Padre Orlando Barbosa, vinculada \u00e0 rede socioassistencial e inaugurada no dia 30 de outubro de 2025, j\u00e1 possibilitou a inser\u00e7\u00e3o de 35 pessoas no mercado de trabalho e viabilizou o retorno de 45 pessoas \u00e0 escola, que aguardam matr\u00edcula na Educa\u00e7\u00e3o de Jovens e Adultos (EJA). J\u00e1 o Centro Pop atendeu 36 mil pessoas em 2025.<\/p>\n\n\n\n<p>Segundo o secret\u00e1rio em exerc\u00edcio da Semasc, Nildo Melo, a atual gest\u00e3o tem ampliado o cuidado com a popula\u00e7\u00e3o em situa\u00e7\u00e3o de rua, que por muito tempo esteve invis\u00edvel.<\/p>\n\n\n\n<p>\u201cA Prefeitura de Manaus atua com empatia e pol\u00edticas p\u00fablicas humanizadas, garantindo atendimento di\u00e1rio, escuta qualificada e encaminhamento para servi\u00e7os que assegurem dignidade e oportunidades de recome\u00e7o\u201d, afirmou.<\/p>\n\n\n\n<p>Segundo o secret\u00e1rio, as equipes s\u00e3o formadas por profissionais capacitados, como psic\u00f3logos e assistentes sociais, e atuam em conson\u00e2ncia com o Minist\u00e9rio P\u00fablico e a Defensoria P\u00fablica. \u201c\u00c9 um trabalho de escuta, acolhimento e convencimento, que tem apresentado resultados muito positivos\u201d, completou.<\/p>\n\n\n\n<p>As abordagens acontecem diariamente e incluem encaminhamentos para o Centro Pop ou para a Casa de Passagem, onde s\u00e3o ofertados alimenta\u00e7\u00e3o, higiene, cursos profissionalizantes, reinser\u00e7\u00e3o educacional e apoio para ingresso no mercado de trabalho, al\u00e9m de encaminhamento para tratamento, quando necess\u00e1rio.<\/p>\n\n\n\n<figure class=\"wp-block-image size-full\"><img loading=\"lazy\" decoding=\"async\" width=\"799\" height=\"533\" src=\"https:\/\/www.manaus.am.gov.br\/semcom\/wp-content\/uploads\/sites\/5\/2026\/01\/WhatsApp-Image-2026-01-15-at-21.55.23-1.jpeg\" alt=\"\" class=\"wp-image-250989\" srcset=\"https:\/\/www.manaus.am.gov.br\/semcom\/wp-content\/uploads\/sites\/5\/2026\/01\/WhatsApp-Image-2026-01-15-at-21.55.23-1.jpeg 799w, https:\/\/www.manaus.am.gov.br\/semcom\/wp-content\/uploads\/sites\/5\/2026\/01\/WhatsApp-Image-2026-01-15-at-21.55.23-1-300x200.jpeg 300w, https:\/\/www.manaus.am.gov.br\/semcom\/wp-content\/uploads\/sites\/5\/2026\/01\/WhatsApp-Image-2026-01-15-at-21.55.23-1-768x512.jpeg 768w\" sizes=\"(max-width: 799px) 100vw, 799px\" \/><\/figure>\n\n\n\n<p>A chefe de M\u00e9dia Complexidade da Semasc, M\u00e1rcia Helena Braga, destacou que o atendimento respeita a decis\u00e3o individual de cada pessoa. \u201cN\u00e3o trabalhamos de forma compuls\u00f3ria. O usu\u00e1rio precisa criar v\u00ednculo e aceitar o acolhimento. Nosso objetivo \u00e9 garantir cuidado, dignidade e possibilidades reais de sa\u00edda das ruas\u201d, explicou. \u201cAp\u00f3s aceitar o acolhimento a equipe identifica as demandas e faz a oferta dos servi\u00e7os necess\u00e1rios\u201d, complementou.<\/p>\n\n\n\n<p><strong>Rede estruturada<\/strong><\/p>\n\n\n\n<p>M\u00e1rcia ressaltou que o munic\u00edpio disp\u00f5e de uma rede estruturada para o atendimento dessa popula\u00e7\u00e3o. \u201cTemos o Centro Pop, localizado na \u00e1rea central, onde s\u00e3o ofertados banho, troca de roupas, alimenta\u00e7\u00e3o e acesso a outras pol\u00edticas p\u00fablicas, como sa\u00fade e educa\u00e7\u00e3o. Para aqueles que aceitam o acolhimento institucional, h\u00e1 a Casa de Passagem. Todo esse processo \u00e9 voltado para a sa\u00edda das ruas, sempre com dignidade, respeito e cuidado, inclusive para quem opta por permanecer nas ruas\u201d.<\/p>\n\n\n\n<p>A gerente da Casa de Acolhimento Padre Orlando Barbosa, Jesilva Barbosa, explicou que o equipamento atua de forma integrada com o Centro Pop, oferecendo acompanhamento t\u00e9cnico e atendimento individualizado.<\/p>\n\n\n\n<p>\u201cAs institui\u00e7\u00f5es referenciam para o Centro Pop, e o Centro Pop referencia para a Casa de Acolhimento. Quando a pessoa chega aqui, a equipe t\u00e9cnica faz uma avalia\u00e7\u00e3o para verificar se ela deseja o acolhimento, que pode durar de 15 a 90 dias, podendo ser prorrogado conforme a necessidade\u201d, explicou.<\/p>\n\n\n\n<p><strong>Resultados concretos<\/strong><\/p>\n\n\n\n<p>O resultado do trabalho j\u00e1 \u00e9 significante. A Casa de Acolhimento possibilitou a inser\u00e7\u00e3o de 35 pessoas no mercado de trabalho e viabilizou o retorno de 45 pessoas \u00e0 escola, que aguardam matr\u00edcula na Educa\u00e7\u00e3o de Jovens e Adultos (EJA).<\/p>\n\n\n\n<p>\u201cJ\u00e1 temos acolhidos trabalhando com carteira assinada, que permanecem na casa at\u00e9 conseguirem se estruturar financeiramente e alugar um local para morar. A Casa de Acolhimento foi pensada para dar visibilidade a essas pessoas e trabalhar a integralidade do atendimento, j\u00e1 que elas chegam com m\u00faltiplas demandas\u201d, afirmou.<\/p>\n\n\n\n<p>Quando necess\u00e1rio, os acolhidos s\u00e3o encaminhados para tratamento em institui\u00e7\u00f5es parceiras, como a Fazenda da Esperan\u00e7a, o Centro de Reabilita\u00e7\u00e3o em Depend\u00eancia Qu\u00edmica (CRDQ) e as comunidades terap\u00eauticas que trabalham com depend\u00eancia qu\u00edmica.<\/p>\n\n\n\n<p><strong>Hist\u00f3ria de transforma\u00e7\u00e3o<\/strong><\/p>\n\n\n\n<p>A pol\u00edtica de assist\u00eancia social da Prefeitura de Manaus tamb\u00e9m se reflete em hist\u00f3rias de transforma\u00e7\u00e3o, como um ex-morador em situa\u00e7\u00e3o de rua, de 42 anos, que encontrou no acolhimento institucional a chance de recome\u00e7ar.<\/p>\n\n\n\n<p>\u201cFiquei em situa\u00e7\u00e3o de rua por v\u00e1rios fatores e achei que fosse ficar assim para o resto da vida. Na rua, a gente \u00e9 invis\u00edvel, tem que se virar para tudo. Aqui, fui acolhido, recebi apoio para voltar a estudar, fazer cursos e me reorganizar. Hoje, tenho esperan\u00e7a novamente\u201d, relatou o homem, que teve a identidade preservada.<\/p>\n\n\n\n<p>Ele destacou que o acolhimento trouxe n\u00e3o apenas apoio material, mas tamb\u00e9m novas perspectivas. \u201cAqui a gente aprende que tudo tem recome\u00e7o. Tem regras, como em qualquer casa, mas \u00e9 muito melhor do que estar na rua. Com o apoio da equipe, consegui bolsa para a universidade e estou me preparando para voltar ao mercado de trabalho\u201d, afirmou, agradecendo \u00e0 Prefeitura de Manaus pelo apoio recebido.<\/p>\n\n\n\n<p>&#8212; &#8212; &#8212;<\/p>\n\n\n\n<p><strong>Texto \u2013 <\/strong>Marcilene Frutuoso \/ Semcom<\/p>\n\n\n\n<p><strong>Fotos \u2013<\/strong> Antonio Pereira \/ Semcom<\/p>\n\n\n\n<p><strong>Dispon\u00edveis em &#8211;<\/strong> <a href=\"https:\/\/flic.kr\/s\/aHBqjCGuyE\">https:\/\/flic.kr\/s\/aHBqjCGuyE<\/a>&nbsp;<\/p>\n","protected":false},"excerpt":{"rendered":"","protected":false},"author":68,"featured_media":250990,"comment_status":"closed","ping_status":"closed","sticky":false,"template":"","format":"standard","meta":{"footnotes":""},"categories":[1147],"tags":[18918,18919,77,153],"acf":[],"yoast_head":"<!-- This site is optimized with the Yoast SEO plugin v23.0 - https:\/\/yoast.com\/wordpress\/plugins\/seo\/ -->\n<title>Prefeitura refor\u00e7a pol\u00edticas humanizadas para popula\u00e7\u00e3o em situa\u00e7\u00e3o de rua<\/title>\n<meta name=\"description\" content=\"A Prefeitura de Manaus, por meio da Secretaria Municipal da Mulher, Assist\u00eancia Social e Cidadania (Semasc), realiza a\u00e7\u00f5es integradas permanentes de abordagem social para atender pessoas em situa\u00e7\u00e3o de rua no centro hist\u00f3rico da capital.\" \/>\n<meta name=\"robots\" content=\"index, follow, max-snippet:-1, max-image-preview:large, max-video-preview:-1\" \/>\n<link rel=\"canonical\" href=\"https:\/\/www.manaus.am.gov.br\/semcom\/politicas-humanizada\/\" \/>\n<meta property=\"og:locale\" content=\"pt_BR\" \/>\n<meta property=\"og:type\" content=\"article\" \/>\n<meta property=\"og:title\" content=\"Prefeitura refor\u00e7a pol\u00edticas humanizadas para popula\u00e7\u00e3o em situa\u00e7\u00e3o de rua\" \/>\n<meta property=\"og:description\" content=\"A Prefeitura de Manaus, por meio da Secretaria Municipal da Mulher, Assist\u00eancia Social e Cidadania (Semasc), realiza a\u00e7\u00f5es integradas permanentes de abordagem social para atender pessoas em situa\u00e7\u00e3o de rua no centro hist\u00f3rico da capital.\" \/>\n<meta property=\"og:url\" content=\"https:\/\/www.manaus.am.gov.br\/semcom\/politicas-humanizada\/\" \/>\n<meta property=\"og:site_name\" content=\"SEMCOM\" \/>\n<meta property=\"article:published_time\" content=\"2026-01-16T12:00:00+00:00\" \/>\n<meta property=\"article:modified_time\" content=\"2026-01-17T01:53:38+00:00\" \/>\n<meta property=\"og:image\" content=\"https:\/\/www.manaus.am.gov.br\/semcom\/wp-content\/uploads\/sites\/5\/2026\/01\/WhatsApp-Image-2026-01-15-at-21.55.22-1.jpeg\" \/>\n\t<meta property=\"og:image:width\" content=\"799\" \/>\n\t<meta property=\"og:image:height\" content=\"533\" \/>\n\t<meta property=\"og:image:type\" content=\"image\/jpeg\" \/>\n<meta name=\"author\" content=\"bvalente\" \/>\n<meta name=\"twitter:card\" content=\"summary_large_image\" \/>\n<meta name=\"twitter:label1\" content=\"Written by\" \/>\n\t<meta name=\"twitter:data1\" content=\"bvalente\" \/>\n\t<meta name=\"twitter:label2\" content=\"Est. reading time\" \/>\n\t<meta name=\"twitter:data2\" content=\"5 minutos\" \/>\n<script type=\"application\/ld+json\" class=\"yoast-schema-graph\">{\"@context\":\"https:\/\/schema.org\",\"@graph\":[{\"@type\":\"WebPage\",\"@id\":\"https:\/\/www.manaus.am.gov.br\/semcom\/politicas-humanizada\/\",\"url\":\"https:\/\/www.manaus.am.gov.br\/semcom\/politicas-humanizada\/\",\"name\":\"Prefeitura refor\u00e7a pol\u00edticas humanizadas para popula\u00e7\u00e3o em situa\u00e7\u00e3o de rua\",\"isPartOf\":{\"@id\":\"https:\/\/www.manaus.am.gov.br\/semcom\/#website\"},\"primaryImageOfPage\":{\"@id\":\"https:\/\/www.manaus.am.gov.br\/semcom\/politicas-humanizada\/#primaryimage\"},\"image\":{\"@id\":\"https:\/\/www.manaus.am.gov.br\/semcom\/politicas-humanizada\/#primaryimage\"},\"thumbnailUrl\":\"https:\/\/www.manaus.am.gov.br\/semcom\/wp-content\/uploads\/sites\/5\/2026\/01\/WhatsApp-Image-2026-01-15-at-21.55.22-1.jpeg\",\"datePublished\":\"2026-01-16T12:00:00+00:00\",\"dateModified\":\"2026-01-17T01:53:38+00:00\",\"author\":{\"@id\":\"https:\/\/www.manaus.am.gov.br\/semcom\/#\/schema\/person\/466a0e03ae4b6062809046bd560ac955\"},\"description\":\"A Prefeitura de Manaus, por meio da Secretaria Municipal da Mulher, Assist\u00eancia Social e Cidadania (Semasc), realiza a\u00e7\u00f5es integradas permanentes de abordagem social para atender pessoas em situa\u00e7\u00e3o de rua no centro hist\u00f3rico da capital.\",\"inLanguage\":\"pt-BR\",\"potentialAction\":[{\"@type\":\"ReadAction\",\"target\":[\"https:\/\/www.manaus.am.gov.br\/semcom\/politicas-humanizada\/\"]}]},{\"@type\":\"ImageObject\",\"inLanguage\":\"pt-BR\",\"@id\":\"https:\/\/www.manaus.am.gov.br\/semcom\/politicas-humanizada\/#primaryimage\",\"url\":\"https:\/\/www.manaus.am.gov.br\/semcom\/wp-content\/uploads\/sites\/5\/2026\/01\/WhatsApp-Image-2026-01-15-at-21.55.22-1.jpeg\",\"contentUrl\":\"https:\/\/www.manaus.am.gov.br\/semcom\/wp-content\/uploads\/sites\/5\/2026\/01\/WhatsApp-Image-2026-01-15-at-21.55.22-1.jpeg\",\"width\":799,\"height\":533,\"caption\":\"#paratodosverem - Servidores da Semasc durante a\u00e7\u00e3o social\"},{\"@type\":\"WebSite\",\"@id\":\"https:\/\/www.manaus.am.gov.br\/semcom\/#website\",\"url\":\"https:\/\/www.manaus.am.gov.br\/semcom\/\",\"name\":\"SEMCOM\",\"description\":\"Secretaria Municipal de Comunica\u00e7\u00e3o\",\"potentialAction\":[{\"@type\":\"SearchAction\",\"target\":{\"@type\":\"EntryPoint\",\"urlTemplate\":\"https:\/\/www.manaus.am.gov.br\/semcom\/?s={search_term_string}\"},\"query-input\":\"required name=search_term_string\"}],\"inLanguage\":\"pt-BR\"},{\"@type\":\"Person\",\"@id\":\"https:\/\/www.manaus.am.gov.br\/semcom\/#\/schema\/person\/466a0e03ae4b6062809046bd560ac955\",\"name\":\"bvalente\",\"image\":{\"@type\":\"ImageObject\",\"inLanguage\":\"pt-BR\",\"@id\":\"https:\/\/www.manaus.am.gov.br\/semcom\/#\/schema\/person\/image\/\",\"url\":\"https:\/\/secure.gravatar.com\/avatar\/3e69bc2b014bdad41adfec3a39de07d2?s=96&d=mm&r=g\",\"contentUrl\":\"https:\/\/secure.gravatar.com\/avatar\/3e69bc2b014bdad41adfec3a39de07d2?s=96&d=mm&r=g\",\"caption\":\"bvalente\"}}]}<\/script>\n<!-- \/ Yoast SEO plugin. -->","yoast_head_json":{"title":"Prefeitura refor\u00e7a pol\u00edticas humanizadas para popula\u00e7\u00e3o em situa\u00e7\u00e3o de rua","description":"A Prefeitura de Manaus, por meio da Secretaria Municipal da Mulher, Assist\u00eancia Social e Cidadania (Semasc), realiza a\u00e7\u00f5es integradas permanentes de abordagem social para atender pessoas em situa\u00e7\u00e3o de rua no centro hist\u00f3rico da capital.","robots":{"index":"index","follow":"follow","max-snippet":"max-snippet:-1","max-image-preview":"max-image-preview:large","max-video-preview":"max-video-preview:-1"},"canonical":"https:\/\/www.manaus.am.gov.br\/semcom\/politicas-humanizada\/","og_locale":"pt_BR","og_type":"article","og_title":"Prefeitura refor\u00e7a pol\u00edticas humanizadas para popula\u00e7\u00e3o em situa\u00e7\u00e3o de rua","og_description":"A Prefeitura de Manaus, por meio da Secretaria Municipal da Mulher, Assist\u00eancia Social e Cidadania (Semasc), realiza a\u00e7\u00f5es integradas permanentes de abordagem social para atender pessoas em situa\u00e7\u00e3o de rua no centro hist\u00f3rico da capital.","og_url":"https:\/\/www.manaus.am.gov.br\/semcom\/politicas-humanizada\/","og_site_name":"SEMCOM","article_published_time":"2026-01-16T12:00:00+00:00","article_modified_time":"2026-01-17T01:53:38+00:00","og_image":[{"width":799,"height":533,"url":"https:\/\/www.manaus.am.gov.br\/semcom\/wp-content\/uploads\/sites\/5\/2026\/01\/WhatsApp-Image-2026-01-15-at-21.55.22-1.jpeg","type":"image\/jpeg"}],"author":"bvalente","twitter_card":"summary_large_image","twitter_misc":{"Written by":"bvalente","Est. reading time":"5 minutos"},"schema":{"@context":"https:\/\/schema.org","@graph":[{"@type":"WebPage","@id":"https:\/\/www.manaus.am.gov.br\/semcom\/politicas-humanizada\/","url":"https:\/\/www.manaus.am.gov.br\/semcom\/politicas-humanizada\/","name":"Prefeitura refor\u00e7a pol\u00edticas humanizadas para popula\u00e7\u00e3o em situa\u00e7\u00e3o de rua","isPartOf":{"@id":"https:\/\/www.manaus.am.gov.br\/semcom\/#website"},"primaryImageOfPage":{"@id":"https:\/\/www.manaus.am.gov.br\/semcom\/politicas-humanizada\/#primaryimage"},"image":{"@id":"https:\/\/www.manaus.am.gov.br\/semcom\/politicas-humanizada\/#primaryimage"},"thumbnailUrl":"https:\/\/www.manaus.am.gov.br\/semcom\/wp-content\/uploads\/sites\/5\/2026\/01\/WhatsApp-Image-2026-01-15-at-21.55.22-1.jpeg","datePublished":"2026-01-16T12:00:00+00:00","dateModified":"2026-01-17T01:53:38+00:00","author":{"@id":"https:\/\/www.manaus.am.gov.br\/semcom\/#\/schema\/person\/466a0e03ae4b6062809046bd560ac955"},"description":"A Prefeitura de Manaus, por meio da Secretaria Municipal da Mulher, Assist\u00eancia Social e Cidadania (Semasc), realiza a\u00e7\u00f5es integradas permanentes de abordagem social para atender pessoas em situa\u00e7\u00e3o de rua no centro hist\u00f3rico da capital.","inLanguage":"pt-BR","potentialAction":[{"@type":"ReadAction","target":["https:\/\/www.manaus.am.gov.br\/semcom\/politicas-humanizada\/"]}]},{"@type":"ImageObject","inLanguage":"pt-BR","@id":"https:\/\/www.manaus.am.gov.br\/semcom\/politicas-humanizada\/#primaryimage","url":"https:\/\/www.manaus.am.gov.br\/semcom\/wp-content\/uploads\/sites\/5\/2026\/01\/WhatsApp-Image-2026-01-15-at-21.55.22-1.jpeg","contentUrl":"https:\/\/www.manaus.am.gov.br\/semcom\/wp-content\/uploads\/sites\/5\/2026\/01\/WhatsApp-Image-2026-01-15-at-21.55.22-1.jpeg","width":799,"height":533,"caption":"#paratodosverem - Servidores da Semasc durante a\u00e7\u00e3o social"},{"@type":"WebSite","@id":"https:\/\/www.manaus.am.gov.br\/semcom\/#website","url":"https:\/\/www.manaus.am.gov.br\/semcom\/","name":"SEMCOM","description":"Secretaria Municipal de Comunica\u00e7\u00e3o","potentialAction":[{"@type":"SearchAction","target":{"@type":"EntryPoint","urlTemplate":"https:\/\/www.manaus.am.gov.br\/semcom\/?s={search_term_string}"},"query-input":"required name=search_term_string"}],"inLanguage":"pt-BR"},{"@type":"Person","@id":"https:\/\/www.manaus.am.gov.br\/semcom\/#\/schema\/person\/466a0e03ae4b6062809046bd560ac955","name":"bvalente","image":{"@type":"ImageObject","inLanguage":"pt-BR","@id":"https:\/\/www.manaus.am.gov.br\/semcom\/#\/schema\/person\/image\/","url":"https:\/\/secure.gravatar.com\/avatar\/3e69bc2b014bdad41adfec3a39de07d2?s=96&d=mm&r=g","contentUrl":"https:\/\/secure.gravatar.com\/avatar\/3e69bc2b014bdad41adfec3a39de07d2?s=96&d=mm&r=g","caption":"bvalente"}}]}},"_links":{"self":[{"href":"https:\/\/www.manaus.am.gov.br\/semcom\/wp-json\/wp\/v2\/posts\/250988"}],"collection":[{"href":"https:\/\/www.manaus.am.gov.br\/semcom\/wp-json\/wp\/v2\/posts"}],"about":[{"href":"https:\/\/www.manaus.am.gov.br\/semcom\/wp-json\/wp\/v2\/types\/post"}],"author":[{"embeddable":true,"href":"https:\/\/www.manaus.am.gov.br\/semcom\/wp-json\/wp\/v2\/users\/68"}],"replies":[{"embeddable":true,"href":"https:\/\/www.manaus.am.gov.br\/semcom\/wp-json\/wp\/v2\/comments?post=250988"}],"version-history":[{"count":3,"href":"https:\/\/www.manaus.am.gov.br\/semcom\/wp-json\/wp\/v2\/posts\/250988\/revisions"}],"predecessor-version":[{"id":251047,"href":"https:\/\/www.manaus.am.gov.br\/semcom\/wp-json\/wp\/v2\/posts\/250988\/revisions\/251047"}],"wp:featuredmedia":[{"embeddable":true,"href":"https:\/\/www.manaus.am.gov.br\/semcom\/wp-json\/wp\/v2\/media\/250990"}],"wp:attachment":[{"href":"https:\/\/www.manaus.am.gov.br\/semcom\/wp-json\/wp\/v2\/media?parent=250988"}],"wp:term":[{"taxonomy":"category","embeddable":true,"href":"https:\/\/www.manaus.am.gov.br\/semcom\/wp-json\/wp\/v2\/categories?post=250988"},{"taxonomy":"post_tag","embeddable":true,"href":"https:\/\/www.manaus.am.gov.br\/semcom\/wp-json\/wp\/v2\/tags?post=250988"}],"curies":[{"name":"wp","href":"https:\/\/api.w.org\/{rel}","templated":true}]}}