{"id":250986,"date":"2026-01-15T22:58:01","date_gmt":"2026-01-16T01:58:01","guid":{"rendered":"https:\/\/www.manaus.am.gov.br\/semcom\/arena-magica-de-patinacao-2\/"},"modified":"2026-01-15T22:58:01","modified_gmt":"2026-01-16T01:58:01","slug":"arena-magica-de-patinacao-2","status":"publish","type":"post","link":"https:\/\/www.manaus.am.gov.br\/semcom\/arena-magica-de-patinacao-2\/","title":{"rendered":"Arena M\u00e1gica de Patina\u00e7\u00e3o da prefeitura encerra programa\u00e7\u00e3o com mais de 250 mil visitantes e 10 toneladas de leite doadas"},"content":{"rendered":"\n<p>Ap\u00f3s 75 dias de funcionamento, a Arena M\u00e1gica de Patina\u00e7\u00e3o encerrou sua programa\u00e7\u00e3o nesta quinta-feira, 15\/1, na Ponta Negra, zona Oeste, consolidando-se como uma das atra\u00e7\u00f5es mais marcantes do Natal em Manaus. Integrando a agenda \u201cUm Sonho M\u00e1gico de Natal\u201d, promovida pela Prefeitura de Manaus, por meio do Fundo Manaus Solid\u00e1ria (FMS), a iniciativa uniu lazer, conviv\u00eancia familiar e solidariedade em um dos principais cart\u00f5es-postais da capital.<\/p>\n\n\n\n<p>Instalada ao lado da pista de skate, no complexo tur\u00edstico Ponta Negra, a arena atraiu milhares de visitantes ao longo de quase dois meses e meio de atividades. Mais de 25 mil pessoas participaram diretamente da experi\u00eancia de patina\u00e7\u00e3o, enquanto cerca de 250 mil circularam pelo espa\u00e7o durante o per\u00edodo, movimentando a orla e fortalecendo o local como ponto de encontro para fam\u00edlias, turistas e moradores da cidade. Al\u00e9m disso, foram arrecadadas 10 toneladas de leite, que foram destinados a institui\u00e7\u00f5es que atendem crian\u00e7as e fam\u00edlias em situa\u00e7\u00e3o de vulnerabilidade social.<\/p>\n\n\n\n<p>Para a presidente do FMS, Viviana Lira, o encerramento da arena representa a conclus\u00e3o de um ciclo marcado por resultados positivos e pelo envolvimento da popula\u00e7\u00e3o. \u201cHoje, estamos encerrando um ciclo com a sensa\u00e7\u00e3o de miss\u00e3o cumprida com essa iniciativa do prefeito David Almeida. Desde o in\u00edcio, o nosso objetivo foi proporcionar uma experi\u00eancia acess\u00edvel, que unisse divers\u00e3o e solidariedade. Ver a participa\u00e7\u00e3o da popula\u00e7\u00e3o, o sorriso das crian\u00e7as e o alcance social da a\u00e7\u00e3o nos mostra que todo o esfor\u00e7o valeu a pena\u201d, destacou.<\/p>\n\n\n\n<p>Entre os visitantes do \u00faltimo dia de funcionamento, estava a aut\u00f4noma Shirley Carvalho, que aproveitou a oportunidade para levar os dois filhos para vivenciar a experi\u00eancia. Segundo ela, o momento ficar\u00e1 guardado na mem\u00f3ria da fam\u00edlia.<\/p>\n\n\n\n<p>\u201cEu aproveitei o \u00faltimo dia para trazer as crian\u00e7as, porque \u00e9 uma experi\u00eancia diferente, divertida e que a gente n\u00e3o encontra sempre. Eles ficaram encantados, se divertiram bastante e com certeza v\u00e3o lembrar desse dia por muito tempo\u201d, relatou.<\/p>\n\n\n\n<p>A Arena M\u00e1gica de Patina\u00e7\u00e3o foi planejada para atender p\u00fablicos de todas as idades. Crian\u00e7as a partir de 5 anos puderam utilizar os patins normalmente, enquanto os pequenos de 2 a 4 anos participaram da atividade com minitren\u00f3s, em um circuito acompanhado por monitores treinados, garantindo seguran\u00e7a e inclus\u00e3o.<\/p>\n\n\n\n<p>As irm\u00e3s Eduarda Cust\u00f3dio e Deborah Vit\u00f3ria tamb\u00e9m aproveitaram a oportunidade para patinar pela primeira vez. Para Eduarda, a experi\u00eancia superou as expectativas. \u201c\u00c9 bem legal, eu nunca tinha patinado antes e achei muito divertido. D\u00e1 um pouco de medo no come\u00e7o, mas depois a gente se solta. Foi uma experi\u00eancia muito boa\u201d, contou.<\/p>\n\n\n\n<p>J\u00e1 Deborah Vit\u00f3ria destacou a alegria de participar da atra\u00e7\u00e3o no espa\u00e7o p\u00fablico. \u201cEsse lugar \u00e9 muito bom. \u00c9 a minha primeira vez patinando e eu gostei demais. \u00c9 legal ter uma coisa assim para a gente aproveitar com a fam\u00edlia\u201d, disse.<\/p>\n\n\n\n<p>Com n\u00fameros expressivos e ampla ades\u00e3o popular, a Arena M\u00e1gica de Patina\u00e7\u00e3o se despede deixando um legado de lazer, inclus\u00e3o social e fortalecimento do esp\u00edrito natalino na orla da Ponta Negra.<\/p>\n\n\n\n<p>\u2014&#8211; \u2014- \u2014-<br><strong>Texto &#8211;<\/strong> Deborah Azevedo \/ Semcom<br><strong>Fotos &#8211; <\/strong>Cl\u00f3vis Miranda \/ Semcom\u00a0<br><strong>Dispon\u00edveis em &#8211; <\/strong><a href=\"https:\/\/flic.kr\/s\/aHBqjCGJPm\">https:\/\/flic.kr\/s\/aHBqjCGJPm<\/a>\u00a0<\/p>\n\n\n\n<p><\/p>\n","protected":false},"excerpt":{"rendered":"","protected":false},"author":68,"featured_media":250987,"comment_status":"closed","ping_status":"closed","sticky":false,"template":"","format":"standard","meta":{"footnotes":""},"categories":[834],"tags":[18061,7784,77],"acf":[],"yoast_head":"<!-- This site is optimized with the Yoast SEO plugin v23.0 - https:\/\/yoast.com\/wordpress\/plugins\/seo\/ -->\n<title>Arena M\u00e1gica de Patina\u00e7\u00e3o da prefeitura encerra programa\u00e7\u00e3o<\/title>\n<meta name=\"description\" content=\"Ap\u00f3s 75 dias de funcionamento, a Arena M\u00e1gica de Patina\u00e7\u00e3o encerrou sua programa\u00e7\u00e3o nesta quinta-feira, 15\/1, na Ponta Negra.\" \/>\n<meta name=\"robots\" content=\"index, follow, max-snippet:-1, max-image-preview:large, max-video-preview:-1\" \/>\n<link rel=\"canonical\" href=\"https:\/\/www.manaus.am.gov.br\/semcom\/arena-magica-de-patinacao-2\/\" \/>\n<meta property=\"og:locale\" content=\"pt_BR\" \/>\n<meta property=\"og:type\" content=\"article\" \/>\n<meta property=\"og:title\" content=\"Arena M\u00e1gica de Patina\u00e7\u00e3o da prefeitura encerra programa\u00e7\u00e3o\" \/>\n<meta property=\"og:description\" content=\"Ap\u00f3s 75 dias de funcionamento, a Arena M\u00e1gica de Patina\u00e7\u00e3o encerrou sua programa\u00e7\u00e3o nesta quinta-feira, 15\/1, na Ponta Negra.\" \/>\n<meta property=\"og:url\" content=\"https:\/\/www.manaus.am.gov.br\/semcom\/arena-magica-de-patinacao-2\/\" \/>\n<meta property=\"og:site_name\" content=\"SEMCOM\" \/>\n<meta property=\"article:published_time\" content=\"2026-01-16T01:58:01+00:00\" \/>\n<meta property=\"og:image\" content=\"https:\/\/www.manaus.am.gov.br\/semcom\/wp-content\/uploads\/sites\/5\/2026\/01\/55042534177_7a43baf8c1_c.jpg\" \/>\n\t<meta property=\"og:image:width\" content=\"799\" \/>\n\t<meta property=\"og:image:height\" content=\"533\" \/>\n\t<meta property=\"og:image:type\" content=\"image\/jpeg\" \/>\n<meta name=\"author\" content=\"bvalente\" \/>\n<meta name=\"twitter:card\" content=\"summary_large_image\" \/>\n<meta name=\"twitter:label1\" content=\"Written by\" \/>\n\t<meta name=\"twitter:data1\" content=\"bvalente\" \/>\n\t<meta name=\"twitter:label2\" content=\"Est. reading time\" \/>\n\t<meta name=\"twitter:data2\" content=\"4 minutos\" \/>\n<script type=\"application\/ld+json\" class=\"yoast-schema-graph\">{\"@context\":\"https:\/\/schema.org\",\"@graph\":[{\"@type\":\"WebPage\",\"@id\":\"https:\/\/www.manaus.am.gov.br\/semcom\/arena-magica-de-patinacao-2\/\",\"url\":\"https:\/\/www.manaus.am.gov.br\/semcom\/arena-magica-de-patinacao-2\/\",\"name\":\"Arena M\u00e1gica de Patina\u00e7\u00e3o da prefeitura encerra programa\u00e7\u00e3o\",\"isPartOf\":{\"@id\":\"https:\/\/www.manaus.am.gov.br\/semcom\/#website\"},\"primaryImageOfPage\":{\"@id\":\"https:\/\/www.manaus.am.gov.br\/semcom\/arena-magica-de-patinacao-2\/#primaryimage\"},\"image\":{\"@id\":\"https:\/\/www.manaus.am.gov.br\/semcom\/arena-magica-de-patinacao-2\/#primaryimage\"},\"thumbnailUrl\":\"https:\/\/www.manaus.am.gov.br\/semcom\/wp-content\/uploads\/sites\/5\/2026\/01\/55042534177_7a43baf8c1_c.jpg\",\"datePublished\":\"2026-01-16T01:58:01+00:00\",\"dateModified\":\"2026-01-16T01:58:01+00:00\",\"author\":{\"@id\":\"https:\/\/www.manaus.am.gov.br\/semcom\/#\/schema\/person\/466a0e03ae4b6062809046bd560ac955\"},\"description\":\"Ap\u00f3s 75 dias de funcionamento, a Arena M\u00e1gica de Patina\u00e7\u00e3o encerrou sua programa\u00e7\u00e3o nesta quinta-feira, 15\/1, na Ponta Negra.\",\"inLanguage\":\"pt-BR\",\"potentialAction\":[{\"@type\":\"ReadAction\",\"target\":[\"https:\/\/www.manaus.am.gov.br\/semcom\/arena-magica-de-patinacao-2\/\"]}]},{\"@type\":\"ImageObject\",\"inLanguage\":\"pt-BR\",\"@id\":\"https:\/\/www.manaus.am.gov.br\/semcom\/arena-magica-de-patinacao-2\/#primaryimage\",\"url\":\"https:\/\/www.manaus.am.gov.br\/semcom\/wp-content\/uploads\/sites\/5\/2026\/01\/55042534177_7a43baf8c1_c.jpg\",\"contentUrl\":\"https:\/\/www.manaus.am.gov.br\/semcom\/wp-content\/uploads\/sites\/5\/2026\/01\/55042534177_7a43baf8c1_c.jpg\",\"width\":799,\"height\":533,\"caption\":\"#paratodosverem - Imagem da pista de patina\u00e7\u00e3o, com p\u00fablico\"},{\"@type\":\"WebSite\",\"@id\":\"https:\/\/www.manaus.am.gov.br\/semcom\/#website\",\"url\":\"https:\/\/www.manaus.am.gov.br\/semcom\/\",\"name\":\"SEMCOM\",\"description\":\"Secretaria Municipal de Comunica\u00e7\u00e3o\",\"potentialAction\":[{\"@type\":\"SearchAction\",\"target\":{\"@type\":\"EntryPoint\",\"urlTemplate\":\"https:\/\/www.manaus.am.gov.br\/semcom\/?s={search_term_string}\"},\"query-input\":\"required name=search_term_string\"}],\"inLanguage\":\"pt-BR\"},{\"@type\":\"Person\",\"@id\":\"https:\/\/www.manaus.am.gov.br\/semcom\/#\/schema\/person\/466a0e03ae4b6062809046bd560ac955\",\"name\":\"bvalente\",\"image\":{\"@type\":\"ImageObject\",\"inLanguage\":\"pt-BR\",\"@id\":\"https:\/\/www.manaus.am.gov.br\/semcom\/#\/schema\/person\/image\/\",\"url\":\"https:\/\/secure.gravatar.com\/avatar\/3e69bc2b014bdad41adfec3a39de07d2?s=96&d=mm&r=g\",\"contentUrl\":\"https:\/\/secure.gravatar.com\/avatar\/3e69bc2b014bdad41adfec3a39de07d2?s=96&d=mm&r=g\",\"caption\":\"bvalente\"}}]}<\/script>\n<!-- \/ Yoast SEO plugin. -->","yoast_head_json":{"title":"Arena M\u00e1gica de Patina\u00e7\u00e3o da prefeitura encerra programa\u00e7\u00e3o","description":"Ap\u00f3s 75 dias de funcionamento, a Arena M\u00e1gica de Patina\u00e7\u00e3o encerrou sua programa\u00e7\u00e3o nesta quinta-feira, 15\/1, na Ponta Negra.","robots":{"index":"index","follow":"follow","max-snippet":"max-snippet:-1","max-image-preview":"max-image-preview:large","max-video-preview":"max-video-preview:-1"},"canonical":"https:\/\/www.manaus.am.gov.br\/semcom\/arena-magica-de-patinacao-2\/","og_locale":"pt_BR","og_type":"article","og_title":"Arena M\u00e1gica de Patina\u00e7\u00e3o da prefeitura encerra programa\u00e7\u00e3o","og_description":"Ap\u00f3s 75 dias de funcionamento, a Arena M\u00e1gica de Patina\u00e7\u00e3o encerrou sua programa\u00e7\u00e3o nesta quinta-feira, 15\/1, na Ponta Negra.","og_url":"https:\/\/www.manaus.am.gov.br\/semcom\/arena-magica-de-patinacao-2\/","og_site_name":"SEMCOM","article_published_time":"2026-01-16T01:58:01+00:00","og_image":[{"width":799,"height":533,"url":"https:\/\/www.manaus.am.gov.br\/semcom\/wp-content\/uploads\/sites\/5\/2026\/01\/55042534177_7a43baf8c1_c.jpg","type":"image\/jpeg"}],"author":"bvalente","twitter_card":"summary_large_image","twitter_misc":{"Written by":"bvalente","Est. reading time":"4 minutos"},"schema":{"@context":"https:\/\/schema.org","@graph":[{"@type":"WebPage","@id":"https:\/\/www.manaus.am.gov.br\/semcom\/arena-magica-de-patinacao-2\/","url":"https:\/\/www.manaus.am.gov.br\/semcom\/arena-magica-de-patinacao-2\/","name":"Arena M\u00e1gica de Patina\u00e7\u00e3o da prefeitura encerra programa\u00e7\u00e3o","isPartOf":{"@id":"https:\/\/www.manaus.am.gov.br\/semcom\/#website"},"primaryImageOfPage":{"@id":"https:\/\/www.manaus.am.gov.br\/semcom\/arena-magica-de-patinacao-2\/#primaryimage"},"image":{"@id":"https:\/\/www.manaus.am.gov.br\/semcom\/arena-magica-de-patinacao-2\/#primaryimage"},"thumbnailUrl":"https:\/\/www.manaus.am.gov.br\/semcom\/wp-content\/uploads\/sites\/5\/2026\/01\/55042534177_7a43baf8c1_c.jpg","datePublished":"2026-01-16T01:58:01+00:00","dateModified":"2026-01-16T01:58:01+00:00","author":{"@id":"https:\/\/www.manaus.am.gov.br\/semcom\/#\/schema\/person\/466a0e03ae4b6062809046bd560ac955"},"description":"Ap\u00f3s 75 dias de funcionamento, a Arena M\u00e1gica de Patina\u00e7\u00e3o encerrou sua programa\u00e7\u00e3o nesta quinta-feira, 15\/1, na Ponta Negra.","inLanguage":"pt-BR","potentialAction":[{"@type":"ReadAction","target":["https:\/\/www.manaus.am.gov.br\/semcom\/arena-magica-de-patinacao-2\/"]}]},{"@type":"ImageObject","inLanguage":"pt-BR","@id":"https:\/\/www.manaus.am.gov.br\/semcom\/arena-magica-de-patinacao-2\/#primaryimage","url":"https:\/\/www.manaus.am.gov.br\/semcom\/wp-content\/uploads\/sites\/5\/2026\/01\/55042534177_7a43baf8c1_c.jpg","contentUrl":"https:\/\/www.manaus.am.gov.br\/semcom\/wp-content\/uploads\/sites\/5\/2026\/01\/55042534177_7a43baf8c1_c.jpg","width":799,"height":533,"caption":"#paratodosverem - Imagem da pista de patina\u00e7\u00e3o, com p\u00fablico"},{"@type":"WebSite","@id":"https:\/\/www.manaus.am.gov.br\/semcom\/#website","url":"https:\/\/www.manaus.am.gov.br\/semcom\/","name":"SEMCOM","description":"Secretaria Municipal de Comunica\u00e7\u00e3o","potentialAction":[{"@type":"SearchAction","target":{"@type":"EntryPoint","urlTemplate":"https:\/\/www.manaus.am.gov.br\/semcom\/?s={search_term_string}"},"query-input":"required name=search_term_string"}],"inLanguage":"pt-BR"},{"@type":"Person","@id":"https:\/\/www.manaus.am.gov.br\/semcom\/#\/schema\/person\/466a0e03ae4b6062809046bd560ac955","name":"bvalente","image":{"@type":"ImageObject","inLanguage":"pt-BR","@id":"https:\/\/www.manaus.am.gov.br\/semcom\/#\/schema\/person\/image\/","url":"https:\/\/secure.gravatar.com\/avatar\/3e69bc2b014bdad41adfec3a39de07d2?s=96&d=mm&r=g","contentUrl":"https:\/\/secure.gravatar.com\/avatar\/3e69bc2b014bdad41adfec3a39de07d2?s=96&d=mm&r=g","caption":"bvalente"}}]}},"_links":{"self":[{"href":"https:\/\/www.manaus.am.gov.br\/semcom\/wp-json\/wp\/v2\/posts\/250986"}],"collection":[{"href":"https:\/\/www.manaus.am.gov.br\/semcom\/wp-json\/wp\/v2\/posts"}],"about":[{"href":"https:\/\/www.manaus.am.gov.br\/semcom\/wp-json\/wp\/v2\/types\/post"}],"author":[{"embeddable":true,"href":"https:\/\/www.manaus.am.gov.br\/semcom\/wp-json\/wp\/v2\/users\/68"}],"replies":[{"embeddable":true,"href":"https:\/\/www.manaus.am.gov.br\/semcom\/wp-json\/wp\/v2\/comments?post=250986"}],"version-history":[{"count":0,"href":"https:\/\/www.manaus.am.gov.br\/semcom\/wp-json\/wp\/v2\/posts\/250986\/revisions"}],"wp:featuredmedia":[{"embeddable":true,"href":"https:\/\/www.manaus.am.gov.br\/semcom\/wp-json\/wp\/v2\/media\/250987"}],"wp:attachment":[{"href":"https:\/\/www.manaus.am.gov.br\/semcom\/wp-json\/wp\/v2\/media?parent=250986"}],"wp:term":[{"taxonomy":"category","embeddable":true,"href":"https:\/\/www.manaus.am.gov.br\/semcom\/wp-json\/wp\/v2\/categories?post=250986"},{"taxonomy":"post_tag","embeddable":true,"href":"https:\/\/www.manaus.am.gov.br\/semcom\/wp-json\/wp\/v2\/tags?post=250986"}],"curies":[{"name":"wp","href":"https:\/\/api.w.org\/{rel}","templated":true}]}}