{"id":250967,"date":"2026-01-15T18:31:45","date_gmt":"2026-01-15T21:31:45","guid":{"rendered":"https:\/\/www.manaus.am.gov.br\/semcom\/atendimento-unidade-odontologica-movel\/"},"modified":"2026-01-15T18:31:47","modified_gmt":"2026-01-15T21:31:47","slug":"atendimento-unidade-odontologica-movel","status":"publish","type":"post","link":"https:\/\/www.manaus.am.gov.br\/semcom\/atendimento-unidade-odontologica-movel\/","title":{"rendered":"Unidade odontol\u00f3gica m\u00f3vel da prefeitura atende idosos residentes da Funda\u00e7\u00e3o Dr. Thomas"},"content":{"rendered":"\n<p>Residentes da Funda\u00e7\u00e3o de Apoio ao Idoso Dr. Thomas (FDT) est\u00e3o recebendo atendimentos em sa\u00fade bucal na sede da institui\u00e7\u00e3o, com o apoio da unidade odontol\u00f3gica m\u00f3vel da Prefeitura de Manaus, administrada pela Secretaria Municipal de Sa\u00fade (Semsa). Na estrutura, os idosos t\u00eam acesso a avalia\u00e7\u00e3o cl\u00ednica, limpeza, restaura\u00e7\u00e3o e outros servi\u00e7os e procedimentos de sa\u00fade bucal da Aten\u00e7\u00e3o Prim\u00e1ria.<\/p>\n\n\n\n<p>A estrutura m\u00f3vel foi entregue pelo prefeito David Almeida, ao lado da secret\u00e1ria municipal de Sa\u00fade, Sh\u00e1dia Fraxe, na ter\u00e7a-feira, 13\/1, visando fortalecer a aten\u00e7\u00e3o \u00e0 sa\u00fade bucal na rede b\u00e1sica do munic\u00edpio. Os primeiros atendimentos ocorreram na quarta-feira, 14\/1, ap\u00f3s deslocamento do equipamento at\u00e9 a sede da FDT, localizada no bairro Nossa Senhora das Gra\u00e7as, zona Centro-Sul.<\/p>\n\n\n\n<p>Uma das primeiras atendidas foi Maria do Carmo de Almeida, de 75 anos, h\u00e1 tr\u00eas anos residente da FDT. Nesta quarta e quinta-feira, ela passou por procedimentos de limpeza e restaura\u00e7\u00e3o dent\u00e1ria na unidade m\u00f3vel. \u201cFoi um atendimento \u00f3timo, o dentista maravilhoso. \u00c9 uma \u00f3tima oportunidade ter esse servi\u00e7o aqui, pois atividades como ir ao dentista s\u00e3o mais dif\u00edceis para n\u00f3s, por conta da idade\u201d, relata.<\/p>\n\n\n\n<p>Outro usu\u00e1rio recebido na estrutura foi C\u00edcero Nascimento, 81, que vive na funda\u00e7\u00e3o desde junho do ano passado. Ap\u00f3s passar por avalia\u00e7\u00e3o cl\u00ednica, ele espera conseguir a reposi\u00e7\u00e3o de uma pr\u00f3tese por meio do servi\u00e7o m\u00f3vel. \u201c\u00c9 \u00f3timo, pois \u00e9 um servi\u00e7o que estamos sempre precisando. Facilita muito, e fora daqui ia gastar dinheiro\u201d, diz.<\/p>\n\n\n\n<p>Conforme o cirurgi\u00e3o-dentista da Semsa, Marc\u00edlio Monteiro, que integra a equipe da unidade m\u00f3vel, est\u00e3o sendo realizados 16 atendimentos por dia na estrutura, por conta dos hor\u00e1rios dispon\u00edveis para os residentes. A estrutura dever\u00e1 permanecer na FDT por pelo menos 15 dias, a fim de atender todas as demandas de sa\u00fade bucal dos usu\u00e1rios. A institui\u00e7\u00e3o abriga hoje 152 idosos.<\/p>\n\n\n\n<p>\u201cPodemos retornar, se preciso, para trazer atendimento especializado. Estamos em um centro de idosos, com grande demanda por protesistas, e temos capacidade t\u00e9cnica de trazer esses e outros especialistas, para realizar os servi\u00e7os necess\u00e1rios a esses pacientes\u201d, informa.<\/p>\n\n\n\n<p>A diretora-presidente da FDT em exerc\u00edcio, Larissa Meirelles, enfatiza a contribui\u00e7\u00e3o da unidade odontol\u00f3gica m\u00f3vel para o atendimento aos residentes da funda\u00e7\u00e3o, ressaltando que muitos deles t\u00eam mobilidade reduzida, o que dificulta o traslado at\u00e9 um consult\u00f3rio em outro local.<\/p>\n\n\n\n<p>\u201cCom a unidade m\u00f3vel aqui, esse transporte \u00e9 facilitado, sem falar da import\u00e2ncia que \u00e9 a de devolver um sorriso feliz para o rosto deles. Foi uma grata surpresa ter a unidade aqui, pelo tempo necess\u00e1rio at\u00e9 atender todos os nossos idosos\u201d, declara a diretora-presidente.<\/p>\n\n\n\n<p><strong>Estrutura<\/strong><\/p>\n\n\n\n<p>A unidade odontol\u00f3gica m\u00f3vel da Semsa disp\u00f5e de equipe profissional, insumos e equipamentos para a oferta de todos os procedimentos de sa\u00fade bucal da Aten\u00e7\u00e3o Prim\u00e1ria, incluindo exame cl\u00ednico, restaura\u00e7\u00e3o, curativo, extra\u00e7\u00e3o, entre outros. A estrutura tem ainda gerador de energia e reservat\u00f3rio de \u00e1gua, para autonomia de funcionamento.<\/p>\n\n\n\n<p>Com capacidade para at\u00e9 20 atendimentos por dia, a unidade itinerante vai contribuir para ampliar a cobertura da sa\u00fade bucal em Manaus, ofertando atendimentos prioritariamente a usu\u00e1rios e popula\u00e7\u00f5es em vulnerabilidade social, como idosos com dificuldade de locomo\u00e7\u00e3o, Pessoas com Defici\u00eancia (PcDs) e pessoas em situa\u00e7\u00e3o de rua.<\/p>\n\n\n\n<p>O equipamento de sa\u00fade bucal foi destinado \u00e0 Semsa pelo Minist\u00e9rio da Sa\u00fade, que repassou 400 unidades a munic\u00edpios de todo o Brasil, em a\u00e7\u00e3o do \u201cBrasil Sorridente&#8221;, dentro do novo Programa de Acelera\u00e7\u00e3o do Crescimento (PAC) da Sa\u00fade. Al\u00e9m de Manaus, apenas S\u00e3o Paulo e Belo Horizonte foram contempladas com a unidade entre as capitais brasileiras.<\/p>\n\n\n\n<p><strong>\u2014&#8211; \u2014&#8211; \u2014-\u00a0<\/strong><br><strong>Texto &#8211; <\/strong>Jony Clay Borges \/ Semsa<br><strong>Fotos &#8211; <\/strong>Cristian Guerreiro \/ Semsa<\/p>\n","protected":false},"excerpt":{"rendered":"","protected":false},"author":68,"featured_media":250968,"comment_status":"closed","ping_status":"closed","sticky":false,"template":"","format":"standard","meta":{"footnotes":""},"categories":[173],"tags":[18906,18907,77,162],"acf":[],"yoast_head":"<!-- This site is optimized with the Yoast SEO plugin v23.0 - https:\/\/yoast.com\/wordpress\/plugins\/seo\/ -->\n<title>Unidade odontol\u00f3gica m\u00f3vel da prefeitura atende idosos residentes<\/title>\n<meta name=\"description\" content=\"Residentes da Funda\u00e7\u00e3o de Apoio ao Idoso Dr. Thomas (FDT) est\u00e3o recebendo atendimentos em sa\u00fade bucal na sede da institui\u00e7\u00e3o, com o apoio da unidade odontol\u00f3gica m\u00f3vel da Prefeitura de Manaus, administrada pela Secretaria Municipal de Sa\u00fade (Semsa).\" \/>\n<meta name=\"robots\" content=\"index, follow, max-snippet:-1, max-image-preview:large, max-video-preview:-1\" \/>\n<link rel=\"canonical\" href=\"https:\/\/www.manaus.am.gov.br\/semcom\/atendimento-unidade-odontologica-movel\/\" \/>\n<meta property=\"og:locale\" content=\"pt_BR\" \/>\n<meta property=\"og:type\" content=\"article\" \/>\n<meta property=\"og:title\" content=\"Unidade odontol\u00f3gica m\u00f3vel da prefeitura atende idosos residentes\" \/>\n<meta property=\"og:description\" content=\"Residentes da Funda\u00e7\u00e3o de Apoio ao Idoso Dr. Thomas (FDT) est\u00e3o recebendo atendimentos em sa\u00fade bucal na sede da institui\u00e7\u00e3o, com o apoio da unidade odontol\u00f3gica m\u00f3vel da Prefeitura de Manaus, administrada pela Secretaria Municipal de Sa\u00fade (Semsa).\" \/>\n<meta property=\"og:url\" content=\"https:\/\/www.manaus.am.gov.br\/semcom\/atendimento-unidade-odontologica-movel\/\" \/>\n<meta property=\"og:site_name\" content=\"SEMCOM\" \/>\n<meta property=\"article:published_time\" content=\"2026-01-15T21:31:45+00:00\" \/>\n<meta property=\"article:modified_time\" content=\"2026-01-15T21:31:47+00:00\" \/>\n<meta property=\"og:image\" content=\"https:\/\/www.manaus.am.gov.br\/semcom\/wp-content\/uploads\/sites\/5\/2026\/01\/Semsa-Manaus_Unidade-Odonto-1-1024x576.jpg\" \/>\n\t<meta property=\"og:image:width\" content=\"1024\" \/>\n\t<meta property=\"og:image:height\" content=\"576\" \/>\n\t<meta property=\"og:image:type\" content=\"image\/jpeg\" \/>\n<meta name=\"author\" content=\"bvalente\" \/>\n<meta name=\"twitter:card\" content=\"summary_large_image\" \/>\n<meta name=\"twitter:label1\" content=\"Written by\" \/>\n\t<meta name=\"twitter:data1\" content=\"bvalente\" \/>\n\t<meta name=\"twitter:label2\" content=\"Est. reading time\" \/>\n\t<meta name=\"twitter:data2\" content=\"4 minutos\" \/>\n<script type=\"application\/ld+json\" class=\"yoast-schema-graph\">{\"@context\":\"https:\/\/schema.org\",\"@graph\":[{\"@type\":\"WebPage\",\"@id\":\"https:\/\/www.manaus.am.gov.br\/semcom\/atendimento-unidade-odontologica-movel\/\",\"url\":\"https:\/\/www.manaus.am.gov.br\/semcom\/atendimento-unidade-odontologica-movel\/\",\"name\":\"Unidade odontol\u00f3gica m\u00f3vel da prefeitura atende idosos residentes\",\"isPartOf\":{\"@id\":\"https:\/\/www.manaus.am.gov.br\/semcom\/#website\"},\"primaryImageOfPage\":{\"@id\":\"https:\/\/www.manaus.am.gov.br\/semcom\/atendimento-unidade-odontologica-movel\/#primaryimage\"},\"image\":{\"@id\":\"https:\/\/www.manaus.am.gov.br\/semcom\/atendimento-unidade-odontologica-movel\/#primaryimage\"},\"thumbnailUrl\":\"https:\/\/www.manaus.am.gov.br\/semcom\/wp-content\/uploads\/sites\/5\/2026\/01\/Semsa-Manaus_Unidade-Odonto-1.jpg\",\"datePublished\":\"2026-01-15T21:31:45+00:00\",\"dateModified\":\"2026-01-15T21:31:47+00:00\",\"author\":{\"@id\":\"https:\/\/www.manaus.am.gov.br\/semcom\/#\/schema\/person\/466a0e03ae4b6062809046bd560ac955\"},\"description\":\"Residentes da Funda\u00e7\u00e3o de Apoio ao Idoso Dr. Thomas (FDT) est\u00e3o recebendo atendimentos em sa\u00fade bucal na sede da institui\u00e7\u00e3o, com o apoio da unidade odontol\u00f3gica m\u00f3vel da Prefeitura de Manaus, administrada pela Secretaria Municipal de Sa\u00fade (Semsa).\",\"inLanguage\":\"pt-BR\",\"potentialAction\":[{\"@type\":\"ReadAction\",\"target\":[\"https:\/\/www.manaus.am.gov.br\/semcom\/atendimento-unidade-odontologica-movel\/\"]}]},{\"@type\":\"ImageObject\",\"inLanguage\":\"pt-BR\",\"@id\":\"https:\/\/www.manaus.am.gov.br\/semcom\/atendimento-unidade-odontologica-movel\/#primaryimage\",\"url\":\"https:\/\/www.manaus.am.gov.br\/semcom\/wp-content\/uploads\/sites\/5\/2026\/01\/Semsa-Manaus_Unidade-Odonto-1.jpg\",\"contentUrl\":\"https:\/\/www.manaus.am.gov.br\/semcom\/wp-content\/uploads\/sites\/5\/2026\/01\/Semsa-Manaus_Unidade-Odonto-1.jpg\",\"width\":6000,\"height\":3376,\"caption\":\"#paratodosverem - Cirurgi\u00e3o-dentista da Semsa, Marc\u00edlio Monteiro realizando atendimento em idosa residente\"},{\"@type\":\"WebSite\",\"@id\":\"https:\/\/www.manaus.am.gov.br\/semcom\/#website\",\"url\":\"https:\/\/www.manaus.am.gov.br\/semcom\/\",\"name\":\"SEMCOM\",\"description\":\"Secretaria Municipal de Comunica\u00e7\u00e3o\",\"potentialAction\":[{\"@type\":\"SearchAction\",\"target\":{\"@type\":\"EntryPoint\",\"urlTemplate\":\"https:\/\/www.manaus.am.gov.br\/semcom\/?s={search_term_string}\"},\"query-input\":\"required name=search_term_string\"}],\"inLanguage\":\"pt-BR\"},{\"@type\":\"Person\",\"@id\":\"https:\/\/www.manaus.am.gov.br\/semcom\/#\/schema\/person\/466a0e03ae4b6062809046bd560ac955\",\"name\":\"bvalente\",\"image\":{\"@type\":\"ImageObject\",\"inLanguage\":\"pt-BR\",\"@id\":\"https:\/\/www.manaus.am.gov.br\/semcom\/#\/schema\/person\/image\/\",\"url\":\"https:\/\/secure.gravatar.com\/avatar\/3e69bc2b014bdad41adfec3a39de07d2?s=96&d=mm&r=g\",\"contentUrl\":\"https:\/\/secure.gravatar.com\/avatar\/3e69bc2b014bdad41adfec3a39de07d2?s=96&d=mm&r=g\",\"caption\":\"bvalente\"}}]}<\/script>\n<!-- \/ Yoast SEO plugin. -->","yoast_head_json":{"title":"Unidade odontol\u00f3gica m\u00f3vel da prefeitura atende idosos residentes","description":"Residentes da Funda\u00e7\u00e3o de Apoio ao Idoso Dr. Thomas (FDT) est\u00e3o recebendo atendimentos em sa\u00fade bucal na sede da institui\u00e7\u00e3o, com o apoio da unidade odontol\u00f3gica m\u00f3vel da Prefeitura de Manaus, administrada pela Secretaria Municipal de Sa\u00fade (Semsa).","robots":{"index":"index","follow":"follow","max-snippet":"max-snippet:-1","max-image-preview":"max-image-preview:large","max-video-preview":"max-video-preview:-1"},"canonical":"https:\/\/www.manaus.am.gov.br\/semcom\/atendimento-unidade-odontologica-movel\/","og_locale":"pt_BR","og_type":"article","og_title":"Unidade odontol\u00f3gica m\u00f3vel da prefeitura atende idosos residentes","og_description":"Residentes da Funda\u00e7\u00e3o de Apoio ao Idoso Dr. Thomas (FDT) est\u00e3o recebendo atendimentos em sa\u00fade bucal na sede da institui\u00e7\u00e3o, com o apoio da unidade odontol\u00f3gica m\u00f3vel da Prefeitura de Manaus, administrada pela Secretaria Municipal de Sa\u00fade (Semsa).","og_url":"https:\/\/www.manaus.am.gov.br\/semcom\/atendimento-unidade-odontologica-movel\/","og_site_name":"SEMCOM","article_published_time":"2026-01-15T21:31:45+00:00","article_modified_time":"2026-01-15T21:31:47+00:00","og_image":[{"width":1024,"height":576,"url":"https:\/\/www.manaus.am.gov.br\/semcom\/wp-content\/uploads\/sites\/5\/2026\/01\/Semsa-Manaus_Unidade-Odonto-1-1024x576.jpg","type":"image\/jpeg"}],"author":"bvalente","twitter_card":"summary_large_image","twitter_misc":{"Written by":"bvalente","Est. reading time":"4 minutos"},"schema":{"@context":"https:\/\/schema.org","@graph":[{"@type":"WebPage","@id":"https:\/\/www.manaus.am.gov.br\/semcom\/atendimento-unidade-odontologica-movel\/","url":"https:\/\/www.manaus.am.gov.br\/semcom\/atendimento-unidade-odontologica-movel\/","name":"Unidade odontol\u00f3gica m\u00f3vel da prefeitura atende idosos residentes","isPartOf":{"@id":"https:\/\/www.manaus.am.gov.br\/semcom\/#website"},"primaryImageOfPage":{"@id":"https:\/\/www.manaus.am.gov.br\/semcom\/atendimento-unidade-odontologica-movel\/#primaryimage"},"image":{"@id":"https:\/\/www.manaus.am.gov.br\/semcom\/atendimento-unidade-odontologica-movel\/#primaryimage"},"thumbnailUrl":"https:\/\/www.manaus.am.gov.br\/semcom\/wp-content\/uploads\/sites\/5\/2026\/01\/Semsa-Manaus_Unidade-Odonto-1.jpg","datePublished":"2026-01-15T21:31:45+00:00","dateModified":"2026-01-15T21:31:47+00:00","author":{"@id":"https:\/\/www.manaus.am.gov.br\/semcom\/#\/schema\/person\/466a0e03ae4b6062809046bd560ac955"},"description":"Residentes da Funda\u00e7\u00e3o de Apoio ao Idoso Dr. Thomas (FDT) est\u00e3o recebendo atendimentos em sa\u00fade bucal na sede da institui\u00e7\u00e3o, com o apoio da unidade odontol\u00f3gica m\u00f3vel da Prefeitura de Manaus, administrada pela Secretaria Municipal de Sa\u00fade (Semsa).","inLanguage":"pt-BR","potentialAction":[{"@type":"ReadAction","target":["https:\/\/www.manaus.am.gov.br\/semcom\/atendimento-unidade-odontologica-movel\/"]}]},{"@type":"ImageObject","inLanguage":"pt-BR","@id":"https:\/\/www.manaus.am.gov.br\/semcom\/atendimento-unidade-odontologica-movel\/#primaryimage","url":"https:\/\/www.manaus.am.gov.br\/semcom\/wp-content\/uploads\/sites\/5\/2026\/01\/Semsa-Manaus_Unidade-Odonto-1.jpg","contentUrl":"https:\/\/www.manaus.am.gov.br\/semcom\/wp-content\/uploads\/sites\/5\/2026\/01\/Semsa-Manaus_Unidade-Odonto-1.jpg","width":6000,"height":3376,"caption":"#paratodosverem - Cirurgi\u00e3o-dentista da Semsa, Marc\u00edlio Monteiro realizando atendimento em idosa residente"},{"@type":"WebSite","@id":"https:\/\/www.manaus.am.gov.br\/semcom\/#website","url":"https:\/\/www.manaus.am.gov.br\/semcom\/","name":"SEMCOM","description":"Secretaria Municipal de Comunica\u00e7\u00e3o","potentialAction":[{"@type":"SearchAction","target":{"@type":"EntryPoint","urlTemplate":"https:\/\/www.manaus.am.gov.br\/semcom\/?s={search_term_string}"},"query-input":"required name=search_term_string"}],"inLanguage":"pt-BR"},{"@type":"Person","@id":"https:\/\/www.manaus.am.gov.br\/semcom\/#\/schema\/person\/466a0e03ae4b6062809046bd560ac955","name":"bvalente","image":{"@type":"ImageObject","inLanguage":"pt-BR","@id":"https:\/\/www.manaus.am.gov.br\/semcom\/#\/schema\/person\/image\/","url":"https:\/\/secure.gravatar.com\/avatar\/3e69bc2b014bdad41adfec3a39de07d2?s=96&d=mm&r=g","contentUrl":"https:\/\/secure.gravatar.com\/avatar\/3e69bc2b014bdad41adfec3a39de07d2?s=96&d=mm&r=g","caption":"bvalente"}}]}},"_links":{"self":[{"href":"https:\/\/www.manaus.am.gov.br\/semcom\/wp-json\/wp\/v2\/posts\/250967"}],"collection":[{"href":"https:\/\/www.manaus.am.gov.br\/semcom\/wp-json\/wp\/v2\/posts"}],"about":[{"href":"https:\/\/www.manaus.am.gov.br\/semcom\/wp-json\/wp\/v2\/types\/post"}],"author":[{"embeddable":true,"href":"https:\/\/www.manaus.am.gov.br\/semcom\/wp-json\/wp\/v2\/users\/68"}],"replies":[{"embeddable":true,"href":"https:\/\/www.manaus.am.gov.br\/semcom\/wp-json\/wp\/v2\/comments?post=250967"}],"version-history":[{"count":0,"href":"https:\/\/www.manaus.am.gov.br\/semcom\/wp-json\/wp\/v2\/posts\/250967\/revisions"}],"wp:featuredmedia":[{"embeddable":true,"href":"https:\/\/www.manaus.am.gov.br\/semcom\/wp-json\/wp\/v2\/media\/250968"}],"wp:attachment":[{"href":"https:\/\/www.manaus.am.gov.br\/semcom\/wp-json\/wp\/v2\/media?parent=250967"}],"wp:term":[{"taxonomy":"category","embeddable":true,"href":"https:\/\/www.manaus.am.gov.br\/semcom\/wp-json\/wp\/v2\/categories?post=250967"},{"taxonomy":"post_tag","embeddable":true,"href":"https:\/\/www.manaus.am.gov.br\/semcom\/wp-json\/wp\/v2\/tags?post=250967"}],"curies":[{"name":"wp","href":"https:\/\/api.w.org\/{rel}","templated":true}]}}