{"id":250963,"date":"2026-01-15T17:00:14","date_gmt":"2026-01-15T21:00:14","guid":{"rendered":"https:\/\/www.manaus.am.gov.br\/semcom\/operacao-orla-manaus-segura\/"},"modified":"2026-01-15T17:00:14","modified_gmt":"2026-01-15T21:00:14","slug":"operacao-orla-manaus-segura","status":"publish","type":"post","link":"https:\/\/www.manaus.am.gov.br\/semcom\/operacao-orla-manaus-segura\/","title":{"rendered":"Prefeitura realiza opera\u00e7\u00e3o \u2018Orla Manaus Segura\u2019 na zona Sul e atende 30 pessoas com servi\u00e7os sociais"},"content":{"rendered":"\n<p>Com o objetivo de refor\u00e7ar a seguran\u00e7a, promover orienta\u00e7\u00f5es e garantir a organiza\u00e7\u00e3o dos espa\u00e7os p\u00fablicos da capital, a Prefeitura de Manaus, por meio das secretarias municipais de Agricultura, Abastecimento, Centro e Com\u00e9rcio Informal (Semacc) e da Mulher, Assist\u00eancia social e Cidadania (Semasc), realizou, nesta quinta-feira, 15\/1, a primeira opera\u00e7\u00e3o de 2026 do programa \u201cOrla Manaus Segura\u201d, na zona Sul da capital. A a\u00e7\u00e3o resultou no atendimento de 30 pessoas com abordagens e servi\u00e7os sociais.<\/p>\n\n\n\n<p>Do total de pessoas abordadas, somente 11 aceitaram encaminhamento para o Centro Pop, onde recebem alimenta\u00e7\u00e3o, higieniza\u00e7\u00e3o, atendimento psicossocial e, conforme cada caso, foram direcionadas ao mercado de trabalho ou a cl\u00ednicas de recupera\u00e7\u00e3o.<\/p>\n\n\n\n<figure class=\"wp-block-image size-large\"><img loading=\"lazy\" decoding=\"async\" width=\"1024\" height=\"682\" src=\"https:\/\/www.manaus.am.gov.br\/semcom\/wp-content\/uploads\/sites\/5\/2026\/01\/WhatsApp-Image-2026-01-15-at-16.37.02-1-1024x682.jpeg\" alt=\"\" class=\"wp-image-250964\" srcset=\"https:\/\/www.manaus.am.gov.br\/semcom\/wp-content\/uploads\/sites\/5\/2026\/01\/WhatsApp-Image-2026-01-15-at-16.37.02-1-1024x682.jpeg 1024w, https:\/\/www.manaus.am.gov.br\/semcom\/wp-content\/uploads\/sites\/5\/2026\/01\/WhatsApp-Image-2026-01-15-at-16.37.02-1-300x200.jpeg 300w, https:\/\/www.manaus.am.gov.br\/semcom\/wp-content\/uploads\/sites\/5\/2026\/01\/WhatsApp-Image-2026-01-15-at-16.37.02-1-768x512.jpeg 768w, https:\/\/www.manaus.am.gov.br\/semcom\/wp-content\/uploads\/sites\/5\/2026\/01\/WhatsApp-Image-2026-01-15-at-16.37.02-1-1536x1023.jpeg 1536w, https:\/\/www.manaus.am.gov.br\/semcom\/wp-content\/uploads\/sites\/5\/2026\/01\/WhatsApp-Image-2026-01-15-at-16.37.02-1.jpeg 1600w\" sizes=\"(max-width: 1024px) 100vw, 1024px\" \/><\/figure>\n\n\n\n<p>Durante a a\u00e7\u00e3o, as equipes atuaram diretamente no local, promovendo orienta\u00e7\u00f5es \u00e0 popula\u00e7\u00e3o, trabalhadores e frequentadores, al\u00e9m da abordagem social e acolhimento a popula\u00e7\u00e3o em situa\u00e7\u00e3o de rua encontrada na \u00e1rea. A atua\u00e7\u00e3o das equipes junto \u00e0 popula\u00e7\u00e3o em situa\u00e7\u00e3o de rua \u00e9 realizada diariamente e exige preparo t\u00e9cnico e sensibilidade, j\u00e1 que n\u00e3o h\u00e1 retirada compuls\u00f3ria, mas um trabalho cont\u00ednuo de abordagem e convencimento.<\/p>\n\n\n\n<p>\u201cEsse \u00e9 um trabalho feito diariamente pelas equipes da Semasc e exige muita qualifica\u00e7\u00e3o, porque envolve convencimento. N\u00e3o existe retirada compuls\u00f3ria, \u00e9 preciso di\u00e1logo. Por isso contamos com profissionais treinados, como assistentes sociais e psic\u00f3logos, especializados nesse tipo de abordagem, garantindo a valoriza\u00e7\u00e3o dessa popula\u00e7\u00e3o\u201d, destaca o subsecret\u00e1rio operacional e de gest\u00e3o da Semasc, Nildo Melo.<\/p>\n\n\n\n<p>Na ocasi\u00e3o, a Semacc autuou quatro vendedores informais que atuavam de forma irregular no local. Os trabalhadores foram orientados a procurar o setor de Com\u00e9rcio Informal da secretaria, munidos da documenta\u00e7\u00e3o necess\u00e1ria, para que possam ser realocados em espa\u00e7os previamente autorizados, assegurando o exerc\u00edcio da atividade de forma segura e em conformidade com a legisla\u00e7\u00e3o municipal.<\/p>\n\n\n\n<p>De acordo com o secret\u00e1rio da Semacc, Wanderson Costa, a iniciativa tamb\u00e9m tem como foco a reorganiza\u00e7\u00e3o dos espa\u00e7os p\u00fablicos municipais. \u201cA opera\u00e7\u00e3o \u2018Orla Manaus Segura\u2019 tem como objetivo reorganizar os espa\u00e7os p\u00fablicos municipais, garantindo mais ordem, seguran\u00e7a e qualidade para quem trabalha e utiliza a orla diariamente. \u00c9 uma a\u00e7\u00e3o integrada que refor\u00e7a o compromisso da Prefeitura de Manaus com o ordenamento urbano e o bem-estar da popula\u00e7\u00e3o\u201d, destacou.<\/p>\n\n\n\n<p>A opera\u00e7\u00e3o \u201cOrla Manaus Segura\u201d integra as estrat\u00e9gias da gest\u00e3o municipal para ampliar a presen\u00e7a do poder p\u00fablico e promover uma orla mais segura, organizada e acolhedora, contribuindo para o bem-estar da popula\u00e7\u00e3o da zona Sul.&nbsp;<\/p>\n\n\n\n<p>A a\u00e7\u00e3o contou ainda com a participa\u00e7\u00e3o da Secretaria Municipal de Limpeza Urbana (Semulsp), da Funda\u00e7\u00e3o de Vigil\u00e2ncia em Sa\u00fade (FVS), da Defensoria P\u00fablica e da Guarda Municipal.<\/p>\n\n\n\n<p>&#8212; &#8212; &#8212;<br><strong>Texto &#8211;<\/strong> Syrrames Nobre\/Semasc e Polyana Brelaz\/Semacc<\/p>\n\n\n\n<p><strong>Fotos &#8211;<\/strong> Diego Lima\/Semasc e Valdo Le\u00e3o \/ Semcom<br><strong>Dispon\u00edveis em &#8211;<\/strong><a href=\"https:\/\/flic.kr\/s\/aHBqjCGKmE\">https:\/\/flic.kr\/s\/aHBqjCGKmE<\/a><\/p>\n","protected":false},"excerpt":{"rendered":"","protected":false},"author":68,"featured_media":250965,"comment_status":"closed","ping_status":"closed","sticky":false,"template":"","format":"standard","meta":{"footnotes":""},"categories":[1147],"tags":[9386,18904,18905,77],"acf":[],"yoast_head":"<!-- This site is optimized with the Yoast SEO plugin v23.0 - https:\/\/yoast.com\/wordpress\/plugins\/seo\/ -->\n<title>Prefeitura realiza opera\u00e7\u00e3o \u2018Orla Manaus Segura\u2019 na zona Sul<\/title>\n<meta name=\"description\" content=\"Com o objetivo de refor\u00e7ar a seguran\u00e7a, promover orienta\u00e7\u00f5es e garantir a organiza\u00e7\u00e3o dos espa\u00e7os p\u00fablicos da capital.\" \/>\n<meta name=\"robots\" content=\"index, follow, max-snippet:-1, max-image-preview:large, max-video-preview:-1\" \/>\n<link rel=\"canonical\" href=\"https:\/\/www.manaus.am.gov.br\/semcom\/operacao-orla-manaus-segura\/\" \/>\n<meta property=\"og:locale\" content=\"pt_BR\" \/>\n<meta property=\"og:type\" content=\"article\" \/>\n<meta property=\"og:title\" content=\"Prefeitura realiza opera\u00e7\u00e3o \u2018Orla Manaus Segura\u2019 na zona Sul\" \/>\n<meta property=\"og:description\" content=\"Com o objetivo de refor\u00e7ar a seguran\u00e7a, promover orienta\u00e7\u00f5es e garantir a organiza\u00e7\u00e3o dos espa\u00e7os p\u00fablicos da capital.\" \/>\n<meta property=\"og:url\" content=\"https:\/\/www.manaus.am.gov.br\/semcom\/operacao-orla-manaus-segura\/\" \/>\n<meta property=\"og:site_name\" content=\"SEMCOM\" \/>\n<meta property=\"article:published_time\" content=\"2026-01-15T21:00:14+00:00\" \/>\n<meta property=\"og:image\" content=\"https:\/\/www.manaus.am.gov.br\/semcom\/wp-content\/uploads\/sites\/5\/2026\/01\/WhatsApp-Image-2026-01-15-at-16.37.02.jpeg\" \/>\n\t<meta property=\"og:image:width\" content=\"1600\" \/>\n\t<meta property=\"og:image:height\" content=\"1066\" \/>\n\t<meta property=\"og:image:type\" content=\"image\/jpeg\" \/>\n<meta name=\"author\" content=\"bvalente\" \/>\n<meta name=\"twitter:card\" content=\"summary_large_image\" \/>\n<meta name=\"twitter:label1\" content=\"Written by\" \/>\n\t<meta name=\"twitter:data1\" content=\"bvalente\" \/>\n\t<meta name=\"twitter:label2\" content=\"Est. reading time\" \/>\n\t<meta name=\"twitter:data2\" content=\"3 minutos\" \/>\n<script type=\"application\/ld+json\" class=\"yoast-schema-graph\">{\"@context\":\"https:\/\/schema.org\",\"@graph\":[{\"@type\":\"WebPage\",\"@id\":\"https:\/\/www.manaus.am.gov.br\/semcom\/operacao-orla-manaus-segura\/\",\"url\":\"https:\/\/www.manaus.am.gov.br\/semcom\/operacao-orla-manaus-segura\/\",\"name\":\"Prefeitura realiza opera\u00e7\u00e3o \u2018Orla Manaus Segura\u2019 na zona Sul\",\"isPartOf\":{\"@id\":\"https:\/\/www.manaus.am.gov.br\/semcom\/#website\"},\"primaryImageOfPage\":{\"@id\":\"https:\/\/www.manaus.am.gov.br\/semcom\/operacao-orla-manaus-segura\/#primaryimage\"},\"image\":{\"@id\":\"https:\/\/www.manaus.am.gov.br\/semcom\/operacao-orla-manaus-segura\/#primaryimage\"},\"thumbnailUrl\":\"https:\/\/www.manaus.am.gov.br\/semcom\/wp-content\/uploads\/sites\/5\/2026\/01\/WhatsApp-Image-2026-01-15-at-16.37.02.jpeg\",\"datePublished\":\"2026-01-15T21:00:14+00:00\",\"dateModified\":\"2026-01-15T21:00:14+00:00\",\"author\":{\"@id\":\"https:\/\/www.manaus.am.gov.br\/semcom\/#\/schema\/person\/466a0e03ae4b6062809046bd560ac955\"},\"description\":\"Com o objetivo de refor\u00e7ar a seguran\u00e7a, promover orienta\u00e7\u00f5es e garantir a organiza\u00e7\u00e3o dos espa\u00e7os p\u00fablicos da capital.\",\"inLanguage\":\"pt-BR\",\"potentialAction\":[{\"@type\":\"ReadAction\",\"target\":[\"https:\/\/www.manaus.am.gov.br\/semcom\/operacao-orla-manaus-segura\/\"]}]},{\"@type\":\"ImageObject\",\"inLanguage\":\"pt-BR\",\"@id\":\"https:\/\/www.manaus.am.gov.br\/semcom\/operacao-orla-manaus-segura\/#primaryimage\",\"url\":\"https:\/\/www.manaus.am.gov.br\/semcom\/wp-content\/uploads\/sites\/5\/2026\/01\/WhatsApp-Image-2026-01-15-at-16.37.02.jpeg\",\"contentUrl\":\"https:\/\/www.manaus.am.gov.br\/semcom\/wp-content\/uploads\/sites\/5\/2026\/01\/WhatsApp-Image-2026-01-15-at-16.37.02.jpeg\",\"width\":1600,\"height\":1066,\"caption\":\"#paratodosverem - Equipes da Semasc durante abordagem social\"},{\"@type\":\"WebSite\",\"@id\":\"https:\/\/www.manaus.am.gov.br\/semcom\/#website\",\"url\":\"https:\/\/www.manaus.am.gov.br\/semcom\/\",\"name\":\"SEMCOM\",\"description\":\"Secretaria Municipal de Comunica\u00e7\u00e3o\",\"potentialAction\":[{\"@type\":\"SearchAction\",\"target\":{\"@type\":\"EntryPoint\",\"urlTemplate\":\"https:\/\/www.manaus.am.gov.br\/semcom\/?s={search_term_string}\"},\"query-input\":\"required name=search_term_string\"}],\"inLanguage\":\"pt-BR\"},{\"@type\":\"Person\",\"@id\":\"https:\/\/www.manaus.am.gov.br\/semcom\/#\/schema\/person\/466a0e03ae4b6062809046bd560ac955\",\"name\":\"bvalente\",\"image\":{\"@type\":\"ImageObject\",\"inLanguage\":\"pt-BR\",\"@id\":\"https:\/\/www.manaus.am.gov.br\/semcom\/#\/schema\/person\/image\/\",\"url\":\"https:\/\/secure.gravatar.com\/avatar\/3e69bc2b014bdad41adfec3a39de07d2?s=96&d=mm&r=g\",\"contentUrl\":\"https:\/\/secure.gravatar.com\/avatar\/3e69bc2b014bdad41adfec3a39de07d2?s=96&d=mm&r=g\",\"caption\":\"bvalente\"}}]}<\/script>\n<!-- \/ Yoast SEO plugin. -->","yoast_head_json":{"title":"Prefeitura realiza opera\u00e7\u00e3o \u2018Orla Manaus Segura\u2019 na zona Sul","description":"Com o objetivo de refor\u00e7ar a seguran\u00e7a, promover orienta\u00e7\u00f5es e garantir a organiza\u00e7\u00e3o dos espa\u00e7os p\u00fablicos da capital.","robots":{"index":"index","follow":"follow","max-snippet":"max-snippet:-1","max-image-preview":"max-image-preview:large","max-video-preview":"max-video-preview:-1"},"canonical":"https:\/\/www.manaus.am.gov.br\/semcom\/operacao-orla-manaus-segura\/","og_locale":"pt_BR","og_type":"article","og_title":"Prefeitura realiza opera\u00e7\u00e3o \u2018Orla Manaus Segura\u2019 na zona Sul","og_description":"Com o objetivo de refor\u00e7ar a seguran\u00e7a, promover orienta\u00e7\u00f5es e garantir a organiza\u00e7\u00e3o dos espa\u00e7os p\u00fablicos da capital.","og_url":"https:\/\/www.manaus.am.gov.br\/semcom\/operacao-orla-manaus-segura\/","og_site_name":"SEMCOM","article_published_time":"2026-01-15T21:00:14+00:00","og_image":[{"width":1600,"height":1066,"url":"https:\/\/www.manaus.am.gov.br\/semcom\/wp-content\/uploads\/sites\/5\/2026\/01\/WhatsApp-Image-2026-01-15-at-16.37.02.jpeg","type":"image\/jpeg"}],"author":"bvalente","twitter_card":"summary_large_image","twitter_misc":{"Written by":"bvalente","Est. reading time":"3 minutos"},"schema":{"@context":"https:\/\/schema.org","@graph":[{"@type":"WebPage","@id":"https:\/\/www.manaus.am.gov.br\/semcom\/operacao-orla-manaus-segura\/","url":"https:\/\/www.manaus.am.gov.br\/semcom\/operacao-orla-manaus-segura\/","name":"Prefeitura realiza opera\u00e7\u00e3o \u2018Orla Manaus Segura\u2019 na zona Sul","isPartOf":{"@id":"https:\/\/www.manaus.am.gov.br\/semcom\/#website"},"primaryImageOfPage":{"@id":"https:\/\/www.manaus.am.gov.br\/semcom\/operacao-orla-manaus-segura\/#primaryimage"},"image":{"@id":"https:\/\/www.manaus.am.gov.br\/semcom\/operacao-orla-manaus-segura\/#primaryimage"},"thumbnailUrl":"https:\/\/www.manaus.am.gov.br\/semcom\/wp-content\/uploads\/sites\/5\/2026\/01\/WhatsApp-Image-2026-01-15-at-16.37.02.jpeg","datePublished":"2026-01-15T21:00:14+00:00","dateModified":"2026-01-15T21:00:14+00:00","author":{"@id":"https:\/\/www.manaus.am.gov.br\/semcom\/#\/schema\/person\/466a0e03ae4b6062809046bd560ac955"},"description":"Com o objetivo de refor\u00e7ar a seguran\u00e7a, promover orienta\u00e7\u00f5es e garantir a organiza\u00e7\u00e3o dos espa\u00e7os p\u00fablicos da capital.","inLanguage":"pt-BR","potentialAction":[{"@type":"ReadAction","target":["https:\/\/www.manaus.am.gov.br\/semcom\/operacao-orla-manaus-segura\/"]}]},{"@type":"ImageObject","inLanguage":"pt-BR","@id":"https:\/\/www.manaus.am.gov.br\/semcom\/operacao-orla-manaus-segura\/#primaryimage","url":"https:\/\/www.manaus.am.gov.br\/semcom\/wp-content\/uploads\/sites\/5\/2026\/01\/WhatsApp-Image-2026-01-15-at-16.37.02.jpeg","contentUrl":"https:\/\/www.manaus.am.gov.br\/semcom\/wp-content\/uploads\/sites\/5\/2026\/01\/WhatsApp-Image-2026-01-15-at-16.37.02.jpeg","width":1600,"height":1066,"caption":"#paratodosverem - Equipes da Semasc durante abordagem social"},{"@type":"WebSite","@id":"https:\/\/www.manaus.am.gov.br\/semcom\/#website","url":"https:\/\/www.manaus.am.gov.br\/semcom\/","name":"SEMCOM","description":"Secretaria Municipal de Comunica\u00e7\u00e3o","potentialAction":[{"@type":"SearchAction","target":{"@type":"EntryPoint","urlTemplate":"https:\/\/www.manaus.am.gov.br\/semcom\/?s={search_term_string}"},"query-input":"required name=search_term_string"}],"inLanguage":"pt-BR"},{"@type":"Person","@id":"https:\/\/www.manaus.am.gov.br\/semcom\/#\/schema\/person\/466a0e03ae4b6062809046bd560ac955","name":"bvalente","image":{"@type":"ImageObject","inLanguage":"pt-BR","@id":"https:\/\/www.manaus.am.gov.br\/semcom\/#\/schema\/person\/image\/","url":"https:\/\/secure.gravatar.com\/avatar\/3e69bc2b014bdad41adfec3a39de07d2?s=96&d=mm&r=g","contentUrl":"https:\/\/secure.gravatar.com\/avatar\/3e69bc2b014bdad41adfec3a39de07d2?s=96&d=mm&r=g","caption":"bvalente"}}]}},"_links":{"self":[{"href":"https:\/\/www.manaus.am.gov.br\/semcom\/wp-json\/wp\/v2\/posts\/250963"}],"collection":[{"href":"https:\/\/www.manaus.am.gov.br\/semcom\/wp-json\/wp\/v2\/posts"}],"about":[{"href":"https:\/\/www.manaus.am.gov.br\/semcom\/wp-json\/wp\/v2\/types\/post"}],"author":[{"embeddable":true,"href":"https:\/\/www.manaus.am.gov.br\/semcom\/wp-json\/wp\/v2\/users\/68"}],"replies":[{"embeddable":true,"href":"https:\/\/www.manaus.am.gov.br\/semcom\/wp-json\/wp\/v2\/comments?post=250963"}],"version-history":[{"count":1,"href":"https:\/\/www.manaus.am.gov.br\/semcom\/wp-json\/wp\/v2\/posts\/250963\/revisions"}],"predecessor-version":[{"id":250966,"href":"https:\/\/www.manaus.am.gov.br\/semcom\/wp-json\/wp\/v2\/posts\/250963\/revisions\/250966"}],"wp:featuredmedia":[{"embeddable":true,"href":"https:\/\/www.manaus.am.gov.br\/semcom\/wp-json\/wp\/v2\/media\/250965"}],"wp:attachment":[{"href":"https:\/\/www.manaus.am.gov.br\/semcom\/wp-json\/wp\/v2\/media?parent=250963"}],"wp:term":[{"taxonomy":"category","embeddable":true,"href":"https:\/\/www.manaus.am.gov.br\/semcom\/wp-json\/wp\/v2\/categories?post=250963"},{"taxonomy":"post_tag","embeddable":true,"href":"https:\/\/www.manaus.am.gov.br\/semcom\/wp-json\/wp\/v2\/tags?post=250963"}],"curies":[{"name":"wp","href":"https:\/\/api.w.org\/{rel}","templated":true}]}}