{"id":250961,"date":"2026-01-15T17:29:55","date_gmt":"2026-01-15T20:29:55","guid":{"rendered":"https:\/\/www.manaus.am.gov.br\/semcom\/ano-letivo-de-2026-na-zona-ribeirinha\/"},"modified":"2026-01-15T17:29:57","modified_gmt":"2026-01-15T20:29:57","slug":"ano-letivo-de-2026-na-zona-ribeirinha","status":"publish","type":"post","link":"https:\/\/www.manaus.am.gov.br\/semcom\/ano-letivo-de-2026-na-zona-ribeirinha\/","title":{"rendered":"Prefeito David Almeida abre ano letivo de 2026 na zona ribeirinha e reafirma a educa\u00e7\u00e3o como instrumento de transforma\u00e7\u00e3o na Amaz\u00f4nia"},"content":{"rendered":"\n<p>\u00c0s margens do rio Negro, na comunidade Juli\u00e3o, o prefeito de Manaus, David Almeida, declarou oficialmente aberto, nesta quinta-feira, 15\/1, o ano letivo de 2026 das escolas da zona rural ribeirinha da capital. A solenidade foi realizada na escola municipal Cana\u00e3 2 e marcou o in\u00edcio das aulas para 2.519 estudantes matriculados em 48 unidades de ensino distribu\u00eddas entre os rios Negro e Amazonas.<\/p>\n\n\n\n<p>Ao declarar aberto o ano letivo, o prefeito destacou que oferecer educa\u00e7\u00e3o de qualidade na Amaz\u00f4nia exige respeito \u00e0 realidade geogr\u00e1fica, planejamento e presen\u00e7a permanente do poder p\u00fablico nas comunidades mais distantes.<\/p>\n\n\n\n<p>\u201cO ciclo das \u00e1guas nos faz come\u00e7ar as aulas de forma antecipada na zona ribeirinha de Manaus. Estamos aqui na regi\u00e3o do rio Negro, na comunidade Juli\u00e3o, e a realidade \u00e9 totalmente diferente da zona urbana. As nossas estradas s\u00e3o os nossos rios\u201d, afirmou David Almeida.<\/p>\n\n\n\n<p>Segundo o prefeito, o acesso \u00e0 escola depende de log\u00edstica fluvial e de uma atua\u00e7\u00e3o direta do munic\u00edpio. \u201cOs alunos pegam barco. A prefeitura vai buscar esses alunos de barco, de bote, para traz\u00ea-los at\u00e9 a escola e garantir educa\u00e7\u00e3o de qualidade\u201d, disse.<\/p>\n\n\n\n<p>David Almeida ressaltou que os investimentos estruturais mudaram a realidade da educa\u00e7\u00e3o rural. \u201cAqui n\u00f3s temos internet via sat\u00e9lite, Centro de Tecnologia Educacional, quadra poliesportiva, refeit\u00f3rio, todas as salas novas com ar-condicionado e mobili\u00e1rio novo\u201d, destacou.<\/p>\n\n\n\n<p>O prefeito explicou que essas a\u00e7\u00f5es foram decisivas para reverter o \u00eaxodo escolar na zona rural. \u201cIsso fez com que a zona rural de Manaus, que sofria um \u00eaxodo pela falta da presen\u00e7a do poder p\u00fablico, mudasse de realidade. Em 2021, n\u00f3s t\u00ednhamos 9 mil alunos na zona rural. Hoje, estamos com 13.500 alunos\u201d, afirmou.<\/p>\n\n\n\n<p>Segundo ele, os avan\u00e7os educacionais s\u00e3o resultado direto de investimentos consistentes. \u201cN\u00f3s melhoramos os \u00edndices educacionais porque melhoramos as nossas instala\u00e7\u00f5es, a estrutura f\u00edsica das escolas, a merenda escolar, o transporte escolar, o material pedag\u00f3gico e implantamos centros de tecnologia e internet nas escolas rurais\u201d, disse. \u201cCom isso, melhoramos os nossos \u00edndices e chegamos ao 5\u00ba lugar da educa\u00e7\u00e3o no Brasil entre todas as capitais\u201d, completou.<\/p>\n\n\n\n<p>Na sequ\u00eancia, o secret\u00e1rio municipal de Educa\u00e7\u00e3o, J\u00fanior Mar, destacou que a antecipa\u00e7\u00e3o do calend\u00e1rio escolar \u00e9 uma decis\u00e3o pedag\u00f3gica alinhada \u00e0 identidade amaz\u00f4nica.<\/p>\n\n\n\n<p>\u201cAs aulas na zona rural ribeirinha come\u00e7am antes da zona urbana porque quem comanda o calend\u00e1rio aqui \u00e9 o rio. Isso \u00e9 respeito \u00e0 identidade amaz\u00f4nica. Pela primeira vez na hist\u00f3ria, unificamos os calend\u00e1rios do rio Negro e do rio Amazonas, garantindo continuidade no aprendizado\u201d, afirmou.<\/p>\n\n\n\n<p>O secret\u00e1rio tamb\u00e9m ressaltou o tema pedag\u00f3gico de 2026. \u201cO tema deste ano \u00e9 simples, direto e profundo: escola que acolhe, educa e transforma. A escola acolhe, educa com planejamento e transforma vidas\u201d, disse.<\/p>\n\n\n\n<p>Representando o Legislativo municipal, o vereador Eduardo Alfaia destacou a parceria institucional e o impacto das a\u00e7\u00f5es da prefeitura na vida das comunidades ribeirinhas.<\/p>\n\n\n\n<p>\u201cA C\u00e2mara d\u00e1 a governabilidade necess\u00e1ria para implementar a\u00e7\u00f5es que melhoram a vida desse povo. S\u00e3o ramais asfaltados, ilumina\u00e7\u00e3o na zona rural, creche, merenda de qualidade, seguran\u00e7a e dignidade. Esse momento aqui \u00e9 fruto da uni\u00e3o e da constru\u00e7\u00e3o coletiva\u201d, afirmou.<\/p>\n\n\n\n<p>Durante a agenda, o prefeito tamb\u00e9m realizou a reinaugura\u00e7\u00e3o da escola municipal Cana\u00e3 2. O diretor da unidade, Carlos Rocha, destacou a transforma\u00e7\u00e3o vivida pela comunidade escolar.<\/p>\n\n\n\n<p>\u201cA escola recebeu um investimento muito significativo. Algumas crian\u00e7as daqui nunca haviam entrado em um ambiente climatizado, e agora est\u00e3o extremamente contentes com todas essas mudan\u00e7as\u201d, afirmou.<\/p>\n\n\n\n<p>Moradora da comunidade Juli\u00e3o, Edna Barbosa, m\u00e3e de duas alunas, tamb\u00e9m falou sobre o impacto da obra. \u201cQuando cheguei aqui, a escola era muito diferente. Hoje est\u00e1 completamente transformada. Com as salas climatizadas, o aprendizado vai melhorar muito\u201d, disse.<\/p>\n\n\n\n<p>Ao encerrar a solenidade, David Almeida refor\u00e7ou que a educa\u00e7\u00e3o seguir\u00e1 como prioridade da gest\u00e3o municipal. \u201cO que n\u00f3s estamos fazendo aqui \u00e9 garantir dignidade e oportunidade. J\u00e1 fizemos muito, mas sabemos que ainda \u00e9 preciso avan\u00e7ar\u201d, concluiu.<\/p>\n\n\n\n<p>Abrir o ano letivo no cora\u00e7\u00e3o da Amaz\u00f4nia \u00e9 mais do que um ato administrativo. \u00c9 a demonstra\u00e7\u00e3o de que educa\u00e7\u00e3o p\u00fablica de qualidade s\u00f3 \u00e9 completa quando chega a todos, inclusive onde o caminho at\u00e9 a escola come\u00e7a pelo rio.<\/p>\n\n\n\n<p>\u2014&#8211; \u2014- \u2014-<\/p>\n\n\n\n<p><strong>Texto &#8211; <\/strong>Emanuelle Baires \/ Semcom-Prefeito e Jorgiane Castinares \/ Semed<\/p>\n\n\n\n<p><strong>Fotos &#8211; <\/strong>&nbsp;Dhyeizo Lemos \/ Semcom-Prefeito<br><strong>Dispon\u00edveis em &#8211; <\/strong><a href=\"https:\/\/flic.kr\/s\/aHBqjCGGDV\">https:\/\/flic.kr\/s\/aHBqjCGGDV<\/a>&nbsp;<\/p>\n","protected":false},"excerpt":{"rendered":"","protected":false},"author":68,"featured_media":250962,"comment_status":"closed","ping_status":"closed","sticky":false,"template":"","format":"standard","meta":{"footnotes":""},"categories":[49],"tags":[18903,77,33],"acf":[],"yoast_head":"<!-- This site is optimized with the Yoast SEO plugin v23.0 - https:\/\/yoast.com\/wordpress\/plugins\/seo\/ -->\n<title>Prefeito David Almeida abre ano letivo de 2026 na zona ribeirinha<\/title>\n<meta name=\"description\" content=\"\u00c0s margens do rio Negro, na comunidade Juli\u00e3o, o prefeito de Manaus, David Almeida, declarou oficialmente aberto.\" \/>\n<meta name=\"robots\" content=\"index, follow, max-snippet:-1, max-image-preview:large, max-video-preview:-1\" \/>\n<link rel=\"canonical\" href=\"https:\/\/www.manaus.am.gov.br\/semcom\/ano-letivo-de-2026-na-zona-ribeirinha\/\" \/>\n<meta property=\"og:locale\" content=\"pt_BR\" \/>\n<meta property=\"og:type\" content=\"article\" \/>\n<meta property=\"og:title\" content=\"Prefeito David Almeida abre ano letivo de 2026 na zona ribeirinha\" \/>\n<meta property=\"og:description\" content=\"\u00c0s margens do rio Negro, na comunidade Juli\u00e3o, o prefeito de Manaus, David Almeida, declarou oficialmente aberto.\" \/>\n<meta property=\"og:url\" content=\"https:\/\/www.manaus.am.gov.br\/semcom\/ano-letivo-de-2026-na-zona-ribeirinha\/\" \/>\n<meta property=\"og:site_name\" content=\"SEMCOM\" \/>\n<meta property=\"article:published_time\" content=\"2026-01-15T20:29:55+00:00\" \/>\n<meta property=\"article:modified_time\" content=\"2026-01-15T20:29:57+00:00\" \/>\n<meta property=\"og:image\" content=\"https:\/\/www.manaus.am.gov.br\/semcom\/wp-content\/uploads\/sites\/5\/2026\/01\/55043012928_581c4285e5_c.jpg\" \/>\n\t<meta property=\"og:image:width\" content=\"799\" \/>\n\t<meta property=\"og:image:height\" content=\"533\" \/>\n\t<meta property=\"og:image:type\" content=\"image\/jpeg\" \/>\n<meta name=\"author\" content=\"bvalente\" \/>\n<meta name=\"twitter:card\" content=\"summary_large_image\" \/>\n<meta name=\"twitter:label1\" content=\"Written by\" \/>\n\t<meta name=\"twitter:data1\" content=\"bvalente\" \/>\n\t<meta name=\"twitter:label2\" content=\"Est. reading time\" \/>\n\t<meta name=\"twitter:data2\" content=\"5 minutos\" \/>\n<script type=\"application\/ld+json\" class=\"yoast-schema-graph\">{\"@context\":\"https:\/\/schema.org\",\"@graph\":[{\"@type\":\"WebPage\",\"@id\":\"https:\/\/www.manaus.am.gov.br\/semcom\/ano-letivo-de-2026-na-zona-ribeirinha\/\",\"url\":\"https:\/\/www.manaus.am.gov.br\/semcom\/ano-letivo-de-2026-na-zona-ribeirinha\/\",\"name\":\"Prefeito David Almeida abre ano letivo de 2026 na zona ribeirinha\",\"isPartOf\":{\"@id\":\"https:\/\/www.manaus.am.gov.br\/semcom\/#website\"},\"primaryImageOfPage\":{\"@id\":\"https:\/\/www.manaus.am.gov.br\/semcom\/ano-letivo-de-2026-na-zona-ribeirinha\/#primaryimage\"},\"image\":{\"@id\":\"https:\/\/www.manaus.am.gov.br\/semcom\/ano-letivo-de-2026-na-zona-ribeirinha\/#primaryimage\"},\"thumbnailUrl\":\"https:\/\/www.manaus.am.gov.br\/semcom\/wp-content\/uploads\/sites\/5\/2026\/01\/55043012928_581c4285e5_c.jpg\",\"datePublished\":\"2026-01-15T20:29:55+00:00\",\"dateModified\":\"2026-01-15T20:29:57+00:00\",\"author\":{\"@id\":\"https:\/\/www.manaus.am.gov.br\/semcom\/#\/schema\/person\/466a0e03ae4b6062809046bd560ac955\"},\"description\":\"\u00c0s margens do rio Negro, na comunidade Juli\u00e3o, o prefeito de Manaus, David Almeida, declarou oficialmente aberto.\",\"inLanguage\":\"pt-BR\",\"potentialAction\":[{\"@type\":\"ReadAction\",\"target\":[\"https:\/\/www.manaus.am.gov.br\/semcom\/ano-letivo-de-2026-na-zona-ribeirinha\/\"]}]},{\"@type\":\"ImageObject\",\"inLanguage\":\"pt-BR\",\"@id\":\"https:\/\/www.manaus.am.gov.br\/semcom\/ano-letivo-de-2026-na-zona-ribeirinha\/#primaryimage\",\"url\":\"https:\/\/www.manaus.am.gov.br\/semcom\/wp-content\/uploads\/sites\/5\/2026\/01\/55043012928_581c4285e5_c.jpg\",\"contentUrl\":\"https:\/\/www.manaus.am.gov.br\/semcom\/wp-content\/uploads\/sites\/5\/2026\/01\/55043012928_581c4285e5_c.jpg\",\"width\":799,\"height\":533,\"caption\":\"#paratodosverem - Prefeito David Almeida com secret\u00e1rios e alunos durante solenidade\"},{\"@type\":\"WebSite\",\"@id\":\"https:\/\/www.manaus.am.gov.br\/semcom\/#website\",\"url\":\"https:\/\/www.manaus.am.gov.br\/semcom\/\",\"name\":\"SEMCOM\",\"description\":\"Secretaria Municipal de Comunica\u00e7\u00e3o\",\"potentialAction\":[{\"@type\":\"SearchAction\",\"target\":{\"@type\":\"EntryPoint\",\"urlTemplate\":\"https:\/\/www.manaus.am.gov.br\/semcom\/?s={search_term_string}\"},\"query-input\":\"required name=search_term_string\"}],\"inLanguage\":\"pt-BR\"},{\"@type\":\"Person\",\"@id\":\"https:\/\/www.manaus.am.gov.br\/semcom\/#\/schema\/person\/466a0e03ae4b6062809046bd560ac955\",\"name\":\"bvalente\",\"image\":{\"@type\":\"ImageObject\",\"inLanguage\":\"pt-BR\",\"@id\":\"https:\/\/www.manaus.am.gov.br\/semcom\/#\/schema\/person\/image\/\",\"url\":\"https:\/\/secure.gravatar.com\/avatar\/3e69bc2b014bdad41adfec3a39de07d2?s=96&d=mm&r=g\",\"contentUrl\":\"https:\/\/secure.gravatar.com\/avatar\/3e69bc2b014bdad41adfec3a39de07d2?s=96&d=mm&r=g\",\"caption\":\"bvalente\"}}]}<\/script>\n<!-- \/ Yoast SEO plugin. -->","yoast_head_json":{"title":"Prefeito David Almeida abre ano letivo de 2026 na zona ribeirinha","description":"\u00c0s margens do rio Negro, na comunidade Juli\u00e3o, o prefeito de Manaus, David Almeida, declarou oficialmente aberto.","robots":{"index":"index","follow":"follow","max-snippet":"max-snippet:-1","max-image-preview":"max-image-preview:large","max-video-preview":"max-video-preview:-1"},"canonical":"https:\/\/www.manaus.am.gov.br\/semcom\/ano-letivo-de-2026-na-zona-ribeirinha\/","og_locale":"pt_BR","og_type":"article","og_title":"Prefeito David Almeida abre ano letivo de 2026 na zona ribeirinha","og_description":"\u00c0s margens do rio Negro, na comunidade Juli\u00e3o, o prefeito de Manaus, David Almeida, declarou oficialmente aberto.","og_url":"https:\/\/www.manaus.am.gov.br\/semcom\/ano-letivo-de-2026-na-zona-ribeirinha\/","og_site_name":"SEMCOM","article_published_time":"2026-01-15T20:29:55+00:00","article_modified_time":"2026-01-15T20:29:57+00:00","og_image":[{"width":799,"height":533,"url":"https:\/\/www.manaus.am.gov.br\/semcom\/wp-content\/uploads\/sites\/5\/2026\/01\/55043012928_581c4285e5_c.jpg","type":"image\/jpeg"}],"author":"bvalente","twitter_card":"summary_large_image","twitter_misc":{"Written by":"bvalente","Est. reading time":"5 minutos"},"schema":{"@context":"https:\/\/schema.org","@graph":[{"@type":"WebPage","@id":"https:\/\/www.manaus.am.gov.br\/semcom\/ano-letivo-de-2026-na-zona-ribeirinha\/","url":"https:\/\/www.manaus.am.gov.br\/semcom\/ano-letivo-de-2026-na-zona-ribeirinha\/","name":"Prefeito David Almeida abre ano letivo de 2026 na zona ribeirinha","isPartOf":{"@id":"https:\/\/www.manaus.am.gov.br\/semcom\/#website"},"primaryImageOfPage":{"@id":"https:\/\/www.manaus.am.gov.br\/semcom\/ano-letivo-de-2026-na-zona-ribeirinha\/#primaryimage"},"image":{"@id":"https:\/\/www.manaus.am.gov.br\/semcom\/ano-letivo-de-2026-na-zona-ribeirinha\/#primaryimage"},"thumbnailUrl":"https:\/\/www.manaus.am.gov.br\/semcom\/wp-content\/uploads\/sites\/5\/2026\/01\/55043012928_581c4285e5_c.jpg","datePublished":"2026-01-15T20:29:55+00:00","dateModified":"2026-01-15T20:29:57+00:00","author":{"@id":"https:\/\/www.manaus.am.gov.br\/semcom\/#\/schema\/person\/466a0e03ae4b6062809046bd560ac955"},"description":"\u00c0s margens do rio Negro, na comunidade Juli\u00e3o, o prefeito de Manaus, David Almeida, declarou oficialmente aberto.","inLanguage":"pt-BR","potentialAction":[{"@type":"ReadAction","target":["https:\/\/www.manaus.am.gov.br\/semcom\/ano-letivo-de-2026-na-zona-ribeirinha\/"]}]},{"@type":"ImageObject","inLanguage":"pt-BR","@id":"https:\/\/www.manaus.am.gov.br\/semcom\/ano-letivo-de-2026-na-zona-ribeirinha\/#primaryimage","url":"https:\/\/www.manaus.am.gov.br\/semcom\/wp-content\/uploads\/sites\/5\/2026\/01\/55043012928_581c4285e5_c.jpg","contentUrl":"https:\/\/www.manaus.am.gov.br\/semcom\/wp-content\/uploads\/sites\/5\/2026\/01\/55043012928_581c4285e5_c.jpg","width":799,"height":533,"caption":"#paratodosverem - Prefeito David Almeida com secret\u00e1rios e alunos durante solenidade"},{"@type":"WebSite","@id":"https:\/\/www.manaus.am.gov.br\/semcom\/#website","url":"https:\/\/www.manaus.am.gov.br\/semcom\/","name":"SEMCOM","description":"Secretaria Municipal de Comunica\u00e7\u00e3o","potentialAction":[{"@type":"SearchAction","target":{"@type":"EntryPoint","urlTemplate":"https:\/\/www.manaus.am.gov.br\/semcom\/?s={search_term_string}"},"query-input":"required name=search_term_string"}],"inLanguage":"pt-BR"},{"@type":"Person","@id":"https:\/\/www.manaus.am.gov.br\/semcom\/#\/schema\/person\/466a0e03ae4b6062809046bd560ac955","name":"bvalente","image":{"@type":"ImageObject","inLanguage":"pt-BR","@id":"https:\/\/www.manaus.am.gov.br\/semcom\/#\/schema\/person\/image\/","url":"https:\/\/secure.gravatar.com\/avatar\/3e69bc2b014bdad41adfec3a39de07d2?s=96&d=mm&r=g","contentUrl":"https:\/\/secure.gravatar.com\/avatar\/3e69bc2b014bdad41adfec3a39de07d2?s=96&d=mm&r=g","caption":"bvalente"}}]}},"_links":{"self":[{"href":"https:\/\/www.manaus.am.gov.br\/semcom\/wp-json\/wp\/v2\/posts\/250961"}],"collection":[{"href":"https:\/\/www.manaus.am.gov.br\/semcom\/wp-json\/wp\/v2\/posts"}],"about":[{"href":"https:\/\/www.manaus.am.gov.br\/semcom\/wp-json\/wp\/v2\/types\/post"}],"author":[{"embeddable":true,"href":"https:\/\/www.manaus.am.gov.br\/semcom\/wp-json\/wp\/v2\/users\/68"}],"replies":[{"embeddable":true,"href":"https:\/\/www.manaus.am.gov.br\/semcom\/wp-json\/wp\/v2\/comments?post=250961"}],"version-history":[{"count":0,"href":"https:\/\/www.manaus.am.gov.br\/semcom\/wp-json\/wp\/v2\/posts\/250961\/revisions"}],"wp:featuredmedia":[{"embeddable":true,"href":"https:\/\/www.manaus.am.gov.br\/semcom\/wp-json\/wp\/v2\/media\/250962"}],"wp:attachment":[{"href":"https:\/\/www.manaus.am.gov.br\/semcom\/wp-json\/wp\/v2\/media?parent=250961"}],"wp:term":[{"taxonomy":"category","embeddable":true,"href":"https:\/\/www.manaus.am.gov.br\/semcom\/wp-json\/wp\/v2\/categories?post=250961"},{"taxonomy":"post_tag","embeddable":true,"href":"https:\/\/www.manaus.am.gov.br\/semcom\/wp-json\/wp\/v2\/tags?post=250961"}],"curies":[{"name":"wp","href":"https:\/\/api.w.org\/{rel}","templated":true}]}}