{"id":250911,"date":"2026-01-15T09:54:24","date_gmt":"2026-01-15T13:54:24","guid":{"rendered":"https:\/\/www.manaus.am.gov.br\/semcom\/colonia-ferias-parque-cidade-da-crianca\/"},"modified":"2026-01-15T15:13:24","modified_gmt":"2026-01-15T18:13:24","slug":"colonia-ferias-parque-cidade-da-crianca","status":"publish","type":"post","link":"https:\/\/www.manaus.am.gov.br\/semcom\/colonia-ferias-parque-cidade-da-crianca\/","title":{"rendered":"Prefeitura de Manaus promove col\u00f4nia de f\u00e9rias no parque Cidade da Crian\u00e7a"},"content":{"rendered":"\n<p>De forma in\u00e9dita, a <a href=\"https:\/\/www.manaus.am.gov.br\">Prefeitura de Manaus<\/a>, por meio da Secretaria Municipal de Educa\u00e7\u00e3o (Semed), promove, no per\u00edodo de 21 a 31\/1, a primeira \u201cCol\u00f4nia de F\u00e9rias no Quintal do Parque Cidade da Crian\u00e7a\u201d. O espa\u00e7o est\u00e1 localizado na rua Castro Alves, n\u00ba 100, no bairro Aleixo, na zona Centro-Sul da cidade. As inscri\u00e7\u00f5es para as atividades, que tiveram in\u00edcio no dia 13\/1, registraram recorde de participa\u00e7\u00e3o, com 332 crian\u00e7as inscritas.<\/p>\n\n\n\n<p>Em raz\u00e3o da alta procura, a Semed disponibilizar\u00e1 um novo link de inscri\u00e7\u00e3o nesta quinta-feira, 15\/1, a partir das 10h. As novas vagas ser\u00e3o destinadas exclusivamente aos dias 27, 28, 29 e 30\/1.<\/p>\n\n\n\n<p>Com o objetivo de garantir seguran\u00e7a, organiza\u00e7\u00e3o e aten\u00e7\u00e3o adequada por parte da equipe de monitores, o n\u00famero de vagas \u00e9 limitado, respeitando a capacidade do espa\u00e7o. As atividades acontecer\u00e3o no per\u00edodo da tarde, das 14h \u00e0s 16h30. Pela manh\u00e3, o parque permanece aberto ao p\u00fablico em geral. Para participar da col\u00f4nia de f\u00e9rias, cada crian\u00e7a dever\u00e1 estar acompanhada por um respons\u00e1vel.<\/p>\n\n\n\n<p>A programa\u00e7\u00e3o \u00e9 destinada a crian\u00e7as de 3 a 12 anos e inclui atividades recreativas e esportivas, al\u00e9m de oficinas tem\u00e1ticas, proporcionando momentos de lazer, aprendizado e integra\u00e7\u00e3o durante o per\u00edodo de recesso escolar. Para crian\u00e7as de 3 a 5 anos, \u00e9 obrigat\u00f3ria a presen\u00e7a dos pais ou respons\u00e1veis durante toda a atividade.<\/p>\n\n\n\n<p>O titular da Semed, professor J\u00fanior Mar, destacou a import\u00e2ncia das atividades voltadas ao p\u00fablico infantil.<\/p>\n\n\n\n<p>\u201cO parque Cidade da Crian\u00e7a \u00e9 um espa\u00e7o que preserva e valoriza as inf\u00e2ncias. O ano de 2026 chegou com novidades e, para o m\u00eas de janeiro, a principal delas \u00e9 a col\u00f4nia de f\u00e9rias, que contar\u00e1 com uma programa\u00e7\u00e3o diversificada. Teremos diversas atividades planejadas para crian\u00e7as de diferentes faixas et\u00e1rias. O grande diferencial deste ano s\u00e3o as oficinas e gincanas, que estimulam a criatividade das crian\u00e7as e fortalecem a conex\u00e3o com suas fam\u00edlias\u201d, afirmou o gestor.<\/p>\n\n\n\n<figure class=\"wp-block-image size-large\"><img loading=\"lazy\" decoding=\"async\" width=\"1024\" height=\"683\" src=\"https:\/\/www.manaus.am.gov.br\/semcom\/wp-content\/uploads\/sites\/5\/2026\/01\/51581690184_a544055abf_k-1024x683.jpg\" alt=\"\" class=\"wp-image-250913\" srcset=\"https:\/\/www.manaus.am.gov.br\/semcom\/wp-content\/uploads\/sites\/5\/2026\/01\/51581690184_a544055abf_k-1024x683.jpg 1024w, https:\/\/www.manaus.am.gov.br\/semcom\/wp-content\/uploads\/sites\/5\/2026\/01\/51581690184_a544055abf_k-300x200.jpg 300w, https:\/\/www.manaus.am.gov.br\/semcom\/wp-content\/uploads\/sites\/5\/2026\/01\/51581690184_a544055abf_k-768x512.jpg 768w, https:\/\/www.manaus.am.gov.br\/semcom\/wp-content\/uploads\/sites\/5\/2026\/01\/51581690184_a544055abf_k-1536x1024.jpg 1536w, https:\/\/www.manaus.am.gov.br\/semcom\/wp-content\/uploads\/sites\/5\/2026\/01\/51581690184_a544055abf_k.jpg 2048w\" sizes=\"(max-width: 1024px) 100vw, 1024px\" \/><figcaption class=\"wp-element-caption\">#paratodosverem &#8211; Parque Cidade da Crian\u00e7a<\/figcaption><\/figure>\n\n\n\n<p>&#8212; &#8212; &#8212;<\/p>\n\n\n\n<p><strong>Texto<\/strong> &#8211; Jorgiane Castinares\/Semed<\/p>\n\n\n\n<p><strong>Fotos<\/strong> &#8211;&nbsp;Arquivo\/Semcom<\/p>\n","protected":false},"excerpt":{"rendered":"","protected":false},"author":39,"featured_media":250912,"comment_status":"closed","ping_status":"closed","sticky":false,"template":"","format":"standard","meta":{"footnotes":""},"categories":[670],"tags":[16181,672,18887,77,62],"acf":[],"yoast_head":"<!-- This site is optimized with the Yoast SEO plugin v23.0 - https:\/\/yoast.com\/wordpress\/plugins\/seo\/ -->\n<title>Prefeitura promove col\u00f4nia de f\u00e9rias no parque Cidade da Crian\u00e7a<\/title>\n<meta name=\"description\" content=\"Prefeitura de Manaus, por meio da Semed, promove col\u00f4nia de f\u00e9rias no parque Cidade da Crian\u00e7a, na zona Centro-Sul.\" \/>\n<meta name=\"robots\" content=\"index, follow, max-snippet:-1, max-image-preview:large, max-video-preview:-1\" \/>\n<link rel=\"canonical\" href=\"https:\/\/www.manaus.am.gov.br\/semcom\/colonia-ferias-parque-cidade-da-crianca\/\" \/>\n<meta property=\"og:locale\" content=\"pt_BR\" \/>\n<meta property=\"og:type\" content=\"article\" \/>\n<meta property=\"og:title\" content=\"Prefeitura promove col\u00f4nia de f\u00e9rias no parque Cidade da Crian\u00e7a\" \/>\n<meta property=\"og:description\" content=\"Prefeitura de Manaus, por meio da Semed, promove col\u00f4nia de f\u00e9rias no parque Cidade da Crian\u00e7a, na zona Centro-Sul.\" \/>\n<meta property=\"og:url\" content=\"https:\/\/www.manaus.am.gov.br\/semcom\/colonia-ferias-parque-cidade-da-crianca\/\" \/>\n<meta property=\"og:site_name\" content=\"SEMCOM\" \/>\n<meta property=\"article:published_time\" content=\"2026-01-15T13:54:24+00:00\" \/>\n<meta property=\"article:modified_time\" content=\"2026-01-15T18:13:24+00:00\" \/>\n<meta property=\"og:image\" content=\"https:\/\/www.manaus.am.gov.br\/semcom\/wp-content\/uploads\/sites\/5\/2026\/01\/51581242253_dc7bbd85c7_k.jpg\" \/>\n\t<meta property=\"og:image:width\" content=\"2048\" \/>\n\t<meta property=\"og:image:height\" content=\"1365\" \/>\n\t<meta property=\"og:image:type\" content=\"image\/jpeg\" \/>\n<meta name=\"author\" content=\"Bruna Greco\" \/>\n<meta name=\"twitter:card\" content=\"summary_large_image\" \/>\n<meta name=\"twitter:label1\" content=\"Written by\" \/>\n\t<meta name=\"twitter:data1\" content=\"Bruna Greco\" \/>\n\t<meta name=\"twitter:label2\" content=\"Est. reading time\" \/>\n\t<meta name=\"twitter:data2\" content=\"3 minutos\" \/>\n<script type=\"application\/ld+json\" class=\"yoast-schema-graph\">{\"@context\":\"https:\/\/schema.org\",\"@graph\":[{\"@type\":\"WebPage\",\"@id\":\"https:\/\/www.manaus.am.gov.br\/semcom\/colonia-ferias-parque-cidade-da-crianca\/\",\"url\":\"https:\/\/www.manaus.am.gov.br\/semcom\/colonia-ferias-parque-cidade-da-crianca\/\",\"name\":\"Prefeitura promove col\u00f4nia de f\u00e9rias no parque Cidade da Crian\u00e7a\",\"isPartOf\":{\"@id\":\"https:\/\/www.manaus.am.gov.br\/semcom\/#website\"},\"primaryImageOfPage\":{\"@id\":\"https:\/\/www.manaus.am.gov.br\/semcom\/colonia-ferias-parque-cidade-da-crianca\/#primaryimage\"},\"image\":{\"@id\":\"https:\/\/www.manaus.am.gov.br\/semcom\/colonia-ferias-parque-cidade-da-crianca\/#primaryimage\"},\"thumbnailUrl\":\"https:\/\/www.manaus.am.gov.br\/semcom\/wp-content\/uploads\/sites\/5\/2026\/01\/51581242253_dc7bbd85c7_k.jpg\",\"datePublished\":\"2026-01-15T13:54:24+00:00\",\"dateModified\":\"2026-01-15T18:13:24+00:00\",\"author\":{\"@id\":\"https:\/\/www.manaus.am.gov.br\/semcom\/#\/schema\/person\/05d223aea2bf115f9883a6ff3683d81b\"},\"description\":\"Prefeitura de Manaus, por meio da Semed, promove col\u00f4nia de f\u00e9rias no parque Cidade da Crian\u00e7a, na zona Centro-Sul.\",\"inLanguage\":\"pt-BR\",\"potentialAction\":[{\"@type\":\"ReadAction\",\"target\":[\"https:\/\/www.manaus.am.gov.br\/semcom\/colonia-ferias-parque-cidade-da-crianca\/\"]}]},{\"@type\":\"ImageObject\",\"inLanguage\":\"pt-BR\",\"@id\":\"https:\/\/www.manaus.am.gov.br\/semcom\/colonia-ferias-parque-cidade-da-crianca\/#primaryimage\",\"url\":\"https:\/\/www.manaus.am.gov.br\/semcom\/wp-content\/uploads\/sites\/5\/2026\/01\/51581242253_dc7bbd85c7_k.jpg\",\"contentUrl\":\"https:\/\/www.manaus.am.gov.br\/semcom\/wp-content\/uploads\/sites\/5\/2026\/01\/51581242253_dc7bbd85c7_k.jpg\",\"width\":2048,\"height\":1365,\"caption\":\"#paratodosverem - Fam\u00edlia passeando no parque Cidade da Crian\u00e7a, no bairro Aleixo\"},{\"@type\":\"WebSite\",\"@id\":\"https:\/\/www.manaus.am.gov.br\/semcom\/#website\",\"url\":\"https:\/\/www.manaus.am.gov.br\/semcom\/\",\"name\":\"SEMCOM\",\"description\":\"Secretaria Municipal de Comunica\u00e7\u00e3o\",\"potentialAction\":[{\"@type\":\"SearchAction\",\"target\":{\"@type\":\"EntryPoint\",\"urlTemplate\":\"https:\/\/www.manaus.am.gov.br\/semcom\/?s={search_term_string}\"},\"query-input\":\"required name=search_term_string\"}],\"inLanguage\":\"pt-BR\"},{\"@type\":\"Person\",\"@id\":\"https:\/\/www.manaus.am.gov.br\/semcom\/#\/schema\/person\/05d223aea2bf115f9883a6ff3683d81b\",\"name\":\"Bruna Greco\",\"image\":{\"@type\":\"ImageObject\",\"inLanguage\":\"pt-BR\",\"@id\":\"https:\/\/www.manaus.am.gov.br\/semcom\/#\/schema\/person\/image\/\",\"url\":\"https:\/\/secure.gravatar.com\/avatar\/9c877d1a6adc2a055330e5c09a8653ce?s=96&d=mm&r=g\",\"contentUrl\":\"https:\/\/secure.gravatar.com\/avatar\/9c877d1a6adc2a055330e5c09a8653ce?s=96&d=mm&r=g\",\"caption\":\"Bruna Greco\"}}]}<\/script>\n<!-- \/ Yoast SEO plugin. -->","yoast_head_json":{"title":"Prefeitura promove col\u00f4nia de f\u00e9rias no parque Cidade da Crian\u00e7a","description":"Prefeitura de Manaus, por meio da Semed, promove col\u00f4nia de f\u00e9rias no parque Cidade da Crian\u00e7a, na zona Centro-Sul.","robots":{"index":"index","follow":"follow","max-snippet":"max-snippet:-1","max-image-preview":"max-image-preview:large","max-video-preview":"max-video-preview:-1"},"canonical":"https:\/\/www.manaus.am.gov.br\/semcom\/colonia-ferias-parque-cidade-da-crianca\/","og_locale":"pt_BR","og_type":"article","og_title":"Prefeitura promove col\u00f4nia de f\u00e9rias no parque Cidade da Crian\u00e7a","og_description":"Prefeitura de Manaus, por meio da Semed, promove col\u00f4nia de f\u00e9rias no parque Cidade da Crian\u00e7a, na zona Centro-Sul.","og_url":"https:\/\/www.manaus.am.gov.br\/semcom\/colonia-ferias-parque-cidade-da-crianca\/","og_site_name":"SEMCOM","article_published_time":"2026-01-15T13:54:24+00:00","article_modified_time":"2026-01-15T18:13:24+00:00","og_image":[{"width":2048,"height":1365,"url":"https:\/\/www.manaus.am.gov.br\/semcom\/wp-content\/uploads\/sites\/5\/2026\/01\/51581242253_dc7bbd85c7_k.jpg","type":"image\/jpeg"}],"author":"Bruna Greco","twitter_card":"summary_large_image","twitter_misc":{"Written by":"Bruna Greco","Est. reading time":"3 minutos"},"schema":{"@context":"https:\/\/schema.org","@graph":[{"@type":"WebPage","@id":"https:\/\/www.manaus.am.gov.br\/semcom\/colonia-ferias-parque-cidade-da-crianca\/","url":"https:\/\/www.manaus.am.gov.br\/semcom\/colonia-ferias-parque-cidade-da-crianca\/","name":"Prefeitura promove col\u00f4nia de f\u00e9rias no parque Cidade da Crian\u00e7a","isPartOf":{"@id":"https:\/\/www.manaus.am.gov.br\/semcom\/#website"},"primaryImageOfPage":{"@id":"https:\/\/www.manaus.am.gov.br\/semcom\/colonia-ferias-parque-cidade-da-crianca\/#primaryimage"},"image":{"@id":"https:\/\/www.manaus.am.gov.br\/semcom\/colonia-ferias-parque-cidade-da-crianca\/#primaryimage"},"thumbnailUrl":"https:\/\/www.manaus.am.gov.br\/semcom\/wp-content\/uploads\/sites\/5\/2026\/01\/51581242253_dc7bbd85c7_k.jpg","datePublished":"2026-01-15T13:54:24+00:00","dateModified":"2026-01-15T18:13:24+00:00","author":{"@id":"https:\/\/www.manaus.am.gov.br\/semcom\/#\/schema\/person\/05d223aea2bf115f9883a6ff3683d81b"},"description":"Prefeitura de Manaus, por meio da Semed, promove col\u00f4nia de f\u00e9rias no parque Cidade da Crian\u00e7a, na zona Centro-Sul.","inLanguage":"pt-BR","potentialAction":[{"@type":"ReadAction","target":["https:\/\/www.manaus.am.gov.br\/semcom\/colonia-ferias-parque-cidade-da-crianca\/"]}]},{"@type":"ImageObject","inLanguage":"pt-BR","@id":"https:\/\/www.manaus.am.gov.br\/semcom\/colonia-ferias-parque-cidade-da-crianca\/#primaryimage","url":"https:\/\/www.manaus.am.gov.br\/semcom\/wp-content\/uploads\/sites\/5\/2026\/01\/51581242253_dc7bbd85c7_k.jpg","contentUrl":"https:\/\/www.manaus.am.gov.br\/semcom\/wp-content\/uploads\/sites\/5\/2026\/01\/51581242253_dc7bbd85c7_k.jpg","width":2048,"height":1365,"caption":"#paratodosverem - Fam\u00edlia passeando no parque Cidade da Crian\u00e7a, no bairro Aleixo"},{"@type":"WebSite","@id":"https:\/\/www.manaus.am.gov.br\/semcom\/#website","url":"https:\/\/www.manaus.am.gov.br\/semcom\/","name":"SEMCOM","description":"Secretaria Municipal de Comunica\u00e7\u00e3o","potentialAction":[{"@type":"SearchAction","target":{"@type":"EntryPoint","urlTemplate":"https:\/\/www.manaus.am.gov.br\/semcom\/?s={search_term_string}"},"query-input":"required name=search_term_string"}],"inLanguage":"pt-BR"},{"@type":"Person","@id":"https:\/\/www.manaus.am.gov.br\/semcom\/#\/schema\/person\/05d223aea2bf115f9883a6ff3683d81b","name":"Bruna Greco","image":{"@type":"ImageObject","inLanguage":"pt-BR","@id":"https:\/\/www.manaus.am.gov.br\/semcom\/#\/schema\/person\/image\/","url":"https:\/\/secure.gravatar.com\/avatar\/9c877d1a6adc2a055330e5c09a8653ce?s=96&d=mm&r=g","contentUrl":"https:\/\/secure.gravatar.com\/avatar\/9c877d1a6adc2a055330e5c09a8653ce?s=96&d=mm&r=g","caption":"Bruna Greco"}}]}},"_links":{"self":[{"href":"https:\/\/www.manaus.am.gov.br\/semcom\/wp-json\/wp\/v2\/posts\/250911"}],"collection":[{"href":"https:\/\/www.manaus.am.gov.br\/semcom\/wp-json\/wp\/v2\/posts"}],"about":[{"href":"https:\/\/www.manaus.am.gov.br\/semcom\/wp-json\/wp\/v2\/types\/post"}],"author":[{"embeddable":true,"href":"https:\/\/www.manaus.am.gov.br\/semcom\/wp-json\/wp\/v2\/users\/39"}],"replies":[{"embeddable":true,"href":"https:\/\/www.manaus.am.gov.br\/semcom\/wp-json\/wp\/v2\/comments?post=250911"}],"version-history":[{"count":9,"href":"https:\/\/www.manaus.am.gov.br\/semcom\/wp-json\/wp\/v2\/posts\/250911\/revisions"}],"predecessor-version":[{"id":250934,"href":"https:\/\/www.manaus.am.gov.br\/semcom\/wp-json\/wp\/v2\/posts\/250911\/revisions\/250934"}],"wp:featuredmedia":[{"embeddable":true,"href":"https:\/\/www.manaus.am.gov.br\/semcom\/wp-json\/wp\/v2\/media\/250912"}],"wp:attachment":[{"href":"https:\/\/www.manaus.am.gov.br\/semcom\/wp-json\/wp\/v2\/media?parent=250911"}],"wp:term":[{"taxonomy":"category","embeddable":true,"href":"https:\/\/www.manaus.am.gov.br\/semcom\/wp-json\/wp\/v2\/categories?post=250911"},{"taxonomy":"post_tag","embeddable":true,"href":"https:\/\/www.manaus.am.gov.br\/semcom\/wp-json\/wp\/v2\/tags?post=250911"}],"curies":[{"name":"wp","href":"https:\/\/api.w.org\/{rel}","templated":true}]}}