{"id":250886,"date":"2026-01-14T18:26:20","date_gmt":"2026-01-14T21:26:20","guid":{"rendered":"https:\/\/www.manaus.am.gov.br\/semcom\/revitalizacao-da-praia-da-ponta-branca\/"},"modified":"2026-01-15T16:19:26","modified_gmt":"2026-01-15T19:19:26","slug":"revitalizacao-da-praia-da-ponta-branca","status":"publish","type":"post","link":"https:\/\/www.manaus.am.gov.br\/semcom\/revitalizacao-da-praia-da-ponta-branca\/","title":{"rendered":"Prefeitura inicia nova fase de revitaliza\u00e7\u00e3o da praia da Ponta Branca com apoio da Marinha"},"content":{"rendered":"\n<p>A <a href=\"https:\/\/www.manaus.am.gov.br\">Prefeitura de Manaus<\/a>, por meio da <a href=\"https:\/\/www.cmm.am.gov.br\/transparencia\/tag\/secretaria-municipal-de-limpeza-urbana-semulsp\/\">Secretaria Municipal de Limpeza Urbana<\/a> (Semulsp), entrou, nesta quarta-feira, 14\/1, em uma nova etapa do trabalho de revitaliza\u00e7\u00e3o da praia da Ponta Branca, no bairro Educandos, zona Sul da capital. Ap\u00f3s a retirada do lixo acumulado na orla, trazido principalmente pelas \u00e1guas do rio Negro em decorr\u00eancia do descarte irregular, a a\u00e7\u00e3o avan\u00e7a agora para a fase de ordenamento do espa\u00e7o.<\/p>\n\n\n\n<p>Nesta segunda etapa, a Semulsp conta com a parceria da Marinha do Brasil para a retirada de embarca\u00e7\u00f5es e estruturas abandonadas que comprometem a paisagem, a seguran\u00e7a e o uso da praia pela popula\u00e7\u00e3o.<\/p>\n\n\n\n<p>O subsecret\u00e1rio de Gest\u00e3o da Semulsp, Altevir Moreira, destacou que a a\u00e7\u00e3o atende a uma determina\u00e7\u00e3o do prefeito David Almeida e faz parte do planejamento conduzido pelo secret\u00e1rio municipal de Limpeza Urbana, Sab\u00e1 Reis.<\/p>\n\n\n\n<p>\u201cEsse trabalho \u00e9 uma orienta\u00e7\u00e3o direta do prefeito David Almeida, que tem cobrado presen\u00e7a permanente do poder p\u00fablico nas \u00e1reas mais sens\u00edveis da cidade. Sob a lideran\u00e7a do secret\u00e1rio Sab\u00e1 Reis, a Semulsp vem realizando a limpeza di\u00e1ria da orla e agora avan\u00e7amos para essa nova fase, com a parceria da Marinha, para retirar embarca\u00e7\u00f5es abandonadas e devolver a praia da Ponta Branca para as fam\u00edlias\u201d, afirmou.<\/p>\n\n\n\n<p>Segundo ele, a a\u00e7\u00e3o integra o esfor\u00e7o permanente da prefeitura na manuten\u00e7\u00e3o da orla da cidade, que recebe limpeza di\u00e1ria em pontos como marina do Davi, S\u00e3o Raimundo, mirante L\u00facia Almeida, Manaus Moderna, Panair e Educandos.<\/p>\n\n\n\n<p>Como parte do processo de revitaliza\u00e7\u00e3o, a Semulsp tamb\u00e9m instalou uma ecobarreira na sa\u00edda do igarap\u00e9 do Educandos, nas proximidades da feira da Panair. O equipamento j\u00e1 est\u00e1 retendo res\u00edduos s\u00f3lidos que antes seguiam direto para a praia da Ponta Branca, reduzindo significativamente o volume de lixo que chega \u00e0 orla.<\/p>\n\n\n\n<p>Morador da regi\u00e3o e um dos coordenadores do tradicional Torneio do Vinho, Sebasti\u00e3o Martins, ressaltou que a limpeza permanente foi fundamental para a retomada do evento.<\/p>\n\n\n\n<p>\u201cQuando a prefeitura come\u00e7ou a limpar direto aqui, tudo mudou. Nos dias 24 e 31 de dezembro conseguimos realizar novamente o Torneio do Vinho. A praia j\u00e1 era outra realidade\u201d, contou.<\/p>\n\n\n\n<p>Sebasti\u00e3o lembrou que a \u00e1rea ficou abandonada por cerca de oito anos, per\u00edodo em que o evento, com 54 anos de tradi\u00e7\u00e3o em Manaus, deixou de acontecer. \u201cAntes era imposs\u00edvel. Tinha vidro, galhos, muito lixo. Ningu\u00e9m conseguia usar a praia. Hoje a gente v\u00ea esperan\u00e7a\u201d, disse.<\/p>\n\n\n\n<p>Com a retomada do torneio e o avan\u00e7o das a\u00e7\u00f5es de revitaliza\u00e7\u00e3o, a expectativa da comunidade \u00e9 de que o espa\u00e7o volte a ser refer\u00eancia de lazer. \u201cAgora temos seguran\u00e7a e conforto para realizar nossos eventos. S\u00f3 temos a agradecer a todos que est\u00e3o ajudando a transformar esse lugar\u201d, completou.<\/p>\n\n\n\n<p>A Prefeitura de Manaus refor\u00e7a que o trabalho na praia da Ponta Branca seguir\u00e1 permanente, unindo limpeza, ordenamento e a\u00e7\u00f5es estruturantes para devolver esse espa\u00e7o \u00e0 popula\u00e7\u00e3o.<\/p>\n\n\n\n<p>&#8212; &#8212; &#8212;<br><strong>Texto &#8211;<\/strong> Dora Tupinamb\u00e1 \/ Semulsp<\/p>\n\n\n\n<p><strong>Fotos &#8211;<\/strong> Valdo Le\u00e3o \/ Semcom<br><strong>Dispon\u00edveis em &#8211; <\/strong><a href=\"https:\/\/flic.kr\/s\/aHBqjCGwrP\">https:\/\/flic.kr\/s\/aHBqjCGwrP<\/a><\/p>\n","protected":false},"excerpt":{"rendered":"","protected":false},"author":68,"featured_media":250887,"comment_status":"closed","ping_status":"closed","sticky":false,"template":"","format":"standard","meta":{"footnotes":""},"categories":[114],"tags":[77,18876,301],"acf":[],"yoast_head":"<!-- This site is optimized with the Yoast SEO plugin v23.0 - https:\/\/yoast.com\/wordpress\/plugins\/seo\/ -->\n<title>Prefeitura inicia nova fase de revitaliza\u00e7\u00e3o da praia da Ponta Branca<\/title>\n<meta name=\"description\" content=\"A Prefeitura de Manaus, por meio da Secretaria Municipal de Limpeza Urbana (Semulsp), entrou, nesta quarta-feira, 14\/1, em uma nova etapa do trabalho de revitaliza\u00e7\u00e3o da praia da Ponta Branca, no bairro Educandos, zona Sul da capital.\" \/>\n<meta name=\"robots\" content=\"index, follow, max-snippet:-1, max-image-preview:large, max-video-preview:-1\" \/>\n<link rel=\"canonical\" href=\"https:\/\/www.manaus.am.gov.br\/semcom\/revitalizacao-da-praia-da-ponta-branca\/\" \/>\n<meta property=\"og:locale\" content=\"pt_BR\" \/>\n<meta property=\"og:type\" content=\"article\" \/>\n<meta property=\"og:title\" content=\"Prefeitura inicia nova fase de revitaliza\u00e7\u00e3o da praia da Ponta Branca\" \/>\n<meta property=\"og:description\" content=\"A Prefeitura de Manaus, por meio da Secretaria Municipal de Limpeza Urbana (Semulsp), entrou, nesta quarta-feira, 14\/1, em uma nova etapa do trabalho de revitaliza\u00e7\u00e3o da praia da Ponta Branca, no bairro Educandos, zona Sul da capital.\" \/>\n<meta property=\"og:url\" content=\"https:\/\/www.manaus.am.gov.br\/semcom\/revitalizacao-da-praia-da-ponta-branca\/\" \/>\n<meta property=\"og:site_name\" content=\"SEMCOM\" \/>\n<meta property=\"article:published_time\" content=\"2026-01-14T21:26:20+00:00\" \/>\n<meta property=\"article:modified_time\" content=\"2026-01-15T19:19:26+00:00\" \/>\n<meta property=\"og:image\" content=\"https:\/\/www.manaus.am.gov.br\/semcom\/wp-content\/uploads\/sites\/5\/2026\/01\/55041431415_edd1ee68ac_c.jpg\" \/>\n\t<meta property=\"og:image:width\" content=\"799\" \/>\n\t<meta property=\"og:image:height\" content=\"533\" \/>\n\t<meta property=\"og:image:type\" content=\"image\/jpeg\" \/>\n<meta name=\"author\" content=\"bvalente\" \/>\n<meta name=\"twitter:card\" content=\"summary_large_image\" \/>\n<meta name=\"twitter:label1\" content=\"Written by\" \/>\n\t<meta name=\"twitter:data1\" content=\"bvalente\" \/>\n\t<meta name=\"twitter:label2\" content=\"Est. reading time\" \/>\n\t<meta name=\"twitter:data2\" content=\"3 minutos\" \/>\n<script type=\"application\/ld+json\" class=\"yoast-schema-graph\">{\"@context\":\"https:\/\/schema.org\",\"@graph\":[{\"@type\":\"WebPage\",\"@id\":\"https:\/\/www.manaus.am.gov.br\/semcom\/revitalizacao-da-praia-da-ponta-branca\/\",\"url\":\"https:\/\/www.manaus.am.gov.br\/semcom\/revitalizacao-da-praia-da-ponta-branca\/\",\"name\":\"Prefeitura inicia nova fase de revitaliza\u00e7\u00e3o da praia da Ponta Branca\",\"isPartOf\":{\"@id\":\"https:\/\/www.manaus.am.gov.br\/semcom\/#website\"},\"primaryImageOfPage\":{\"@id\":\"https:\/\/www.manaus.am.gov.br\/semcom\/revitalizacao-da-praia-da-ponta-branca\/#primaryimage\"},\"image\":{\"@id\":\"https:\/\/www.manaus.am.gov.br\/semcom\/revitalizacao-da-praia-da-ponta-branca\/#primaryimage\"},\"thumbnailUrl\":\"https:\/\/www.manaus.am.gov.br\/semcom\/wp-content\/uploads\/sites\/5\/2026\/01\/55041431415_edd1ee68ac_c.jpg\",\"datePublished\":\"2026-01-14T21:26:20+00:00\",\"dateModified\":\"2026-01-15T19:19:26+00:00\",\"author\":{\"@id\":\"https:\/\/www.manaus.am.gov.br\/semcom\/#\/schema\/person\/466a0e03ae4b6062809046bd560ac955\"},\"description\":\"A Prefeitura de Manaus, por meio da Secretaria Municipal de Limpeza Urbana (Semulsp), entrou, nesta quarta-feira, 14\/1, em uma nova etapa do trabalho de revitaliza\u00e7\u00e3o da praia da Ponta Branca, no bairro Educandos, zona Sul da capital.\",\"inLanguage\":\"pt-BR\",\"potentialAction\":[{\"@type\":\"ReadAction\",\"target\":[\"https:\/\/www.manaus.am.gov.br\/semcom\/revitalizacao-da-praia-da-ponta-branca\/\"]}]},{\"@type\":\"ImageObject\",\"inLanguage\":\"pt-BR\",\"@id\":\"https:\/\/www.manaus.am.gov.br\/semcom\/revitalizacao-da-praia-da-ponta-branca\/#primaryimage\",\"url\":\"https:\/\/www.manaus.am.gov.br\/semcom\/wp-content\/uploads\/sites\/5\/2026\/01\/55041431415_edd1ee68ac_c.jpg\",\"contentUrl\":\"https:\/\/www.manaus.am.gov.br\/semcom\/wp-content\/uploads\/sites\/5\/2026\/01\/55041431415_edd1ee68ac_c.jpg\",\"width\":799,\"height\":533,\"caption\":\"#paratodosverem - Equipes da Semulsp realizando a revitaliza\u00e7\u00e3o da praia da Ponta Branca\"},{\"@type\":\"WebSite\",\"@id\":\"https:\/\/www.manaus.am.gov.br\/semcom\/#website\",\"url\":\"https:\/\/www.manaus.am.gov.br\/semcom\/\",\"name\":\"SEMCOM\",\"description\":\"Secretaria Municipal de Comunica\u00e7\u00e3o\",\"potentialAction\":[{\"@type\":\"SearchAction\",\"target\":{\"@type\":\"EntryPoint\",\"urlTemplate\":\"https:\/\/www.manaus.am.gov.br\/semcom\/?s={search_term_string}\"},\"query-input\":\"required name=search_term_string\"}],\"inLanguage\":\"pt-BR\"},{\"@type\":\"Person\",\"@id\":\"https:\/\/www.manaus.am.gov.br\/semcom\/#\/schema\/person\/466a0e03ae4b6062809046bd560ac955\",\"name\":\"bvalente\",\"image\":{\"@type\":\"ImageObject\",\"inLanguage\":\"pt-BR\",\"@id\":\"https:\/\/www.manaus.am.gov.br\/semcom\/#\/schema\/person\/image\/\",\"url\":\"https:\/\/secure.gravatar.com\/avatar\/3e69bc2b014bdad41adfec3a39de07d2?s=96&d=mm&r=g\",\"contentUrl\":\"https:\/\/secure.gravatar.com\/avatar\/3e69bc2b014bdad41adfec3a39de07d2?s=96&d=mm&r=g\",\"caption\":\"bvalente\"}}]}<\/script>\n<!-- \/ Yoast SEO plugin. -->","yoast_head_json":{"title":"Prefeitura inicia nova fase de revitaliza\u00e7\u00e3o da praia da Ponta Branca","description":"A Prefeitura de Manaus, por meio da Secretaria Municipal de Limpeza Urbana (Semulsp), entrou, nesta quarta-feira, 14\/1, em uma nova etapa do trabalho de revitaliza\u00e7\u00e3o da praia da Ponta Branca, no bairro Educandos, zona Sul da capital.","robots":{"index":"index","follow":"follow","max-snippet":"max-snippet:-1","max-image-preview":"max-image-preview:large","max-video-preview":"max-video-preview:-1"},"canonical":"https:\/\/www.manaus.am.gov.br\/semcom\/revitalizacao-da-praia-da-ponta-branca\/","og_locale":"pt_BR","og_type":"article","og_title":"Prefeitura inicia nova fase de revitaliza\u00e7\u00e3o da praia da Ponta Branca","og_description":"A Prefeitura de Manaus, por meio da Secretaria Municipal de Limpeza Urbana (Semulsp), entrou, nesta quarta-feira, 14\/1, em uma nova etapa do trabalho de revitaliza\u00e7\u00e3o da praia da Ponta Branca, no bairro Educandos, zona Sul da capital.","og_url":"https:\/\/www.manaus.am.gov.br\/semcom\/revitalizacao-da-praia-da-ponta-branca\/","og_site_name":"SEMCOM","article_published_time":"2026-01-14T21:26:20+00:00","article_modified_time":"2026-01-15T19:19:26+00:00","og_image":[{"width":799,"height":533,"url":"https:\/\/www.manaus.am.gov.br\/semcom\/wp-content\/uploads\/sites\/5\/2026\/01\/55041431415_edd1ee68ac_c.jpg","type":"image\/jpeg"}],"author":"bvalente","twitter_card":"summary_large_image","twitter_misc":{"Written by":"bvalente","Est. reading time":"3 minutos"},"schema":{"@context":"https:\/\/schema.org","@graph":[{"@type":"WebPage","@id":"https:\/\/www.manaus.am.gov.br\/semcom\/revitalizacao-da-praia-da-ponta-branca\/","url":"https:\/\/www.manaus.am.gov.br\/semcom\/revitalizacao-da-praia-da-ponta-branca\/","name":"Prefeitura inicia nova fase de revitaliza\u00e7\u00e3o da praia da Ponta Branca","isPartOf":{"@id":"https:\/\/www.manaus.am.gov.br\/semcom\/#website"},"primaryImageOfPage":{"@id":"https:\/\/www.manaus.am.gov.br\/semcom\/revitalizacao-da-praia-da-ponta-branca\/#primaryimage"},"image":{"@id":"https:\/\/www.manaus.am.gov.br\/semcom\/revitalizacao-da-praia-da-ponta-branca\/#primaryimage"},"thumbnailUrl":"https:\/\/www.manaus.am.gov.br\/semcom\/wp-content\/uploads\/sites\/5\/2026\/01\/55041431415_edd1ee68ac_c.jpg","datePublished":"2026-01-14T21:26:20+00:00","dateModified":"2026-01-15T19:19:26+00:00","author":{"@id":"https:\/\/www.manaus.am.gov.br\/semcom\/#\/schema\/person\/466a0e03ae4b6062809046bd560ac955"},"description":"A Prefeitura de Manaus, por meio da Secretaria Municipal de Limpeza Urbana (Semulsp), entrou, nesta quarta-feira, 14\/1, em uma nova etapa do trabalho de revitaliza\u00e7\u00e3o da praia da Ponta Branca, no bairro Educandos, zona Sul da capital.","inLanguage":"pt-BR","potentialAction":[{"@type":"ReadAction","target":["https:\/\/www.manaus.am.gov.br\/semcom\/revitalizacao-da-praia-da-ponta-branca\/"]}]},{"@type":"ImageObject","inLanguage":"pt-BR","@id":"https:\/\/www.manaus.am.gov.br\/semcom\/revitalizacao-da-praia-da-ponta-branca\/#primaryimage","url":"https:\/\/www.manaus.am.gov.br\/semcom\/wp-content\/uploads\/sites\/5\/2026\/01\/55041431415_edd1ee68ac_c.jpg","contentUrl":"https:\/\/www.manaus.am.gov.br\/semcom\/wp-content\/uploads\/sites\/5\/2026\/01\/55041431415_edd1ee68ac_c.jpg","width":799,"height":533,"caption":"#paratodosverem - Equipes da Semulsp realizando a revitaliza\u00e7\u00e3o da praia da Ponta Branca"},{"@type":"WebSite","@id":"https:\/\/www.manaus.am.gov.br\/semcom\/#website","url":"https:\/\/www.manaus.am.gov.br\/semcom\/","name":"SEMCOM","description":"Secretaria Municipal de Comunica\u00e7\u00e3o","potentialAction":[{"@type":"SearchAction","target":{"@type":"EntryPoint","urlTemplate":"https:\/\/www.manaus.am.gov.br\/semcom\/?s={search_term_string}"},"query-input":"required name=search_term_string"}],"inLanguage":"pt-BR"},{"@type":"Person","@id":"https:\/\/www.manaus.am.gov.br\/semcom\/#\/schema\/person\/466a0e03ae4b6062809046bd560ac955","name":"bvalente","image":{"@type":"ImageObject","inLanguage":"pt-BR","@id":"https:\/\/www.manaus.am.gov.br\/semcom\/#\/schema\/person\/image\/","url":"https:\/\/secure.gravatar.com\/avatar\/3e69bc2b014bdad41adfec3a39de07d2?s=96&d=mm&r=g","contentUrl":"https:\/\/secure.gravatar.com\/avatar\/3e69bc2b014bdad41adfec3a39de07d2?s=96&d=mm&r=g","caption":"bvalente"}}]}},"_links":{"self":[{"href":"https:\/\/www.manaus.am.gov.br\/semcom\/wp-json\/wp\/v2\/posts\/250886"}],"collection":[{"href":"https:\/\/www.manaus.am.gov.br\/semcom\/wp-json\/wp\/v2\/posts"}],"about":[{"href":"https:\/\/www.manaus.am.gov.br\/semcom\/wp-json\/wp\/v2\/types\/post"}],"author":[{"embeddable":true,"href":"https:\/\/www.manaus.am.gov.br\/semcom\/wp-json\/wp\/v2\/users\/68"}],"replies":[{"embeddable":true,"href":"https:\/\/www.manaus.am.gov.br\/semcom\/wp-json\/wp\/v2\/comments?post=250886"}],"version-history":[{"count":1,"href":"https:\/\/www.manaus.am.gov.br\/semcom\/wp-json\/wp\/v2\/posts\/250886\/revisions"}],"predecessor-version":[{"id":250950,"href":"https:\/\/www.manaus.am.gov.br\/semcom\/wp-json\/wp\/v2\/posts\/250886\/revisions\/250950"}],"wp:featuredmedia":[{"embeddable":true,"href":"https:\/\/www.manaus.am.gov.br\/semcom\/wp-json\/wp\/v2\/media\/250887"}],"wp:attachment":[{"href":"https:\/\/www.manaus.am.gov.br\/semcom\/wp-json\/wp\/v2\/media?parent=250886"}],"wp:term":[{"taxonomy":"category","embeddable":true,"href":"https:\/\/www.manaus.am.gov.br\/semcom\/wp-json\/wp\/v2\/categories?post=250886"},{"taxonomy":"post_tag","embeddable":true,"href":"https:\/\/www.manaus.am.gov.br\/semcom\/wp-json\/wp\/v2\/tags?post=250886"}],"curies":[{"name":"wp","href":"https:\/\/api.w.org\/{rel}","templated":true}]}}