{"id":250884,"date":"2026-01-14T18:20:01","date_gmt":"2026-01-14T21:20:01","guid":{"rendered":"https:\/\/www.manaus.am.gov.br\/semcom\/100-das-salas-de-aula-climatizadas\/"},"modified":"2026-01-14T18:20:02","modified_gmt":"2026-01-14T21:20:02","slug":"100-das-salas-de-aula-climatizadas","status":"publish","type":"post","link":"https:\/\/www.manaus.am.gov.br\/semcom\/100-das-salas-de-aula-climatizadas\/","title":{"rendered":"Prefeito David Almeida transforma Manaus na capital com 100% das salas de aula climatizadas"},"content":{"rendered":"\n<p>A Prefeitura de Manaus alcan\u00e7ou um marco hist\u00f3rico na educa\u00e7\u00e3o p\u00fablica ao garantir a climatiza\u00e7\u00e3o de 100% das salas de aula da rede municipal de ensino, consolidando a capital amazonense como refer\u00eancia nacional em infraestrutura escolar. O avan\u00e7o \u00e9 resultado de investimentos cont\u00ednuos realizados na gest\u00e3o do prefeito David Almeida, com foco na melhoria das condi\u00e7\u00f5es de aprendizagem e no respeito a alunos, professores e servidores.<\/p>\n\n\n\n<p>O desempenho de Manaus se destaca de forma expressiva no cen\u00e1rio nacional. Dados do Censo Escolar 2023, produzido pelo Instituto Nacional de Estudos e Pesquisas Educacionais An\u00edsio Teixeira (Inep), \u00f3rg\u00e3o vinculado ao Minist\u00e9rio da Educa\u00e7\u00e3o (MEC), indicam que, em m\u00e9dia, menos de 40% das salas de aula das escolas p\u00fablicas brasileiras possuem algum tipo de climatiza\u00e7\u00e3o, considerando as redes municipais, estaduais e federais. Mesmo entre Estados com melhor desempenho, os percentuais giram em torno de 70% a 80%, o que evidencia o car\u00e1ter excepcional do avan\u00e7o alcan\u00e7ado pela rede municipal de Manaus.<\/p>\n\n\n\n<p>Segundo o prefeito, a climatiza\u00e7\u00e3o integral das salas de aula vai al\u00e9m do conforto t\u00e9rmico e integra uma pol\u00edtica p\u00fablica voltada \u00e0 dignidade, \u00e0 perman\u00eancia dos alunos na escola e \u00e0 melhoria dos resultados pedag\u00f3gicos.<\/p>\n\n\n\n<p>\u201cEnquanto a m\u00e9dia nacional das salas de aula climatizadas gira em torno de 38% nas escolas p\u00fablicas, e mesmo Estados com planos robustos de infraestrutura alcan\u00e7am algo pr\u00f3ximo de 80%, Manaus j\u00e1 conta com 100% das salas de aula climatizadas na rede municipal. Isso n\u00e3o \u00e9 luxo, \u00e9 respeito com os nossos alunos, professores e fam\u00edlias, especialmente em uma cidade com o clima que n\u00f3s temos\u201d, afirmou David Almeida.<\/p>\n\n\n\n<p>O prefeito destacou que o avan\u00e7o s\u00f3 foi poss\u00edvel a partir de um planejamento rigoroso, com investimentos na adequa\u00e7\u00e3o das redes el\u00e9tricas, moderniza\u00e7\u00e3o das unidades escolares e amplia\u00e7\u00e3o da capacidade de manuten\u00e7\u00e3o, incluindo escolas localizadas em \u00e1reas mais afastadas da capital.<\/p>\n\n\n\n<p>A climatiza\u00e7\u00e3o total da rede municipal se soma a outras a\u00e7\u00f5es estruturantes da atual gest\u00e3o, como a reestrutura\u00e7\u00e3o f\u00edsica das escolas, a amplia\u00e7\u00e3o do ensino em tempo integral, o fortalecimento da educa\u00e7\u00e3o infantil e a valoriza\u00e7\u00e3o dos profissionais da educa\u00e7\u00e3o, compondo o maior programa de moderniza\u00e7\u00e3o da educa\u00e7\u00e3o b\u00e1sica j\u00e1 executado em Manaus.<\/p>\n\n\n\n<p>Com a iniciativa, a gest\u00e3o David Almeida assegura ambientes mais adequados ao processo de ensino-aprendizagem, contribuindo para a redu\u00e7\u00e3o da evas\u00e3o escolar e fortalecendo a escola p\u00fablica como espa\u00e7o de acolhimento, desenvolvimento humano e forma\u00e7\u00e3o cidad\u00e3.<\/p>\n\n\n\n<p>&#8212; &#8212; &#8212;<br><strong>Texto &#8211; <\/strong>Emanuelle Baires\/Semcom-Prefeito<br><strong>Fotos &#8211;<\/strong> Arquivo\/Semcom<\/p>\n","protected":false},"excerpt":{"rendered":"","protected":false},"author":68,"featured_media":250885,"comment_status":"closed","ping_status":"closed","sticky":false,"template":"","format":"standard","meta":{"footnotes":""},"categories":[94],"tags":[18874,35,77,18875],"acf":[],"yoast_head":"<!-- This site is optimized with the Yoast SEO plugin v23.0 - https:\/\/yoast.com\/wordpress\/plugins\/seo\/ -->\n<title>Prefeito David Almeida transforma Manaus na capital com 100% das salas de aula climatizadas<\/title>\n<meta name=\"description\" content=\"A Prefeitura de Manaus alcan\u00e7ou um marco hist\u00f3rico na educa\u00e7\u00e3o p\u00fablica ao garantir a climatiza\u00e7\u00e3o de 100% das salas de aula da rede municipal de ensino, consolidando a capital amazonense como refer\u00eancia nacional em infraestrutura escolar.\" \/>\n<meta name=\"robots\" content=\"index, follow, max-snippet:-1, max-image-preview:large, max-video-preview:-1\" \/>\n<link rel=\"canonical\" href=\"https:\/\/www.manaus.am.gov.br\/semcom\/100-das-salas-de-aula-climatizadas\/\" \/>\n<meta property=\"og:locale\" content=\"pt_BR\" \/>\n<meta property=\"og:type\" content=\"article\" \/>\n<meta property=\"og:title\" content=\"Prefeito David Almeida transforma Manaus na capital com 100% das salas de aula climatizadas\" \/>\n<meta property=\"og:description\" content=\"A Prefeitura de Manaus alcan\u00e7ou um marco hist\u00f3rico na educa\u00e7\u00e3o p\u00fablica ao garantir a climatiza\u00e7\u00e3o de 100% das salas de aula da rede municipal de ensino, consolidando a capital amazonense como refer\u00eancia nacional em infraestrutura escolar.\" \/>\n<meta property=\"og:url\" content=\"https:\/\/www.manaus.am.gov.br\/semcom\/100-das-salas-de-aula-climatizadas\/\" \/>\n<meta property=\"og:site_name\" content=\"SEMCOM\" \/>\n<meta property=\"article:published_time\" content=\"2026-01-14T21:20:01+00:00\" \/>\n<meta property=\"article:modified_time\" content=\"2026-01-14T21:20:02+00:00\" \/>\n<meta property=\"og:image\" content=\"https:\/\/www.manaus.am.gov.br\/semcom\/wp-content\/uploads\/sites\/5\/2026\/01\/WhatsApp-Image-2026-01-14-at-17.19.05.jpeg\" \/>\n\t<meta property=\"og:image:width\" content=\"1600\" \/>\n\t<meta property=\"og:image:height\" content=\"1066\" \/>\n\t<meta property=\"og:image:type\" content=\"image\/jpeg\" \/>\n<meta name=\"author\" content=\"bvalente\" \/>\n<meta name=\"twitter:card\" content=\"summary_large_image\" \/>\n<meta name=\"twitter:label1\" content=\"Written by\" \/>\n\t<meta name=\"twitter:data1\" content=\"bvalente\" \/>\n\t<meta name=\"twitter:label2\" content=\"Est. reading time\" \/>\n\t<meta name=\"twitter:data2\" content=\"3 minutos\" \/>\n<script type=\"application\/ld+json\" class=\"yoast-schema-graph\">{\"@context\":\"https:\/\/schema.org\",\"@graph\":[{\"@type\":\"WebPage\",\"@id\":\"https:\/\/www.manaus.am.gov.br\/semcom\/100-das-salas-de-aula-climatizadas\/\",\"url\":\"https:\/\/www.manaus.am.gov.br\/semcom\/100-das-salas-de-aula-climatizadas\/\",\"name\":\"Prefeito David Almeida transforma Manaus na capital com 100% das salas de aula climatizadas\",\"isPartOf\":{\"@id\":\"https:\/\/www.manaus.am.gov.br\/semcom\/#website\"},\"primaryImageOfPage\":{\"@id\":\"https:\/\/www.manaus.am.gov.br\/semcom\/100-das-salas-de-aula-climatizadas\/#primaryimage\"},\"image\":{\"@id\":\"https:\/\/www.manaus.am.gov.br\/semcom\/100-das-salas-de-aula-climatizadas\/#primaryimage\"},\"thumbnailUrl\":\"https:\/\/www.manaus.am.gov.br\/semcom\/wp-content\/uploads\/sites\/5\/2026\/01\/WhatsApp-Image-2026-01-14-at-17.19.05.jpeg\",\"datePublished\":\"2026-01-14T21:20:01+00:00\",\"dateModified\":\"2026-01-14T21:20:02+00:00\",\"author\":{\"@id\":\"https:\/\/www.manaus.am.gov.br\/semcom\/#\/schema\/person\/466a0e03ae4b6062809046bd560ac955\"},\"description\":\"A Prefeitura de Manaus alcan\u00e7ou um marco hist\u00f3rico na educa\u00e7\u00e3o p\u00fablica ao garantir a climatiza\u00e7\u00e3o de 100% das salas de aula da rede municipal de ensino, consolidando a capital amazonense como refer\u00eancia nacional em infraestrutura escolar.\",\"inLanguage\":\"pt-BR\",\"potentialAction\":[{\"@type\":\"ReadAction\",\"target\":[\"https:\/\/www.manaus.am.gov.br\/semcom\/100-das-salas-de-aula-climatizadas\/\"]}]},{\"@type\":\"ImageObject\",\"inLanguage\":\"pt-BR\",\"@id\":\"https:\/\/www.manaus.am.gov.br\/semcom\/100-das-salas-de-aula-climatizadas\/#primaryimage\",\"url\":\"https:\/\/www.manaus.am.gov.br\/semcom\/wp-content\/uploads\/sites\/5\/2026\/01\/WhatsApp-Image-2026-01-14-at-17.19.05.jpeg\",\"contentUrl\":\"https:\/\/www.manaus.am.gov.br\/semcom\/wp-content\/uploads\/sites\/5\/2026\/01\/WhatsApp-Image-2026-01-14-at-17.19.05.jpeg\",\"width\":1600,\"height\":1066,\"caption\":\"#paratodosverem - Prefeito David Almeida com alunos\"},{\"@type\":\"WebSite\",\"@id\":\"https:\/\/www.manaus.am.gov.br\/semcom\/#website\",\"url\":\"https:\/\/www.manaus.am.gov.br\/semcom\/\",\"name\":\"SEMCOM\",\"description\":\"Secretaria Municipal de Comunica\u00e7\u00e3o\",\"potentialAction\":[{\"@type\":\"SearchAction\",\"target\":{\"@type\":\"EntryPoint\",\"urlTemplate\":\"https:\/\/www.manaus.am.gov.br\/semcom\/?s={search_term_string}\"},\"query-input\":\"required name=search_term_string\"}],\"inLanguage\":\"pt-BR\"},{\"@type\":\"Person\",\"@id\":\"https:\/\/www.manaus.am.gov.br\/semcom\/#\/schema\/person\/466a0e03ae4b6062809046bd560ac955\",\"name\":\"bvalente\",\"image\":{\"@type\":\"ImageObject\",\"inLanguage\":\"pt-BR\",\"@id\":\"https:\/\/www.manaus.am.gov.br\/semcom\/#\/schema\/person\/image\/\",\"url\":\"https:\/\/secure.gravatar.com\/avatar\/3e69bc2b014bdad41adfec3a39de07d2?s=96&d=mm&r=g\",\"contentUrl\":\"https:\/\/secure.gravatar.com\/avatar\/3e69bc2b014bdad41adfec3a39de07d2?s=96&d=mm&r=g\",\"caption\":\"bvalente\"}}]}<\/script>\n<!-- \/ Yoast SEO plugin. -->","yoast_head_json":{"title":"Prefeito David Almeida transforma Manaus na capital com 100% das salas de aula climatizadas","description":"A Prefeitura de Manaus alcan\u00e7ou um marco hist\u00f3rico na educa\u00e7\u00e3o p\u00fablica ao garantir a climatiza\u00e7\u00e3o de 100% das salas de aula da rede municipal de ensino, consolidando a capital amazonense como refer\u00eancia nacional em infraestrutura escolar.","robots":{"index":"index","follow":"follow","max-snippet":"max-snippet:-1","max-image-preview":"max-image-preview:large","max-video-preview":"max-video-preview:-1"},"canonical":"https:\/\/www.manaus.am.gov.br\/semcom\/100-das-salas-de-aula-climatizadas\/","og_locale":"pt_BR","og_type":"article","og_title":"Prefeito David Almeida transforma Manaus na capital com 100% das salas de aula climatizadas","og_description":"A Prefeitura de Manaus alcan\u00e7ou um marco hist\u00f3rico na educa\u00e7\u00e3o p\u00fablica ao garantir a climatiza\u00e7\u00e3o de 100% das salas de aula da rede municipal de ensino, consolidando a capital amazonense como refer\u00eancia nacional em infraestrutura escolar.","og_url":"https:\/\/www.manaus.am.gov.br\/semcom\/100-das-salas-de-aula-climatizadas\/","og_site_name":"SEMCOM","article_published_time":"2026-01-14T21:20:01+00:00","article_modified_time":"2026-01-14T21:20:02+00:00","og_image":[{"width":1600,"height":1066,"url":"https:\/\/www.manaus.am.gov.br\/semcom\/wp-content\/uploads\/sites\/5\/2026\/01\/WhatsApp-Image-2026-01-14-at-17.19.05.jpeg","type":"image\/jpeg"}],"author":"bvalente","twitter_card":"summary_large_image","twitter_misc":{"Written by":"bvalente","Est. reading time":"3 minutos"},"schema":{"@context":"https:\/\/schema.org","@graph":[{"@type":"WebPage","@id":"https:\/\/www.manaus.am.gov.br\/semcom\/100-das-salas-de-aula-climatizadas\/","url":"https:\/\/www.manaus.am.gov.br\/semcom\/100-das-salas-de-aula-climatizadas\/","name":"Prefeito David Almeida transforma Manaus na capital com 100% das salas de aula climatizadas","isPartOf":{"@id":"https:\/\/www.manaus.am.gov.br\/semcom\/#website"},"primaryImageOfPage":{"@id":"https:\/\/www.manaus.am.gov.br\/semcom\/100-das-salas-de-aula-climatizadas\/#primaryimage"},"image":{"@id":"https:\/\/www.manaus.am.gov.br\/semcom\/100-das-salas-de-aula-climatizadas\/#primaryimage"},"thumbnailUrl":"https:\/\/www.manaus.am.gov.br\/semcom\/wp-content\/uploads\/sites\/5\/2026\/01\/WhatsApp-Image-2026-01-14-at-17.19.05.jpeg","datePublished":"2026-01-14T21:20:01+00:00","dateModified":"2026-01-14T21:20:02+00:00","author":{"@id":"https:\/\/www.manaus.am.gov.br\/semcom\/#\/schema\/person\/466a0e03ae4b6062809046bd560ac955"},"description":"A Prefeitura de Manaus alcan\u00e7ou um marco hist\u00f3rico na educa\u00e7\u00e3o p\u00fablica ao garantir a climatiza\u00e7\u00e3o de 100% das salas de aula da rede municipal de ensino, consolidando a capital amazonense como refer\u00eancia nacional em infraestrutura escolar.","inLanguage":"pt-BR","potentialAction":[{"@type":"ReadAction","target":["https:\/\/www.manaus.am.gov.br\/semcom\/100-das-salas-de-aula-climatizadas\/"]}]},{"@type":"ImageObject","inLanguage":"pt-BR","@id":"https:\/\/www.manaus.am.gov.br\/semcom\/100-das-salas-de-aula-climatizadas\/#primaryimage","url":"https:\/\/www.manaus.am.gov.br\/semcom\/wp-content\/uploads\/sites\/5\/2026\/01\/WhatsApp-Image-2026-01-14-at-17.19.05.jpeg","contentUrl":"https:\/\/www.manaus.am.gov.br\/semcom\/wp-content\/uploads\/sites\/5\/2026\/01\/WhatsApp-Image-2026-01-14-at-17.19.05.jpeg","width":1600,"height":1066,"caption":"#paratodosverem - Prefeito David Almeida com alunos"},{"@type":"WebSite","@id":"https:\/\/www.manaus.am.gov.br\/semcom\/#website","url":"https:\/\/www.manaus.am.gov.br\/semcom\/","name":"SEMCOM","description":"Secretaria Municipal de Comunica\u00e7\u00e3o","potentialAction":[{"@type":"SearchAction","target":{"@type":"EntryPoint","urlTemplate":"https:\/\/www.manaus.am.gov.br\/semcom\/?s={search_term_string}"},"query-input":"required name=search_term_string"}],"inLanguage":"pt-BR"},{"@type":"Person","@id":"https:\/\/www.manaus.am.gov.br\/semcom\/#\/schema\/person\/466a0e03ae4b6062809046bd560ac955","name":"bvalente","image":{"@type":"ImageObject","inLanguage":"pt-BR","@id":"https:\/\/www.manaus.am.gov.br\/semcom\/#\/schema\/person\/image\/","url":"https:\/\/secure.gravatar.com\/avatar\/3e69bc2b014bdad41adfec3a39de07d2?s=96&d=mm&r=g","contentUrl":"https:\/\/secure.gravatar.com\/avatar\/3e69bc2b014bdad41adfec3a39de07d2?s=96&d=mm&r=g","caption":"bvalente"}}]}},"_links":{"self":[{"href":"https:\/\/www.manaus.am.gov.br\/semcom\/wp-json\/wp\/v2\/posts\/250884"}],"collection":[{"href":"https:\/\/www.manaus.am.gov.br\/semcom\/wp-json\/wp\/v2\/posts"}],"about":[{"href":"https:\/\/www.manaus.am.gov.br\/semcom\/wp-json\/wp\/v2\/types\/post"}],"author":[{"embeddable":true,"href":"https:\/\/www.manaus.am.gov.br\/semcom\/wp-json\/wp\/v2\/users\/68"}],"replies":[{"embeddable":true,"href":"https:\/\/www.manaus.am.gov.br\/semcom\/wp-json\/wp\/v2\/comments?post=250884"}],"version-history":[{"count":0,"href":"https:\/\/www.manaus.am.gov.br\/semcom\/wp-json\/wp\/v2\/posts\/250884\/revisions"}],"wp:featuredmedia":[{"embeddable":true,"href":"https:\/\/www.manaus.am.gov.br\/semcom\/wp-json\/wp\/v2\/media\/250885"}],"wp:attachment":[{"href":"https:\/\/www.manaus.am.gov.br\/semcom\/wp-json\/wp\/v2\/media?parent=250884"}],"wp:term":[{"taxonomy":"category","embeddable":true,"href":"https:\/\/www.manaus.am.gov.br\/semcom\/wp-json\/wp\/v2\/categories?post=250884"},{"taxonomy":"post_tag","embeddable":true,"href":"https:\/\/www.manaus.am.gov.br\/semcom\/wp-json\/wp\/v2\/tags?post=250884"}],"curies":[{"name":"wp","href":"https:\/\/api.w.org\/{rel}","templated":true}]}}