{"id":250878,"date":"2026-01-14T17:44:56","date_gmt":"2026-01-14T20:44:56","guid":{"rendered":"https:\/\/www.manaus.am.gov.br\/semcom\/93-de-indice-de-solucao-em-2025\/"},"modified":"2026-01-14T17:47:18","modified_gmt":"2026-01-14T20:47:18","slug":"93-de-indice-de-solucao-em-2025","status":"publish","type":"post","link":"https:\/\/www.manaus.am.gov.br\/semcom\/93-de-indice-de-solucao-em-2025\/","title":{"rendered":"Ouvidoria da Ageman alcan\u00e7a 93% de \u00edndice de solu\u00e7\u00e3o em 2025 e apresenta resultados ao Conselho Municipal de Regula\u00e7\u00e3o"},"content":{"rendered":"\n<p>A Ag\u00eancia Reguladora dos Servi\u00e7os P\u00fablicos Delegados do Munic\u00edpio de Manaus (Ageman) apresentou, na tarde de ter\u00e7a-feira, 13\/1, o balan\u00e7o do desempenho da sua Ouvidoria referente ao ano de 2025, durante a primeira reuni\u00e3o ordin\u00e1ria do Conselho Municipal de Regula\u00e7\u00e3o dos Servi\u00e7os P\u00fablicos Delegados do Munic\u00edpio de Manaus. O encontro ocorreu na sede da Ag\u00eancia, localizada no bairro Coroado, zona Leste da capital.<\/p>\n\n\n\n<p>De janeiro a dezembro de 2025, a Ouvidoria da Ageman registrou 725 demandas da popula\u00e7\u00e3o relacionadas aos servi\u00e7os regulados pela Ag\u00eancia, como abastecimento de \u00e1gua, esgotamento sanit\u00e1rio, ilumina\u00e7\u00e3o p\u00fablica e estacionamento rotativo Zona Azul. Do total de manifesta\u00e7\u00f5es recebidas, 687 foram totalmente solucionadas, apenas uma demanda exigiu encaminhamento jur\u00eddico e 37 permanecem em andamento, muitas delas aguardando prazos operacionais das concession\u00e1rias. Com isso, a Ouvidoria atingiu um \u00edndice de resolutividade de aproximadamente 93%, consolidando-se como um importante indicador de efici\u00eancia e transpar\u00eancia no atendimento ao cidad\u00e3o.<\/p>\n\n\n\n<p>Os dados foram apresentados ao conselho pelo Ouvidor da Ageman, Cl\u00e1udio Falc\u00e3o, e demonstram que, al\u00e9m da resolutividade quantitativa, a atua\u00e7\u00e3o da Ouvidoria tem se destacado pelo aspecto qualitativo, funcionando como um canal formal e estrat\u00e9gico de escuta da popula\u00e7\u00e3o. As informa\u00e7\u00f5es recebidas contribuem diretamente para o monitoramento cont\u00ednuo dos servi\u00e7os p\u00fablicos, identifica\u00e7\u00e3o de recorr\u00eancias e aprimoramento das a\u00e7\u00f5es de fiscaliza\u00e7\u00e3o e regula\u00e7\u00e3o da Ageman.<\/p>\n\n\n\n<p>A maior concentra\u00e7\u00e3o de manifesta\u00e7\u00f5es em 2025 esteve relacionada aos servi\u00e7os de \u00e1gua e esgoto, que somaram 698 registros, seguidos pela ilumina\u00e7\u00e3o p\u00fablica, com 22 demandas, e pelo estacionamento rotativo Zona Azul, com cinco registros. N\u00e3o houve reclama\u00e7\u00f5es relacionadas ao transporte coletivo e \u00e0 coleta de lixo no per\u00edodo analisado.<\/p>\n\n\n\n<p>Quanto aos canais de atendimento, o levantamento mostra clara prefer\u00eancia da popula\u00e7\u00e3o pelos meios digitais. O WhatsApp liderou com 430 solicita\u00e7\u00f5es, seguido pelo atendimento presencial com 123 demandas e pelo e-mail com 114 manifesta\u00e7\u00f5es. Tamb\u00e9m foram registrados atendimentos via Fala.BR, plataforma federal de ouvidorias, o que refor\u00e7a a integra\u00e7\u00e3o da Ageman aos mecanismos nacionais de participa\u00e7\u00e3o social e controle p\u00fablico.<\/p>\n\n\n\n<p>As demandas se distribu\u00edram por todas as zonas da cidade, com maior incid\u00eancia na zona Sul com 212 registros e na zona Norte com 190. Entre os bairros, Cidade Nova, Centro e Parque 10 de Novembro, concentraram o maior volume de solicita\u00e7\u00f5es, refletindo tanto a densidade populacional quanto a sensibilidade dos servi\u00e7os prestados nessas \u00e1reas.<\/p>\n\n\n\n<p>Entre os motivos mais frequentes de reclama\u00e7\u00e3o, destacaram-se quest\u00f5es ligadas ao saneamento b\u00e1sico, especialmente cobran\u00e7as indevidas de \u00e1gua e esgoto, falta d\u2019\u00e1gua e vazamentos em vias p\u00fablicas. Nesses casos, al\u00e9m da media\u00e7\u00e3o junto \u00e0s concession\u00e1rias, a Ouvidoria tamb\u00e9m atua de forma educativa, orientando os usu\u00e1rios sobre boas pr\u00e1ticas de consumo e uso consciente dos servi\u00e7os.<\/p>\n\n\n\n<p><strong>Atua\u00e7\u00e3o nos bairros<\/strong><\/p>\n\n\n\n<p>Ao longo de 2025, a Ouvidoria da Ageman tamb\u00e9m participou de a\u00e7\u00f5es presenciais em bairros e comunidades, integrando programa\u00e7\u00f5es como o Manaus Cidad\u00e3 e o projeto social Fa\u00e7a a Diferen\u00e7a. Ao todo, foram dez participa\u00e7\u00f5es, com foco na orienta\u00e7\u00e3o da popula\u00e7\u00e3o sobre ades\u00e3o \u00e0 Tarifa Social, Tarifa Manauara e esclarecimentos gerais sobre os servi\u00e7os regulados.<\/p>\n\n\n\n<p>Ao final da apresenta\u00e7\u00e3o, o ouvidor Cl\u00e1udio Falc\u00e3o destacou o empenho de sua equipe para conduzir as tratativas dos usu\u00e1rios.<\/p>\n\n\n\n<p>\u201cOs resultados apresentados refletem diretamente o fortalecimento do trabalho da equipe da Ouvidoria ao longo de 2025. Houve um ganho significativo de efetividade nos fluxos de atendimento, acompanhamento e cobran\u00e7a das concession\u00e1rias, o que impactou positivamente o saldo de manifesta\u00e7\u00f5es resolvidas. Esse desempenho demonstra que a Ouvidoria da Ageman est\u00e1 cada vez mais preparada para responder com agilidade, t\u00e9cnica e responsabilidade \u00e0s demandas da popula\u00e7\u00e3o, garantindo que a voz do cidad\u00e3o seja efetivamente considerada no processo regulat\u00f3rio\u201d, afirmou.<\/p>\n\n\n\n<p>\u2014&#8211; \u2014&#8211; \u2014-\u00a0<br><strong>Texto \u2013 <\/strong>Tereza Te\u00f3filo\/ Ageman<br><strong>Foto \u2013 <\/strong>Ana Lu\u00edsa Silva \/ Ageman<\/p>\n","protected":false},"excerpt":{"rendered":"","protected":false},"author":68,"featured_media":250879,"comment_status":"closed","ping_status":"closed","sticky":false,"template":"","format":"standard","meta":{"footnotes":""},"categories":[520],"tags":[18872,215,18873,77],"acf":[],"yoast_head":"<!-- This site is optimized with the Yoast SEO plugin v23.0 - https:\/\/yoast.com\/wordpress\/plugins\/seo\/ -->\n<title>Ouvidoria da Ageman alcan\u00e7a 93% de \u00edndice de solu\u00e7\u00e3o em 2025<\/title>\n<meta name=\"description\" content=\"A Ag\u00eancia Reguladora dos Servi\u00e7os P\u00fablicos Delegados do Munic\u00edpio de Manaus (Ageman) apresentou, na tarde de ter\u00e7a-feira, 13\/1, o balan\u00e7o do desempenho da sua Ouvidoria referente ao ano de 2025.\" \/>\n<meta name=\"robots\" content=\"index, follow, max-snippet:-1, max-image-preview:large, max-video-preview:-1\" \/>\n<link rel=\"canonical\" href=\"https:\/\/www.manaus.am.gov.br\/semcom\/93-de-indice-de-solucao-em-2025\/\" \/>\n<meta property=\"og:locale\" content=\"pt_BR\" \/>\n<meta property=\"og:type\" content=\"article\" \/>\n<meta property=\"og:title\" content=\"Ouvidoria da Ageman alcan\u00e7a 93% de \u00edndice de solu\u00e7\u00e3o em 2025\" \/>\n<meta property=\"og:description\" content=\"A Ag\u00eancia Reguladora dos Servi\u00e7os P\u00fablicos Delegados do Munic\u00edpio de Manaus (Ageman) apresentou, na tarde de ter\u00e7a-feira, 13\/1, o balan\u00e7o do desempenho da sua Ouvidoria referente ao ano de 2025.\" \/>\n<meta property=\"og:url\" content=\"https:\/\/www.manaus.am.gov.br\/semcom\/93-de-indice-de-solucao-em-2025\/\" \/>\n<meta property=\"og:site_name\" content=\"SEMCOM\" \/>\n<meta property=\"article:published_time\" content=\"2026-01-14T20:44:56+00:00\" \/>\n<meta property=\"article:modified_time\" content=\"2026-01-14T20:47:18+00:00\" \/>\n<meta property=\"og:image\" content=\"https:\/\/www.manaus.am.gov.br\/semcom\/wp-content\/uploads\/sites\/5\/2026\/01\/Reuniao-13-01-2026.png\" \/>\n\t<meta property=\"og:image:width\" content=\"1280\" \/>\n\t<meta property=\"og:image:height\" content=\"576\" \/>\n\t<meta property=\"og:image:type\" content=\"image\/png\" \/>\n<meta name=\"author\" content=\"bvalente\" \/>\n<meta name=\"twitter:card\" content=\"summary_large_image\" \/>\n<meta name=\"twitter:label1\" content=\"Written by\" \/>\n\t<meta name=\"twitter:data1\" content=\"bvalente\" \/>\n\t<meta name=\"twitter:label2\" content=\"Est. reading time\" \/>\n\t<meta name=\"twitter:data2\" content=\"4 minutos\" \/>\n<script type=\"application\/ld+json\" class=\"yoast-schema-graph\">{\"@context\":\"https:\/\/schema.org\",\"@graph\":[{\"@type\":\"WebPage\",\"@id\":\"https:\/\/www.manaus.am.gov.br\/semcom\/93-de-indice-de-solucao-em-2025\/\",\"url\":\"https:\/\/www.manaus.am.gov.br\/semcom\/93-de-indice-de-solucao-em-2025\/\",\"name\":\"Ouvidoria da Ageman alcan\u00e7a 93% de \u00edndice de solu\u00e7\u00e3o em 2025\",\"isPartOf\":{\"@id\":\"https:\/\/www.manaus.am.gov.br\/semcom\/#website\"},\"primaryImageOfPage\":{\"@id\":\"https:\/\/www.manaus.am.gov.br\/semcom\/93-de-indice-de-solucao-em-2025\/#primaryimage\"},\"image\":{\"@id\":\"https:\/\/www.manaus.am.gov.br\/semcom\/93-de-indice-de-solucao-em-2025\/#primaryimage\"},\"thumbnailUrl\":\"https:\/\/www.manaus.am.gov.br\/semcom\/wp-content\/uploads\/sites\/5\/2026\/01\/Reuniao-13-01-2026.png\",\"datePublished\":\"2026-01-14T20:44:56+00:00\",\"dateModified\":\"2026-01-14T20:47:18+00:00\",\"author\":{\"@id\":\"https:\/\/www.manaus.am.gov.br\/semcom\/#\/schema\/person\/466a0e03ae4b6062809046bd560ac955\"},\"description\":\"A Ag\u00eancia Reguladora dos Servi\u00e7os P\u00fablicos Delegados do Munic\u00edpio de Manaus (Ageman) apresentou, na tarde de ter\u00e7a-feira, 13\/1, o balan\u00e7o do desempenho da sua Ouvidoria referente ao ano de 2025.\",\"inLanguage\":\"pt-BR\",\"potentialAction\":[{\"@type\":\"ReadAction\",\"target\":[\"https:\/\/www.manaus.am.gov.br\/semcom\/93-de-indice-de-solucao-em-2025\/\"]}]},{\"@type\":\"ImageObject\",\"inLanguage\":\"pt-BR\",\"@id\":\"https:\/\/www.manaus.am.gov.br\/semcom\/93-de-indice-de-solucao-em-2025\/#primaryimage\",\"url\":\"https:\/\/www.manaus.am.gov.br\/semcom\/wp-content\/uploads\/sites\/5\/2026\/01\/Reuniao-13-01-2026.png\",\"contentUrl\":\"https:\/\/www.manaus.am.gov.br\/semcom\/wp-content\/uploads\/sites\/5\/2026\/01\/Reuniao-13-01-2026.png\",\"width\":1280,\"height\":576,\"caption\":\"#paratodosverem - Ouvidor da Ageman, Cl\u00e1udio Falc\u00e3o durante apresenta\u00e7\u00e3o do balan\u00e7o do desempenho da Ouvidoria da Ageman\"},{\"@type\":\"WebSite\",\"@id\":\"https:\/\/www.manaus.am.gov.br\/semcom\/#website\",\"url\":\"https:\/\/www.manaus.am.gov.br\/semcom\/\",\"name\":\"SEMCOM\",\"description\":\"Secretaria Municipal de Comunica\u00e7\u00e3o\",\"potentialAction\":[{\"@type\":\"SearchAction\",\"target\":{\"@type\":\"EntryPoint\",\"urlTemplate\":\"https:\/\/www.manaus.am.gov.br\/semcom\/?s={search_term_string}\"},\"query-input\":\"required name=search_term_string\"}],\"inLanguage\":\"pt-BR\"},{\"@type\":\"Person\",\"@id\":\"https:\/\/www.manaus.am.gov.br\/semcom\/#\/schema\/person\/466a0e03ae4b6062809046bd560ac955\",\"name\":\"bvalente\",\"image\":{\"@type\":\"ImageObject\",\"inLanguage\":\"pt-BR\",\"@id\":\"https:\/\/www.manaus.am.gov.br\/semcom\/#\/schema\/person\/image\/\",\"url\":\"https:\/\/secure.gravatar.com\/avatar\/3e69bc2b014bdad41adfec3a39de07d2?s=96&d=mm&r=g\",\"contentUrl\":\"https:\/\/secure.gravatar.com\/avatar\/3e69bc2b014bdad41adfec3a39de07d2?s=96&d=mm&r=g\",\"caption\":\"bvalente\"}}]}<\/script>\n<!-- \/ Yoast SEO plugin. -->","yoast_head_json":{"title":"Ouvidoria da Ageman alcan\u00e7a 93% de \u00edndice de solu\u00e7\u00e3o em 2025","description":"A Ag\u00eancia Reguladora dos Servi\u00e7os P\u00fablicos Delegados do Munic\u00edpio de Manaus (Ageman) apresentou, na tarde de ter\u00e7a-feira, 13\/1, o balan\u00e7o do desempenho da sua Ouvidoria referente ao ano de 2025.","robots":{"index":"index","follow":"follow","max-snippet":"max-snippet:-1","max-image-preview":"max-image-preview:large","max-video-preview":"max-video-preview:-1"},"canonical":"https:\/\/www.manaus.am.gov.br\/semcom\/93-de-indice-de-solucao-em-2025\/","og_locale":"pt_BR","og_type":"article","og_title":"Ouvidoria da Ageman alcan\u00e7a 93% de \u00edndice de solu\u00e7\u00e3o em 2025","og_description":"A Ag\u00eancia Reguladora dos Servi\u00e7os P\u00fablicos Delegados do Munic\u00edpio de Manaus (Ageman) apresentou, na tarde de ter\u00e7a-feira, 13\/1, o balan\u00e7o do desempenho da sua Ouvidoria referente ao ano de 2025.","og_url":"https:\/\/www.manaus.am.gov.br\/semcom\/93-de-indice-de-solucao-em-2025\/","og_site_name":"SEMCOM","article_published_time":"2026-01-14T20:44:56+00:00","article_modified_time":"2026-01-14T20:47:18+00:00","og_image":[{"width":1280,"height":576,"url":"https:\/\/www.manaus.am.gov.br\/semcom\/wp-content\/uploads\/sites\/5\/2026\/01\/Reuniao-13-01-2026.png","type":"image\/png"}],"author":"bvalente","twitter_card":"summary_large_image","twitter_misc":{"Written by":"bvalente","Est. reading time":"4 minutos"},"schema":{"@context":"https:\/\/schema.org","@graph":[{"@type":"WebPage","@id":"https:\/\/www.manaus.am.gov.br\/semcom\/93-de-indice-de-solucao-em-2025\/","url":"https:\/\/www.manaus.am.gov.br\/semcom\/93-de-indice-de-solucao-em-2025\/","name":"Ouvidoria da Ageman alcan\u00e7a 93% de \u00edndice de solu\u00e7\u00e3o em 2025","isPartOf":{"@id":"https:\/\/www.manaus.am.gov.br\/semcom\/#website"},"primaryImageOfPage":{"@id":"https:\/\/www.manaus.am.gov.br\/semcom\/93-de-indice-de-solucao-em-2025\/#primaryimage"},"image":{"@id":"https:\/\/www.manaus.am.gov.br\/semcom\/93-de-indice-de-solucao-em-2025\/#primaryimage"},"thumbnailUrl":"https:\/\/www.manaus.am.gov.br\/semcom\/wp-content\/uploads\/sites\/5\/2026\/01\/Reuniao-13-01-2026.png","datePublished":"2026-01-14T20:44:56+00:00","dateModified":"2026-01-14T20:47:18+00:00","author":{"@id":"https:\/\/www.manaus.am.gov.br\/semcom\/#\/schema\/person\/466a0e03ae4b6062809046bd560ac955"},"description":"A Ag\u00eancia Reguladora dos Servi\u00e7os P\u00fablicos Delegados do Munic\u00edpio de Manaus (Ageman) apresentou, na tarde de ter\u00e7a-feira, 13\/1, o balan\u00e7o do desempenho da sua Ouvidoria referente ao ano de 2025.","inLanguage":"pt-BR","potentialAction":[{"@type":"ReadAction","target":["https:\/\/www.manaus.am.gov.br\/semcom\/93-de-indice-de-solucao-em-2025\/"]}]},{"@type":"ImageObject","inLanguage":"pt-BR","@id":"https:\/\/www.manaus.am.gov.br\/semcom\/93-de-indice-de-solucao-em-2025\/#primaryimage","url":"https:\/\/www.manaus.am.gov.br\/semcom\/wp-content\/uploads\/sites\/5\/2026\/01\/Reuniao-13-01-2026.png","contentUrl":"https:\/\/www.manaus.am.gov.br\/semcom\/wp-content\/uploads\/sites\/5\/2026\/01\/Reuniao-13-01-2026.png","width":1280,"height":576,"caption":"#paratodosverem - Ouvidor da Ageman, Cl\u00e1udio Falc\u00e3o durante apresenta\u00e7\u00e3o do balan\u00e7o do desempenho da Ouvidoria da Ageman"},{"@type":"WebSite","@id":"https:\/\/www.manaus.am.gov.br\/semcom\/#website","url":"https:\/\/www.manaus.am.gov.br\/semcom\/","name":"SEMCOM","description":"Secretaria Municipal de Comunica\u00e7\u00e3o","potentialAction":[{"@type":"SearchAction","target":{"@type":"EntryPoint","urlTemplate":"https:\/\/www.manaus.am.gov.br\/semcom\/?s={search_term_string}"},"query-input":"required name=search_term_string"}],"inLanguage":"pt-BR"},{"@type":"Person","@id":"https:\/\/www.manaus.am.gov.br\/semcom\/#\/schema\/person\/466a0e03ae4b6062809046bd560ac955","name":"bvalente","image":{"@type":"ImageObject","inLanguage":"pt-BR","@id":"https:\/\/www.manaus.am.gov.br\/semcom\/#\/schema\/person\/image\/","url":"https:\/\/secure.gravatar.com\/avatar\/3e69bc2b014bdad41adfec3a39de07d2?s=96&d=mm&r=g","contentUrl":"https:\/\/secure.gravatar.com\/avatar\/3e69bc2b014bdad41adfec3a39de07d2?s=96&d=mm&r=g","caption":"bvalente"}}]}},"_links":{"self":[{"href":"https:\/\/www.manaus.am.gov.br\/semcom\/wp-json\/wp\/v2\/posts\/250878"}],"collection":[{"href":"https:\/\/www.manaus.am.gov.br\/semcom\/wp-json\/wp\/v2\/posts"}],"about":[{"href":"https:\/\/www.manaus.am.gov.br\/semcom\/wp-json\/wp\/v2\/types\/post"}],"author":[{"embeddable":true,"href":"https:\/\/www.manaus.am.gov.br\/semcom\/wp-json\/wp\/v2\/users\/68"}],"replies":[{"embeddable":true,"href":"https:\/\/www.manaus.am.gov.br\/semcom\/wp-json\/wp\/v2\/comments?post=250878"}],"version-history":[{"count":1,"href":"https:\/\/www.manaus.am.gov.br\/semcom\/wp-json\/wp\/v2\/posts\/250878\/revisions"}],"predecessor-version":[{"id":250880,"href":"https:\/\/www.manaus.am.gov.br\/semcom\/wp-json\/wp\/v2\/posts\/250878\/revisions\/250880"}],"wp:featuredmedia":[{"embeddable":true,"href":"https:\/\/www.manaus.am.gov.br\/semcom\/wp-json\/wp\/v2\/media\/250879"}],"wp:attachment":[{"href":"https:\/\/www.manaus.am.gov.br\/semcom\/wp-json\/wp\/v2\/media?parent=250878"}],"wp:term":[{"taxonomy":"category","embeddable":true,"href":"https:\/\/www.manaus.am.gov.br\/semcom\/wp-json\/wp\/v2\/categories?post=250878"},{"taxonomy":"post_tag","embeddable":true,"href":"https:\/\/www.manaus.am.gov.br\/semcom\/wp-json\/wp\/v2\/tags?post=250878"}],"curies":[{"name":"wp","href":"https:\/\/api.w.org\/{rel}","templated":true}]}}