{"id":250874,"date":"2026-01-14T17:08:41","date_gmt":"2026-01-14T20:08:41","guid":{"rendered":"https:\/\/www.manaus.am.gov.br\/semcom\/entrega-750-registros-de-imoveis\/"},"modified":"2026-01-14T17:08:43","modified_gmt":"2026-01-14T20:08:43","slug":"entrega-750-registros-de-imoveis","status":"publish","type":"post","link":"https:\/\/www.manaus.am.gov.br\/semcom\/entrega-750-registros-de-imoveis\/","title":{"rendered":"Prefeito David Almeida entrega 750 registros de im\u00f3veis no S\u00e3o L\u00e1zaro e encerra espera hist\u00f3rica de mais de 70 anos na zona Sul de Manaus"},"content":{"rendered":"\n<p>O prefeito de Manaus, David Almeida, realizou, nesta quarta-feira, 14\/1, a entrega de 750 registros definitivos de im\u00f3veis a fam\u00edlias do bairro S\u00e3o L\u00e1zaro, na zona Sul da capital. A a\u00e7\u00e3o representa um marco hist\u00f3rico para a comunidade e consolida a maior pol\u00edtica de regulariza\u00e7\u00e3o fundi\u00e1ria j\u00e1 executada pelo munic\u00edpio.<\/p>\n\n\n\n<p>Coordenada pela Secretaria Municipal de Habita\u00e7\u00e3o e Assuntos Fundi\u00e1rios (Semhaf), a iniciativa integra o programa \u201cManaus Legal\u201d, que j\u00e1 ultrapassou a marca de 13 mil registros definitivos entregues em todas as zonas da cidade, sob a atual gest\u00e3o. O programa tem transformado a realidade de comunidades que aguardavam h\u00e1 d\u00e9cadas pelo reconhecimento legal de suas moradias.<\/p>\n\n\n\n<p>Durante a solenidade, o prefeito David Almeida destacou que a regulariza\u00e7\u00e3o fundi\u00e1ria \u00e9 uma pol\u00edtica p\u00fablica estruturante, que vai al\u00e9m da entrega de documentos e promove justi\u00e7a social.<\/p>\n\n\n\n<p>\u201cEssas pessoas esperaram 70, 80, at\u00e9 mais de 120 anos. Hoje voc\u00eas deixam de ser posseiros e passam a ser donos de fato e de direito do im\u00f3vel onde vivem. Isso \u00e9 justi\u00e7a social, \u00e9 dignidade e \u00e9 respeito com quem ajudou a construir Manaus\u201d, afirmou o prefeito.<\/p>\n\n\n\n<p>O bairro S\u00e3o L\u00e1zaro, cuja ocupa\u00e7\u00e3o teve in\u00edcio ainda no come\u00e7o do s\u00e9culo passado, re\u00fane hoje cerca de 12 mil moradores. A entrega dos registros definitivos encerra um passivo hist\u00f3rico que atravessou gera\u00e7\u00f5es e garante seguran\u00e7a jur\u00eddica para fam\u00edlias que viveram por d\u00e9cadas sem a documenta\u00e7\u00e3o formal de seus im\u00f3veis.<\/p>\n\n\n\n<p>O secret\u00e1rio municipal de Habita\u00e7\u00e3o e Assuntos Fundi\u00e1rios, Jesus Alves, ressaltou que a cria\u00e7\u00e3o da pr\u00f3pria secretaria e do programa \u201cManaus Legal\u201d foi uma decis\u00e3o pol\u00edtica da atual gest\u00e3o, para enfrentar um problema hist\u00f3rico da capital.<\/p>\n\n\n\n<p>\u201cEm 2023, Manaus sequer tinha uma Secretaria de Habita\u00e7\u00e3o. O prefeito David Almeida tomou a decis\u00e3o de enfrentar um problema que ningu\u00e9m enfrentou em d\u00e9cadas. Hoje, fam\u00edlias que esperaram mais de 120 anos recebem gratuitamente um documento que custaria entre seis e nove mil reais. Isso s\u00f3 \u00e9 poss\u00edvel porque existe vontade pol\u00edtica e compromisso social\u201d, destacou o secret\u00e1rio.<\/p>\n\n\n\n<p>Jesus Alves tamb\u00e9m enfatizou que a iniciativa reflete o fortalecimento da confian\u00e7a da popula\u00e7\u00e3o na gest\u00e3o municipal. \u201cHoje, 750 fam\u00edlias recebem seus registros e muitas outras que n\u00e3o acreditavam passaram a procurar a secretaria. Isso mostra que a popula\u00e7\u00e3o confia e v\u00ea resultado no trabalho da Prefeitura de Manaus\u201d, completou.<\/p>\n\n\n\n<p>Representando a Corregedoria-Geral de Justi\u00e7a do Amazonas, o secret\u00e1rio do N\u00facleo de Governan\u00e7a Fundi\u00e1ria, Leonardo C\u00e9sar, refor\u00e7ou a parceria institucional com o munic\u00edpio e o alcance social da a\u00e7\u00e3o.<\/p>\n\n\n\n<p>\u201cEssa a\u00e7\u00e3o da Prefeitura de Manaus \u00e9 sensacional. \u00c9 um trabalho social espl\u00eandido, um legado que vai ficar para a popula\u00e7\u00e3o. A Corregedoria e o Tribunal de Justi\u00e7a s\u00e3o parceiros da prefeitura. Contem conosco dentro do programa &#8216;Solo Seguro&#8217;\u201d, afirmou.<\/p>\n\n\n\n<p>A regulariza\u00e7\u00e3o fundi\u00e1ria \u00e9 um dos eixos estrat\u00e9gicos da gest\u00e3o do prefeito David Almeida para o enfrentamento do d\u00e9ficit habitacional e o ordenamento do crescimento urbano da capital. Al\u00e9m da titula\u00e7\u00e3o, o munic\u00edpio atua de forma integrada com programas de habita\u00e7\u00e3o popular, reformas habitacionais e novos empreendimentos do \u201cMinha Casa, Minha Vida\u201d, ampliando o acesso \u00e0 moradia digna.<\/p>\n\n\n\n<p>Com o registro definitivo em m\u00e3os, as fam\u00edlias passam a ter acesso a direitos essenciais, como financiamento, investimentos legais no im\u00f3vel, regulariza\u00e7\u00e3o de servi\u00e7os p\u00fablicos e a transmiss\u00e3o do patrim\u00f4nio \u00e0s futuras gera\u00e7\u00f5es, fortalecendo a cidadania e a estabilidade social.<\/p>\n\n\n\n<p>A emo\u00e7\u00e3o marcou a solenidade e deu o tom do impacto da pol\u00edtica p\u00fablica na vida das fam\u00edlias. Moradora do bairro S\u00e3o L\u00e1zaro, Raimunda Farias resumiu o sentimento coletivo.<\/p>\n\n\n\n<p>\u201cEu estou muito alegre. Esperei todo esse tempo. Tinha f\u00e9 que esse dia ia chegar. Gra\u00e7as a Deus. Estou esperando h\u00e1 muito tempo para receber essa casa\u201d, disse.<\/p>\n\n\n\n<p>A Prefeitura de Manaus segue avan\u00e7ando com a\u00e7\u00f5es de regulariza\u00e7\u00e3o fundi\u00e1ria em diferentes bairros da cidade, ampliando o alcance do \u201cManaus Legal\u201d e reafirmando o compromisso da gest\u00e3o do prefeito David Almeida com justi\u00e7a social, planejamento urbano e inclus\u00e3o.<\/p>\n\n\n\n<p>&#8212; &#8212; &#8212;<\/p>\n\n\n\n<p><strong>Texto &#8211; <\/strong>Emanuelle Baires\/Semcom-Prefeito e Leonardo Fierro\/Semhaf<br><strong>Fotos &#8211;<\/strong> Dhyeizo Lemos\/Semcom-Prefeito e Jo\u00e3o Viana \/ Semcom<br><strong>Dispon\u00edveis em &#8211;<\/strong>\u00a0 <a href=\"https:\/\/flic.kr\/s\/aHBqjCGvWM\">https:\/\/flic.kr\/s\/aHBqjCGvWM<\/a><\/p>\n","protected":false},"excerpt":{"rendered":"","protected":false},"author":68,"featured_media":250875,"comment_status":"closed","ping_status":"closed","sticky":false,"template":"","format":"standard","meta":{"footnotes":""},"categories":[977],"tags":[35,18869,77,18870],"acf":[],"yoast_head":"<!-- This site is optimized with the Yoast SEO plugin v23.0 - https:\/\/yoast.com\/wordpress\/plugins\/seo\/ -->\n<title>Prefeito David Almeida entrega 750 registros de im\u00f3veis<\/title>\n<meta name=\"description\" content=\"O prefeito de Manaus, David Almeida, realizou a entrega de 750 registros definitivos de im\u00f3veis a fam\u00edlias do bairro S\u00e3o L\u00e1zaro.\" \/>\n<meta name=\"robots\" content=\"index, follow, max-snippet:-1, max-image-preview:large, max-video-preview:-1\" \/>\n<link rel=\"canonical\" href=\"https:\/\/www.manaus.am.gov.br\/semcom\/entrega-750-registros-de-imoveis\/\" \/>\n<meta property=\"og:locale\" content=\"pt_BR\" \/>\n<meta property=\"og:type\" content=\"article\" \/>\n<meta property=\"og:title\" content=\"Prefeito David Almeida entrega 750 registros de im\u00f3veis\" \/>\n<meta property=\"og:description\" content=\"O prefeito de Manaus, David Almeida, realizou a entrega de 750 registros definitivos de im\u00f3veis a fam\u00edlias do bairro S\u00e3o L\u00e1zaro.\" \/>\n<meta property=\"og:url\" content=\"https:\/\/www.manaus.am.gov.br\/semcom\/entrega-750-registros-de-imoveis\/\" \/>\n<meta property=\"og:site_name\" content=\"SEMCOM\" \/>\n<meta property=\"article:published_time\" content=\"2026-01-14T20:08:41+00:00\" \/>\n<meta property=\"article:modified_time\" content=\"2026-01-14T20:08:43+00:00\" \/>\n<meta property=\"og:image\" content=\"https:\/\/www.manaus.am.gov.br\/semcom\/wp-content\/uploads\/sites\/5\/2026\/01\/WhatsApp-Image-2026-01-14-at-16.01.22-1.jpeg\" \/>\n\t<meta property=\"og:image:width\" content=\"1600\" \/>\n\t<meta property=\"og:image:height\" content=\"1066\" \/>\n\t<meta property=\"og:image:type\" content=\"image\/jpeg\" \/>\n<meta name=\"author\" content=\"bvalente\" \/>\n<meta name=\"twitter:card\" content=\"summary_large_image\" \/>\n<meta name=\"twitter:label1\" content=\"Written by\" \/>\n\t<meta name=\"twitter:data1\" content=\"bvalente\" \/>\n\t<meta name=\"twitter:label2\" content=\"Est. reading time\" \/>\n\t<meta name=\"twitter:data2\" content=\"4 minutos\" \/>\n<script type=\"application\/ld+json\" class=\"yoast-schema-graph\">{\"@context\":\"https:\/\/schema.org\",\"@graph\":[{\"@type\":\"WebPage\",\"@id\":\"https:\/\/www.manaus.am.gov.br\/semcom\/entrega-750-registros-de-imoveis\/\",\"url\":\"https:\/\/www.manaus.am.gov.br\/semcom\/entrega-750-registros-de-imoveis\/\",\"name\":\"Prefeito David Almeida entrega 750 registros de im\u00f3veis\",\"isPartOf\":{\"@id\":\"https:\/\/www.manaus.am.gov.br\/semcom\/#website\"},\"primaryImageOfPage\":{\"@id\":\"https:\/\/www.manaus.am.gov.br\/semcom\/entrega-750-registros-de-imoveis\/#primaryimage\"},\"image\":{\"@id\":\"https:\/\/www.manaus.am.gov.br\/semcom\/entrega-750-registros-de-imoveis\/#primaryimage\"},\"thumbnailUrl\":\"https:\/\/www.manaus.am.gov.br\/semcom\/wp-content\/uploads\/sites\/5\/2026\/01\/WhatsApp-Image-2026-01-14-at-16.01.22-1.jpeg\",\"datePublished\":\"2026-01-14T20:08:41+00:00\",\"dateModified\":\"2026-01-14T20:08:43+00:00\",\"author\":{\"@id\":\"https:\/\/www.manaus.am.gov.br\/semcom\/#\/schema\/person\/466a0e03ae4b6062809046bd560ac955\"},\"description\":\"O prefeito de Manaus, David Almeida, realizou a entrega de 750 registros definitivos de im\u00f3veis a fam\u00edlias do bairro S\u00e3o L\u00e1zaro.\",\"inLanguage\":\"pt-BR\",\"potentialAction\":[{\"@type\":\"ReadAction\",\"target\":[\"https:\/\/www.manaus.am.gov.br\/semcom\/entrega-750-registros-de-imoveis\/\"]}]},{\"@type\":\"ImageObject\",\"inLanguage\":\"pt-BR\",\"@id\":\"https:\/\/www.manaus.am.gov.br\/semcom\/entrega-750-registros-de-imoveis\/#primaryimage\",\"url\":\"https:\/\/www.manaus.am.gov.br\/semcom\/wp-content\/uploads\/sites\/5\/2026\/01\/WhatsApp-Image-2026-01-14-at-16.01.22-1.jpeg\",\"contentUrl\":\"https:\/\/www.manaus.am.gov.br\/semcom\/wp-content\/uploads\/sites\/5\/2026\/01\/WhatsApp-Image-2026-01-14-at-16.01.22-1.jpeg\",\"width\":1600,\"height\":1066,\"caption\":\"#paratodosverem - Prefeito David Almeida com secret\u00e1rios e contemplados com os registros definitivos de im\u00f3veis\"},{\"@type\":\"WebSite\",\"@id\":\"https:\/\/www.manaus.am.gov.br\/semcom\/#website\",\"url\":\"https:\/\/www.manaus.am.gov.br\/semcom\/\",\"name\":\"SEMCOM\",\"description\":\"Secretaria Municipal de Comunica\u00e7\u00e3o\",\"potentialAction\":[{\"@type\":\"SearchAction\",\"target\":{\"@type\":\"EntryPoint\",\"urlTemplate\":\"https:\/\/www.manaus.am.gov.br\/semcom\/?s={search_term_string}\"},\"query-input\":\"required name=search_term_string\"}],\"inLanguage\":\"pt-BR\"},{\"@type\":\"Person\",\"@id\":\"https:\/\/www.manaus.am.gov.br\/semcom\/#\/schema\/person\/466a0e03ae4b6062809046bd560ac955\",\"name\":\"bvalente\",\"image\":{\"@type\":\"ImageObject\",\"inLanguage\":\"pt-BR\",\"@id\":\"https:\/\/www.manaus.am.gov.br\/semcom\/#\/schema\/person\/image\/\",\"url\":\"https:\/\/secure.gravatar.com\/avatar\/3e69bc2b014bdad41adfec3a39de07d2?s=96&d=mm&r=g\",\"contentUrl\":\"https:\/\/secure.gravatar.com\/avatar\/3e69bc2b014bdad41adfec3a39de07d2?s=96&d=mm&r=g\",\"caption\":\"bvalente\"}}]}<\/script>\n<!-- \/ Yoast SEO plugin. -->","yoast_head_json":{"title":"Prefeito David Almeida entrega 750 registros de im\u00f3veis","description":"O prefeito de Manaus, David Almeida, realizou a entrega de 750 registros definitivos de im\u00f3veis a fam\u00edlias do bairro S\u00e3o L\u00e1zaro.","robots":{"index":"index","follow":"follow","max-snippet":"max-snippet:-1","max-image-preview":"max-image-preview:large","max-video-preview":"max-video-preview:-1"},"canonical":"https:\/\/www.manaus.am.gov.br\/semcom\/entrega-750-registros-de-imoveis\/","og_locale":"pt_BR","og_type":"article","og_title":"Prefeito David Almeida entrega 750 registros de im\u00f3veis","og_description":"O prefeito de Manaus, David Almeida, realizou a entrega de 750 registros definitivos de im\u00f3veis a fam\u00edlias do bairro S\u00e3o L\u00e1zaro.","og_url":"https:\/\/www.manaus.am.gov.br\/semcom\/entrega-750-registros-de-imoveis\/","og_site_name":"SEMCOM","article_published_time":"2026-01-14T20:08:41+00:00","article_modified_time":"2026-01-14T20:08:43+00:00","og_image":[{"width":1600,"height":1066,"url":"https:\/\/www.manaus.am.gov.br\/semcom\/wp-content\/uploads\/sites\/5\/2026\/01\/WhatsApp-Image-2026-01-14-at-16.01.22-1.jpeg","type":"image\/jpeg"}],"author":"bvalente","twitter_card":"summary_large_image","twitter_misc":{"Written by":"bvalente","Est. reading time":"4 minutos"},"schema":{"@context":"https:\/\/schema.org","@graph":[{"@type":"WebPage","@id":"https:\/\/www.manaus.am.gov.br\/semcom\/entrega-750-registros-de-imoveis\/","url":"https:\/\/www.manaus.am.gov.br\/semcom\/entrega-750-registros-de-imoveis\/","name":"Prefeito David Almeida entrega 750 registros de im\u00f3veis","isPartOf":{"@id":"https:\/\/www.manaus.am.gov.br\/semcom\/#website"},"primaryImageOfPage":{"@id":"https:\/\/www.manaus.am.gov.br\/semcom\/entrega-750-registros-de-imoveis\/#primaryimage"},"image":{"@id":"https:\/\/www.manaus.am.gov.br\/semcom\/entrega-750-registros-de-imoveis\/#primaryimage"},"thumbnailUrl":"https:\/\/www.manaus.am.gov.br\/semcom\/wp-content\/uploads\/sites\/5\/2026\/01\/WhatsApp-Image-2026-01-14-at-16.01.22-1.jpeg","datePublished":"2026-01-14T20:08:41+00:00","dateModified":"2026-01-14T20:08:43+00:00","author":{"@id":"https:\/\/www.manaus.am.gov.br\/semcom\/#\/schema\/person\/466a0e03ae4b6062809046bd560ac955"},"description":"O prefeito de Manaus, David Almeida, realizou a entrega de 750 registros definitivos de im\u00f3veis a fam\u00edlias do bairro S\u00e3o L\u00e1zaro.","inLanguage":"pt-BR","potentialAction":[{"@type":"ReadAction","target":["https:\/\/www.manaus.am.gov.br\/semcom\/entrega-750-registros-de-imoveis\/"]}]},{"@type":"ImageObject","inLanguage":"pt-BR","@id":"https:\/\/www.manaus.am.gov.br\/semcom\/entrega-750-registros-de-imoveis\/#primaryimage","url":"https:\/\/www.manaus.am.gov.br\/semcom\/wp-content\/uploads\/sites\/5\/2026\/01\/WhatsApp-Image-2026-01-14-at-16.01.22-1.jpeg","contentUrl":"https:\/\/www.manaus.am.gov.br\/semcom\/wp-content\/uploads\/sites\/5\/2026\/01\/WhatsApp-Image-2026-01-14-at-16.01.22-1.jpeg","width":1600,"height":1066,"caption":"#paratodosverem - Prefeito David Almeida com secret\u00e1rios e contemplados com os registros definitivos de im\u00f3veis"},{"@type":"WebSite","@id":"https:\/\/www.manaus.am.gov.br\/semcom\/#website","url":"https:\/\/www.manaus.am.gov.br\/semcom\/","name":"SEMCOM","description":"Secretaria Municipal de Comunica\u00e7\u00e3o","potentialAction":[{"@type":"SearchAction","target":{"@type":"EntryPoint","urlTemplate":"https:\/\/www.manaus.am.gov.br\/semcom\/?s={search_term_string}"},"query-input":"required name=search_term_string"}],"inLanguage":"pt-BR"},{"@type":"Person","@id":"https:\/\/www.manaus.am.gov.br\/semcom\/#\/schema\/person\/466a0e03ae4b6062809046bd560ac955","name":"bvalente","image":{"@type":"ImageObject","inLanguage":"pt-BR","@id":"https:\/\/www.manaus.am.gov.br\/semcom\/#\/schema\/person\/image\/","url":"https:\/\/secure.gravatar.com\/avatar\/3e69bc2b014bdad41adfec3a39de07d2?s=96&d=mm&r=g","contentUrl":"https:\/\/secure.gravatar.com\/avatar\/3e69bc2b014bdad41adfec3a39de07d2?s=96&d=mm&r=g","caption":"bvalente"}}]}},"_links":{"self":[{"href":"https:\/\/www.manaus.am.gov.br\/semcom\/wp-json\/wp\/v2\/posts\/250874"}],"collection":[{"href":"https:\/\/www.manaus.am.gov.br\/semcom\/wp-json\/wp\/v2\/posts"}],"about":[{"href":"https:\/\/www.manaus.am.gov.br\/semcom\/wp-json\/wp\/v2\/types\/post"}],"author":[{"embeddable":true,"href":"https:\/\/www.manaus.am.gov.br\/semcom\/wp-json\/wp\/v2\/users\/68"}],"replies":[{"embeddable":true,"href":"https:\/\/www.manaus.am.gov.br\/semcom\/wp-json\/wp\/v2\/comments?post=250874"}],"version-history":[{"count":0,"href":"https:\/\/www.manaus.am.gov.br\/semcom\/wp-json\/wp\/v2\/posts\/250874\/revisions"}],"wp:featuredmedia":[{"embeddable":true,"href":"https:\/\/www.manaus.am.gov.br\/semcom\/wp-json\/wp\/v2\/media\/250875"}],"wp:attachment":[{"href":"https:\/\/www.manaus.am.gov.br\/semcom\/wp-json\/wp\/v2\/media?parent=250874"}],"wp:term":[{"taxonomy":"category","embeddable":true,"href":"https:\/\/www.manaus.am.gov.br\/semcom\/wp-json\/wp\/v2\/categories?post=250874"},{"taxonomy":"post_tag","embeddable":true,"href":"https:\/\/www.manaus.am.gov.br\/semcom\/wp-json\/wp\/v2\/tags?post=250874"}],"curies":[{"name":"wp","href":"https:\/\/api.w.org\/{rel}","templated":true}]}}