{"id":250843,"date":"2026-01-14T14:22:29","date_gmt":"2026-01-14T17:22:29","guid":{"rendered":"https:\/\/www.manaus.am.gov.br\/semcom\/periodo-matricula-cemeapi\/"},"modified":"2026-01-14T15:11:58","modified_gmt":"2026-01-14T18:11:58","slug":"periodo-matricula-cemeapi","status":"publish","type":"post","link":"https:\/\/www.manaus.am.gov.br\/semcom\/periodo-matricula-cemeapi\/","title":{"rendered":"Prefeitura de Manaus divulga per\u00edodo de matr\u00edcula para projeto Cemeapi da Semed"},"content":{"rendered":"\n<p>A <a href=\"https:\/\/www.manaus.am.gov.br\">Prefeitura de Manaus<\/a> inicia, nesta sexta-feira, 16\/1, as matr\u00edculas para o Centro Municipal de Escolariza\u00e7\u00e3o do Adulto e da Pessoa Idosa (Cemeapi), da Secretaria Municipal de Educa\u00e7\u00e3o (Semed). O projeto \u00e9 dedicado a pessoas de 35 a 95 anos, que n\u00e3o iniciaram a vida acad\u00eamica na idade certa ou pararam de estudar antes de concluir o 5\u00ba ano do ensino fundamental.<\/p>\n\n\n\n<p><br>\u201cAs matr\u00edculas para o Cemeapi neste ano est\u00e3o abertas em todas as institui\u00e7\u00f5es parceiras, como os Centros de Refer\u00eancias de Assist\u00eancia Social (Cras), Funda\u00e7\u00e3o Universidade Aberta da Terceira Idade (FUnATI), Parque Municipal do Idoso, centros de conviv\u00eancia da fam\u00edlia e em v\u00e1rias outras institui\u00e7\u00f5es da sociedade civil. Em todas as turmas temos as op\u00e7\u00f5es do turno matutino, em algumas temos os vespertino&nbsp;e noturno\u201d, explicou a coordenadora do Cemeapi, Joseane Sabelli.<\/p>\n\n\n\n<p><br>A matr\u00edcula pode ser feita no site&nbsp;<a href=\"https:\/\/matriculas.am.gov.br\/\" target=\"_blank\" rel=\"noreferrer noopener\">https:\/\/matriculas.am.gov.br<\/a>, no per\u00edodo de 16 a 20\/1. Nesse site, os interessados devem fazer um pr\u00e9-cadastro colocando seus dados pessoais, como endere\u00e7o, n\u00famero de documentos e de telefone. Ap\u00f3s o cadastro, a coordena\u00e7\u00e3o do Cemeapi entrar\u00e1 em contato com o aluno para efetivar a matr\u00edcula.<\/p>\n\n\n\n<p><br>A coordenadora explica tamb\u00e9m que a matr\u00edcula pode ser feita nas institui\u00e7\u00f5es parceiras do projeto. J\u00e1 as c\u00f3pias dos documentos f\u00edsicos devem ser entregues posteriormente aos professores da respectiva institui\u00e7\u00e3o parceira na qual o aluno for estudar.<\/p>\n\n\n\n<p><br>Neste ano, o projeto ir\u00e1 acontecer em 21 institui\u00e7\u00f5es parceiras. Para mais informa\u00e7\u00f5es, os interessados podem entrar em contato pelo n\u00famero (92) 99962-4268.<\/p>\n\n\n\n<p>&#8212; &#8212; &#8212;<\/p>\n\n\n\n<p><strong>Texto<\/strong>&nbsp;&#8211; Emerson Santos\/Semed<\/p>\n\n\n\n<p><strong>Foto<\/strong> &#8211; Acervo\/Semed<\/p>\n","protected":false},"excerpt":{"rendered":"","protected":false},"author":39,"featured_media":250844,"comment_status":"closed","ping_status":"closed","sticky":false,"template":"","format":"standard","meta":{"footnotes":""},"categories":[1591],"tags":[18857,18858,77,18859,62],"acf":[],"yoast_head":"<!-- This site is optimized with the Yoast SEO plugin v23.0 - https:\/\/yoast.com\/wordpress\/plugins\/seo\/ -->\n<title>Prefeitura de Manaus divulga per\u00edodo de matr\u00edcula para projeto Cemeapi da Semed<\/title>\n<meta name=\"description\" content=\"Prefeitura de Manaus, por meio da Semed, divulga per\u00edodo de matr\u00edcula para projeto Cemeapi que ocorre de 16 a 20\/1.\" \/>\n<meta name=\"robots\" content=\"index, follow, max-snippet:-1, max-image-preview:large, max-video-preview:-1\" \/>\n<link rel=\"canonical\" href=\"https:\/\/www.manaus.am.gov.br\/semcom\/periodo-matricula-cemeapi\/\" \/>\n<meta property=\"og:locale\" content=\"pt_BR\" \/>\n<meta property=\"og:type\" content=\"article\" \/>\n<meta property=\"og:title\" content=\"Prefeitura de Manaus divulga per\u00edodo de matr\u00edcula para projeto Cemeapi da Semed\" \/>\n<meta property=\"og:description\" content=\"Prefeitura de Manaus, por meio da Semed, divulga per\u00edodo de matr\u00edcula para projeto Cemeapi que ocorre de 16 a 20\/1.\" \/>\n<meta property=\"og:url\" content=\"https:\/\/www.manaus.am.gov.br\/semcom\/periodo-matricula-cemeapi\/\" \/>\n<meta property=\"og:site_name\" content=\"SEMCOM\" \/>\n<meta property=\"article:published_time\" content=\"2026-01-14T17:22:29+00:00\" \/>\n<meta property=\"article:modified_time\" content=\"2026-01-14T18:11:58+00:00\" \/>\n<meta property=\"og:image\" content=\"https:\/\/www.manaus.am.gov.br\/semcom\/wp-content\/uploads\/sites\/5\/2026\/01\/Cemeapi-2.jpg\" \/>\n\t<meta property=\"og:image:width\" content=\"2048\" \/>\n\t<meta property=\"og:image:height\" content=\"1365\" \/>\n\t<meta property=\"og:image:type\" content=\"image\/jpeg\" \/>\n<meta name=\"author\" content=\"Bruna Greco\" \/>\n<meta name=\"twitter:card\" content=\"summary_large_image\" \/>\n<meta name=\"twitter:label1\" content=\"Written by\" \/>\n\t<meta name=\"twitter:data1\" content=\"Bruna Greco\" \/>\n\t<meta name=\"twitter:label2\" content=\"Est. reading time\" \/>\n\t<meta name=\"twitter:data2\" content=\"2 minutos\" \/>\n<script type=\"application\/ld+json\" class=\"yoast-schema-graph\">{\"@context\":\"https:\/\/schema.org\",\"@graph\":[{\"@type\":\"WebPage\",\"@id\":\"https:\/\/www.manaus.am.gov.br\/semcom\/periodo-matricula-cemeapi\/\",\"url\":\"https:\/\/www.manaus.am.gov.br\/semcom\/periodo-matricula-cemeapi\/\",\"name\":\"Prefeitura de Manaus divulga per\u00edodo de matr\u00edcula para projeto Cemeapi da Semed\",\"isPartOf\":{\"@id\":\"https:\/\/www.manaus.am.gov.br\/semcom\/#website\"},\"primaryImageOfPage\":{\"@id\":\"https:\/\/www.manaus.am.gov.br\/semcom\/periodo-matricula-cemeapi\/#primaryimage\"},\"image\":{\"@id\":\"https:\/\/www.manaus.am.gov.br\/semcom\/periodo-matricula-cemeapi\/#primaryimage\"},\"thumbnailUrl\":\"https:\/\/www.manaus.am.gov.br\/semcom\/wp-content\/uploads\/sites\/5\/2026\/01\/Cemeapi-2.jpg\",\"datePublished\":\"2026-01-14T17:22:29+00:00\",\"dateModified\":\"2026-01-14T18:11:58+00:00\",\"author\":{\"@id\":\"https:\/\/www.manaus.am.gov.br\/semcom\/#\/schema\/person\/05d223aea2bf115f9883a6ff3683d81b\"},\"description\":\"Prefeitura de Manaus, por meio da Semed, divulga per\u00edodo de matr\u00edcula para projeto Cemeapi que ocorre de 16 a 20\/1.\",\"inLanguage\":\"pt-BR\",\"potentialAction\":[{\"@type\":\"ReadAction\",\"target\":[\"https:\/\/www.manaus.am.gov.br\/semcom\/periodo-matricula-cemeapi\/\"]}]},{\"@type\":\"ImageObject\",\"inLanguage\":\"pt-BR\",\"@id\":\"https:\/\/www.manaus.am.gov.br\/semcom\/periodo-matricula-cemeapi\/#primaryimage\",\"url\":\"https:\/\/www.manaus.am.gov.br\/semcom\/wp-content\/uploads\/sites\/5\/2026\/01\/Cemeapi-2.jpg\",\"contentUrl\":\"https:\/\/www.manaus.am.gov.br\/semcom\/wp-content\/uploads\/sites\/5\/2026\/01\/Cemeapi-2.jpg\",\"width\":2048,\"height\":1365,\"caption\":\"#paratodosverem - Alunas do projeto Cemeapi da Semed\"},{\"@type\":\"WebSite\",\"@id\":\"https:\/\/www.manaus.am.gov.br\/semcom\/#website\",\"url\":\"https:\/\/www.manaus.am.gov.br\/semcom\/\",\"name\":\"SEMCOM\",\"description\":\"Secretaria Municipal de Comunica\u00e7\u00e3o\",\"potentialAction\":[{\"@type\":\"SearchAction\",\"target\":{\"@type\":\"EntryPoint\",\"urlTemplate\":\"https:\/\/www.manaus.am.gov.br\/semcom\/?s={search_term_string}\"},\"query-input\":\"required name=search_term_string\"}],\"inLanguage\":\"pt-BR\"},{\"@type\":\"Person\",\"@id\":\"https:\/\/www.manaus.am.gov.br\/semcom\/#\/schema\/person\/05d223aea2bf115f9883a6ff3683d81b\",\"name\":\"Bruna Greco\",\"image\":{\"@type\":\"ImageObject\",\"inLanguage\":\"pt-BR\",\"@id\":\"https:\/\/www.manaus.am.gov.br\/semcom\/#\/schema\/person\/image\/\",\"url\":\"https:\/\/secure.gravatar.com\/avatar\/9c877d1a6adc2a055330e5c09a8653ce?s=96&d=mm&r=g\",\"contentUrl\":\"https:\/\/secure.gravatar.com\/avatar\/9c877d1a6adc2a055330e5c09a8653ce?s=96&d=mm&r=g\",\"caption\":\"Bruna Greco\"}}]}<\/script>\n<!-- \/ Yoast SEO plugin. -->","yoast_head_json":{"title":"Prefeitura de Manaus divulga per\u00edodo de matr\u00edcula para projeto Cemeapi da Semed","description":"Prefeitura de Manaus, por meio da Semed, divulga per\u00edodo de matr\u00edcula para projeto Cemeapi que ocorre de 16 a 20\/1.","robots":{"index":"index","follow":"follow","max-snippet":"max-snippet:-1","max-image-preview":"max-image-preview:large","max-video-preview":"max-video-preview:-1"},"canonical":"https:\/\/www.manaus.am.gov.br\/semcom\/periodo-matricula-cemeapi\/","og_locale":"pt_BR","og_type":"article","og_title":"Prefeitura de Manaus divulga per\u00edodo de matr\u00edcula para projeto Cemeapi da Semed","og_description":"Prefeitura de Manaus, por meio da Semed, divulga per\u00edodo de matr\u00edcula para projeto Cemeapi que ocorre de 16 a 20\/1.","og_url":"https:\/\/www.manaus.am.gov.br\/semcom\/periodo-matricula-cemeapi\/","og_site_name":"SEMCOM","article_published_time":"2026-01-14T17:22:29+00:00","article_modified_time":"2026-01-14T18:11:58+00:00","og_image":[{"width":2048,"height":1365,"url":"https:\/\/www.manaus.am.gov.br\/semcom\/wp-content\/uploads\/sites\/5\/2026\/01\/Cemeapi-2.jpg","type":"image\/jpeg"}],"author":"Bruna Greco","twitter_card":"summary_large_image","twitter_misc":{"Written by":"Bruna Greco","Est. reading time":"2 minutos"},"schema":{"@context":"https:\/\/schema.org","@graph":[{"@type":"WebPage","@id":"https:\/\/www.manaus.am.gov.br\/semcom\/periodo-matricula-cemeapi\/","url":"https:\/\/www.manaus.am.gov.br\/semcom\/periodo-matricula-cemeapi\/","name":"Prefeitura de Manaus divulga per\u00edodo de matr\u00edcula para projeto Cemeapi da Semed","isPartOf":{"@id":"https:\/\/www.manaus.am.gov.br\/semcom\/#website"},"primaryImageOfPage":{"@id":"https:\/\/www.manaus.am.gov.br\/semcom\/periodo-matricula-cemeapi\/#primaryimage"},"image":{"@id":"https:\/\/www.manaus.am.gov.br\/semcom\/periodo-matricula-cemeapi\/#primaryimage"},"thumbnailUrl":"https:\/\/www.manaus.am.gov.br\/semcom\/wp-content\/uploads\/sites\/5\/2026\/01\/Cemeapi-2.jpg","datePublished":"2026-01-14T17:22:29+00:00","dateModified":"2026-01-14T18:11:58+00:00","author":{"@id":"https:\/\/www.manaus.am.gov.br\/semcom\/#\/schema\/person\/05d223aea2bf115f9883a6ff3683d81b"},"description":"Prefeitura de Manaus, por meio da Semed, divulga per\u00edodo de matr\u00edcula para projeto Cemeapi que ocorre de 16 a 20\/1.","inLanguage":"pt-BR","potentialAction":[{"@type":"ReadAction","target":["https:\/\/www.manaus.am.gov.br\/semcom\/periodo-matricula-cemeapi\/"]}]},{"@type":"ImageObject","inLanguage":"pt-BR","@id":"https:\/\/www.manaus.am.gov.br\/semcom\/periodo-matricula-cemeapi\/#primaryimage","url":"https:\/\/www.manaus.am.gov.br\/semcom\/wp-content\/uploads\/sites\/5\/2026\/01\/Cemeapi-2.jpg","contentUrl":"https:\/\/www.manaus.am.gov.br\/semcom\/wp-content\/uploads\/sites\/5\/2026\/01\/Cemeapi-2.jpg","width":2048,"height":1365,"caption":"#paratodosverem - Alunas do projeto Cemeapi da Semed"},{"@type":"WebSite","@id":"https:\/\/www.manaus.am.gov.br\/semcom\/#website","url":"https:\/\/www.manaus.am.gov.br\/semcom\/","name":"SEMCOM","description":"Secretaria Municipal de Comunica\u00e7\u00e3o","potentialAction":[{"@type":"SearchAction","target":{"@type":"EntryPoint","urlTemplate":"https:\/\/www.manaus.am.gov.br\/semcom\/?s={search_term_string}"},"query-input":"required name=search_term_string"}],"inLanguage":"pt-BR"},{"@type":"Person","@id":"https:\/\/www.manaus.am.gov.br\/semcom\/#\/schema\/person\/05d223aea2bf115f9883a6ff3683d81b","name":"Bruna Greco","image":{"@type":"ImageObject","inLanguage":"pt-BR","@id":"https:\/\/www.manaus.am.gov.br\/semcom\/#\/schema\/person\/image\/","url":"https:\/\/secure.gravatar.com\/avatar\/9c877d1a6adc2a055330e5c09a8653ce?s=96&d=mm&r=g","contentUrl":"https:\/\/secure.gravatar.com\/avatar\/9c877d1a6adc2a055330e5c09a8653ce?s=96&d=mm&r=g","caption":"Bruna Greco"}}]}},"_links":{"self":[{"href":"https:\/\/www.manaus.am.gov.br\/semcom\/wp-json\/wp\/v2\/posts\/250843"}],"collection":[{"href":"https:\/\/www.manaus.am.gov.br\/semcom\/wp-json\/wp\/v2\/posts"}],"about":[{"href":"https:\/\/www.manaus.am.gov.br\/semcom\/wp-json\/wp\/v2\/types\/post"}],"author":[{"embeddable":true,"href":"https:\/\/www.manaus.am.gov.br\/semcom\/wp-json\/wp\/v2\/users\/39"}],"replies":[{"embeddable":true,"href":"https:\/\/www.manaus.am.gov.br\/semcom\/wp-json\/wp\/v2\/comments?post=250843"}],"version-history":[{"count":1,"href":"https:\/\/www.manaus.am.gov.br\/semcom\/wp-json\/wp\/v2\/posts\/250843\/revisions"}],"predecessor-version":[{"id":250859,"href":"https:\/\/www.manaus.am.gov.br\/semcom\/wp-json\/wp\/v2\/posts\/250843\/revisions\/250859"}],"wp:featuredmedia":[{"embeddable":true,"href":"https:\/\/www.manaus.am.gov.br\/semcom\/wp-json\/wp\/v2\/media\/250844"}],"wp:attachment":[{"href":"https:\/\/www.manaus.am.gov.br\/semcom\/wp-json\/wp\/v2\/media?parent=250843"}],"wp:term":[{"taxonomy":"category","embeddable":true,"href":"https:\/\/www.manaus.am.gov.br\/semcom\/wp-json\/wp\/v2\/categories?post=250843"},{"taxonomy":"post_tag","embeddable":true,"href":"https:\/\/www.manaus.am.gov.br\/semcom\/wp-json\/wp\/v2\/tags?post=250843"}],"curies":[{"name":"wp","href":"https:\/\/api.w.org\/{rel}","templated":true}]}}